{"id":2387,"date":"2012-05-21T12:41:36","date_gmt":"2012-05-21T10:41:36","guid":{"rendered":"http:\/\/blog.zeit.de\/rezeptor\/?p=2387"},"modified":"2012-05-21T12:41:36","modified_gmt":"2012-05-21T10:41:36","slug":"feine-erbsensuppe","status":"publish","type":"post","link":"https:\/\/blog.zeit.de\/rezeptor\/2012\/05\/21\/feine-erbsensuppe_2387","title":{"rendered":"Feine Erbsensuppe"},"content":{"rendered":"<p><a href=\"https:\/\/blog.zeit.de\/rezeptor\/files\/2012\/05\/030512.jpg\"><img loading=\"lazy\" decoding=\"async\" class=\"alignnone size-full wp-image-2388\" src=\"https:\/\/blog.zeit.de\/rezeptor\/files\/2012\/05\/030512.jpg\" alt=\"\" width=\"540\" height=\"304\" srcset=\"https:\/\/blog.zeit.de\/rezeptor\/files\/2012\/05\/030512.jpg 540w, https:\/\/blog.zeit.de\/rezeptor\/files\/2012\/05\/030512-300x168.jpg 300w\" sizes=\"auto, (max-width: 540px) 100vw, 540px\" \/><\/a><\/p>\n<p>Mit frischem Gem\u00fcse vom Wochenmarkt und viel Kerbel wird aus dem z\u00fcnftigen Nachkriegs-Eintopf ein zeitgem\u00e4\u00dfes Sommer-Essen<\/p>\n<p><!--more-->F\u00fcr zwei Personen:<br \/>\n1200 g frische Erbsen in der H\u00fclse<br \/>\n6 Fr\u00fchlingszwiebeln<br \/>\n1 Salatherz (Kopfsalat)<br \/>\n40 g Butter<br \/>\nKerbel,<br \/>\nThymian,<br \/>\nPetersilie, alles frisch<br \/>\nZucker<br \/>\nSalz<\/p>\n<p><a href=\"https:\/\/blog.zeit.de\/rezeptor\/files\/2012\/05\/030512.gif\"><img loading=\"lazy\" decoding=\"async\" class=\"alignleft size-full wp-image-2389\" src=\"https:\/\/blog.zeit.de\/rezeptor\/files\/2012\/05\/030512.gif\" alt=\"\" width=\"158\" height=\"113\" \/><\/a><br \/>\nDie Erbsen aus ihrer nat\u00fcrlichen Verpackung palen, dann bleiben netto noch zirka 400 g \u00fcbrig. Sechs Fr\u00fchlingszwiebeln putzen, also oben eventuelle unsch\u00f6ne Stellen und unten den Bart entfernen, den Rest grob zerkleinern. Aus einem Kopf Kopfsalat das Salatherz operieren.<\/p>\n<p>Diese Zutaten in einen mittelgro\u00dfen Topf geben. Eine Tasse kaltes Wasser dazu, genau wie 25 g Butter, zwei St\u00e4ngel Petersilie, etwas Thymian und ordentlich frischen Kerbel. Alles mit drei Prisen Salz und einem TL Zucker w\u00fcrzen. Dann den Deckel drauf, einmal aufkochen lassen und anschlie\u00dfend bei leiser Hitze etwa 30 Minuten vor sich hin k\u00f6cheln lassen.<\/p>\n<p>Nach einer halben Stunde ist das Gem\u00fcse weich, jetzt kann der Topfinhalt \u00fcber einer Sch\u00fcssel komplett durch ein feines K\u00fcchensieb passiert werden. Wer eine flotte Lotte oder \u00e4hnliches Ger\u00e4t besitzt, darf sich freuen \ud83d\ude42<\/p>\n<p>Das Passierte wieder zur\u00fcck in den Topf leeren und mit Br\u00fche oder Wasser zur gew\u00fcnschten Konsistenz verd\u00fcnnen. Noch einmal aufkochen, dann vom Feuer nehmen und 15 g Butter unterr\u00fchren. Auf Salz abschmecken und mit viel frischem Kerbel bestreut servieren.<\/p>\n<p>&nbsp;<\/p>\n<p>Alle unsere Rezepte von A-Z gibt\u2019s <a href=\"https:\/\/blog.zeit.de\/rezeptor\/rezeptuebersicht\" target=\"_blank\">hier<\/a>.<\/p>\n","protected":false},"excerpt":{"rendered":"<p>Mit frischem Gem\u00fcse vom Wochenmarkt und viel Kerbel wird aus dem z\u00fcnftigen Nachkriegs-Eintopf ein zeitgem\u00e4\u00dfes Sommer-Essen<\/p>\n","protected":false},"author":95,"featured_media":0,"comment_status":"open","ping_status":"closed","sticky":false,"template":"","format":"standard","meta":{"_jetpack_memberships_contains_paid_content":false,"footnotes":""},"categories":[815],"tags":[782,810,813],"class_list":["post-2387","post","type-post","status-publish","format-standard","hentry","category-suppenkuche","tag-gesund","tag-suppe","tag-vorspeise"],"yoast_head":"<!-- This site is optimized with the Yoast SEO plugin v21.0 - https:\/\/yoast.com\/wordpress\/plugins\/seo\/ -->\n<title>Feine Erbsensuppe - Rezeptor<\/title>\n<meta name=\"robots\" content=\"index, follow, max-snippet:-1, max-image-preview:large, max-video-preview:-1\" \/>\n<link rel=\"canonical\" href=\"https:\/\/blog.zeit.de\/rezeptor\/2012\/05\/21\/feine-erbsensuppe_2387\" \/>\n<meta property=\"og:locale\" content=\"de_DE\" \/>\n<meta property=\"og:type\" content=\"article\" \/>\n<meta property=\"og:title\" content=\"Feine Erbsensuppe - Rezeptor\" \/>\n<meta property=\"og:description\" content=\"Mit frischem Gem\u00fcse vom Wochenmarkt und viel Kerbel wird aus dem z\u00fcnftigen Nachkriegs-Eintopf ein zeitgem\u00e4\u00dfes Sommer-Essen\" \/>\n<meta property=\"og:url\" content=\"https:\/\/blog.zeit.de\/rezeptor\/2012\/05\/21\/feine-erbsensuppe_2387\" \/>\n<meta property=\"og:site_name\" content=\"Rezeptor\" \/>\n<meta property=\"article:published_time\" content=\"2012-05-21T10:41:36+00:00\" \/>\n<meta property=\"og:image\" content=\"https:\/\/blog.zeit.de\/rezeptor\/files\/2012\/05\/030512.jpg\" \/>\n<meta name=\"author\" content=\"Thorsten Lange\" \/>\n<meta name=\"twitter:card\" content=\"summary_large_image\" \/>\n<meta name=\"twitter:label1\" content=\"Geschrieben von\" \/>\n\t<meta name=\"twitter:data1\" content=\"Thorsten Lange\" \/>\n\t<meta name=\"twitter:label2\" content=\"Gesch\u00e4tzte Lesezeit\" \/>\n\t<meta name=\"twitter:data2\" content=\"1\u00a0Minute\" \/>\n<script type=\"application\/ld+json\" class=\"yoast-schema-graph\">{\"@context\":\"https:\/\/schema.org\",\"@graph\":[{\"@type\":\"WebPage\",\"@id\":\"https:\/\/blog.zeit.de\/rezeptor\/2012\/05\/21\/feine-erbsensuppe_2387\",\"url\":\"https:\/\/blog.zeit.de\/rezeptor\/2012\/05\/21\/feine-erbsensuppe_2387\",\"name\":\"Feine Erbsensuppe - Rezeptor\",\"isPartOf\":{\"@id\":\"https:\/\/blog.zeit.de\/rezeptor\/#website\"},\"datePublished\":\"2012-05-21T10:41:36+00:00\",\"dateModified\":\"2012-05-21T10:41:36+00:00\",\"author\":{\"@id\":\"https:\/\/blog.zeit.de\/rezeptor\/#\/schema\/person\/c4f0408ea5996c729d4493413dabb0ba\"},\"breadcrumb\":{\"@id\":\"https:\/\/blog.zeit.de\/rezeptor\/2012\/05\/21\/feine-erbsensuppe_2387#breadcrumb\"},\"inLanguage\":\"de\",\"potentialAction\":[{\"@type\":\"ReadAction\",\"target\":[\"https:\/\/blog.zeit.de\/rezeptor\/2012\/05\/21\/feine-erbsensuppe_2387\"]}]},{\"@type\":\"BreadcrumbList\",\"@id\":\"https:\/\/blog.zeit.de\/rezeptor\/2012\/05\/21\/feine-erbsensuppe_2387#breadcrumb\",\"itemListElement\":[{\"@type\":\"ListItem\",\"position\":1,\"name\":\"Startseite\",\"item\":\"https:\/\/blog.zeit.de\/rezeptor\"},{\"@type\":\"ListItem\",\"position\":2,\"name\":\"Feine Erbsensuppe\"}]},{\"@type\":\"WebSite\",\"@id\":\"https:\/\/blog.zeit.de\/rezeptor\/#website\",\"url\":\"https:\/\/blog.zeit.de\/rezeptor\/\",\"name\":\"Rezeptor\",\"description\":\"Das Blog f\u00fcr alltagstaugliches Kochen\",\"potentialAction\":[{\"@type\":\"SearchAction\",\"target\":{\"@type\":\"EntryPoint\",\"urlTemplate\":\"https:\/\/blog.zeit.de\/rezeptor\/?s={search_term_string}\"},\"query-input\":\"required name=search_term_string\"}],\"inLanguage\":\"de\"},{\"@type\":\"Person\",\"@id\":\"https:\/\/blog.zeit.de\/rezeptor\/#\/schema\/person\/c4f0408ea5996c729d4493413dabb0ba\",\"name\":\"Thorsten Lange\",\"image\":{\"@type\":\"ImageObject\",\"inLanguage\":\"de\",\"@id\":\"https:\/\/blog.zeit.de\/rezeptor\/#\/schema\/person\/image\/\",\"url\":\"https:\/\/secure.gravatar.com\/avatar\/85379d51ec9d21c64deb1b65a642bd35dcec9ebc7a65ccb1d3d06a64f507fad2?s=96&d=mm&r=g\",\"contentUrl\":\"https:\/\/secure.gravatar.com\/avatar\/85379d51ec9d21c64deb1b65a642bd35dcec9ebc7a65ccb1d3d06a64f507fad2?s=96&d=mm&r=g\",\"caption\":\"Thorsten Lange\"},\"url\":\"https:\/\/blog.zeit.de\/rezeptor\/author\/thorsten-lange\"}]}<\/script>\n<!-- \/ Yoast SEO plugin. -->","yoast_head_json":{"title":"Feine Erbsensuppe - Rezeptor","robots":{"index":"index","follow":"follow","max-snippet":"max-snippet:-1","max-image-preview":"max-image-preview:large","max-video-preview":"max-video-preview:-1"},"canonical":"https:\/\/blog.zeit.de\/rezeptor\/2012\/05\/21\/feine-erbsensuppe_2387","og_locale":"de_DE","og_type":"article","og_title":"Feine Erbsensuppe - Rezeptor","og_description":"Mit frischem Gem\u00fcse vom Wochenmarkt und viel Kerbel wird aus dem z\u00fcnftigen Nachkriegs-Eintopf ein zeitgem\u00e4\u00dfes Sommer-Essen","og_url":"https:\/\/blog.zeit.de\/rezeptor\/2012\/05\/21\/feine-erbsensuppe_2387","og_site_name":"Rezeptor","article_published_time":"2012-05-21T10:41:36+00:00","og_image":[{"url":"https:\/\/blog.zeit.de\/rezeptor\/files\/2012\/05\/030512.jpg"}],"author":"Thorsten Lange","twitter_card":"summary_large_image","twitter_misc":{"Geschrieben von":"Thorsten Lange","Gesch\u00e4tzte Lesezeit":"1\u00a0Minute"},"schema":{"@context":"https:\/\/schema.org","@graph":[{"@type":"WebPage","@id":"https:\/\/blog.zeit.de\/rezeptor\/2012\/05\/21\/feine-erbsensuppe_2387","url":"https:\/\/blog.zeit.de\/rezeptor\/2012\/05\/21\/feine-erbsensuppe_2387","name":"Feine Erbsensuppe - Rezeptor","isPartOf":{"@id":"https:\/\/blog.zeit.de\/rezeptor\/#website"},"datePublished":"2012-05-21T10:41:36+00:00","dateModified":"2012-05-21T10:41:36+00:00","author":{"@id":"https:\/\/blog.zeit.de\/rezeptor\/#\/schema\/person\/c4f0408ea5996c729d4493413dabb0ba"},"breadcrumb":{"@id":"https:\/\/blog.zeit.de\/rezeptor\/2012\/05\/21\/feine-erbsensuppe_2387#breadcrumb"},"inLanguage":"de","potentialAction":[{"@type":"ReadAction","target":["https:\/\/blog.zeit.de\/rezeptor\/2012\/05\/21\/feine-erbsensuppe_2387"]}]},{"@type":"BreadcrumbList","@id":"https:\/\/blog.zeit.de\/rezeptor\/2012\/05\/21\/feine-erbsensuppe_2387#breadcrumb","itemListElement":[{"@type":"ListItem","position":1,"name":"Startseite","item":"https:\/\/blog.zeit.de\/rezeptor"},{"@type":"ListItem","position":2,"name":"Feine Erbsensuppe"}]},{"@type":"WebSite","@id":"https:\/\/blog.zeit.de\/rezeptor\/#website","url":"https:\/\/blog.zeit.de\/rezeptor\/","name":"Rezeptor","description":"Das Blog f\u00fcr alltagstaugliches Kochen","potentialAction":[{"@type":"SearchAction","target":{"@type":"EntryPoint","urlTemplate":"https:\/\/blog.zeit.de\/rezeptor\/?s={search_term_string}"},"query-input":"required name=search_term_string"}],"inLanguage":"de"},{"@type":"Person","@id":"https:\/\/blog.zeit.de\/rezeptor\/#\/schema\/person\/c4f0408ea5996c729d4493413dabb0ba","name":"Thorsten Lange","image":{"@type":"ImageObject","inLanguage":"de","@id":"https:\/\/blog.zeit.de\/rezeptor\/#\/schema\/person\/image\/","url":"https:\/\/secure.gravatar.com\/avatar\/85379d51ec9d21c64deb1b65a642bd35dcec9ebc7a65ccb1d3d06a64f507fad2?s=96&d=mm&r=g","contentUrl":"https:\/\/secure.gravatar.com\/avatar\/85379d51ec9d21c64deb1b65a642bd35dcec9ebc7a65ccb1d3d06a64f507fad2?s=96&d=mm&r=g","caption":"Thorsten Lange"},"url":"https:\/\/blog.zeit.de\/rezeptor\/author\/thorsten-lange"}]}},"jetpack_featured_media_url":"","jetpack_sharing_enabled":true,"_links":{"self":[{"href":"https:\/\/blog.zeit.de\/rezeptor\/wp-json\/wp\/v2\/posts\/2387","targetHints":{"allow":["GET"]}}],"collection":[{"href":"https:\/\/blog.zeit.de\/rezeptor\/wp-json\/wp\/v2\/posts"}],"about":[{"href":"https:\/\/blog.zeit.de\/rezeptor\/wp-json\/wp\/v2\/types\/post"}],"author":[{"embeddable":true,"href":"https:\/\/blog.zeit.de\/rezeptor\/wp-json\/wp\/v2\/users\/95"}],"replies":[{"embeddable":true,"href":"https:\/\/blog.zeit.de\/rezeptor\/wp-json\/wp\/v2\/comments?post=2387"}],"version-history":[{"count":2,"href":"https:\/\/blog.zeit.de\/rezeptor\/wp-json\/wp\/v2\/posts\/2387\/revisions"}],"predecessor-version":[{"id":2391,"href":"https:\/\/blog.zeit.de\/rezeptor\/wp-json\/wp\/v2\/posts\/2387\/revisions\/2391"}],"wp:attachment":[{"href":"https:\/\/blog.zeit.de\/rezeptor\/wp-json\/wp\/v2\/media?parent=2387"}],"wp:term":[{"taxonomy":"category","embeddable":true,"href":"https:\/\/blog.zeit.de\/rezeptor\/wp-json\/wp\/v2\/categories?post=2387"},{"taxonomy":"post_tag","embeddable":true,"href":"https:\/\/blog.zeit.de\/rezeptor\/wp-json\/wp\/v2\/tags?post=2387"}],"curies":[{"name":"wp","href":"https:\/\/api.w.org\/{rel}","templated":true}]}}