{"id":243,"date":"2006-08-31T00:40:04","date_gmt":"2006-08-30T22:40:04","guid":{"rendered":"http:\/\/blog.zeit.de\/rezeptor\/2006\/08\/31\/gegrillte-banane-mit-feige-plus-eis_243"},"modified":"2006-08-31T00:40:04","modified_gmt":"2006-08-30T22:40:04","slug":"gegrillte-banane-mit-feige-plus-eis","status":"publish","type":"post","link":"https:\/\/blog.zeit.de\/rezeptor\/2006\/08\/31\/gegrillte-banane-mit-feige-plus-eis_243","title":{"rendered":"Gegrillte Banane mit Feige plus Eis"},"content":{"rendered":"<p>F\u00fcr die Abrundung der dekandentesten Grill-Orgie: Heute schmei\u00dft REZEPTOR das Dessert auf den Grill!<br \/>\n(Gew\u00fcnscht von Max aus Innsbruck)<!--more--><br \/>\nF\u00fcr zwei Banana-Joes<br \/>\n2 Bananen<br \/>\n2 Essl\u00f6ffel Honig<br \/>\n2 Feigen (oder sonstiges adrettes Obst)<br \/>\nlecker Eis mit Geschmack nach Deinem Gusto<br \/>\nevtl. ein Schuss Portwein<\/p>\n<p><img decoding=\"async\" src=\"https:\/\/blog.zeit.de\/rezeptor\/files\/2007\/08\/058-btg15.gif\" \/>Wenn schon alle fleischgepl\u00e4ttet um den Tisch sitzen kann man immer noch einen draufpacken: Und zwar das Dessert auf den Grill! Wie die schmale Zutatenliste schon vermuten l\u00e4sst, h\u00e4lt sich der Aufwand stark in Grenzen, das Ergebnis mobilisiert aber garantiert noch jeden, weiter zu essen. Dem Gericht h\u00e4tte zudem auf jeden Fall Ruhm und Ehre in der REZEPTOR 2-Euro Staffel zugestanden. Jeweils eine gesch\u00e4lte Banane mit einem Essl\u00f6ffel Honig betr\u00e4ufeln und in einem Alufolienpaket auf den Grill stellen. Am besten legt man sie auf, wenn die gro\u00dfe Grillrunde gerade vorbei ist. Die Feigen waschen und vierteln. Feigen sehen nat\u00fcrlich superschick aus und schmecken noch dazu herrlich, man kann aber alles erdenkliche Obst verwenden: Mango, Erdbeeren, Orangen, Ananas? oder noch sch\u00f6ner: Eine Mischung aus verschiedenen Sorten. Nach einer Viertelstunde mal zwischendurch checken, wie es den Bananen geht. Dazu vorsichtig die Alufolie \u00f6ffnen und dann riecht es schon lecker, ist die Banane schon ganz weich ist sie fertig! Der Honig schwimmt jetzt ganz fl\u00fcssig unten in der Folie, aufpassen dass das nicht verloren geht.<\/p>\n<p>Die Banane mit dem Obst auf einen Teller drapieren, eine Kugel Eis dazu (Kaffee oder Espressoeis passt 1a \u2013 selbermachen unten im Special) und die Honigsuppe \u00fcber die Banane und das Eis tr\u00e4ufeln. Wer m\u00f6chte kann jetzt noch einen Schuss Portwein \u00fcber die Banane kippen und noch etwas Puderzucker dar\u00fcberst\u00e4uben, schmeckt aber auch ohne sehr gut. Noch dampfend dem \u00fcberraschten Grillgast servieren ? er isst auf jeden Fall alles auf, egal was er vorher gesagt hat!<\/p>\n<p><em><strong>EIS-SPECIAL:<\/strong> Besser gesagt Parfait-Special. Der Unterschied zwischen Parfait und Eis besteht darin, dass beim Parfait erstens ordentlich viel Eigelb dabei ist und zweitens im Gegensatz zum Eis nicht w\u00e4hrend des Gefriervorgangs umger\u00fchrt werden muss, damit es cremig bleibt, hier ist die h\u00e4rtende Kristallbildung erw\u00fcnscht. Also weniger Stress sozusagen?Folgenderma\u00dfen geht?s: 100ml ordentlich starken Espresso kochen. Dann 3 Eigelb und drei ganze Eier mit 120g Zucker zusammen solange r\u00fchren, bis es eine hellgelbe dickfl\u00fcssige Schaummasse gibt, dann den Espresso unterr\u00fchren. Einen halben Liter Sahne steif schlagen und unter die Eimasse heben. Jetzt entweder gleich in kleine Sch\u00e4lchen f\u00fcllen und in die K\u00fchltruhe packen, oder eine Kastenform oder \u00e4hnliches beschicken und diese ebenfalls einfrieren. Da kann man dann wie bei einem Kuchen Scheiben abschneiden! Lecker ist auch die Variante mit Zimt: Statt dem Kaffee einen halben bis knappen Teel\u00f6ffel Zimt nehmen.<\/em><\/p>\n<p>Bitte f\u00fcrs Wochenende schonmal 2 Doraden beim Fischh\u00e4ndler vorbestellen, am Freitag Abend gibts Dorade Royale mit Taboul\u00e9!<\/p>\n","protected":false},"excerpt":{"rendered":"<p>F\u00fcr die Abrundung der dekandentesten Grill-Orgie: Heute schmei\u00dft REZEPTOR das Dessert auf den Grill! (Gew\u00fcnscht von Max aus Innsbruck)<\/p>\n","protected":false},"author":96,"featured_media":0,"comment_status":"open","ping_status":"closed","sticky":false,"template":"","format":"standard","meta":{"_jetpack_memberships_contains_paid_content":false,"footnotes":""},"categories":[819],"tags":[778,783,794,795],"class_list":["post-243","post","type-post","status-publish","format-standard","hentry","category-born-to-grill","tag-einfach","tag-grillen","tag-nachspeise","tag-obst"],"yoast_head":"<!-- This site is optimized with the Yoast SEO plugin v21.0 - https:\/\/yoast.com\/wordpress\/plugins\/seo\/ -->\n<title>Gegrillte Banane mit Feige plus Eis - Rezeptor<\/title>\n<meta name=\"robots\" content=\"index, follow, max-snippet:-1, max-image-preview:large, max-video-preview:-1\" \/>\n<link rel=\"canonical\" href=\"https:\/\/blog.zeit.de\/rezeptor\/2006\/08\/31\/gegrillte-banane-mit-feige-plus-eis_243\" \/>\n<meta property=\"og:locale\" content=\"de_DE\" \/>\n<meta property=\"og:type\" content=\"article\" \/>\n<meta property=\"og:title\" content=\"Gegrillte Banane mit Feige plus Eis - Rezeptor\" \/>\n<meta property=\"og:description\" content=\"F\u00fcr die Abrundung der dekandentesten Grill-Orgie: Heute schmei\u00dft REZEPTOR das Dessert auf den Grill! (Gew\u00fcnscht von Max aus Innsbruck)\" \/>\n<meta property=\"og:url\" content=\"https:\/\/blog.zeit.de\/rezeptor\/2006\/08\/31\/gegrillte-banane-mit-feige-plus-eis_243\" \/>\n<meta property=\"og:site_name\" content=\"Rezeptor\" \/>\n<meta property=\"article:published_time\" content=\"2006-08-30T22:40:04+00:00\" \/>\n<meta property=\"og:image\" content=\"https:\/\/blog.zeit.de\/rezeptor\/files\/2007\/08\/058-btg15.gif\" \/>\n<meta name=\"author\" content=\"Sebastian Hermann\" \/>\n<meta name=\"twitter:card\" content=\"summary_large_image\" \/>\n<meta name=\"twitter:label1\" content=\"Geschrieben von\" \/>\n\t<meta name=\"twitter:data1\" content=\"Sebastian Hermann\" \/>\n\t<meta name=\"twitter:label2\" content=\"Gesch\u00e4tzte Lesezeit\" \/>\n\t<meta name=\"twitter:data2\" content=\"2\u00a0Minuten\" \/>\n<script type=\"application\/ld+json\" class=\"yoast-schema-graph\">{\"@context\":\"https:\/\/schema.org\",\"@graph\":[{\"@type\":\"WebPage\",\"@id\":\"https:\/\/blog.zeit.de\/rezeptor\/2006\/08\/31\/gegrillte-banane-mit-feige-plus-eis_243\",\"url\":\"https:\/\/blog.zeit.de\/rezeptor\/2006\/08\/31\/gegrillte-banane-mit-feige-plus-eis_243\",\"name\":\"Gegrillte Banane mit Feige plus Eis - Rezeptor\",\"isPartOf\":{\"@id\":\"https:\/\/blog.zeit.de\/rezeptor\/#website\"},\"datePublished\":\"2006-08-30T22:40:04+00:00\",\"dateModified\":\"2006-08-30T22:40:04+00:00\",\"author\":{\"@id\":\"https:\/\/blog.zeit.de\/rezeptor\/#\/schema\/person\/1c7cd8b09b3d789744900feeadee10d8\"},\"breadcrumb\":{\"@id\":\"https:\/\/blog.zeit.de\/rezeptor\/2006\/08\/31\/gegrillte-banane-mit-feige-plus-eis_243#breadcrumb\"},\"inLanguage\":\"de\",\"potentialAction\":[{\"@type\":\"ReadAction\",\"target\":[\"https:\/\/blog.zeit.de\/rezeptor\/2006\/08\/31\/gegrillte-banane-mit-feige-plus-eis_243\"]}]},{\"@type\":\"BreadcrumbList\",\"@id\":\"https:\/\/blog.zeit.de\/rezeptor\/2006\/08\/31\/gegrillte-banane-mit-feige-plus-eis_243#breadcrumb\",\"itemListElement\":[{\"@type\":\"ListItem\",\"position\":1,\"name\":\"Startseite\",\"item\":\"https:\/\/blog.zeit.de\/rezeptor\"},{\"@type\":\"ListItem\",\"position\":2,\"name\":\"Gegrillte Banane mit Feige plus Eis\"}]},{\"@type\":\"WebSite\",\"@id\":\"https:\/\/blog.zeit.de\/rezeptor\/#website\",\"url\":\"https:\/\/blog.zeit.de\/rezeptor\/\",\"name\":\"Rezeptor\",\"description\":\"Das Blog f\u00fcr alltagstaugliches Kochen\",\"potentialAction\":[{\"@type\":\"SearchAction\",\"target\":{\"@type\":\"EntryPoint\",\"urlTemplate\":\"https:\/\/blog.zeit.de\/rezeptor\/?s={search_term_string}\"},\"query-input\":\"required name=search_term_string\"}],\"inLanguage\":\"de\"},{\"@type\":\"Person\",\"@id\":\"https:\/\/blog.zeit.de\/rezeptor\/#\/schema\/person\/1c7cd8b09b3d789744900feeadee10d8\",\"name\":\"Sebastian Hermann\",\"image\":{\"@type\":\"ImageObject\",\"inLanguage\":\"de\",\"@id\":\"https:\/\/blog.zeit.de\/rezeptor\/#\/schema\/person\/image\/\",\"url\":\"https:\/\/secure.gravatar.com\/avatar\/5a1022a449dfb74787dd982b88741c084722db246c7dd561821dee2e6e062b34?s=96&d=mm&r=g\",\"contentUrl\":\"https:\/\/secure.gravatar.com\/avatar\/5a1022a449dfb74787dd982b88741c084722db246c7dd561821dee2e6e062b34?s=96&d=mm&r=g\",\"caption\":\"Sebastian Hermann\"},\"url\":\"https:\/\/blog.zeit.de\/rezeptor\/author\/sebastian-hermann\"}]}<\/script>\n<!-- \/ Yoast SEO plugin. -->","yoast_head_json":{"title":"Gegrillte Banane mit Feige plus Eis - Rezeptor","robots":{"index":"index","follow":"follow","max-snippet":"max-snippet:-1","max-image-preview":"max-image-preview:large","max-video-preview":"max-video-preview:-1"},"canonical":"https:\/\/blog.zeit.de\/rezeptor\/2006\/08\/31\/gegrillte-banane-mit-feige-plus-eis_243","og_locale":"de_DE","og_type":"article","og_title":"Gegrillte Banane mit Feige plus Eis - Rezeptor","og_description":"F\u00fcr die Abrundung der dekandentesten Grill-Orgie: Heute schmei\u00dft REZEPTOR das Dessert auf den Grill! (Gew\u00fcnscht von Max aus Innsbruck)","og_url":"https:\/\/blog.zeit.de\/rezeptor\/2006\/08\/31\/gegrillte-banane-mit-feige-plus-eis_243","og_site_name":"Rezeptor","article_published_time":"2006-08-30T22:40:04+00:00","og_image":[{"url":"https:\/\/blog.zeit.de\/rezeptor\/files\/2007\/08\/058-btg15.gif"}],"author":"Sebastian Hermann","twitter_card":"summary_large_image","twitter_misc":{"Geschrieben von":"Sebastian Hermann","Gesch\u00e4tzte Lesezeit":"2\u00a0Minuten"},"schema":{"@context":"https:\/\/schema.org","@graph":[{"@type":"WebPage","@id":"https:\/\/blog.zeit.de\/rezeptor\/2006\/08\/31\/gegrillte-banane-mit-feige-plus-eis_243","url":"https:\/\/blog.zeit.de\/rezeptor\/2006\/08\/31\/gegrillte-banane-mit-feige-plus-eis_243","name":"Gegrillte Banane mit Feige plus Eis - Rezeptor","isPartOf":{"@id":"https:\/\/blog.zeit.de\/rezeptor\/#website"},"datePublished":"2006-08-30T22:40:04+00:00","dateModified":"2006-08-30T22:40:04+00:00","author":{"@id":"https:\/\/blog.zeit.de\/rezeptor\/#\/schema\/person\/1c7cd8b09b3d789744900feeadee10d8"},"breadcrumb":{"@id":"https:\/\/blog.zeit.de\/rezeptor\/2006\/08\/31\/gegrillte-banane-mit-feige-plus-eis_243#breadcrumb"},"inLanguage":"de","potentialAction":[{"@type":"ReadAction","target":["https:\/\/blog.zeit.de\/rezeptor\/2006\/08\/31\/gegrillte-banane-mit-feige-plus-eis_243"]}]},{"@type":"BreadcrumbList","@id":"https:\/\/blog.zeit.de\/rezeptor\/2006\/08\/31\/gegrillte-banane-mit-feige-plus-eis_243#breadcrumb","itemListElement":[{"@type":"ListItem","position":1,"name":"Startseite","item":"https:\/\/blog.zeit.de\/rezeptor"},{"@type":"ListItem","position":2,"name":"Gegrillte Banane mit Feige plus Eis"}]},{"@type":"WebSite","@id":"https:\/\/blog.zeit.de\/rezeptor\/#website","url":"https:\/\/blog.zeit.de\/rezeptor\/","name":"Rezeptor","description":"Das Blog f\u00fcr alltagstaugliches Kochen","potentialAction":[{"@type":"SearchAction","target":{"@type":"EntryPoint","urlTemplate":"https:\/\/blog.zeit.de\/rezeptor\/?s={search_term_string}"},"query-input":"required name=search_term_string"}],"inLanguage":"de"},{"@type":"Person","@id":"https:\/\/blog.zeit.de\/rezeptor\/#\/schema\/person\/1c7cd8b09b3d789744900feeadee10d8","name":"Sebastian Hermann","image":{"@type":"ImageObject","inLanguage":"de","@id":"https:\/\/blog.zeit.de\/rezeptor\/#\/schema\/person\/image\/","url":"https:\/\/secure.gravatar.com\/avatar\/5a1022a449dfb74787dd982b88741c084722db246c7dd561821dee2e6e062b34?s=96&d=mm&r=g","contentUrl":"https:\/\/secure.gravatar.com\/avatar\/5a1022a449dfb74787dd982b88741c084722db246c7dd561821dee2e6e062b34?s=96&d=mm&r=g","caption":"Sebastian Hermann"},"url":"https:\/\/blog.zeit.de\/rezeptor\/author\/sebastian-hermann"}]}},"jetpack_featured_media_url":"","jetpack_sharing_enabled":true,"_links":{"self":[{"href":"https:\/\/blog.zeit.de\/rezeptor\/wp-json\/wp\/v2\/posts\/243","targetHints":{"allow":["GET"]}}],"collection":[{"href":"https:\/\/blog.zeit.de\/rezeptor\/wp-json\/wp\/v2\/posts"}],"about":[{"href":"https:\/\/blog.zeit.de\/rezeptor\/wp-json\/wp\/v2\/types\/post"}],"author":[{"embeddable":true,"href":"https:\/\/blog.zeit.de\/rezeptor\/wp-json\/wp\/v2\/users\/96"}],"replies":[{"embeddable":true,"href":"https:\/\/blog.zeit.de\/rezeptor\/wp-json\/wp\/v2\/comments?post=243"}],"version-history":[{"count":0,"href":"https:\/\/blog.zeit.de\/rezeptor\/wp-json\/wp\/v2\/posts\/243\/revisions"}],"wp:attachment":[{"href":"https:\/\/blog.zeit.de\/rezeptor\/wp-json\/wp\/v2\/media?parent=243"}],"wp:term":[{"taxonomy":"category","embeddable":true,"href":"https:\/\/blog.zeit.de\/rezeptor\/wp-json\/wp\/v2\/categories?post=243"},{"taxonomy":"post_tag","embeddable":true,"href":"https:\/\/blog.zeit.de\/rezeptor\/wp-json\/wp\/v2\/tags?post=243"}],"curies":[{"name":"wp","href":"https:\/\/api.w.org\/{rel}","templated":true}]}}