{"id":2501,"date":"2012-08-31T19:32:20","date_gmt":"2012-08-31T17:32:20","guid":{"rendered":"http:\/\/blog.zeit.de\/rezeptor\/?p=2501"},"modified":"2012-09-04T10:09:12","modified_gmt":"2012-09-04T08:09:12","slug":"makkaroni-mit-reifen-tomaten","status":"publish","type":"post","link":"https:\/\/blog.zeit.de\/rezeptor\/2012\/08\/31\/makkaroni-mit-reifen-tomaten_2501","title":{"rendered":"Makkaroni mit reifen Tomaten"},"content":{"rendered":"<p><a href=\"https:\/\/blog.zeit.de\/rezeptor\/files\/2012\/08\/050812.jpg\"><img loading=\"lazy\" decoding=\"async\" class=\"alignnone size-full wp-image-2502\" src=\"https:\/\/blog.zeit.de\/rezeptor\/files\/2012\/08\/050812.jpg\" alt=\"\" width=\"540\" height=\"304\" srcset=\"https:\/\/blog.zeit.de\/rezeptor\/files\/2012\/08\/050812.jpg 540w, https:\/\/blog.zeit.de\/rezeptor\/files\/2012\/08\/050812-300x168.jpg 300w\" sizes=\"auto, (max-width: 540px) 100vw, 540px\" \/><\/a><\/p>\n<p>Dieses Rezept schmeckt nur jetzt, auf dem H\u00f6hepunkt der Tomatensaison. Und am besten mit welchen aus dem eigenen Garten.<\/p>\n<p><!--more-->F\u00fcr zwei Personen:<br \/>\n750 g vollreife Tomaten<br \/>\n250 g Makkaroni<br \/>\n2 EL schwarze Oliven<br \/>\n2 EL Kapern<br \/>\nfrisches Basilikum<br \/>\ngutes Oliven\u00f6l<br \/>\nSalz<br \/>\nPfeffer<\/p>\n<p><a href=\"https:\/\/blog.zeit.de\/rezeptor\/files\/2012\/08\/050812.gif\"><img loading=\"lazy\" decoding=\"async\" class=\"alignleft size-full wp-image-2503\" src=\"https:\/\/blog.zeit.de\/rezeptor\/files\/2012\/08\/050812.gif\" alt=\"\" width=\"158\" height=\"113\" \/><\/a>Einen gro\u00dfen Topf mit Salzwasser aufsetzen und zum Kochen bringen. Den Ofen inklusive einer kleinen Auflaufform auf 180 Grad Oberunterhitze vorheizen.<\/p>\n<p>In der Zwischenzeit 750 g vollreife Tomaten der Lieblingssorte(n) waschen, entstrunken, l\u00e4ngs halbieren und mit einem kleinen L\u00f6ffel die Samen und das Fruchtwasser entfernen. Gro\u00dfe Exemplare k\u00f6nnen anschlie\u00dfend auch geviertelt oder noch kleiner geschnitten werden.<\/p>\n<p>Sobald der Ofen die Betriebstemperatur erreicht hat, die Tomatenst\u00fccke in die hei\u00dfe Auflaufform geben, mit Salz und Pfeffer w\u00fcrzen und reichlich gutes Oliven\u00f6l dr\u00fcber sprenkeln. Und ab in den Ofen auf mittlerer Schiene f\u00fcr zirka zehn Minuten.<\/p>\n<p>Die Makkaroni nach Packungsaufschrift im k\u00f6chelnden Salzwasser bissfest garen, und zwar so, dass sie zeitgleich mit den Tomaten fertig werden.<\/p>\n<p>Drei Minuten vor dem Finale je zwei EL schwarze Oliven und Kapern zu den Tomaten geben.<\/p>\n<p>Die fertigen Nudeln dann mit einem Schauml\u00f6ffel zu den Tomaten hieven, einmal umr\u00fchren, auf Salz abschmecken und noch eine halbe Minute ziehen lassen.<\/p>\n<p>Dann z\u00fcgig und sehr hei\u00df mit etwas frischem Basilikum garniert servieren. Wer mag, kann auch noch mehr vom Oliven\u00f6l dr\u00fcbertr\u00e4ufeln.<\/p>\n<p>Alle unsere Rezepte von A-Z gibt\u2019s <a href=\"https:\/\/blog.zeit.de\/rezeptor\/rezeptuebersicht\" target=\"_blank\">hier<\/a>.<\/p>\n","protected":false},"excerpt":{"rendered":"<p>Dieses Rezept schmeckt nur jetzt, auf dem H\u00f6hepunkt der Tomatensaison. Und am besten mit welchen aus dem eigenen Garten.<\/p>\n","protected":false},"author":95,"featured_media":0,"comment_status":"open","ping_status":"closed","sticky":false,"template":"","format":"standard","meta":{"_jetpack_memberships_contains_paid_content":false,"footnotes":""},"categories":[839],"tags":[778,792,798],"class_list":["post-2501","post","type-post","status-publish","format-standard","hentry","category-bella-italia","tag-einfach","tag-mediterran","tag-pasta"],"yoast_head":"<!-- This site is optimized with the Yoast SEO plugin v21.0 - https:\/\/yoast.com\/wordpress\/plugins\/seo\/ -->\n<title>Makkaroni mit reifen Tomaten - Rezeptor<\/title>\n<meta name=\"robots\" content=\"index, follow, max-snippet:-1, max-image-preview:large, max-video-preview:-1\" \/>\n<link rel=\"canonical\" href=\"https:\/\/blog.zeit.de\/rezeptor\/2012\/08\/31\/makkaroni-mit-reifen-tomaten_2501\" \/>\n<meta property=\"og:locale\" content=\"de_DE\" \/>\n<meta property=\"og:type\" content=\"article\" \/>\n<meta property=\"og:title\" content=\"Makkaroni mit reifen Tomaten - Rezeptor\" \/>\n<meta property=\"og:description\" content=\"Dieses Rezept schmeckt nur jetzt, auf dem H\u00f6hepunkt der Tomatensaison. Und am besten mit welchen aus dem eigenen Garten.\" \/>\n<meta property=\"og:url\" content=\"https:\/\/blog.zeit.de\/rezeptor\/2012\/08\/31\/makkaroni-mit-reifen-tomaten_2501\" \/>\n<meta property=\"og:site_name\" content=\"Rezeptor\" \/>\n<meta property=\"article:published_time\" content=\"2012-08-31T17:32:20+00:00\" \/>\n<meta property=\"article:modified_time\" content=\"2012-09-04T08:09:12+00:00\" \/>\n<meta property=\"og:image\" content=\"https:\/\/blog.zeit.de\/rezeptor\/files\/2012\/08\/050812.jpg\" \/>\n<meta name=\"author\" content=\"Thorsten Lange\" \/>\n<meta name=\"twitter:card\" content=\"summary_large_image\" \/>\n<meta name=\"twitter:label1\" content=\"Geschrieben von\" \/>\n\t<meta name=\"twitter:data1\" content=\"Thorsten Lange\" \/>\n\t<meta name=\"twitter:label2\" content=\"Gesch\u00e4tzte Lesezeit\" \/>\n\t<meta name=\"twitter:data2\" content=\"1\u00a0Minute\" \/>\n<script type=\"application\/ld+json\" class=\"yoast-schema-graph\">{\"@context\":\"https:\/\/schema.org\",\"@graph\":[{\"@type\":\"WebPage\",\"@id\":\"https:\/\/blog.zeit.de\/rezeptor\/2012\/08\/31\/makkaroni-mit-reifen-tomaten_2501\",\"url\":\"https:\/\/blog.zeit.de\/rezeptor\/2012\/08\/31\/makkaroni-mit-reifen-tomaten_2501\",\"name\":\"Makkaroni mit reifen Tomaten - Rezeptor\",\"isPartOf\":{\"@id\":\"https:\/\/blog.zeit.de\/rezeptor\/#website\"},\"datePublished\":\"2012-08-31T17:32:20+00:00\",\"dateModified\":\"2012-09-04T08:09:12+00:00\",\"author\":{\"@id\":\"https:\/\/blog.zeit.de\/rezeptor\/#\/schema\/person\/c4f0408ea5996c729d4493413dabb0ba\"},\"breadcrumb\":{\"@id\":\"https:\/\/blog.zeit.de\/rezeptor\/2012\/08\/31\/makkaroni-mit-reifen-tomaten_2501#breadcrumb\"},\"inLanguage\":\"de\",\"potentialAction\":[{\"@type\":\"ReadAction\",\"target\":[\"https:\/\/blog.zeit.de\/rezeptor\/2012\/08\/31\/makkaroni-mit-reifen-tomaten_2501\"]}]},{\"@type\":\"BreadcrumbList\",\"@id\":\"https:\/\/blog.zeit.de\/rezeptor\/2012\/08\/31\/makkaroni-mit-reifen-tomaten_2501#breadcrumb\",\"itemListElement\":[{\"@type\":\"ListItem\",\"position\":1,\"name\":\"Startseite\",\"item\":\"https:\/\/blog.zeit.de\/rezeptor\"},{\"@type\":\"ListItem\",\"position\":2,\"name\":\"Makkaroni mit reifen Tomaten\"}]},{\"@type\":\"WebSite\",\"@id\":\"https:\/\/blog.zeit.de\/rezeptor\/#website\",\"url\":\"https:\/\/blog.zeit.de\/rezeptor\/\",\"name\":\"Rezeptor\",\"description\":\"Das Blog f\u00fcr alltagstaugliches Kochen\",\"potentialAction\":[{\"@type\":\"SearchAction\",\"target\":{\"@type\":\"EntryPoint\",\"urlTemplate\":\"https:\/\/blog.zeit.de\/rezeptor\/?s={search_term_string}\"},\"query-input\":\"required name=search_term_string\"}],\"inLanguage\":\"de\"},{\"@type\":\"Person\",\"@id\":\"https:\/\/blog.zeit.de\/rezeptor\/#\/schema\/person\/c4f0408ea5996c729d4493413dabb0ba\",\"name\":\"Thorsten Lange\",\"image\":{\"@type\":\"ImageObject\",\"inLanguage\":\"de\",\"@id\":\"https:\/\/blog.zeit.de\/rezeptor\/#\/schema\/person\/image\/\",\"url\":\"https:\/\/secure.gravatar.com\/avatar\/85379d51ec9d21c64deb1b65a642bd35dcec9ebc7a65ccb1d3d06a64f507fad2?s=96&d=mm&r=g\",\"contentUrl\":\"https:\/\/secure.gravatar.com\/avatar\/85379d51ec9d21c64deb1b65a642bd35dcec9ebc7a65ccb1d3d06a64f507fad2?s=96&d=mm&r=g\",\"caption\":\"Thorsten Lange\"},\"url\":\"https:\/\/blog.zeit.de\/rezeptor\/author\/thorsten-lange\"}]}<\/script>\n<!-- \/ Yoast SEO plugin. -->","yoast_head_json":{"title":"Makkaroni mit reifen Tomaten - Rezeptor","robots":{"index":"index","follow":"follow","max-snippet":"max-snippet:-1","max-image-preview":"max-image-preview:large","max-video-preview":"max-video-preview:-1"},"canonical":"https:\/\/blog.zeit.de\/rezeptor\/2012\/08\/31\/makkaroni-mit-reifen-tomaten_2501","og_locale":"de_DE","og_type":"article","og_title":"Makkaroni mit reifen Tomaten - Rezeptor","og_description":"Dieses Rezept schmeckt nur jetzt, auf dem H\u00f6hepunkt der Tomatensaison. Und am besten mit welchen aus dem eigenen Garten.","og_url":"https:\/\/blog.zeit.de\/rezeptor\/2012\/08\/31\/makkaroni-mit-reifen-tomaten_2501","og_site_name":"Rezeptor","article_published_time":"2012-08-31T17:32:20+00:00","article_modified_time":"2012-09-04T08:09:12+00:00","og_image":[{"url":"https:\/\/blog.zeit.de\/rezeptor\/files\/2012\/08\/050812.jpg"}],"author":"Thorsten Lange","twitter_card":"summary_large_image","twitter_misc":{"Geschrieben von":"Thorsten Lange","Gesch\u00e4tzte Lesezeit":"1\u00a0Minute"},"schema":{"@context":"https:\/\/schema.org","@graph":[{"@type":"WebPage","@id":"https:\/\/blog.zeit.de\/rezeptor\/2012\/08\/31\/makkaroni-mit-reifen-tomaten_2501","url":"https:\/\/blog.zeit.de\/rezeptor\/2012\/08\/31\/makkaroni-mit-reifen-tomaten_2501","name":"Makkaroni mit reifen Tomaten - Rezeptor","isPartOf":{"@id":"https:\/\/blog.zeit.de\/rezeptor\/#website"},"datePublished":"2012-08-31T17:32:20+00:00","dateModified":"2012-09-04T08:09:12+00:00","author":{"@id":"https:\/\/blog.zeit.de\/rezeptor\/#\/schema\/person\/c4f0408ea5996c729d4493413dabb0ba"},"breadcrumb":{"@id":"https:\/\/blog.zeit.de\/rezeptor\/2012\/08\/31\/makkaroni-mit-reifen-tomaten_2501#breadcrumb"},"inLanguage":"de","potentialAction":[{"@type":"ReadAction","target":["https:\/\/blog.zeit.de\/rezeptor\/2012\/08\/31\/makkaroni-mit-reifen-tomaten_2501"]}]},{"@type":"BreadcrumbList","@id":"https:\/\/blog.zeit.de\/rezeptor\/2012\/08\/31\/makkaroni-mit-reifen-tomaten_2501#breadcrumb","itemListElement":[{"@type":"ListItem","position":1,"name":"Startseite","item":"https:\/\/blog.zeit.de\/rezeptor"},{"@type":"ListItem","position":2,"name":"Makkaroni mit reifen Tomaten"}]},{"@type":"WebSite","@id":"https:\/\/blog.zeit.de\/rezeptor\/#website","url":"https:\/\/blog.zeit.de\/rezeptor\/","name":"Rezeptor","description":"Das Blog f\u00fcr alltagstaugliches Kochen","potentialAction":[{"@type":"SearchAction","target":{"@type":"EntryPoint","urlTemplate":"https:\/\/blog.zeit.de\/rezeptor\/?s={search_term_string}"},"query-input":"required name=search_term_string"}],"inLanguage":"de"},{"@type":"Person","@id":"https:\/\/blog.zeit.de\/rezeptor\/#\/schema\/person\/c4f0408ea5996c729d4493413dabb0ba","name":"Thorsten Lange","image":{"@type":"ImageObject","inLanguage":"de","@id":"https:\/\/blog.zeit.de\/rezeptor\/#\/schema\/person\/image\/","url":"https:\/\/secure.gravatar.com\/avatar\/85379d51ec9d21c64deb1b65a642bd35dcec9ebc7a65ccb1d3d06a64f507fad2?s=96&d=mm&r=g","contentUrl":"https:\/\/secure.gravatar.com\/avatar\/85379d51ec9d21c64deb1b65a642bd35dcec9ebc7a65ccb1d3d06a64f507fad2?s=96&d=mm&r=g","caption":"Thorsten Lange"},"url":"https:\/\/blog.zeit.de\/rezeptor\/author\/thorsten-lange"}]}},"jetpack_featured_media_url":"","jetpack_sharing_enabled":true,"_links":{"self":[{"href":"https:\/\/blog.zeit.de\/rezeptor\/wp-json\/wp\/v2\/posts\/2501","targetHints":{"allow":["GET"]}}],"collection":[{"href":"https:\/\/blog.zeit.de\/rezeptor\/wp-json\/wp\/v2\/posts"}],"about":[{"href":"https:\/\/blog.zeit.de\/rezeptor\/wp-json\/wp\/v2\/types\/post"}],"author":[{"embeddable":true,"href":"https:\/\/blog.zeit.de\/rezeptor\/wp-json\/wp\/v2\/users\/95"}],"replies":[{"embeddable":true,"href":"https:\/\/blog.zeit.de\/rezeptor\/wp-json\/wp\/v2\/comments?post=2501"}],"version-history":[{"count":3,"href":"https:\/\/blog.zeit.de\/rezeptor\/wp-json\/wp\/v2\/posts\/2501\/revisions"}],"predecessor-version":[{"id":2507,"href":"https:\/\/blog.zeit.de\/rezeptor\/wp-json\/wp\/v2\/posts\/2501\/revisions\/2507"}],"wp:attachment":[{"href":"https:\/\/blog.zeit.de\/rezeptor\/wp-json\/wp\/v2\/media?parent=2501"}],"wp:term":[{"taxonomy":"category","embeddable":true,"href":"https:\/\/blog.zeit.de\/rezeptor\/wp-json\/wp\/v2\/categories?post=2501"},{"taxonomy":"post_tag","embeddable":true,"href":"https:\/\/blog.zeit.de\/rezeptor\/wp-json\/wp\/v2\/tags?post=2501"}],"curies":[{"name":"wp","href":"https:\/\/api.w.org\/{rel}","templated":true}]}}