{"id":262,"date":"2007-03-27T00:57:15","date_gmt":"2007-03-26T22:57:15","guid":{"rendered":"http:\/\/blog.zeit.de\/rezeptor\/2007\/03\/27\/apfelstrudel_262"},"modified":"2007-03-27T00:57:15","modified_gmt":"2007-03-26T22:57:15","slug":"apfelstrudel","status":"publish","type":"post","link":"https:\/\/blog.zeit.de\/rezeptor\/2007\/03\/27\/apfelstrudel_262","title":{"rendered":"Apfelstrudel"},"content":{"rendered":"<p>REZEPTOR fordert: Nie mehr den aus der Tiefk\u00fchltruhe! Und Bl\u00e4tterteig? Pah!<br \/>\n<!--more--><br \/>\nF\u00fcr mindestens 10 Kaffeekranzler:<br \/>\n<em>Teig:<\/em><br \/>\n300 g Mehl<br \/>\n1 Ei<br \/>\n2 EL \u00d6l<br \/>\nca 125 g lauwarmes Wasser<br \/>\n1 Prise Salz<br \/>\n<em>F\u00fcllung:<\/em><br \/>\n1,5 kg s\u00e4uerliche \u00c4pfel<br \/>\n80 g Zucker &amp; Zimt<br \/>\n80 g Rosinen<br \/>\n50 g gemahlene Haseln\u00fcsse oder Mandeln<br \/>\n120 g Butter<br \/>\n40 g Semmelbr\u00f6sel<br \/>\n200 g Cr\u00e8me Fra\u00eeche<br \/>\n<em>Ger\u00e4tschaften:<\/em><br \/>\nNudelholz<br \/>\ngro\u00dfe saubere Unterlage (Nudelholz)<br \/>\n1 sauberes Abtrocknetuch<br \/>\n1 Ausgabe DIE ZEIT<br \/>\n<em>Zum vollkommenen Genuss:<\/em><br \/>\nNoch mehr Butter<br \/>\n1 Packung Vanillesauce oder Vanille-Eis<br \/>\nPuderzucker<\/p>\n<p><img decoding=\"async\" src=\"https:\/\/blog.zeit.de\/rezeptor\/files\/2007\/08\/108-apfelstrudel1.gif\" \/>Er ist schon ein hartes St\u00fcck Arbeit, so ein Strudel. Aber an einem langweiligen Sonntagnachmittag kann man Zen-artige Ruhe beim entspannten Zubereiten dieses Geschmack-Monsters erreichen! Man nehme sich also 2 Stunden Zeit, bitte das Handy ausmachen und das Telefon ausst\u00f6pseln. Dann das Mehl in eine Sch\u00fcssel sieben, eine Mulde formen und die restlichen Teig-Zutaten in die Mitte geben ? vom Wasser erst mal 3\/4 (kommt auf die Eiergr\u00f6\u00dfe an) ? und aus allem einen geschmeidigen, festen Teig formen. Eventuell noch Wasser zugeben.<\/p>\n<p>Weil der Strudelteig sp\u00e4ter ja auf extreme D\u00fcnnheit ausgezogen wird, muss man ihm viel Liebe und Hingabe schenken. Beim Kneten mit beiden H\u00e4nden auf einem Holzbrett merkt man, wie nach etwa 10 Minuten der anfangs noch klebrige Teig immer feiner wird; das Mehl braucht eine Weile, bis sich das wichtige <em>Gluten<\/em> ausbildet: Das Endprodukt ist chemisch gesehen ein hochelastischer Proteinkomplex.<\/p>\n<p>Eine Kugel formen und unter einem angew\u00e4rmten Gef\u00e4\u00df (z.B. Pfanne) mindestens 30 Minuten gehen lassen. Auch dieser Entspannungsvorgang ist sehr sehr wichtig, sonst rei\u00dft der Teig beim sp\u00e4teren Auseinanderziehen und man hat bald keinen Spa\u00df mehr dran?<\/p>\n<p>Also erst mal die \u00c4pfel sch\u00e4len, achteln, mit einem kleinen Messer entstrunken, entkernen und bl\u00e4tterig schneiden. In eine gro\u00dfe Sch\u00fcssel geben. Die Butter kurz in der Teigpfanne erhitzen und die Semmelbr\u00f6sel darin hellbraun r\u00f6sten. \u00dcber die \u00c4pfel leeren, die Pfanne wieder zur\u00fcck \u00fcber den Teig. Alle restlichen F\u00fcllungszutaten auch dazugeben und mit beiden H\u00e4nden alles richtig ordentlich vermengen.<\/p>\n<p>Den Ofen auf 200 Grad Oberunterhitze vorheizen. Die Teigkugel in zwei H\u00e4lften teilen und auf einem bemehlten Tuch mit dem Nudelholz ausrollen, dabei ab und zu wenden. Wenn er schon recht d\u00fcnn ist, mit den H\u00e4nden weitermachen: Man zieht den elastischen Fladen \u00fcber seinen Handr\u00fccken und zieht vor allem die R\u00e4nder immer weiter raus. Keinen Stress aufkommen lassen, langsam arbeiten: Am Schluss muss man eine druntergelegte DIE ZEIT durchlesen k\u00f6nnen, aber wirklich jeden Buchstaben. Auch die kleinen Bildunterschriften!<\/p>\n<p>Zur\u00fcck auf das Tuch legen und mit etwas zerlassener Butter bestreichen. Dann die H\u00e4lfte der F\u00fcllung gleichm\u00e4\u00dfig drauf verteilen (nur oben einen 10 cm Streifen frei lassen) und die dicken Teig-R\u00e4nder oben und unten abschneiden. Mit Hilfe des Tuchs aufrollen, und mit der Naht nach unten auf ein leicht eingebuttertes Backblech legen.<br \/>\nMit der zweiten Teigkugel und der anderen F\u00fcllungsh\u00e4lfte analog verfahren.<\/p>\n<p>Einige Butterfl\u00f6ckchen noch drauf verteilt und ab ins Rohr auf mittlerer Schiene f\u00fcr 30 &#8211; 35 Minuten. Dann sollte alles knusprig braun sein und bis der Strudel kurz abgek\u00fchlt ist, kann man vor lauter Vorfreude fast die Vanillesauce nach Packungsanleitung nicht mehr zubereiten, schnell mit Puderzucker bestreuen und ? einfach hineinfallen lassen?<\/p>\n","protected":false},"excerpt":{"rendered":"<p>REZEPTOR fordert: Nie mehr den aus der Tiefk\u00fchltruhe! Und Bl\u00e4tterteig? Pah!<\/p>\n","protected":false},"author":95,"featured_media":0,"comment_status":"open","ping_status":"closed","sticky":false,"template":"","format":"standard","meta":{"_jetpack_memberships_contains_paid_content":false,"footnotes":""},"categories":[822],"tags":[790,794,803,812],"class_list":["post-262","post","type-post","status-publish","format-standard","hentry","category-apres-ski","tag-klassiker","tag-nachspeise","tag-sus","tag-vegetarisch"],"yoast_head":"<!-- This site is optimized with the Yoast SEO plugin v21.0 - https:\/\/yoast.com\/wordpress\/plugins\/seo\/ -->\n<title>Apfelstrudel - Rezeptor<\/title>\n<meta name=\"robots\" content=\"index, follow, max-snippet:-1, max-image-preview:large, max-video-preview:-1\" \/>\n<link rel=\"canonical\" href=\"https:\/\/blog.zeit.de\/rezeptor\/2007\/03\/27\/apfelstrudel_262\" \/>\n<meta property=\"og:locale\" content=\"de_DE\" \/>\n<meta property=\"og:type\" content=\"article\" \/>\n<meta property=\"og:title\" content=\"Apfelstrudel - Rezeptor\" \/>\n<meta property=\"og:description\" content=\"REZEPTOR fordert: Nie mehr den aus der Tiefk\u00fchltruhe! Und Bl\u00e4tterteig? Pah!\" \/>\n<meta property=\"og:url\" content=\"https:\/\/blog.zeit.de\/rezeptor\/2007\/03\/27\/apfelstrudel_262\" \/>\n<meta property=\"og:site_name\" content=\"Rezeptor\" \/>\n<meta property=\"article:published_time\" content=\"2007-03-26T22:57:15+00:00\" \/>\n<meta property=\"og:image\" content=\"https:\/\/blog.zeit.de\/rezeptor\/files\/2007\/08\/108-apfelstrudel1.gif\" \/>\n<meta name=\"author\" content=\"Thorsten Lange\" \/>\n<meta name=\"twitter:card\" content=\"summary_large_image\" \/>\n<meta name=\"twitter:label1\" content=\"Geschrieben von\" \/>\n\t<meta name=\"twitter:data1\" content=\"Thorsten Lange\" \/>\n\t<meta name=\"twitter:label2\" content=\"Gesch\u00e4tzte Lesezeit\" \/>\n\t<meta name=\"twitter:data2\" content=\"3\u00a0Minuten\" \/>\n<script type=\"application\/ld+json\" class=\"yoast-schema-graph\">{\"@context\":\"https:\/\/schema.org\",\"@graph\":[{\"@type\":\"WebPage\",\"@id\":\"https:\/\/blog.zeit.de\/rezeptor\/2007\/03\/27\/apfelstrudel_262\",\"url\":\"https:\/\/blog.zeit.de\/rezeptor\/2007\/03\/27\/apfelstrudel_262\",\"name\":\"Apfelstrudel - Rezeptor\",\"isPartOf\":{\"@id\":\"https:\/\/blog.zeit.de\/rezeptor\/#website\"},\"datePublished\":\"2007-03-26T22:57:15+00:00\",\"dateModified\":\"2007-03-26T22:57:15+00:00\",\"author\":{\"@id\":\"https:\/\/blog.zeit.de\/rezeptor\/#\/schema\/person\/c4f0408ea5996c729d4493413dabb0ba\"},\"breadcrumb\":{\"@id\":\"https:\/\/blog.zeit.de\/rezeptor\/2007\/03\/27\/apfelstrudel_262#breadcrumb\"},\"inLanguage\":\"de\",\"potentialAction\":[{\"@type\":\"ReadAction\",\"target\":[\"https:\/\/blog.zeit.de\/rezeptor\/2007\/03\/27\/apfelstrudel_262\"]}]},{\"@type\":\"BreadcrumbList\",\"@id\":\"https:\/\/blog.zeit.de\/rezeptor\/2007\/03\/27\/apfelstrudel_262#breadcrumb\",\"itemListElement\":[{\"@type\":\"ListItem\",\"position\":1,\"name\":\"Startseite\",\"item\":\"https:\/\/blog.zeit.de\/rezeptor\"},{\"@type\":\"ListItem\",\"position\":2,\"name\":\"Apfelstrudel\"}]},{\"@type\":\"WebSite\",\"@id\":\"https:\/\/blog.zeit.de\/rezeptor\/#website\",\"url\":\"https:\/\/blog.zeit.de\/rezeptor\/\",\"name\":\"Rezeptor\",\"description\":\"Das Blog f\u00fcr alltagstaugliches Kochen\",\"potentialAction\":[{\"@type\":\"SearchAction\",\"target\":{\"@type\":\"EntryPoint\",\"urlTemplate\":\"https:\/\/blog.zeit.de\/rezeptor\/?s={search_term_string}\"},\"query-input\":\"required name=search_term_string\"}],\"inLanguage\":\"de\"},{\"@type\":\"Person\",\"@id\":\"https:\/\/blog.zeit.de\/rezeptor\/#\/schema\/person\/c4f0408ea5996c729d4493413dabb0ba\",\"name\":\"Thorsten Lange\",\"image\":{\"@type\":\"ImageObject\",\"inLanguage\":\"de\",\"@id\":\"https:\/\/blog.zeit.de\/rezeptor\/#\/schema\/person\/image\/\",\"url\":\"https:\/\/secure.gravatar.com\/avatar\/85379d51ec9d21c64deb1b65a642bd35dcec9ebc7a65ccb1d3d06a64f507fad2?s=96&d=mm&r=g\",\"contentUrl\":\"https:\/\/secure.gravatar.com\/avatar\/85379d51ec9d21c64deb1b65a642bd35dcec9ebc7a65ccb1d3d06a64f507fad2?s=96&d=mm&r=g\",\"caption\":\"Thorsten Lange\"},\"url\":\"https:\/\/blog.zeit.de\/rezeptor\/author\/thorsten-lange\"}]}<\/script>\n<!-- \/ Yoast SEO plugin. -->","yoast_head_json":{"title":"Apfelstrudel - Rezeptor","robots":{"index":"index","follow":"follow","max-snippet":"max-snippet:-1","max-image-preview":"max-image-preview:large","max-video-preview":"max-video-preview:-1"},"canonical":"https:\/\/blog.zeit.de\/rezeptor\/2007\/03\/27\/apfelstrudel_262","og_locale":"de_DE","og_type":"article","og_title":"Apfelstrudel - Rezeptor","og_description":"REZEPTOR fordert: Nie mehr den aus der Tiefk\u00fchltruhe! Und Bl\u00e4tterteig? Pah!","og_url":"https:\/\/blog.zeit.de\/rezeptor\/2007\/03\/27\/apfelstrudel_262","og_site_name":"Rezeptor","article_published_time":"2007-03-26T22:57:15+00:00","og_image":[{"url":"https:\/\/blog.zeit.de\/rezeptor\/files\/2007\/08\/108-apfelstrudel1.gif"}],"author":"Thorsten Lange","twitter_card":"summary_large_image","twitter_misc":{"Geschrieben von":"Thorsten Lange","Gesch\u00e4tzte Lesezeit":"3\u00a0Minuten"},"schema":{"@context":"https:\/\/schema.org","@graph":[{"@type":"WebPage","@id":"https:\/\/blog.zeit.de\/rezeptor\/2007\/03\/27\/apfelstrudel_262","url":"https:\/\/blog.zeit.de\/rezeptor\/2007\/03\/27\/apfelstrudel_262","name":"Apfelstrudel - Rezeptor","isPartOf":{"@id":"https:\/\/blog.zeit.de\/rezeptor\/#website"},"datePublished":"2007-03-26T22:57:15+00:00","dateModified":"2007-03-26T22:57:15+00:00","author":{"@id":"https:\/\/blog.zeit.de\/rezeptor\/#\/schema\/person\/c4f0408ea5996c729d4493413dabb0ba"},"breadcrumb":{"@id":"https:\/\/blog.zeit.de\/rezeptor\/2007\/03\/27\/apfelstrudel_262#breadcrumb"},"inLanguage":"de","potentialAction":[{"@type":"ReadAction","target":["https:\/\/blog.zeit.de\/rezeptor\/2007\/03\/27\/apfelstrudel_262"]}]},{"@type":"BreadcrumbList","@id":"https:\/\/blog.zeit.de\/rezeptor\/2007\/03\/27\/apfelstrudel_262#breadcrumb","itemListElement":[{"@type":"ListItem","position":1,"name":"Startseite","item":"https:\/\/blog.zeit.de\/rezeptor"},{"@type":"ListItem","position":2,"name":"Apfelstrudel"}]},{"@type":"WebSite","@id":"https:\/\/blog.zeit.de\/rezeptor\/#website","url":"https:\/\/blog.zeit.de\/rezeptor\/","name":"Rezeptor","description":"Das Blog f\u00fcr alltagstaugliches Kochen","potentialAction":[{"@type":"SearchAction","target":{"@type":"EntryPoint","urlTemplate":"https:\/\/blog.zeit.de\/rezeptor\/?s={search_term_string}"},"query-input":"required name=search_term_string"}],"inLanguage":"de"},{"@type":"Person","@id":"https:\/\/blog.zeit.de\/rezeptor\/#\/schema\/person\/c4f0408ea5996c729d4493413dabb0ba","name":"Thorsten Lange","image":{"@type":"ImageObject","inLanguage":"de","@id":"https:\/\/blog.zeit.de\/rezeptor\/#\/schema\/person\/image\/","url":"https:\/\/secure.gravatar.com\/avatar\/85379d51ec9d21c64deb1b65a642bd35dcec9ebc7a65ccb1d3d06a64f507fad2?s=96&d=mm&r=g","contentUrl":"https:\/\/secure.gravatar.com\/avatar\/85379d51ec9d21c64deb1b65a642bd35dcec9ebc7a65ccb1d3d06a64f507fad2?s=96&d=mm&r=g","caption":"Thorsten Lange"},"url":"https:\/\/blog.zeit.de\/rezeptor\/author\/thorsten-lange"}]}},"jetpack_featured_media_url":"","jetpack_sharing_enabled":true,"_links":{"self":[{"href":"https:\/\/blog.zeit.de\/rezeptor\/wp-json\/wp\/v2\/posts\/262","targetHints":{"allow":["GET"]}}],"collection":[{"href":"https:\/\/blog.zeit.de\/rezeptor\/wp-json\/wp\/v2\/posts"}],"about":[{"href":"https:\/\/blog.zeit.de\/rezeptor\/wp-json\/wp\/v2\/types\/post"}],"author":[{"embeddable":true,"href":"https:\/\/blog.zeit.de\/rezeptor\/wp-json\/wp\/v2\/users\/95"}],"replies":[{"embeddable":true,"href":"https:\/\/blog.zeit.de\/rezeptor\/wp-json\/wp\/v2\/comments?post=262"}],"version-history":[{"count":0,"href":"https:\/\/blog.zeit.de\/rezeptor\/wp-json\/wp\/v2\/posts\/262\/revisions"}],"wp:attachment":[{"href":"https:\/\/blog.zeit.de\/rezeptor\/wp-json\/wp\/v2\/media?parent=262"}],"wp:term":[{"taxonomy":"category","embeddable":true,"href":"https:\/\/blog.zeit.de\/rezeptor\/wp-json\/wp\/v2\/categories?post=262"},{"taxonomy":"post_tag","embeddable":true,"href":"https:\/\/blog.zeit.de\/rezeptor\/wp-json\/wp\/v2\/tags?post=262"}],"curies":[{"name":"wp","href":"https:\/\/api.w.org\/{rel}","templated":true}]}}