{"id":2622,"date":"2012-12-14T12:19:54","date_gmt":"2012-12-14T11:19:54","guid":{"rendered":"http:\/\/blog.zeit.de\/rezeptor\/?p=2622"},"modified":"2012-12-18T10:19:13","modified_gmt":"2012-12-18T09:19:13","slug":"bohneneintopf","status":"publish","type":"post","link":"https:\/\/blog.zeit.de\/rezeptor\/2012\/12\/14\/bohneneintopf_2622","title":{"rendered":"Bohneneintopf"},"content":{"rendered":"<p><a href=\"https:\/\/blog.zeit.de\/rezeptor\/files\/2012\/12\/021212.jpg\"><img loading=\"lazy\" decoding=\"async\" class=\"alignnone size-full wp-image-2623\" src=\"https:\/\/blog.zeit.de\/rezeptor\/files\/2012\/12\/021212.jpg\" alt=\"\" width=\"540\" height=\"304\" srcset=\"https:\/\/blog.zeit.de\/rezeptor\/files\/2012\/12\/021212.jpg 540w, https:\/\/blog.zeit.de\/rezeptor\/files\/2012\/12\/021212-300x168.jpg 300w\" sizes=\"auto, (max-width: 540px) 100vw, 540px\" \/><\/a><\/p>\n<p>Diese feine Variante der groben Hausmannskost kann sich nicht nur nach langen Winterspazierg\u00e4ngen sehen lassen. Eventuell sogar als \u00fcberraschende Vorspeise beim nahenden Weihnachtsmen\u00fc?<\/p>\n<p>&nbsp;<\/p>\n<p><!--more-->F\u00fcr drei bis vier Personen:<br \/>\n250 g getrocknete, kleine wei\u00dfe Bohnen<br \/>\n1 Bund Suppengem\u00fcse<br \/>\n100 g roher Speck am St\u00fcck<br \/>\n50 g Fr\u00fchst\u00fccksspeck in Scheiben<br \/>\n2 Kartoffeln<br \/>\n1 wei\u00dfe Zwiebel<br \/>\n1 rote Zwiebel<br \/>\n1 Knoblauchzehe<br \/>\n1 Lorbeerblatt<br \/>\nThymian<br \/>\nBohnenkraut<br \/>\nPetersilie<\/p>\n<p><a href=\"https:\/\/blog.zeit.de\/rezeptor\/files\/2012\/12\/021212.gif\"><img loading=\"lazy\" decoding=\"async\" class=\"alignleft size-full wp-image-2624\" src=\"https:\/\/blog.zeit.de\/rezeptor\/files\/2012\/12\/021212.gif\" alt=\"\" width=\"158\" height=\"113\" \/><\/a>250 g wei\u00dfe, kleine Bohnen \u00fcber Nacht in einer Sch\u00fcssel und kaltem Wasser einweichen.<br \/>\nAm n\u00e4chsten Tag das Einweichwasser wegsch\u00fctten und die Bohnen in einen gro\u00dfen Topf geben. Dazu kommt ein Bund Suppengr\u00fcn, geputzt und in sehr grobe St\u00fccke geschnitten (bitte etwas vom Sellerie, Lauch und Karotte f\u00fcr sp\u00e4ter beiseite legen). Plus 100 g roher Speck am St\u00fcck, die ganze wei\u00dfe gesch\u00e4lte Zwiebel, zwei gesch\u00e4lte Kartoffeln, eine Knoblauchzehe sowie ein Lorbeerblatt und je zwei Zweige Thymian und Bohnenkraut. Man kann die Kr\u00e4uter zu einem Bouquet Garni \u2013\u00a0also einem Kr\u00e4uterstr\u00e4u\u00dflein \u2013 zusammenbinden, oder es in einen Tee- oder Kaffeefilter packen und mit K\u00fcchengarn verschlie\u00dfen, so l\u00e4sst es sich sp\u00e4ter wieder einfach entfernen.<\/p>\n<p>Den Suppentopf mit kaltem Wasser auff\u00fcllen, und zwar so weit, dass alles gerade bedeckt ist. Alles langsam zum K\u00f6cheln bringen und auf kleinster Hitze solange warten, bis die Bohnen gar sind. Das kann je nach Bohnenalter und -sorte zwischen 30 Minuten und zwei Stunden dauern.<\/p>\n<p>Parallel dazu kann man sich schon mal um die Suppeneinlage k\u00fcmmern: Die geparkten Sellerie, Lauch und Karotten in sehr kleine W\u00fcrfel schneiden.<\/p>\n<p>Wenn die Bohnen gar sind, wird alles andere wieder aus dem Topf gefischt und entsorgt. Bis auf den Speck, da kommt die Schwarte ab und der Rest kommt klein gew\u00fcrfelt wieder zu den Bohnen. Auf Salz und Pfeffer abschmecken. Wer mag, kann in hom\u00f6opathischen Dosen etwas Br\u00fchw\u00fcrfel dazugeben.<\/p>\n<p>Die klein gew\u00fcrfelte Suppeneinlage noch ein oder zwei Minuten in einer mittelhei\u00dfen Pfanne und etwas Oliven\u00f6l anbraten, bis sie noch gut Biss haben, aber keine Farbe angenommen haben. Alles in die Suppe geben und stattdessen in der ausgewischten Pfanne und etwas neuem Oliven\u00f6l noch schnell die Fr\u00fchst\u00fccksspeckscheiben beidseitig kross braten.<\/p>\n<p>Den Eintopf auf tiefe Teller verteilen und mit den Speckscheiben und Petersilie garnieren.<\/p>\n<p>Alle unsere Rezepte von a-z gibt\u2019s <a href=\"https:\/\/blog.zeit.de\/rezeptor\/rezeptuebersicht\" target=\"_blank\">hier<\/a>.<\/p>\n","protected":false},"excerpt":{"rendered":"<p>Diese feine Variante der groben Hausmannskost kann sich nicht nur nach langen Winterspazierg\u00e4ngen sehen lassen. Eventuell sogar als \u00fcberraschende Vorspeise beim nahenden Weihnachtsmen\u00fc? &nbsp;<\/p>\n","protected":false},"author":95,"featured_media":0,"comment_status":"open","ping_status":"closed","sticky":false,"template":"","format":"standard","meta":{"_jetpack_memberships_contains_paid_content":false,"footnotes":""},"categories":[815],"tags":[775,784,810],"class_list":["post-2622","post","type-post","status-publish","format-standard","hentry","category-suppenkuche","tag-deftig","tag-gutburgerlich","tag-suppe"],"yoast_head":"<!-- This site is optimized with the Yoast SEO plugin v21.0 - https:\/\/yoast.com\/wordpress\/plugins\/seo\/ -->\n<title>Bohneneintopf - Rezeptor<\/title>\n<meta name=\"robots\" content=\"index, follow, max-snippet:-1, max-image-preview:large, max-video-preview:-1\" \/>\n<link rel=\"canonical\" href=\"https:\/\/blog.zeit.de\/rezeptor\/2012\/12\/14\/bohneneintopf_2622\" \/>\n<meta property=\"og:locale\" content=\"de_DE\" \/>\n<meta property=\"og:type\" content=\"article\" \/>\n<meta property=\"og:title\" content=\"Bohneneintopf - Rezeptor\" \/>\n<meta property=\"og:description\" content=\"Diese feine Variante der groben Hausmannskost kann sich nicht nur nach langen Winterspazierg\u00e4ngen sehen lassen. Eventuell sogar als \u00fcberraschende Vorspeise beim nahenden Weihnachtsmen\u00fc? &nbsp;\" \/>\n<meta property=\"og:url\" content=\"https:\/\/blog.zeit.de\/rezeptor\/2012\/12\/14\/bohneneintopf_2622\" \/>\n<meta property=\"og:site_name\" content=\"Rezeptor\" \/>\n<meta property=\"article:published_time\" content=\"2012-12-14T11:19:54+00:00\" \/>\n<meta property=\"article:modified_time\" content=\"2012-12-18T09:19:13+00:00\" \/>\n<meta property=\"og:image\" content=\"https:\/\/blog.zeit.de\/rezeptor\/files\/2012\/12\/021212.jpg\" \/>\n<meta name=\"author\" content=\"Thorsten Lange\" \/>\n<meta name=\"twitter:card\" content=\"summary_large_image\" \/>\n<meta name=\"twitter:label1\" content=\"Geschrieben von\" \/>\n\t<meta name=\"twitter:data1\" content=\"Thorsten Lange\" \/>\n\t<meta name=\"twitter:label2\" content=\"Gesch\u00e4tzte Lesezeit\" \/>\n\t<meta name=\"twitter:data2\" content=\"2\u00a0Minuten\" \/>\n<script type=\"application\/ld+json\" class=\"yoast-schema-graph\">{\"@context\":\"https:\/\/schema.org\",\"@graph\":[{\"@type\":\"WebPage\",\"@id\":\"https:\/\/blog.zeit.de\/rezeptor\/2012\/12\/14\/bohneneintopf_2622\",\"url\":\"https:\/\/blog.zeit.de\/rezeptor\/2012\/12\/14\/bohneneintopf_2622\",\"name\":\"Bohneneintopf - Rezeptor\",\"isPartOf\":{\"@id\":\"https:\/\/blog.zeit.de\/rezeptor\/#website\"},\"datePublished\":\"2012-12-14T11:19:54+00:00\",\"dateModified\":\"2012-12-18T09:19:13+00:00\",\"author\":{\"@id\":\"https:\/\/blog.zeit.de\/rezeptor\/#\/schema\/person\/c4f0408ea5996c729d4493413dabb0ba\"},\"breadcrumb\":{\"@id\":\"https:\/\/blog.zeit.de\/rezeptor\/2012\/12\/14\/bohneneintopf_2622#breadcrumb\"},\"inLanguage\":\"de\",\"potentialAction\":[{\"@type\":\"ReadAction\",\"target\":[\"https:\/\/blog.zeit.de\/rezeptor\/2012\/12\/14\/bohneneintopf_2622\"]}]},{\"@type\":\"BreadcrumbList\",\"@id\":\"https:\/\/blog.zeit.de\/rezeptor\/2012\/12\/14\/bohneneintopf_2622#breadcrumb\",\"itemListElement\":[{\"@type\":\"ListItem\",\"position\":1,\"name\":\"Startseite\",\"item\":\"https:\/\/blog.zeit.de\/rezeptor\"},{\"@type\":\"ListItem\",\"position\":2,\"name\":\"Bohneneintopf\"}]},{\"@type\":\"WebSite\",\"@id\":\"https:\/\/blog.zeit.de\/rezeptor\/#website\",\"url\":\"https:\/\/blog.zeit.de\/rezeptor\/\",\"name\":\"Rezeptor\",\"description\":\"Das Blog f\u00fcr alltagstaugliches Kochen\",\"potentialAction\":[{\"@type\":\"SearchAction\",\"target\":{\"@type\":\"EntryPoint\",\"urlTemplate\":\"https:\/\/blog.zeit.de\/rezeptor\/?s={search_term_string}\"},\"query-input\":\"required name=search_term_string\"}],\"inLanguage\":\"de\"},{\"@type\":\"Person\",\"@id\":\"https:\/\/blog.zeit.de\/rezeptor\/#\/schema\/person\/c4f0408ea5996c729d4493413dabb0ba\",\"name\":\"Thorsten Lange\",\"image\":{\"@type\":\"ImageObject\",\"inLanguage\":\"de\",\"@id\":\"https:\/\/blog.zeit.de\/rezeptor\/#\/schema\/person\/image\/\",\"url\":\"https:\/\/secure.gravatar.com\/avatar\/85379d51ec9d21c64deb1b65a642bd35dcec9ebc7a65ccb1d3d06a64f507fad2?s=96&d=mm&r=g\",\"contentUrl\":\"https:\/\/secure.gravatar.com\/avatar\/85379d51ec9d21c64deb1b65a642bd35dcec9ebc7a65ccb1d3d06a64f507fad2?s=96&d=mm&r=g\",\"caption\":\"Thorsten Lange\"},\"url\":\"https:\/\/blog.zeit.de\/rezeptor\/author\/thorsten-lange\"}]}<\/script>\n<!-- \/ Yoast SEO plugin. -->","yoast_head_json":{"title":"Bohneneintopf - Rezeptor","robots":{"index":"index","follow":"follow","max-snippet":"max-snippet:-1","max-image-preview":"max-image-preview:large","max-video-preview":"max-video-preview:-1"},"canonical":"https:\/\/blog.zeit.de\/rezeptor\/2012\/12\/14\/bohneneintopf_2622","og_locale":"de_DE","og_type":"article","og_title":"Bohneneintopf - Rezeptor","og_description":"Diese feine Variante der groben Hausmannskost kann sich nicht nur nach langen Winterspazierg\u00e4ngen sehen lassen. Eventuell sogar als \u00fcberraschende Vorspeise beim nahenden Weihnachtsmen\u00fc? &nbsp;","og_url":"https:\/\/blog.zeit.de\/rezeptor\/2012\/12\/14\/bohneneintopf_2622","og_site_name":"Rezeptor","article_published_time":"2012-12-14T11:19:54+00:00","article_modified_time":"2012-12-18T09:19:13+00:00","og_image":[{"url":"https:\/\/blog.zeit.de\/rezeptor\/files\/2012\/12\/021212.jpg"}],"author":"Thorsten Lange","twitter_card":"summary_large_image","twitter_misc":{"Geschrieben von":"Thorsten Lange","Gesch\u00e4tzte Lesezeit":"2\u00a0Minuten"},"schema":{"@context":"https:\/\/schema.org","@graph":[{"@type":"WebPage","@id":"https:\/\/blog.zeit.de\/rezeptor\/2012\/12\/14\/bohneneintopf_2622","url":"https:\/\/blog.zeit.de\/rezeptor\/2012\/12\/14\/bohneneintopf_2622","name":"Bohneneintopf - Rezeptor","isPartOf":{"@id":"https:\/\/blog.zeit.de\/rezeptor\/#website"},"datePublished":"2012-12-14T11:19:54+00:00","dateModified":"2012-12-18T09:19:13+00:00","author":{"@id":"https:\/\/blog.zeit.de\/rezeptor\/#\/schema\/person\/c4f0408ea5996c729d4493413dabb0ba"},"breadcrumb":{"@id":"https:\/\/blog.zeit.de\/rezeptor\/2012\/12\/14\/bohneneintopf_2622#breadcrumb"},"inLanguage":"de","potentialAction":[{"@type":"ReadAction","target":["https:\/\/blog.zeit.de\/rezeptor\/2012\/12\/14\/bohneneintopf_2622"]}]},{"@type":"BreadcrumbList","@id":"https:\/\/blog.zeit.de\/rezeptor\/2012\/12\/14\/bohneneintopf_2622#breadcrumb","itemListElement":[{"@type":"ListItem","position":1,"name":"Startseite","item":"https:\/\/blog.zeit.de\/rezeptor"},{"@type":"ListItem","position":2,"name":"Bohneneintopf"}]},{"@type":"WebSite","@id":"https:\/\/blog.zeit.de\/rezeptor\/#website","url":"https:\/\/blog.zeit.de\/rezeptor\/","name":"Rezeptor","description":"Das Blog f\u00fcr alltagstaugliches Kochen","potentialAction":[{"@type":"SearchAction","target":{"@type":"EntryPoint","urlTemplate":"https:\/\/blog.zeit.de\/rezeptor\/?s={search_term_string}"},"query-input":"required name=search_term_string"}],"inLanguage":"de"},{"@type":"Person","@id":"https:\/\/blog.zeit.de\/rezeptor\/#\/schema\/person\/c4f0408ea5996c729d4493413dabb0ba","name":"Thorsten Lange","image":{"@type":"ImageObject","inLanguage":"de","@id":"https:\/\/blog.zeit.de\/rezeptor\/#\/schema\/person\/image\/","url":"https:\/\/secure.gravatar.com\/avatar\/85379d51ec9d21c64deb1b65a642bd35dcec9ebc7a65ccb1d3d06a64f507fad2?s=96&d=mm&r=g","contentUrl":"https:\/\/secure.gravatar.com\/avatar\/85379d51ec9d21c64deb1b65a642bd35dcec9ebc7a65ccb1d3d06a64f507fad2?s=96&d=mm&r=g","caption":"Thorsten Lange"},"url":"https:\/\/blog.zeit.de\/rezeptor\/author\/thorsten-lange"}]}},"jetpack_featured_media_url":"","jetpack_sharing_enabled":true,"_links":{"self":[{"href":"https:\/\/blog.zeit.de\/rezeptor\/wp-json\/wp\/v2\/posts\/2622","targetHints":{"allow":["GET"]}}],"collection":[{"href":"https:\/\/blog.zeit.de\/rezeptor\/wp-json\/wp\/v2\/posts"}],"about":[{"href":"https:\/\/blog.zeit.de\/rezeptor\/wp-json\/wp\/v2\/types\/post"}],"author":[{"embeddable":true,"href":"https:\/\/blog.zeit.de\/rezeptor\/wp-json\/wp\/v2\/users\/95"}],"replies":[{"embeddable":true,"href":"https:\/\/blog.zeit.de\/rezeptor\/wp-json\/wp\/v2\/comments?post=2622"}],"version-history":[{"count":4,"href":"https:\/\/blog.zeit.de\/rezeptor\/wp-json\/wp\/v2\/posts\/2622\/revisions"}],"predecessor-version":[{"id":2629,"href":"https:\/\/blog.zeit.de\/rezeptor\/wp-json\/wp\/v2\/posts\/2622\/revisions\/2629"}],"wp:attachment":[{"href":"https:\/\/blog.zeit.de\/rezeptor\/wp-json\/wp\/v2\/media?parent=2622"}],"wp:term":[{"taxonomy":"category","embeddable":true,"href":"https:\/\/blog.zeit.de\/rezeptor\/wp-json\/wp\/v2\/categories?post=2622"},{"taxonomy":"post_tag","embeddable":true,"href":"https:\/\/blog.zeit.de\/rezeptor\/wp-json\/wp\/v2\/tags?post=2622"}],"curies":[{"name":"wp","href":"https:\/\/api.w.org\/{rel}","templated":true}]}}