{"id":2673,"date":"2013-01-31T18:17:54","date_gmt":"2013-01-31T17:17:54","guid":{"rendered":"http:\/\/blog.zeit.de\/rezeptor\/?p=2673"},"modified":"2013-02-01T09:58:13","modified_gmt":"2013-02-01T08:58:13","slug":"baguette","status":"publish","type":"post","link":"https:\/\/blog.zeit.de\/rezeptor\/2013\/01\/31\/baguette_2673","title":{"rendered":"Baguette"},"content":{"rendered":"<p><img loading=\"lazy\" decoding=\"async\" class=\"alignnone size-full wp-image-2674\" alt=\"040113\" src=\"https:\/\/blog.zeit.de\/rezeptor\/files\/2013\/01\/040113.jpg\" width=\"540\" height=\"304\" srcset=\"https:\/\/blog.zeit.de\/rezeptor\/files\/2013\/01\/040113.jpg 540w, https:\/\/blog.zeit.de\/rezeptor\/files\/2013\/01\/040113-300x168.jpg 300w\" sizes=\"auto, (max-width: 540px) 100vw, 540px\" \/><\/p>\n<p>Nach dem uns\u00e4glichen Geb\u00e4ck<em>storm<\/em>\u00a0\u2013 ob Schrippe oder Weckle \u2013 backen wir heute unser Wei\u00dfbrot selbst, und zwar aus Protest <em>\u00e0 la fran\u00e7aise<\/em>\u00a0\u2026<\/p>\n<p><!--more-->F\u00fcr zwei kurze Baguettes:<br \/>\n600 g Mehl (Type 550)<br \/>\n380 ml Wasser<br \/>\n20 g Hefe<br \/>\n2 TL Salz<br \/>\n1 Spr\u00fchflasche mit Zerst\u00e4uber<br \/>\nTeppichmesser<\/p>\n<p><img loading=\"lazy\" decoding=\"async\" class=\"alignleft size-full wp-image-2675\" alt=\"040113\" src=\"https:\/\/blog.zeit.de\/rezeptor\/files\/2013\/01\/040113.gif\" width=\"158\" height=\"113\" \/>600 g Mehl (Type 550) in eine gro\u00dfe Sch\u00fcssel sch\u00fctten und in der Mitte ein Loch bis auf den Sch\u00fcsselboden freischaufeln. Zwanzig Gramm \u2013 also minimal weniger als einen halben W\u00fcrfel \u2013 Hefe in 50 ml zimmerwarmen Wasser aufl\u00f6sen, diese Mischung in das Loch leeren und mit soviel Mehl vom Rand verr\u00fchren, bis ein leicht dicker Brei entsteht.<br \/>\nDiesen Vorteig zirka zehn Minuten gehen lassen, dann hat er sich ungef\u00e4hr verdoppelt.<\/p>\n<p>Anschlie\u00dfend zwei TL Salz in 330 ml zimmerwarmen Wasser aufl\u00f6sen und in die Sch\u00fcssel leeren. Mit einem Holzl\u00f6ffel alles so lange umr\u00fchren, bis ein einigerma\u00dfen homogener Teig entstanden ist.<br \/>\nDiesen dann auf eine bemehlte Arbeitsfl\u00e4che hieven und mindestens zehn Minuten<br \/>\nkr\u00e4ftig durchkneten. <em>Nicht erschrecken: Der Teig ist relativ feucht und klebrig, man kann immer mal wieder essl\u00f6ffelweise Mehl zugeben, damit man wenigstens 30 Sekunden lang trockene H\u00e4nde hat. Die Konsistenz verbessert sich aber nach einigen Knetminuten etwas, insgesamt soll der fertige Teig schon noch relativ feucht sein.<\/em><\/p>\n<p>Die gro\u00dfe Sch\u00fcssel mit einem EL Oliven\u00f6l ausreiben, und den Teig mit Frischhaltefolie dr\u00fcber darin zwei Stunden gehen lassen.<\/p>\n<p>Die doppelt so gro\u00dfe Kugel anschlie\u00dfend halbieren und beide Teile noch mal kurz durchkneten. Dann in eine typische Baguetteform bringen, aber bitte nur so lang, dass sie noch aufs gebutterte Backblech passen.<br \/>\nDort d\u00fcrfen die Teiglinge jetzt noch mal 40 Minuten gehen, und zwar mit K\u00fcchentuch bedeckt.<\/p>\n<p>Nach 25 Minuten den Herd schon mal auf volle Pulle Oberunterhitze vorheizen.<\/p>\n<p>Kurz vorm Backen die Baguettes mit einem sehr scharfen (Teppich-)Messer ein paar Mal zirka einen Zentimeter tief diagonal einritzen und mit der Spr\u00fchflasche und Wasser bespr\u00fchen.<\/p>\n<p>Die beiden Brote dann im oberen Ofendrittel insgesamt zirka 35 Minuten backen.<br \/>\nNach zwei und weiteren f\u00fcnf Minuten das Backblech kurz rausnehmen und alles ein zweites und drittes Mal bespr\u00fchen.<\/p>\n<p>Je nach Ofen sind die Baguettes vielleicht auch schon nach einer halben Stunde, oder erst nach 40 Minuten fertig. Falls man das Gef\u00fchl hat, es kommt oben oder unten zu Verbrennungen, verschiebt man das Backblech in die andere Richtung.<br \/>\nSollte die gew\u00fcnschte Br\u00e4unung schon nach 20 Minuten erreicht sein, schaltet man den Ofen einfach ab und backt mit Restw\u00e4rme fertig.<br \/>\nBeim Brotbacken zu Hause lernt man jedenfalls seinen Ofen besser kennen \ud83d\ude09<\/p>\n<p>Auf einem Gitter einige Minuten abk\u00fchlen lassen und das erste St\u00fcck lauwarm und mit gesalzener Butter bestrichen genie\u00dfen.<\/p>\n<p>&nbsp;<\/p>\n<p>Alle unsere anderen Rezepte \u00fcbersichtlich und von a-z gibt\u2019s <a href=\"https:\/\/blog.zeit.de\/rezeptor\/rezeptuebersicht\" target=\"_blank\">hier<\/a>.<\/p>\n","protected":false},"excerpt":{"rendered":"<p>Nach dem uns\u00e4glichen Geb\u00e4ckstorm\u00a0\u2013 ob Schrippe oder Weckle \u2013 backen wir heute unser Wei\u00dfbrot selbst, und zwar aus Protest \u00e0 la fran\u00e7aise\u00a0\u2026<\/p>\n","protected":false},"author":95,"featured_media":0,"comment_status":"open","ping_status":"closed","sticky":false,"template":"","format":"standard","meta":{"_jetpack_memberships_contains_paid_content":false,"footnotes":""},"categories":[830],"tags":[770,771,787],"class_list":["post-2673","post","type-post","status-publish","format-standard","hentry","category-burn-baby-burn","tag-aufwandig","tag-backen","tag-hefe"],"yoast_head":"<!-- This site is optimized with the Yoast SEO plugin v21.0 - https:\/\/yoast.com\/wordpress\/plugins\/seo\/ -->\n<title>Baguette - Rezeptor<\/title>\n<meta name=\"robots\" content=\"index, follow, max-snippet:-1, max-image-preview:large, max-video-preview:-1\" \/>\n<link rel=\"canonical\" href=\"https:\/\/blog.zeit.de\/rezeptor\/2013\/01\/31\/baguette_2673\" \/>\n<meta property=\"og:locale\" content=\"de_DE\" \/>\n<meta property=\"og:type\" content=\"article\" \/>\n<meta property=\"og:title\" content=\"Baguette - Rezeptor\" \/>\n<meta property=\"og:description\" content=\"Nach dem uns\u00e4glichen Geb\u00e4ckstorm\u00a0\u2013 ob Schrippe oder Weckle \u2013 backen wir heute unser Wei\u00dfbrot selbst, und zwar aus Protest \u00e0 la fran\u00e7aise\u00a0\u2026\" \/>\n<meta property=\"og:url\" content=\"https:\/\/blog.zeit.de\/rezeptor\/2013\/01\/31\/baguette_2673\" \/>\n<meta property=\"og:site_name\" content=\"Rezeptor\" \/>\n<meta property=\"article:published_time\" content=\"2013-01-31T17:17:54+00:00\" \/>\n<meta property=\"article:modified_time\" content=\"2013-02-01T08:58:13+00:00\" \/>\n<meta property=\"og:image\" content=\"https:\/\/blog.zeit.de\/rezeptor\/files\/2013\/01\/040113.jpg\" \/>\n<meta name=\"author\" content=\"Thorsten Lange\" \/>\n<meta name=\"twitter:card\" content=\"summary_large_image\" \/>\n<meta name=\"twitter:label1\" content=\"Geschrieben von\" \/>\n\t<meta name=\"twitter:data1\" content=\"Thorsten Lange\" \/>\n\t<meta name=\"twitter:label2\" content=\"Gesch\u00e4tzte Lesezeit\" \/>\n\t<meta name=\"twitter:data2\" content=\"2\u00a0Minuten\" \/>\n<script type=\"application\/ld+json\" class=\"yoast-schema-graph\">{\"@context\":\"https:\/\/schema.org\",\"@graph\":[{\"@type\":\"WebPage\",\"@id\":\"https:\/\/blog.zeit.de\/rezeptor\/2013\/01\/31\/baguette_2673\",\"url\":\"https:\/\/blog.zeit.de\/rezeptor\/2013\/01\/31\/baguette_2673\",\"name\":\"Baguette - Rezeptor\",\"isPartOf\":{\"@id\":\"https:\/\/blog.zeit.de\/rezeptor\/#website\"},\"datePublished\":\"2013-01-31T17:17:54+00:00\",\"dateModified\":\"2013-02-01T08:58:13+00:00\",\"author\":{\"@id\":\"https:\/\/blog.zeit.de\/rezeptor\/#\/schema\/person\/c4f0408ea5996c729d4493413dabb0ba\"},\"breadcrumb\":{\"@id\":\"https:\/\/blog.zeit.de\/rezeptor\/2013\/01\/31\/baguette_2673#breadcrumb\"},\"inLanguage\":\"de\",\"potentialAction\":[{\"@type\":\"ReadAction\",\"target\":[\"https:\/\/blog.zeit.de\/rezeptor\/2013\/01\/31\/baguette_2673\"]}]},{\"@type\":\"BreadcrumbList\",\"@id\":\"https:\/\/blog.zeit.de\/rezeptor\/2013\/01\/31\/baguette_2673#breadcrumb\",\"itemListElement\":[{\"@type\":\"ListItem\",\"position\":1,\"name\":\"Startseite\",\"item\":\"https:\/\/blog.zeit.de\/rezeptor\"},{\"@type\":\"ListItem\",\"position\":2,\"name\":\"Baguette\"}]},{\"@type\":\"WebSite\",\"@id\":\"https:\/\/blog.zeit.de\/rezeptor\/#website\",\"url\":\"https:\/\/blog.zeit.de\/rezeptor\/\",\"name\":\"Rezeptor\",\"description\":\"Das Blog f\u00fcr alltagstaugliches Kochen\",\"potentialAction\":[{\"@type\":\"SearchAction\",\"target\":{\"@type\":\"EntryPoint\",\"urlTemplate\":\"https:\/\/blog.zeit.de\/rezeptor\/?s={search_term_string}\"},\"query-input\":\"required name=search_term_string\"}],\"inLanguage\":\"de\"},{\"@type\":\"Person\",\"@id\":\"https:\/\/blog.zeit.de\/rezeptor\/#\/schema\/person\/c4f0408ea5996c729d4493413dabb0ba\",\"name\":\"Thorsten Lange\",\"image\":{\"@type\":\"ImageObject\",\"inLanguage\":\"de\",\"@id\":\"https:\/\/blog.zeit.de\/rezeptor\/#\/schema\/person\/image\/\",\"url\":\"https:\/\/secure.gravatar.com\/avatar\/85379d51ec9d21c64deb1b65a642bd35dcec9ebc7a65ccb1d3d06a64f507fad2?s=96&d=mm&r=g\",\"contentUrl\":\"https:\/\/secure.gravatar.com\/avatar\/85379d51ec9d21c64deb1b65a642bd35dcec9ebc7a65ccb1d3d06a64f507fad2?s=96&d=mm&r=g\",\"caption\":\"Thorsten Lange\"},\"url\":\"https:\/\/blog.zeit.de\/rezeptor\/author\/thorsten-lange\"}]}<\/script>\n<!-- \/ Yoast SEO plugin. -->","yoast_head_json":{"title":"Baguette - Rezeptor","robots":{"index":"index","follow":"follow","max-snippet":"max-snippet:-1","max-image-preview":"max-image-preview:large","max-video-preview":"max-video-preview:-1"},"canonical":"https:\/\/blog.zeit.de\/rezeptor\/2013\/01\/31\/baguette_2673","og_locale":"de_DE","og_type":"article","og_title":"Baguette - Rezeptor","og_description":"Nach dem uns\u00e4glichen Geb\u00e4ckstorm\u00a0\u2013 ob Schrippe oder Weckle \u2013 backen wir heute unser Wei\u00dfbrot selbst, und zwar aus Protest \u00e0 la fran\u00e7aise\u00a0\u2026","og_url":"https:\/\/blog.zeit.de\/rezeptor\/2013\/01\/31\/baguette_2673","og_site_name":"Rezeptor","article_published_time":"2013-01-31T17:17:54+00:00","article_modified_time":"2013-02-01T08:58:13+00:00","og_image":[{"url":"https:\/\/blog.zeit.de\/rezeptor\/files\/2013\/01\/040113.jpg"}],"author":"Thorsten Lange","twitter_card":"summary_large_image","twitter_misc":{"Geschrieben von":"Thorsten Lange","Gesch\u00e4tzte Lesezeit":"2\u00a0Minuten"},"schema":{"@context":"https:\/\/schema.org","@graph":[{"@type":"WebPage","@id":"https:\/\/blog.zeit.de\/rezeptor\/2013\/01\/31\/baguette_2673","url":"https:\/\/blog.zeit.de\/rezeptor\/2013\/01\/31\/baguette_2673","name":"Baguette - Rezeptor","isPartOf":{"@id":"https:\/\/blog.zeit.de\/rezeptor\/#website"},"datePublished":"2013-01-31T17:17:54+00:00","dateModified":"2013-02-01T08:58:13+00:00","author":{"@id":"https:\/\/blog.zeit.de\/rezeptor\/#\/schema\/person\/c4f0408ea5996c729d4493413dabb0ba"},"breadcrumb":{"@id":"https:\/\/blog.zeit.de\/rezeptor\/2013\/01\/31\/baguette_2673#breadcrumb"},"inLanguage":"de","potentialAction":[{"@type":"ReadAction","target":["https:\/\/blog.zeit.de\/rezeptor\/2013\/01\/31\/baguette_2673"]}]},{"@type":"BreadcrumbList","@id":"https:\/\/blog.zeit.de\/rezeptor\/2013\/01\/31\/baguette_2673#breadcrumb","itemListElement":[{"@type":"ListItem","position":1,"name":"Startseite","item":"https:\/\/blog.zeit.de\/rezeptor"},{"@type":"ListItem","position":2,"name":"Baguette"}]},{"@type":"WebSite","@id":"https:\/\/blog.zeit.de\/rezeptor\/#website","url":"https:\/\/blog.zeit.de\/rezeptor\/","name":"Rezeptor","description":"Das Blog f\u00fcr alltagstaugliches Kochen","potentialAction":[{"@type":"SearchAction","target":{"@type":"EntryPoint","urlTemplate":"https:\/\/blog.zeit.de\/rezeptor\/?s={search_term_string}"},"query-input":"required name=search_term_string"}],"inLanguage":"de"},{"@type":"Person","@id":"https:\/\/blog.zeit.de\/rezeptor\/#\/schema\/person\/c4f0408ea5996c729d4493413dabb0ba","name":"Thorsten Lange","image":{"@type":"ImageObject","inLanguage":"de","@id":"https:\/\/blog.zeit.de\/rezeptor\/#\/schema\/person\/image\/","url":"https:\/\/secure.gravatar.com\/avatar\/85379d51ec9d21c64deb1b65a642bd35dcec9ebc7a65ccb1d3d06a64f507fad2?s=96&d=mm&r=g","contentUrl":"https:\/\/secure.gravatar.com\/avatar\/85379d51ec9d21c64deb1b65a642bd35dcec9ebc7a65ccb1d3d06a64f507fad2?s=96&d=mm&r=g","caption":"Thorsten Lange"},"url":"https:\/\/blog.zeit.de\/rezeptor\/author\/thorsten-lange"}]}},"jetpack_featured_media_url":"","jetpack_sharing_enabled":true,"_links":{"self":[{"href":"https:\/\/blog.zeit.de\/rezeptor\/wp-json\/wp\/v2\/posts\/2673","targetHints":{"allow":["GET"]}}],"collection":[{"href":"https:\/\/blog.zeit.de\/rezeptor\/wp-json\/wp\/v2\/posts"}],"about":[{"href":"https:\/\/blog.zeit.de\/rezeptor\/wp-json\/wp\/v2\/types\/post"}],"author":[{"embeddable":true,"href":"https:\/\/blog.zeit.de\/rezeptor\/wp-json\/wp\/v2\/users\/95"}],"replies":[{"embeddable":true,"href":"https:\/\/blog.zeit.de\/rezeptor\/wp-json\/wp\/v2\/comments?post=2673"}],"version-history":[{"count":6,"href":"https:\/\/blog.zeit.de\/rezeptor\/wp-json\/wp\/v2\/posts\/2673\/revisions"}],"predecessor-version":[{"id":2681,"href":"https:\/\/blog.zeit.de\/rezeptor\/wp-json\/wp\/v2\/posts\/2673\/revisions\/2681"}],"wp:attachment":[{"href":"https:\/\/blog.zeit.de\/rezeptor\/wp-json\/wp\/v2\/media?parent=2673"}],"wp:term":[{"taxonomy":"category","embeddable":true,"href":"https:\/\/blog.zeit.de\/rezeptor\/wp-json\/wp\/v2\/categories?post=2673"},{"taxonomy":"post_tag","embeddable":true,"href":"https:\/\/blog.zeit.de\/rezeptor\/wp-json\/wp\/v2\/tags?post=2673"}],"curies":[{"name":"wp","href":"https:\/\/api.w.org\/{rel}","templated":true}]}}