{"id":2709,"date":"2013-02-28T11:04:10","date_gmt":"2013-02-28T10:04:10","guid":{"rendered":"http:\/\/blog.zeit.de\/rezeptor\/?p=2709"},"modified":"2013-03-01T12:23:13","modified_gmt":"2013-03-01T11:23:13","slug":"spitzkohlstrudel-mit-paprikasauce-und-grieben","status":"publish","type":"post","link":"https:\/\/blog.zeit.de\/rezeptor\/2013\/02\/28\/spitzkohlstrudel-mit-paprikasauce-und-grieben_2709","title":{"rendered":"Spitzkohlstrudel mit Paprikasauce und Grieben"},"content":{"rendered":"<p><img loading=\"lazy\" decoding=\"async\" class=\"alignnone size-full wp-image-2710\" alt=\"040213\" src=\"https:\/\/blog.zeit.de\/rezeptor\/files\/2013\/02\/040213.jpg\" width=\"540\" height=\"304\" srcset=\"https:\/\/blog.zeit.de\/rezeptor\/files\/2013\/02\/040213.jpg 540w, https:\/\/blog.zeit.de\/rezeptor\/files\/2013\/02\/040213-300x168.jpg 300w\" sizes=\"auto, (max-width: 540px) 100vw, 540px\" \/><\/p>\n<p>Die etwas feinere Variante des bekannten Krautstrudels aus \u00d6sterreich. Wer keinen Spitzkohl findet, nimmt einfach die Originalzutat Weisskohl.<\/p>\n<p><!--more-->F\u00fcr drei bis vier Personen:<br \/>\n1 kleiner Kopf Spitzkohl<br \/>\n250 g Mehl<br \/>\n200 g frischer R\u00fcckenspeck<br \/>\n100 g Schmand<br \/>\n5 l\u00e4ngliche, t\u00fcrkische, rote Paprikaschoten<br \/>\n1 Zitrone<br \/>\n1 Zwiebel<br \/>\n1 Schalotte<br \/>\n1 Knoblauchzehe<br \/>\n1 TL Zucker<br \/>\n1 TL Paprikapulver edels\u00fc\u00df<br \/>\n2 EL neutrales \u00d6l<br \/>\n1 EL Butter<br \/>\nMuskatnuss<br \/>\nSalz<br \/>\nPfeffer<\/p>\n<p><img loading=\"lazy\" decoding=\"async\" class=\"alignleft size-full wp-image-2711\" alt=\"040213\" src=\"https:\/\/blog.zeit.de\/rezeptor\/files\/2013\/02\/040213.gif\" width=\"158\" height=\"113\" \/>So ein Strudelteig ist zutatentechnisch gesehen wahrscheinlich der einfachste Teig der Welt: Er besteht lediglich aus Mehl, Wasser, Salz und etwas \u00d6l. Man kann deshalb dabei fast nichts falsch machen, die Teigkugel muss nach ausgiebigem Kneten nur lange genug entspannen, damit er sich sp\u00e4ter gut und leicht ausziehen l\u00e4sst:<\/p>\n<p>250 g Mehl, zwei EL neutrales \u00d6l, drei Prisen Salz und 125 ml Wasser in einer Sch\u00fcssel zu einem glatten Teig zusammenkneten, anfangs mit einem L\u00f6ffel, sp\u00e4ter mit den H\u00e4nden auf der Arbeitsfl\u00e4che, und zwar mindestens zehn Minuten lang.<br \/>\nDann mit etwas \u00d6l eincremen oder in Frischhaltefolie wickeln und ein, besser zwei Stunden an einem zimmertemperierten Ort ohne Luftzug ruhen lassen.<\/p>\n<p>Vom kleinen Spitzkohlkopf die \u00e4u\u00dferen Bl\u00e4tter waschen und wieder trockensch\u00fctteln, den Rest l\u00e4ngs halbieren, entstrunken und dann alles in ein Zentimeter <em>(Wei\u00dfkohl d\u00fcnner)<\/em> dicke Streifen schneiden. In einer gro\u00dfen Sch\u00fcssel die Kohlstreifen sehr mutig salzen, mit beiden H\u00e4nden gut durchkneten und erstmal so stehen lassen.<\/p>\n<p>200 g frischen R\u00fcckenspeck in ein Zentimeter gro\u00dfe W\u00fcrfel schneiden und mit 20 ml Wasser in einem Topf einmal kurz aufkochen und dann langsam auf kleiner Hitze das Fett auslassen. Irgendwann sind die Grieben goldbraun, dann in einem metallenen Sieb abseihen und das fl\u00fcssige Schmalz auffangen.<\/p>\n<p>Die Zwiebel sch\u00e4len, sehr fein hacken und mit zwei EL Schmalz in einem gro\u00dfen Topf auf mittlerer Hitze anbraten. Sobald die Zwiebelw\u00fcrfel weich sind, alles mit einem TL Paprikapulver und einem TL Zucker bestreuen, gut umr\u00fchren und ein, zwei Minuten karamellisieren lassen. Dann den gesalzenen Spitzkohl dazu geben, wieder gut umr\u00fchren und zugedeckt f\u00fcnf Minuten weich garen <em>(Wei\u00dfkohl 15-20 Minuten)<\/em>, anschlie\u00dfend abk\u00fchlen lassen.<\/p>\n<p>F\u00fcnf Paprikaschoten l\u00e4ngs halbieren und alles wegschneiden, was nicht rot ist. Dann mit der Hautseite nach oben auf ein Backblech legen und in den Ofen schieben. Das Backrohr auf 200 Grad Oberunterhitze vorheizen.<\/p>\n<p>Der Strudelteig ist irgendwann mit dem Entspannen fertig und wird nochmal gut durchgeknetet. Dann etwas Mehl auf einem sauberen Tisch verteilen und die Teigkugel mithilfe eines Nudelholzes erstmal grob auswargeln.\u2028Wenn er schon recht d\u00fcnn ist, mit den H\u00e4nden weitermachen: Man zieht den elastischen Fladen \u00fcber beide Handr\u00fccken und zieht vor allem die R\u00e4nder immer weiter raus. Keinen Stress aufkommen lassen, langsam arbeiten, entstehende L\u00f6cher einfach wieder flicken, sieht sp\u00e4ter kein Mensch. Am Schluss auf ein K\u00fcchentuch legen, der Teig muss so d\u00fcnn sein, dass man das K\u00fcchentuchmuster bzw. dessen Struktur erkennen kann.<\/p>\n<p>Mittlerweile m\u00fcssten die Paprikaschoten oben schwarz geworden sein, das ist genau richtig so. Aus dem Ofen und vom Backblech nehmen.<\/p>\n<p>Zur\u00fcck zum Strudel: Auf dem Teig erst etwas fl\u00fcssiges Schmalz, dann Spitzkohl und die H\u00e4lfte der Grieben nacheinander d\u00fcnn verteilen, dann 100 g Schmand draufklacksen und unten etwa zehn, seitlich f\u00fcnf Zentimeter Teig freilassen. Dann den Fladen mit Hilfe des K\u00fcchentuchs vorsichtig zu einem Strudel aufrollen und die Seiten zudr\u00fccken. Mit der Naht nach unten auf das mit Schmalz gefettete oder backpapierte Backblech hieven und bei 200 Grad auf mittlerer Schiene etwa eine halbe Stunde backen.<\/p>\n<p>F\u00fcr die Sauce die schwarze Haut von den Paprikah\u00e4lften ziehen und das Fruchtfleisch klein schneiden. Eine Schalotte und die Knoblauchzehe sch\u00e4len, fein w\u00fcrfeln und in einem EL Butter auf mittlerer Hitze glasig anschwitzen. Dann die Paprikaw\u00fcrfel dazugeben, genau wie 100 ml Wasser und alles einmal aufkochen lassen. Mit einem Stabmixer p\u00fcrieren und je nach gew\u00fcnschter Konsistenz noch Wasser dazugeben. Wer Kalbsfond zur Hand hat, nimmt den. Alles vor sich hinsimmern lassen und mit Salz, Pfeffer und Zitronensaft abschmecken.<\/p>\n<p>Den fertigen Strudel aufschneiden und mit einem Klacks Paprikasauce auf vorgew\u00e4rmten Tellern mit den restlichen Grieben bestreut servieren.<\/p>\n<p>Alle unsere Rezepte \u00fcbersichtlich und von A-Z gibt\u2019s hier.<\/p>\n","protected":false},"excerpt":{"rendered":"<p>Die etwas feinere Variante des bekannten Krautstrudels aus \u00d6sterreich. Wer keinen Spitzkohl findet, nimmt einfach die Originalzutat Weisskohl.<\/p>\n","protected":false},"author":95,"featured_media":0,"comment_status":"open","ping_status":"closed","sticky":false,"template":"","format":"standard","meta":{"_jetpack_memberships_contains_paid_content":false,"footnotes":""},"categories":[822],"tags":[770,775,791],"class_list":["post-2709","post","type-post","status-publish","format-standard","hentry","category-apres-ski","tag-aufwandig","tag-deftig","tag-kraut"],"yoast_head":"<!-- This site is optimized with the Yoast SEO plugin v21.0 - https:\/\/yoast.com\/wordpress\/plugins\/seo\/ -->\n<title>Spitzkohlstrudel mit Paprikasauce und Grieben - Rezeptor<\/title>\n<meta name=\"robots\" content=\"index, follow, max-snippet:-1, max-image-preview:large, max-video-preview:-1\" \/>\n<link rel=\"canonical\" href=\"https:\/\/blog.zeit.de\/rezeptor\/2013\/02\/28\/spitzkohlstrudel-mit-paprikasauce-und-grieben_2709\" \/>\n<meta property=\"og:locale\" content=\"de_DE\" \/>\n<meta property=\"og:type\" content=\"article\" \/>\n<meta property=\"og:title\" content=\"Spitzkohlstrudel mit Paprikasauce und Grieben - Rezeptor\" \/>\n<meta property=\"og:description\" content=\"Die etwas feinere Variante des bekannten Krautstrudels aus \u00d6sterreich. Wer keinen Spitzkohl findet, nimmt einfach die Originalzutat Weisskohl.\" \/>\n<meta property=\"og:url\" content=\"https:\/\/blog.zeit.de\/rezeptor\/2013\/02\/28\/spitzkohlstrudel-mit-paprikasauce-und-grieben_2709\" \/>\n<meta property=\"og:site_name\" content=\"Rezeptor\" \/>\n<meta property=\"article:published_time\" content=\"2013-02-28T10:04:10+00:00\" \/>\n<meta property=\"article:modified_time\" content=\"2013-03-01T11:23:13+00:00\" \/>\n<meta property=\"og:image\" content=\"https:\/\/blog.zeit.de\/rezeptor\/files\/2013\/02\/040213.jpg\" \/>\n<meta name=\"author\" content=\"Thorsten Lange\" \/>\n<meta name=\"twitter:card\" content=\"summary_large_image\" \/>\n<meta name=\"twitter:label1\" content=\"Geschrieben von\" \/>\n\t<meta name=\"twitter:data1\" content=\"Thorsten Lange\" \/>\n\t<meta name=\"twitter:label2\" content=\"Gesch\u00e4tzte Lesezeit\" \/>\n\t<meta name=\"twitter:data2\" content=\"3\u00a0Minuten\" \/>\n<script type=\"application\/ld+json\" class=\"yoast-schema-graph\">{\"@context\":\"https:\/\/schema.org\",\"@graph\":[{\"@type\":\"WebPage\",\"@id\":\"https:\/\/blog.zeit.de\/rezeptor\/2013\/02\/28\/spitzkohlstrudel-mit-paprikasauce-und-grieben_2709\",\"url\":\"https:\/\/blog.zeit.de\/rezeptor\/2013\/02\/28\/spitzkohlstrudel-mit-paprikasauce-und-grieben_2709\",\"name\":\"Spitzkohlstrudel mit Paprikasauce und Grieben - Rezeptor\",\"isPartOf\":{\"@id\":\"https:\/\/blog.zeit.de\/rezeptor\/#website\"},\"datePublished\":\"2013-02-28T10:04:10+00:00\",\"dateModified\":\"2013-03-01T11:23:13+00:00\",\"author\":{\"@id\":\"https:\/\/blog.zeit.de\/rezeptor\/#\/schema\/person\/c4f0408ea5996c729d4493413dabb0ba\"},\"breadcrumb\":{\"@id\":\"https:\/\/blog.zeit.de\/rezeptor\/2013\/02\/28\/spitzkohlstrudel-mit-paprikasauce-und-grieben_2709#breadcrumb\"},\"inLanguage\":\"de\",\"potentialAction\":[{\"@type\":\"ReadAction\",\"target\":[\"https:\/\/blog.zeit.de\/rezeptor\/2013\/02\/28\/spitzkohlstrudel-mit-paprikasauce-und-grieben_2709\"]}]},{\"@type\":\"BreadcrumbList\",\"@id\":\"https:\/\/blog.zeit.de\/rezeptor\/2013\/02\/28\/spitzkohlstrudel-mit-paprikasauce-und-grieben_2709#breadcrumb\",\"itemListElement\":[{\"@type\":\"ListItem\",\"position\":1,\"name\":\"Startseite\",\"item\":\"https:\/\/blog.zeit.de\/rezeptor\"},{\"@type\":\"ListItem\",\"position\":2,\"name\":\"Spitzkohlstrudel mit Paprikasauce und Grieben\"}]},{\"@type\":\"WebSite\",\"@id\":\"https:\/\/blog.zeit.de\/rezeptor\/#website\",\"url\":\"https:\/\/blog.zeit.de\/rezeptor\/\",\"name\":\"Rezeptor\",\"description\":\"Das Blog f\u00fcr alltagstaugliches Kochen\",\"potentialAction\":[{\"@type\":\"SearchAction\",\"target\":{\"@type\":\"EntryPoint\",\"urlTemplate\":\"https:\/\/blog.zeit.de\/rezeptor\/?s={search_term_string}\"},\"query-input\":\"required name=search_term_string\"}],\"inLanguage\":\"de\"},{\"@type\":\"Person\",\"@id\":\"https:\/\/blog.zeit.de\/rezeptor\/#\/schema\/person\/c4f0408ea5996c729d4493413dabb0ba\",\"name\":\"Thorsten Lange\",\"image\":{\"@type\":\"ImageObject\",\"inLanguage\":\"de\",\"@id\":\"https:\/\/blog.zeit.de\/rezeptor\/#\/schema\/person\/image\/\",\"url\":\"https:\/\/secure.gravatar.com\/avatar\/85379d51ec9d21c64deb1b65a642bd35dcec9ebc7a65ccb1d3d06a64f507fad2?s=96&d=mm&r=g\",\"contentUrl\":\"https:\/\/secure.gravatar.com\/avatar\/85379d51ec9d21c64deb1b65a642bd35dcec9ebc7a65ccb1d3d06a64f507fad2?s=96&d=mm&r=g\",\"caption\":\"Thorsten Lange\"},\"url\":\"https:\/\/blog.zeit.de\/rezeptor\/author\/thorsten-lange\"}]}<\/script>\n<!-- \/ Yoast SEO plugin. -->","yoast_head_json":{"title":"Spitzkohlstrudel mit Paprikasauce und Grieben - Rezeptor","robots":{"index":"index","follow":"follow","max-snippet":"max-snippet:-1","max-image-preview":"max-image-preview:large","max-video-preview":"max-video-preview:-1"},"canonical":"https:\/\/blog.zeit.de\/rezeptor\/2013\/02\/28\/spitzkohlstrudel-mit-paprikasauce-und-grieben_2709","og_locale":"de_DE","og_type":"article","og_title":"Spitzkohlstrudel mit Paprikasauce und Grieben - Rezeptor","og_description":"Die etwas feinere Variante des bekannten Krautstrudels aus \u00d6sterreich. Wer keinen Spitzkohl findet, nimmt einfach die Originalzutat Weisskohl.","og_url":"https:\/\/blog.zeit.de\/rezeptor\/2013\/02\/28\/spitzkohlstrudel-mit-paprikasauce-und-grieben_2709","og_site_name":"Rezeptor","article_published_time":"2013-02-28T10:04:10+00:00","article_modified_time":"2013-03-01T11:23:13+00:00","og_image":[{"url":"https:\/\/blog.zeit.de\/rezeptor\/files\/2013\/02\/040213.jpg"}],"author":"Thorsten Lange","twitter_card":"summary_large_image","twitter_misc":{"Geschrieben von":"Thorsten Lange","Gesch\u00e4tzte Lesezeit":"3\u00a0Minuten"},"schema":{"@context":"https:\/\/schema.org","@graph":[{"@type":"WebPage","@id":"https:\/\/blog.zeit.de\/rezeptor\/2013\/02\/28\/spitzkohlstrudel-mit-paprikasauce-und-grieben_2709","url":"https:\/\/blog.zeit.de\/rezeptor\/2013\/02\/28\/spitzkohlstrudel-mit-paprikasauce-und-grieben_2709","name":"Spitzkohlstrudel mit Paprikasauce und Grieben - Rezeptor","isPartOf":{"@id":"https:\/\/blog.zeit.de\/rezeptor\/#website"},"datePublished":"2013-02-28T10:04:10+00:00","dateModified":"2013-03-01T11:23:13+00:00","author":{"@id":"https:\/\/blog.zeit.de\/rezeptor\/#\/schema\/person\/c4f0408ea5996c729d4493413dabb0ba"},"breadcrumb":{"@id":"https:\/\/blog.zeit.de\/rezeptor\/2013\/02\/28\/spitzkohlstrudel-mit-paprikasauce-und-grieben_2709#breadcrumb"},"inLanguage":"de","potentialAction":[{"@type":"ReadAction","target":["https:\/\/blog.zeit.de\/rezeptor\/2013\/02\/28\/spitzkohlstrudel-mit-paprikasauce-und-grieben_2709"]}]},{"@type":"BreadcrumbList","@id":"https:\/\/blog.zeit.de\/rezeptor\/2013\/02\/28\/spitzkohlstrudel-mit-paprikasauce-und-grieben_2709#breadcrumb","itemListElement":[{"@type":"ListItem","position":1,"name":"Startseite","item":"https:\/\/blog.zeit.de\/rezeptor"},{"@type":"ListItem","position":2,"name":"Spitzkohlstrudel mit Paprikasauce und Grieben"}]},{"@type":"WebSite","@id":"https:\/\/blog.zeit.de\/rezeptor\/#website","url":"https:\/\/blog.zeit.de\/rezeptor\/","name":"Rezeptor","description":"Das Blog f\u00fcr alltagstaugliches Kochen","potentialAction":[{"@type":"SearchAction","target":{"@type":"EntryPoint","urlTemplate":"https:\/\/blog.zeit.de\/rezeptor\/?s={search_term_string}"},"query-input":"required name=search_term_string"}],"inLanguage":"de"},{"@type":"Person","@id":"https:\/\/blog.zeit.de\/rezeptor\/#\/schema\/person\/c4f0408ea5996c729d4493413dabb0ba","name":"Thorsten Lange","image":{"@type":"ImageObject","inLanguage":"de","@id":"https:\/\/blog.zeit.de\/rezeptor\/#\/schema\/person\/image\/","url":"https:\/\/secure.gravatar.com\/avatar\/85379d51ec9d21c64deb1b65a642bd35dcec9ebc7a65ccb1d3d06a64f507fad2?s=96&d=mm&r=g","contentUrl":"https:\/\/secure.gravatar.com\/avatar\/85379d51ec9d21c64deb1b65a642bd35dcec9ebc7a65ccb1d3d06a64f507fad2?s=96&d=mm&r=g","caption":"Thorsten Lange"},"url":"https:\/\/blog.zeit.de\/rezeptor\/author\/thorsten-lange"}]}},"jetpack_featured_media_url":"","jetpack_sharing_enabled":true,"_links":{"self":[{"href":"https:\/\/blog.zeit.de\/rezeptor\/wp-json\/wp\/v2\/posts\/2709","targetHints":{"allow":["GET"]}}],"collection":[{"href":"https:\/\/blog.zeit.de\/rezeptor\/wp-json\/wp\/v2\/posts"}],"about":[{"href":"https:\/\/blog.zeit.de\/rezeptor\/wp-json\/wp\/v2\/types\/post"}],"author":[{"embeddable":true,"href":"https:\/\/blog.zeit.de\/rezeptor\/wp-json\/wp\/v2\/users\/95"}],"replies":[{"embeddable":true,"href":"https:\/\/blog.zeit.de\/rezeptor\/wp-json\/wp\/v2\/comments?post=2709"}],"version-history":[{"count":4,"href":"https:\/\/blog.zeit.de\/rezeptor\/wp-json\/wp\/v2\/posts\/2709\/revisions"}],"predecessor-version":[{"id":2721,"href":"https:\/\/blog.zeit.de\/rezeptor\/wp-json\/wp\/v2\/posts\/2709\/revisions\/2721"}],"wp:attachment":[{"href":"https:\/\/blog.zeit.de\/rezeptor\/wp-json\/wp\/v2\/media?parent=2709"}],"wp:term":[{"taxonomy":"category","embeddable":true,"href":"https:\/\/blog.zeit.de\/rezeptor\/wp-json\/wp\/v2\/categories?post=2709"},{"taxonomy":"post_tag","embeddable":true,"href":"https:\/\/blog.zeit.de\/rezeptor\/wp-json\/wp\/v2\/tags?post=2709"}],"curies":[{"name":"wp","href":"https:\/\/api.w.org\/{rel}","templated":true}]}}