{"id":2732,"date":"2013-03-14T16:03:42","date_gmt":"2013-03-14T15:03:42","guid":{"rendered":"http:\/\/blog.zeit.de\/rezeptor\/?p=2732"},"modified":"2020-03-02T17:15:57","modified_gmt":"2020-03-02T16:15:57","slug":"schwarzwurzel-risotto","status":"publish","type":"post","link":"https:\/\/blog.zeit.de\/rezeptor\/2013\/03\/14\/schwarzwurzel-risotto_2732","title":{"rendered":"Schwarzwurzel-Risotto"},"content":{"rendered":"<p><img loading=\"lazy\" decoding=\"async\" class=\"alignnone size-full wp-image-2733\" src=\"https:\/\/blog.zeit.de\/rezeptor\/files\/2013\/03\/020313.jpg\" alt=\"020313\" width=\"580\" height=\"326\" srcset=\"https:\/\/blog.zeit.de\/rezeptor\/files\/2013\/03\/020313.jpg 580w, https:\/\/blog.zeit.de\/rezeptor\/files\/2013\/03\/020313-300x168.jpg 300w\" sizes=\"auto, (max-width: 580px) 100vw, 580px\" \/><\/p>\n<p>Ein sch\u00f6nes, schlankes Winter-Risotto mit dem immer beliebter werdenden Arme-Leute-Spargel und knusprig-krossem Fr\u00fchst\u00fccksspeck.<\/p>\n<p><!--more-->F\u00fcr zwei Personen:<br \/>\n350 g Schwarzwurzeln<br \/>\n200 g Risottoreis<br \/>\n100 g Fr\u00fchst\u00fccksspeck<br \/>\n650 ml Br\u00fche<br \/>\n2 Schluck Wei\u00dfwein<br \/>\n2 Schalotten<br \/>\n1 Knoblauchzehe<br \/>\nPetersilie<br \/>\nOliven\u00f6l<br \/>\nWei\u00dfweinessig<br \/>\nSalz<br \/>\nPfeffer<\/p>\n<p><img loading=\"lazy\" decoding=\"async\" class=\"alignleft size-full wp-image-2734\" src=\"https:\/\/blog.zeit.de\/rezeptor\/files\/2013\/03\/020313.gif\" alt=\"020313\" width=\"158\" height=\"113\" \/>Ein Liter Salzwasser plus ein Schuss Essig in einem gro\u00dfen Topf zum Kochen bringen. Parallel dazu 350 g Schwarzwurzeln unter flie\u00dfendem Wasser mit einer Gem\u00fcseb\u00fcrste gut abschrubben und dann mit einem Sparsch\u00e4ler sch\u00e4len. Oben den Strunk abschneiden und wenn m\u00f6glich ganz oder einmal quer halbiert im kochenden Salzwasser fast gar kochen. Je nach Schwarzwurzeldicke und -alter dauert das zwischen zehn und zwanzig Minuten.<\/p>\n<p>In der Zwischenzeit 650 ml Br\u00fche simmernd bereitstellen. <em>Wie immer gilt: Am besten w\u00e4re selbst angesetzter Kalbsfond, gefolgt von Gekauftem aus der Metzgerei oder Glasware aus dem Supermarkt. Ganz zum Schluss \u2013 aber manchmal auch ganz praktisch \u2013 dann (ein guter) Br\u00fchw\u00fcrfel.<\/em><\/p>\n<p>Die beiden Schalotten und die Knoblauchzehe sch\u00e4len und fein hacken.<\/p>\n<p>In einem zweiten Kochtopf etwas Oliven\u00f6l auf dreiviertel Hitze bringen und darin dann 100 g Fr\u00fchst\u00fccksspeck auf beiden Seiten anbraten. Die H\u00e4lfte der Scheiben davon richtig kross und die andere H\u00e4lfte nur leicht braun werden lassen. Den Speck dann rausnehmen und parken.<\/p>\n<p>Im mittelhei\u00dfen Bratfett die Schalotten und Knoblauchw\u00fcrfel anschwitzen.<br \/>\nKurz bevor die ersten Br\u00e4unungserscheinungen auftreten, 200 g Risottoreis dazuleeren und umr\u00fchren. Der Reis sollte nach kurzer Zeit leicht glasig werden, dann alles mit zwei Schluck Wei\u00dfwein abl\u00f6schen und den leicht gebr\u00e4unten Speck wieder mit dazu geben.<\/p>\n<p>Ab jetzt sollte immer mal wieder ger\u00fchrt werden, das zu Bioleks Zeiten geltende Dauerr\u00fchrdiktat ist mittlerweile Gott sei dank pass\u00e9. Selbst Risottomeister Alfred tat sich schwer, mit der einen Hand den Holzl\u00f6ffel zu schwingen und gleichzeitig mit der anderen Hand eine neue Flasche Kochwein zu entkorken \ud83d\ude09<\/p>\n<p>Immer wenn der Reis die Fl\u00fcssigkeit fast ganz aufgesaugt hat, sch\u00f6pfkellenweise hei\u00dfe Br\u00fche nachgie\u00dfen. Und zwar so lange, bis der Reis die gew\u00fcnschte Konsistenz erreicht hat, also etwas vor oder nach al dente.<br \/>\nF\u00fcnf Minuten vorher gibt man noch die kleingeschnittenen Schwarzwurzeln dazu.<\/p>\n<p>Am Schluss noch mal auf Salz und Pfeffer abschmecken und auf vorgew\u00e4rmten Teller verteilen.<br \/>\nMit gezupfter Petersilie und krossen Specksplittern garniert sofort servieren.<\/p>\n<p>Wer es gerne noch etwas deftiger hat, kann nat\u00fcrlich auch noch etwas geriebenen Parmesan unterheben oder das Risotto mit Zitronensaft in die andere Richtung schieben. Auch gut: Pinienkerne in der Pfanne ger\u00f6stet.<br \/>\nDazu passt die restliche Flasche Kochwein.<\/p>\n<p>Alle unsere anderen Rezepte von A bis Z gibt\u2019s <a href=\"https:\/\/blog.zeit.de\/rezeptor\/rezeptuebersicht\" target=\"_blank\" rel=\"noopener noreferrer\">hier<\/a> ganz \u00fcbersichtlich.<\/p>\n","protected":false},"excerpt":{"rendered":"<p>Ein sch\u00f6nes, schlankes Winter-Risotto mit dem immer beliebter werdenden Arme-Leute-Spargel und knusprig-krossem Fr\u00fchst\u00fccksspeck.<\/p>\n","protected":false},"author":95,"featured_media":0,"comment_status":"open","ping_status":"closed","sticky":false,"template":"","format":"standard","meta":{"_jetpack_memberships_contains_paid_content":false,"footnotes":""},"categories":[839],"tags":[800,809,812],"class_list":["post-2732","post","type-post","status-publish","format-standard","hentry","category-bella-italia","tag-reis","tag-speck","tag-vegetarisch"],"yoast_head":"<!-- This site is optimized with the Yoast SEO plugin v21.0 - https:\/\/yoast.com\/wordpress\/plugins\/seo\/ -->\n<title>Schwarzwurzel-Risotto - Rezeptor<\/title>\n<meta name=\"robots\" content=\"index, follow, max-snippet:-1, max-image-preview:large, max-video-preview:-1\" \/>\n<link rel=\"canonical\" href=\"https:\/\/blog.zeit.de\/rezeptor\/2013\/03\/14\/schwarzwurzel-risotto_2732\" \/>\n<meta property=\"og:locale\" content=\"de_DE\" \/>\n<meta property=\"og:type\" content=\"article\" \/>\n<meta property=\"og:title\" content=\"Schwarzwurzel-Risotto - Rezeptor\" \/>\n<meta property=\"og:description\" content=\"Ein sch\u00f6nes, schlankes Winter-Risotto mit dem immer beliebter werdenden Arme-Leute-Spargel und knusprig-krossem Fr\u00fchst\u00fccksspeck.\" \/>\n<meta property=\"og:url\" content=\"https:\/\/blog.zeit.de\/rezeptor\/2013\/03\/14\/schwarzwurzel-risotto_2732\" \/>\n<meta property=\"og:site_name\" content=\"Rezeptor\" \/>\n<meta property=\"article:published_time\" content=\"2013-03-14T15:03:42+00:00\" \/>\n<meta property=\"article:modified_time\" content=\"2020-03-02T16:15:57+00:00\" \/>\n<meta property=\"og:image\" content=\"https:\/\/blog.zeit.de\/rezeptor\/files\/2013\/03\/020313.jpg\" \/>\n<meta name=\"author\" content=\"Thorsten Lange\" \/>\n<meta name=\"twitter:card\" content=\"summary_large_image\" \/>\n<meta name=\"twitter:label1\" content=\"Geschrieben von\" \/>\n\t<meta name=\"twitter:data1\" content=\"Thorsten Lange\" \/>\n\t<meta name=\"twitter:label2\" content=\"Gesch\u00e4tzte Lesezeit\" \/>\n\t<meta name=\"twitter:data2\" content=\"2\u00a0Minuten\" \/>\n<script type=\"application\/ld+json\" class=\"yoast-schema-graph\">{\"@context\":\"https:\/\/schema.org\",\"@graph\":[{\"@type\":\"WebPage\",\"@id\":\"https:\/\/blog.zeit.de\/rezeptor\/2013\/03\/14\/schwarzwurzel-risotto_2732\",\"url\":\"https:\/\/blog.zeit.de\/rezeptor\/2013\/03\/14\/schwarzwurzel-risotto_2732\",\"name\":\"Schwarzwurzel-Risotto - Rezeptor\",\"isPartOf\":{\"@id\":\"https:\/\/blog.zeit.de\/rezeptor\/#website\"},\"datePublished\":\"2013-03-14T15:03:42+00:00\",\"dateModified\":\"2020-03-02T16:15:57+00:00\",\"author\":{\"@id\":\"https:\/\/blog.zeit.de\/rezeptor\/#\/schema\/person\/c4f0408ea5996c729d4493413dabb0ba\"},\"breadcrumb\":{\"@id\":\"https:\/\/blog.zeit.de\/rezeptor\/2013\/03\/14\/schwarzwurzel-risotto_2732#breadcrumb\"},\"inLanguage\":\"de\",\"potentialAction\":[{\"@type\":\"ReadAction\",\"target\":[\"https:\/\/blog.zeit.de\/rezeptor\/2013\/03\/14\/schwarzwurzel-risotto_2732\"]}]},{\"@type\":\"BreadcrumbList\",\"@id\":\"https:\/\/blog.zeit.de\/rezeptor\/2013\/03\/14\/schwarzwurzel-risotto_2732#breadcrumb\",\"itemListElement\":[{\"@type\":\"ListItem\",\"position\":1,\"name\":\"Startseite\",\"item\":\"https:\/\/blog.zeit.de\/rezeptor\"},{\"@type\":\"ListItem\",\"position\":2,\"name\":\"Schwarzwurzel-Risotto\"}]},{\"@type\":\"WebSite\",\"@id\":\"https:\/\/blog.zeit.de\/rezeptor\/#website\",\"url\":\"https:\/\/blog.zeit.de\/rezeptor\/\",\"name\":\"Rezeptor\",\"description\":\"Das Blog f\u00fcr alltagstaugliches Kochen\",\"potentialAction\":[{\"@type\":\"SearchAction\",\"target\":{\"@type\":\"EntryPoint\",\"urlTemplate\":\"https:\/\/blog.zeit.de\/rezeptor\/?s={search_term_string}\"},\"query-input\":\"required name=search_term_string\"}],\"inLanguage\":\"de\"},{\"@type\":\"Person\",\"@id\":\"https:\/\/blog.zeit.de\/rezeptor\/#\/schema\/person\/c4f0408ea5996c729d4493413dabb0ba\",\"name\":\"Thorsten Lange\",\"image\":{\"@type\":\"ImageObject\",\"inLanguage\":\"de\",\"@id\":\"https:\/\/blog.zeit.de\/rezeptor\/#\/schema\/person\/image\/\",\"url\":\"https:\/\/secure.gravatar.com\/avatar\/85379d51ec9d21c64deb1b65a642bd35dcec9ebc7a65ccb1d3d06a64f507fad2?s=96&d=mm&r=g\",\"contentUrl\":\"https:\/\/secure.gravatar.com\/avatar\/85379d51ec9d21c64deb1b65a642bd35dcec9ebc7a65ccb1d3d06a64f507fad2?s=96&d=mm&r=g\",\"caption\":\"Thorsten Lange\"},\"url\":\"https:\/\/blog.zeit.de\/rezeptor\/author\/thorsten-lange\"}]}<\/script>\n<!-- \/ Yoast SEO plugin. -->","yoast_head_json":{"title":"Schwarzwurzel-Risotto - Rezeptor","robots":{"index":"index","follow":"follow","max-snippet":"max-snippet:-1","max-image-preview":"max-image-preview:large","max-video-preview":"max-video-preview:-1"},"canonical":"https:\/\/blog.zeit.de\/rezeptor\/2013\/03\/14\/schwarzwurzel-risotto_2732","og_locale":"de_DE","og_type":"article","og_title":"Schwarzwurzel-Risotto - Rezeptor","og_description":"Ein sch\u00f6nes, schlankes Winter-Risotto mit dem immer beliebter werdenden Arme-Leute-Spargel und knusprig-krossem Fr\u00fchst\u00fccksspeck.","og_url":"https:\/\/blog.zeit.de\/rezeptor\/2013\/03\/14\/schwarzwurzel-risotto_2732","og_site_name":"Rezeptor","article_published_time":"2013-03-14T15:03:42+00:00","article_modified_time":"2020-03-02T16:15:57+00:00","og_image":[{"url":"https:\/\/blog.zeit.de\/rezeptor\/files\/2013\/03\/020313.jpg"}],"author":"Thorsten Lange","twitter_card":"summary_large_image","twitter_misc":{"Geschrieben von":"Thorsten Lange","Gesch\u00e4tzte Lesezeit":"2\u00a0Minuten"},"schema":{"@context":"https:\/\/schema.org","@graph":[{"@type":"WebPage","@id":"https:\/\/blog.zeit.de\/rezeptor\/2013\/03\/14\/schwarzwurzel-risotto_2732","url":"https:\/\/blog.zeit.de\/rezeptor\/2013\/03\/14\/schwarzwurzel-risotto_2732","name":"Schwarzwurzel-Risotto - Rezeptor","isPartOf":{"@id":"https:\/\/blog.zeit.de\/rezeptor\/#website"},"datePublished":"2013-03-14T15:03:42+00:00","dateModified":"2020-03-02T16:15:57+00:00","author":{"@id":"https:\/\/blog.zeit.de\/rezeptor\/#\/schema\/person\/c4f0408ea5996c729d4493413dabb0ba"},"breadcrumb":{"@id":"https:\/\/blog.zeit.de\/rezeptor\/2013\/03\/14\/schwarzwurzel-risotto_2732#breadcrumb"},"inLanguage":"de","potentialAction":[{"@type":"ReadAction","target":["https:\/\/blog.zeit.de\/rezeptor\/2013\/03\/14\/schwarzwurzel-risotto_2732"]}]},{"@type":"BreadcrumbList","@id":"https:\/\/blog.zeit.de\/rezeptor\/2013\/03\/14\/schwarzwurzel-risotto_2732#breadcrumb","itemListElement":[{"@type":"ListItem","position":1,"name":"Startseite","item":"https:\/\/blog.zeit.de\/rezeptor"},{"@type":"ListItem","position":2,"name":"Schwarzwurzel-Risotto"}]},{"@type":"WebSite","@id":"https:\/\/blog.zeit.de\/rezeptor\/#website","url":"https:\/\/blog.zeit.de\/rezeptor\/","name":"Rezeptor","description":"Das Blog f\u00fcr alltagstaugliches Kochen","potentialAction":[{"@type":"SearchAction","target":{"@type":"EntryPoint","urlTemplate":"https:\/\/blog.zeit.de\/rezeptor\/?s={search_term_string}"},"query-input":"required name=search_term_string"}],"inLanguage":"de"},{"@type":"Person","@id":"https:\/\/blog.zeit.de\/rezeptor\/#\/schema\/person\/c4f0408ea5996c729d4493413dabb0ba","name":"Thorsten Lange","image":{"@type":"ImageObject","inLanguage":"de","@id":"https:\/\/blog.zeit.de\/rezeptor\/#\/schema\/person\/image\/","url":"https:\/\/secure.gravatar.com\/avatar\/85379d51ec9d21c64deb1b65a642bd35dcec9ebc7a65ccb1d3d06a64f507fad2?s=96&d=mm&r=g","contentUrl":"https:\/\/secure.gravatar.com\/avatar\/85379d51ec9d21c64deb1b65a642bd35dcec9ebc7a65ccb1d3d06a64f507fad2?s=96&d=mm&r=g","caption":"Thorsten Lange"},"url":"https:\/\/blog.zeit.de\/rezeptor\/author\/thorsten-lange"}]}},"jetpack_featured_media_url":"","jetpack_sharing_enabled":true,"_links":{"self":[{"href":"https:\/\/blog.zeit.de\/rezeptor\/wp-json\/wp\/v2\/posts\/2732","targetHints":{"allow":["GET"]}}],"collection":[{"href":"https:\/\/blog.zeit.de\/rezeptor\/wp-json\/wp\/v2\/posts"}],"about":[{"href":"https:\/\/blog.zeit.de\/rezeptor\/wp-json\/wp\/v2\/types\/post"}],"author":[{"embeddable":true,"href":"https:\/\/blog.zeit.de\/rezeptor\/wp-json\/wp\/v2\/users\/95"}],"replies":[{"embeddable":true,"href":"https:\/\/blog.zeit.de\/rezeptor\/wp-json\/wp\/v2\/comments?post=2732"}],"version-history":[{"count":5,"href":"https:\/\/blog.zeit.de\/rezeptor\/wp-json\/wp\/v2\/posts\/2732\/revisions"}],"predecessor-version":[{"id":3243,"href":"https:\/\/blog.zeit.de\/rezeptor\/wp-json\/wp\/v2\/posts\/2732\/revisions\/3243"}],"wp:attachment":[{"href":"https:\/\/blog.zeit.de\/rezeptor\/wp-json\/wp\/v2\/media?parent=2732"}],"wp:term":[{"taxonomy":"category","embeddable":true,"href":"https:\/\/blog.zeit.de\/rezeptor\/wp-json\/wp\/v2\/categories?post=2732"},{"taxonomy":"post_tag","embeddable":true,"href":"https:\/\/blog.zeit.de\/rezeptor\/wp-json\/wp\/v2\/tags?post=2732"}],"curies":[{"name":"wp","href":"https:\/\/api.w.org\/{rel}","templated":true}]}}