{"id":380,"date":"2006-11-28T00:48:20","date_gmt":"2006-11-27T22:48:20","guid":{"rendered":"http:\/\/blog.zeit.de\/rezeptor\/2006\/11\/28\/kurbissuppe-mit-bzw-ohne-avocado_380"},"modified":"2006-11-28T00:48:20","modified_gmt":"2006-11-27T22:48:20","slug":"kurbissuppe-mit-bzw-ohne-avocado","status":"publish","type":"post","link":"https:\/\/blog.zeit.de\/rezeptor\/2006\/11\/28\/kurbissuppe-mit-bzw-ohne-avocado_380","title":{"rendered":"K\u00fcrbissuppe mit bzw. ohne Avocado"},"content":{"rendered":"<p>In jedem deutschen Provinzkaff gibt es mittlerweile mindenstens eine trendy Suppenk\u00fcche2go \u2013 Grund genug um eine Alternative zum \u00bbMaggiFix f\u00fcr 5 Minuten Asia-Nudelsnack\u00ab aufzuzeigen.<\/p>\n<p><!--more--><br \/>\nF\u00fcr 4 Supernasen:<br \/>\n1 K\u00fcrbis Marke Hokkaido<br \/>\n1 Zwiebel<br \/>\n1 Zucchini<br \/>\n1 Karotte<br \/>\n1 Avocado (reif \u2013 also weich)<br \/>\n1 EL Butter<br \/>\n2\/3 Becher Sahne<br \/>\nCr\u00e8me Fraiche<br \/>\n1 Liter Gem\u00fcsebr\u00fche<br \/>\nSalz, Pfeffer<br \/>\n1 P\u00fcrierstab, sonst geht&#8217;s nicht!<\/p>\n<p>Ein Liter Wasser mit Instantbr\u00fche erhitzen. Die ist eigenlich nur ein Notbehelf zu einer selbstgemachten Fleisch- oder Gem\u00fcsebr\u00fche, aber f\u00fcr ne K\u00fcrbissuppe lohnt es echt nicht, sich 1 Stunde hintern Herd zu klemmen und ein St\u00fcck Rind auszukochen. Wer ab und an in Frankreich weilt, sollte \u00fcbrigens dort seine Br\u00fchw\u00fcrfel kaufen, die sind da ungleich besser als hierzulande. Die Zwiebel wird grob zerkleinert (geschmacklich noch etwas feiner sind wie immer 2 Schalotten), die Zucchini abwaschen und in Spielw\u00fcrfelgro\u00dfe St\u00fccke hacken. Die Karotte ruhig etwas kleiner schnibbeln, denn die braucht am l\u00e4ngsten von allen beteiligten Gem\u00fcsen um gar zu werden. Den K\u00fcrbis halbieren, und erst mal mit einem L\u00f6ffel das Kerngekr\u00f6se rausschaben. Dann wie eine Melone in Schnitze schneiden, allerdings ist so ein K\u00fcrbis ungleich h\u00e4rter \u2013 ein gutes, gro\u00dfes Messer und etwas Vorsicht k\u00f6nnen Schlimmeres verhindern. Die Schnitze relativ schmal halten, weil man dann ganz gut mit einem gew\u00f6hnlichen Gem\u00fcsesch\u00e4ler die harte Schale entfernen kann. Ebenfalls in w\u00fcrfelgro\u00dfe St\u00fccke schneiden.<\/p>\n<p>Die Butter in einem gro\u00dfen Topf zerflie\u00dfen lassen, die Zwiebel dazugeben und bei mittlerer Hitze anschwitzen. Lie\u00dfe man den Herd auf volle Pulle laufen, w\u00fcrde die Butter braun und bitter; das f\u00e4rbt dann auf die gesamte Suppe ab und es schmeckt nicht mehr (Butter verbrennt bei weit niedrigeren Temperaturen als andere Fette.) Die Karotten und die Zucchini dazugeben und 8-10 Minuten schmoren lassen. Wer m\u00f6chte, kann \u00fcbrigens auch noch 1-2 Zehen Knoblauch untermischen, das passt prima. Jetzt Br\u00fche angie\u00dfen, die K\u00fcrbisst\u00fcckchen dazu und zugedeckt 15-20 Minuten leicht k\u00f6cheln lassen.<\/p>\n<p>Am besten probiert man dann von jedem Gem\u00fcse ein St\u00fcckchen, wenn alle weich gekocht sind, den P\u00fcrierstab z\u00fccken und alles zu Brei machen. Es empfiehlt sich, den Topf dabei in die Sp\u00fcle zu stellen, dann mu\u00df nachher nicht die ganze K\u00fcche geputzt werden. Dann noch die Sahne reinsch\u00fctten (jetzt aber nicht mehr erhitzen bzw. kochen lassen!) und mit Salz und Pfeffer abschmecken.<\/p>\n<p>Die Avocado schmeckt super dazu, muss aber nicht unbedingt sein. Sie w\u00fcrde gesch\u00e4lt, das geht am besten, indem man sie zun\u00e4chst halbiert und dann den Kern, der in einer H\u00e4lfte stecken bleibt,rauspopelt. Dann die Schale abziehen, wenn das sortenbedingt nicht gehen sollte, einfach mit dem Messer sch\u00e4len. In l\u00f6ffelgerechte St\u00fccke schneiden und in die Suppe geben.<\/p>\n<p>Beim Servieren noch einen L\u00f6ffel Cr\u00e8me Fra\u00eeche dazu und frisch ger\u00f6stetes Wei\u00dfbrot bildet einen sch\u00f6nen Knusperkontrast.<\/p>\n<p>PS. K\u00fcrbisse kann man \u00fcbrigens problemlos ein paar Monate lagern, manche sogar bis zu einem Jahr! Also ruhig mal einen Kaufen, der verschimmelt nicht hinten im Eck.<\/p>\n","protected":false},"excerpt":{"rendered":"<p>In jedem deutschen Provinzkaff gibt es mittlerweile mindenstens eine trendy Suppenk\u00fcche2go \u2013 Grund genug um eine Alternative zum \u00bbMaggiFix f\u00fcr 5 Minuten Asia-Nudelsnack\u00ab aufzuzeigen.<\/p>\n","protected":false},"author":96,"featured_media":0,"comment_status":"open","ping_status":"closed","sticky":false,"template":"","format":"standard","meta":{"_jetpack_memberships_contains_paid_content":false,"footnotes":""},"categories":[820],"tags":[792,810,812],"class_list":["post-380","post","type-post","status-publish","format-standard","hentry","category-wg-classics","tag-mediterran","tag-suppe","tag-vegetarisch"],"yoast_head":"<!-- This site is optimized with the Yoast SEO plugin v21.0 - https:\/\/yoast.com\/wordpress\/plugins\/seo\/ -->\n<title>K\u00fcrbissuppe mit bzw. ohne Avocado - Rezeptor<\/title>\n<meta name=\"robots\" content=\"index, follow, max-snippet:-1, max-image-preview:large, max-video-preview:-1\" \/>\n<link rel=\"canonical\" href=\"https:\/\/blog.zeit.de\/rezeptor\/2006\/11\/28\/kurbissuppe-mit-bzw-ohne-avocado_380\" \/>\n<meta property=\"og:locale\" content=\"de_DE\" \/>\n<meta property=\"og:type\" content=\"article\" \/>\n<meta property=\"og:title\" content=\"K\u00fcrbissuppe mit bzw. ohne Avocado - Rezeptor\" \/>\n<meta property=\"og:description\" content=\"In jedem deutschen Provinzkaff gibt es mittlerweile mindenstens eine trendy Suppenk\u00fcche2go \u2013 Grund genug um eine Alternative zum \u00bbMaggiFix f\u00fcr 5 Minuten Asia-Nudelsnack\u00ab aufzuzeigen.\" \/>\n<meta property=\"og:url\" content=\"https:\/\/blog.zeit.de\/rezeptor\/2006\/11\/28\/kurbissuppe-mit-bzw-ohne-avocado_380\" \/>\n<meta property=\"og:site_name\" content=\"Rezeptor\" \/>\n<meta property=\"article:published_time\" content=\"2006-11-27T22:48:20+00:00\" \/>\n<meta name=\"author\" content=\"Sebastian Hermann\" \/>\n<meta name=\"twitter:card\" content=\"summary_large_image\" \/>\n<meta name=\"twitter:label1\" content=\"Geschrieben von\" \/>\n\t<meta name=\"twitter:data1\" content=\"Sebastian Hermann\" \/>\n\t<meta name=\"twitter:label2\" content=\"Gesch\u00e4tzte Lesezeit\" \/>\n\t<meta name=\"twitter:data2\" content=\"3\u00a0Minuten\" \/>\n<script type=\"application\/ld+json\" class=\"yoast-schema-graph\">{\"@context\":\"https:\/\/schema.org\",\"@graph\":[{\"@type\":\"WebPage\",\"@id\":\"https:\/\/blog.zeit.de\/rezeptor\/2006\/11\/28\/kurbissuppe-mit-bzw-ohne-avocado_380\",\"url\":\"https:\/\/blog.zeit.de\/rezeptor\/2006\/11\/28\/kurbissuppe-mit-bzw-ohne-avocado_380\",\"name\":\"K\u00fcrbissuppe mit bzw. ohne Avocado - Rezeptor\",\"isPartOf\":{\"@id\":\"https:\/\/blog.zeit.de\/rezeptor\/#website\"},\"datePublished\":\"2006-11-27T22:48:20+00:00\",\"dateModified\":\"2006-11-27T22:48:20+00:00\",\"author\":{\"@id\":\"https:\/\/blog.zeit.de\/rezeptor\/#\/schema\/person\/1c7cd8b09b3d789744900feeadee10d8\"},\"breadcrumb\":{\"@id\":\"https:\/\/blog.zeit.de\/rezeptor\/2006\/11\/28\/kurbissuppe-mit-bzw-ohne-avocado_380#breadcrumb\"},\"inLanguage\":\"de\",\"potentialAction\":[{\"@type\":\"ReadAction\",\"target\":[\"https:\/\/blog.zeit.de\/rezeptor\/2006\/11\/28\/kurbissuppe-mit-bzw-ohne-avocado_380\"]}]},{\"@type\":\"BreadcrumbList\",\"@id\":\"https:\/\/blog.zeit.de\/rezeptor\/2006\/11\/28\/kurbissuppe-mit-bzw-ohne-avocado_380#breadcrumb\",\"itemListElement\":[{\"@type\":\"ListItem\",\"position\":1,\"name\":\"Startseite\",\"item\":\"https:\/\/blog.zeit.de\/rezeptor\"},{\"@type\":\"ListItem\",\"position\":2,\"name\":\"K\u00fcrbissuppe mit bzw. ohne Avocado\"}]},{\"@type\":\"WebSite\",\"@id\":\"https:\/\/blog.zeit.de\/rezeptor\/#website\",\"url\":\"https:\/\/blog.zeit.de\/rezeptor\/\",\"name\":\"Rezeptor\",\"description\":\"Das Blog f\u00fcr alltagstaugliches Kochen\",\"potentialAction\":[{\"@type\":\"SearchAction\",\"target\":{\"@type\":\"EntryPoint\",\"urlTemplate\":\"https:\/\/blog.zeit.de\/rezeptor\/?s={search_term_string}\"},\"query-input\":\"required name=search_term_string\"}],\"inLanguage\":\"de\"},{\"@type\":\"Person\",\"@id\":\"https:\/\/blog.zeit.de\/rezeptor\/#\/schema\/person\/1c7cd8b09b3d789744900feeadee10d8\",\"name\":\"Sebastian Hermann\",\"image\":{\"@type\":\"ImageObject\",\"inLanguage\":\"de\",\"@id\":\"https:\/\/blog.zeit.de\/rezeptor\/#\/schema\/person\/image\/\",\"url\":\"https:\/\/secure.gravatar.com\/avatar\/5a1022a449dfb74787dd982b88741c084722db246c7dd561821dee2e6e062b34?s=96&d=mm&r=g\",\"contentUrl\":\"https:\/\/secure.gravatar.com\/avatar\/5a1022a449dfb74787dd982b88741c084722db246c7dd561821dee2e6e062b34?s=96&d=mm&r=g\",\"caption\":\"Sebastian Hermann\"},\"url\":\"https:\/\/blog.zeit.de\/rezeptor\/author\/sebastian-hermann\"}]}<\/script>\n<!-- \/ Yoast SEO plugin. -->","yoast_head_json":{"title":"K\u00fcrbissuppe mit bzw. ohne Avocado - Rezeptor","robots":{"index":"index","follow":"follow","max-snippet":"max-snippet:-1","max-image-preview":"max-image-preview:large","max-video-preview":"max-video-preview:-1"},"canonical":"https:\/\/blog.zeit.de\/rezeptor\/2006\/11\/28\/kurbissuppe-mit-bzw-ohne-avocado_380","og_locale":"de_DE","og_type":"article","og_title":"K\u00fcrbissuppe mit bzw. ohne Avocado - Rezeptor","og_description":"In jedem deutschen Provinzkaff gibt es mittlerweile mindenstens eine trendy Suppenk\u00fcche2go \u2013 Grund genug um eine Alternative zum \u00bbMaggiFix f\u00fcr 5 Minuten Asia-Nudelsnack\u00ab aufzuzeigen.","og_url":"https:\/\/blog.zeit.de\/rezeptor\/2006\/11\/28\/kurbissuppe-mit-bzw-ohne-avocado_380","og_site_name":"Rezeptor","article_published_time":"2006-11-27T22:48:20+00:00","author":"Sebastian Hermann","twitter_card":"summary_large_image","twitter_misc":{"Geschrieben von":"Sebastian Hermann","Gesch\u00e4tzte Lesezeit":"3\u00a0Minuten"},"schema":{"@context":"https:\/\/schema.org","@graph":[{"@type":"WebPage","@id":"https:\/\/blog.zeit.de\/rezeptor\/2006\/11\/28\/kurbissuppe-mit-bzw-ohne-avocado_380","url":"https:\/\/blog.zeit.de\/rezeptor\/2006\/11\/28\/kurbissuppe-mit-bzw-ohne-avocado_380","name":"K\u00fcrbissuppe mit bzw. ohne Avocado - Rezeptor","isPartOf":{"@id":"https:\/\/blog.zeit.de\/rezeptor\/#website"},"datePublished":"2006-11-27T22:48:20+00:00","dateModified":"2006-11-27T22:48:20+00:00","author":{"@id":"https:\/\/blog.zeit.de\/rezeptor\/#\/schema\/person\/1c7cd8b09b3d789744900feeadee10d8"},"breadcrumb":{"@id":"https:\/\/blog.zeit.de\/rezeptor\/2006\/11\/28\/kurbissuppe-mit-bzw-ohne-avocado_380#breadcrumb"},"inLanguage":"de","potentialAction":[{"@type":"ReadAction","target":["https:\/\/blog.zeit.de\/rezeptor\/2006\/11\/28\/kurbissuppe-mit-bzw-ohne-avocado_380"]}]},{"@type":"BreadcrumbList","@id":"https:\/\/blog.zeit.de\/rezeptor\/2006\/11\/28\/kurbissuppe-mit-bzw-ohne-avocado_380#breadcrumb","itemListElement":[{"@type":"ListItem","position":1,"name":"Startseite","item":"https:\/\/blog.zeit.de\/rezeptor"},{"@type":"ListItem","position":2,"name":"K\u00fcrbissuppe mit bzw. ohne Avocado"}]},{"@type":"WebSite","@id":"https:\/\/blog.zeit.de\/rezeptor\/#website","url":"https:\/\/blog.zeit.de\/rezeptor\/","name":"Rezeptor","description":"Das Blog f\u00fcr alltagstaugliches Kochen","potentialAction":[{"@type":"SearchAction","target":{"@type":"EntryPoint","urlTemplate":"https:\/\/blog.zeit.de\/rezeptor\/?s={search_term_string}"},"query-input":"required name=search_term_string"}],"inLanguage":"de"},{"@type":"Person","@id":"https:\/\/blog.zeit.de\/rezeptor\/#\/schema\/person\/1c7cd8b09b3d789744900feeadee10d8","name":"Sebastian Hermann","image":{"@type":"ImageObject","inLanguage":"de","@id":"https:\/\/blog.zeit.de\/rezeptor\/#\/schema\/person\/image\/","url":"https:\/\/secure.gravatar.com\/avatar\/5a1022a449dfb74787dd982b88741c084722db246c7dd561821dee2e6e062b34?s=96&d=mm&r=g","contentUrl":"https:\/\/secure.gravatar.com\/avatar\/5a1022a449dfb74787dd982b88741c084722db246c7dd561821dee2e6e062b34?s=96&d=mm&r=g","caption":"Sebastian Hermann"},"url":"https:\/\/blog.zeit.de\/rezeptor\/author\/sebastian-hermann"}]}},"jetpack_featured_media_url":"","jetpack_sharing_enabled":true,"_links":{"self":[{"href":"https:\/\/blog.zeit.de\/rezeptor\/wp-json\/wp\/v2\/posts\/380","targetHints":{"allow":["GET"]}}],"collection":[{"href":"https:\/\/blog.zeit.de\/rezeptor\/wp-json\/wp\/v2\/posts"}],"about":[{"href":"https:\/\/blog.zeit.de\/rezeptor\/wp-json\/wp\/v2\/types\/post"}],"author":[{"embeddable":true,"href":"https:\/\/blog.zeit.de\/rezeptor\/wp-json\/wp\/v2\/users\/96"}],"replies":[{"embeddable":true,"href":"https:\/\/blog.zeit.de\/rezeptor\/wp-json\/wp\/v2\/comments?post=380"}],"version-history":[{"count":0,"href":"https:\/\/blog.zeit.de\/rezeptor\/wp-json\/wp\/v2\/posts\/380\/revisions"}],"wp:attachment":[{"href":"https:\/\/blog.zeit.de\/rezeptor\/wp-json\/wp\/v2\/media?parent=380"}],"wp:term":[{"taxonomy":"category","embeddable":true,"href":"https:\/\/blog.zeit.de\/rezeptor\/wp-json\/wp\/v2\/categories?post=380"},{"taxonomy":"post_tag","embeddable":true,"href":"https:\/\/blog.zeit.de\/rezeptor\/wp-json\/wp\/v2\/tags?post=380"}],"curies":[{"name":"wp","href":"https:\/\/api.w.org\/{rel}","templated":true}]}}