{"id":436,"date":"2007-09-18T15:00:53","date_gmt":"2007-09-18T13:00:53","guid":{"rendered":"http:\/\/blog.zeit.de\/rezeptor\/2007\/09\/18\/in-eigener-sache_436"},"modified":"2007-09-18T15:00:53","modified_gmt":"2007-09-18T13:00:53","slug":"in-eigener-sache","status":"publish","type":"post","link":"https:\/\/blog.zeit.de\/rezeptor\/2007\/09\/18\/in-eigener-sache_436","title":{"rendered":"In eigener Sache"},"content":{"rendered":"<p>Das totale Kochblog f\u00fcr besseres Bauchgef\u00fchl ist umgezogen! Weil wir schon mehr als 150 Rezepte online haben, wurde es Zeit unserer K\u00fcche mal einen Fr\u00fchjahrsputz zu genehmigen. Die werten Wirte vom <a href=\"http:\/\/www.zeit.de\/zuender\">Zuender<\/a> waren so nett, unsere kleine Seite so richtig aufzupimpen.<!--more--><\/p>\n<p>Jetzt gibt es den ganzen Webzwonullkram auch beim REZEPTOR:<\/p>\n<ul>\n<li>Alle Staffeln (von den <a href=\"https:\/\/blog.zeit.de\/rezeptor\/category\/wg-classics\">WG-Classics<\/a> bis zur legend\u00e4ren <a href=\"https:\/\/blog.zeit.de\/rezeptor\/category\/wm-2006-special\">REZEPTOR-WM 2006<\/a>) sind  endlich navigierbar. Einfach in der linken Spalte klicken.<\/li>\n<\/ul>\n<ul>\n<li>Sehr lustig ist das Zufallsrezept, wo Ihr wie bei Mutti einfach etwas vorgesetzt bekommt<\/li>\n<\/ul>\n<ul>\n<li>Sehr praktisch ist die TAG-Wolke. Auf \u00bb<a href=\"https:\/\/blog.zeit.de\/rezeptor\/tag\/Wurst\">Wurst<\/a>\u00ab klicken, wenn Ihr nur noch Wiener im Glas und Senf im K\u00fchlschrank habt \u2013 und schwupps bekommt Ihr eine Liste aller Rezepte mit Wurst<\/li>\n<\/ul>\n<ul>\n<li>Sehr demokratisch: Wenn etwas supereklig oder supertoll geschmeckt hat, einfach das Rezept beim n\u00e4chsten Mal mit einem oder f\u00fcnf Sternen bewerten\u2026<\/li>\n<\/ul>\n<p>Viel Spass beim ausprobieren und h\u00f6rt weiter auf euer Bauchgef\u00fchl!<\/p>\n<p>REZEPThORsten und reSEPPtor<\/p>\n<p><em>PS: Die ganzen Kommentare konnten aus technischen Gr\u00fcnden nicht so einfach mitziehen. Wir werden sie aber peu \u00e0 peu nachtragen. Habt etwas Geduld.<\/em><\/p>\n<p><em>PPS: Habt Ihr Fragen, Probleme oder eine Fehlermeldung? Mit einer E-Mail an <a href=\"mailto:rezeptor@diezuender.de\">rezeptor@diezuender.de<\/a> erreicht Ihr uns direkt<\/em><\/p>\n","protected":false},"excerpt":{"rendered":"<p>Das totale Kochblog f\u00fcr besseres Bauchgef\u00fchl ist umgezogen! Weil wir schon mehr als 150 Rezepte online haben, wurde es Zeit unserer K\u00fcche mal einen Fr\u00fchjahrsputz zu genehmigen. Die werten Wirte vom Zuender waren so nett, unsere kleine Seite so richtig aufzupimpen.<\/p>\n","protected":false},"author":95,"featured_media":0,"comment_status":"open","ping_status":"closed","sticky":false,"template":"","format":"standard","meta":{"_jetpack_memberships_contains_paid_content":false,"footnotes":""},"categories":[764],"tags":[],"class_list":["post-436","post","type-post","status-publish","format-standard","hentry","category-standard"],"yoast_head":"<!-- This site is optimized with the Yoast SEO plugin v21.0 - https:\/\/yoast.com\/wordpress\/plugins\/seo\/ -->\n<title>In eigener Sache - Rezeptor<\/title>\n<meta name=\"robots\" content=\"index, follow, max-snippet:-1, max-image-preview:large, max-video-preview:-1\" \/>\n<link rel=\"canonical\" href=\"https:\/\/blog.zeit.de\/rezeptor\/2007\/09\/18\/in-eigener-sache_436\" \/>\n<meta property=\"og:locale\" content=\"de_DE\" \/>\n<meta property=\"og:type\" content=\"article\" \/>\n<meta property=\"og:title\" content=\"In eigener Sache - Rezeptor\" \/>\n<meta property=\"og:description\" content=\"Das totale Kochblog f\u00fcr besseres Bauchgef\u00fchl ist umgezogen! Weil wir schon mehr als 150 Rezepte online haben, wurde es Zeit unserer K\u00fcche mal einen Fr\u00fchjahrsputz zu genehmigen. Die werten Wirte vom Zuender waren so nett, unsere kleine Seite so richtig aufzupimpen.\" \/>\n<meta property=\"og:url\" content=\"https:\/\/blog.zeit.de\/rezeptor\/2007\/09\/18\/in-eigener-sache_436\" \/>\n<meta property=\"og:site_name\" content=\"Rezeptor\" \/>\n<meta property=\"article:published_time\" content=\"2007-09-18T13:00:53+00:00\" \/>\n<meta name=\"author\" content=\"Thorsten Lange\" \/>\n<meta name=\"twitter:card\" content=\"summary_large_image\" \/>\n<meta name=\"twitter:label1\" content=\"Geschrieben von\" \/>\n\t<meta name=\"twitter:data1\" content=\"Thorsten Lange\" \/>\n\t<meta name=\"twitter:label2\" content=\"Gesch\u00e4tzte Lesezeit\" \/>\n\t<meta name=\"twitter:data2\" content=\"1\u00a0Minute\" \/>\n<script type=\"application\/ld+json\" class=\"yoast-schema-graph\">{\"@context\":\"https:\/\/schema.org\",\"@graph\":[{\"@type\":\"WebPage\",\"@id\":\"https:\/\/blog.zeit.de\/rezeptor\/2007\/09\/18\/in-eigener-sache_436\",\"url\":\"https:\/\/blog.zeit.de\/rezeptor\/2007\/09\/18\/in-eigener-sache_436\",\"name\":\"In eigener Sache - Rezeptor\",\"isPartOf\":{\"@id\":\"https:\/\/blog.zeit.de\/rezeptor\/#website\"},\"datePublished\":\"2007-09-18T13:00:53+00:00\",\"dateModified\":\"2007-09-18T13:00:53+00:00\",\"author\":{\"@id\":\"https:\/\/blog.zeit.de\/rezeptor\/#\/schema\/person\/c4f0408ea5996c729d4493413dabb0ba\"},\"breadcrumb\":{\"@id\":\"https:\/\/blog.zeit.de\/rezeptor\/2007\/09\/18\/in-eigener-sache_436#breadcrumb\"},\"inLanguage\":\"de\",\"potentialAction\":[{\"@type\":\"ReadAction\",\"target\":[\"https:\/\/blog.zeit.de\/rezeptor\/2007\/09\/18\/in-eigener-sache_436\"]}]},{\"@type\":\"BreadcrumbList\",\"@id\":\"https:\/\/blog.zeit.de\/rezeptor\/2007\/09\/18\/in-eigener-sache_436#breadcrumb\",\"itemListElement\":[{\"@type\":\"ListItem\",\"position\":1,\"name\":\"Startseite\",\"item\":\"https:\/\/blog.zeit.de\/rezeptor\"},{\"@type\":\"ListItem\",\"position\":2,\"name\":\"In eigener Sache\"}]},{\"@type\":\"WebSite\",\"@id\":\"https:\/\/blog.zeit.de\/rezeptor\/#website\",\"url\":\"https:\/\/blog.zeit.de\/rezeptor\/\",\"name\":\"Rezeptor\",\"description\":\"Das Blog f\u00fcr alltagstaugliches Kochen\",\"potentialAction\":[{\"@type\":\"SearchAction\",\"target\":{\"@type\":\"EntryPoint\",\"urlTemplate\":\"https:\/\/blog.zeit.de\/rezeptor\/?s={search_term_string}\"},\"query-input\":\"required name=search_term_string\"}],\"inLanguage\":\"de\"},{\"@type\":\"Person\",\"@id\":\"https:\/\/blog.zeit.de\/rezeptor\/#\/schema\/person\/c4f0408ea5996c729d4493413dabb0ba\",\"name\":\"Thorsten Lange\",\"image\":{\"@type\":\"ImageObject\",\"inLanguage\":\"de\",\"@id\":\"https:\/\/blog.zeit.de\/rezeptor\/#\/schema\/person\/image\/\",\"url\":\"https:\/\/secure.gravatar.com\/avatar\/85379d51ec9d21c64deb1b65a642bd35dcec9ebc7a65ccb1d3d06a64f507fad2?s=96&d=mm&r=g\",\"contentUrl\":\"https:\/\/secure.gravatar.com\/avatar\/85379d51ec9d21c64deb1b65a642bd35dcec9ebc7a65ccb1d3d06a64f507fad2?s=96&d=mm&r=g\",\"caption\":\"Thorsten Lange\"},\"url\":\"https:\/\/blog.zeit.de\/rezeptor\/author\/thorsten-lange\"}]}<\/script>\n<!-- \/ Yoast SEO plugin. -->","yoast_head_json":{"title":"In eigener Sache - Rezeptor","robots":{"index":"index","follow":"follow","max-snippet":"max-snippet:-1","max-image-preview":"max-image-preview:large","max-video-preview":"max-video-preview:-1"},"canonical":"https:\/\/blog.zeit.de\/rezeptor\/2007\/09\/18\/in-eigener-sache_436","og_locale":"de_DE","og_type":"article","og_title":"In eigener Sache - Rezeptor","og_description":"Das totale Kochblog f\u00fcr besseres Bauchgef\u00fchl ist umgezogen! Weil wir schon mehr als 150 Rezepte online haben, wurde es Zeit unserer K\u00fcche mal einen Fr\u00fchjahrsputz zu genehmigen. Die werten Wirte vom Zuender waren so nett, unsere kleine Seite so richtig aufzupimpen.","og_url":"https:\/\/blog.zeit.de\/rezeptor\/2007\/09\/18\/in-eigener-sache_436","og_site_name":"Rezeptor","article_published_time":"2007-09-18T13:00:53+00:00","author":"Thorsten Lange","twitter_card":"summary_large_image","twitter_misc":{"Geschrieben von":"Thorsten Lange","Gesch\u00e4tzte Lesezeit":"1\u00a0Minute"},"schema":{"@context":"https:\/\/schema.org","@graph":[{"@type":"WebPage","@id":"https:\/\/blog.zeit.de\/rezeptor\/2007\/09\/18\/in-eigener-sache_436","url":"https:\/\/blog.zeit.de\/rezeptor\/2007\/09\/18\/in-eigener-sache_436","name":"In eigener Sache - Rezeptor","isPartOf":{"@id":"https:\/\/blog.zeit.de\/rezeptor\/#website"},"datePublished":"2007-09-18T13:00:53+00:00","dateModified":"2007-09-18T13:00:53+00:00","author":{"@id":"https:\/\/blog.zeit.de\/rezeptor\/#\/schema\/person\/c4f0408ea5996c729d4493413dabb0ba"},"breadcrumb":{"@id":"https:\/\/blog.zeit.de\/rezeptor\/2007\/09\/18\/in-eigener-sache_436#breadcrumb"},"inLanguage":"de","potentialAction":[{"@type":"ReadAction","target":["https:\/\/blog.zeit.de\/rezeptor\/2007\/09\/18\/in-eigener-sache_436"]}]},{"@type":"BreadcrumbList","@id":"https:\/\/blog.zeit.de\/rezeptor\/2007\/09\/18\/in-eigener-sache_436#breadcrumb","itemListElement":[{"@type":"ListItem","position":1,"name":"Startseite","item":"https:\/\/blog.zeit.de\/rezeptor"},{"@type":"ListItem","position":2,"name":"In eigener Sache"}]},{"@type":"WebSite","@id":"https:\/\/blog.zeit.de\/rezeptor\/#website","url":"https:\/\/blog.zeit.de\/rezeptor\/","name":"Rezeptor","description":"Das Blog f\u00fcr alltagstaugliches Kochen","potentialAction":[{"@type":"SearchAction","target":{"@type":"EntryPoint","urlTemplate":"https:\/\/blog.zeit.de\/rezeptor\/?s={search_term_string}"},"query-input":"required name=search_term_string"}],"inLanguage":"de"},{"@type":"Person","@id":"https:\/\/blog.zeit.de\/rezeptor\/#\/schema\/person\/c4f0408ea5996c729d4493413dabb0ba","name":"Thorsten Lange","image":{"@type":"ImageObject","inLanguage":"de","@id":"https:\/\/blog.zeit.de\/rezeptor\/#\/schema\/person\/image\/","url":"https:\/\/secure.gravatar.com\/avatar\/85379d51ec9d21c64deb1b65a642bd35dcec9ebc7a65ccb1d3d06a64f507fad2?s=96&d=mm&r=g","contentUrl":"https:\/\/secure.gravatar.com\/avatar\/85379d51ec9d21c64deb1b65a642bd35dcec9ebc7a65ccb1d3d06a64f507fad2?s=96&d=mm&r=g","caption":"Thorsten Lange"},"url":"https:\/\/blog.zeit.de\/rezeptor\/author\/thorsten-lange"}]}},"jetpack_featured_media_url":"","jetpack_sharing_enabled":true,"_links":{"self":[{"href":"https:\/\/blog.zeit.de\/rezeptor\/wp-json\/wp\/v2\/posts\/436","targetHints":{"allow":["GET"]}}],"collection":[{"href":"https:\/\/blog.zeit.de\/rezeptor\/wp-json\/wp\/v2\/posts"}],"about":[{"href":"https:\/\/blog.zeit.de\/rezeptor\/wp-json\/wp\/v2\/types\/post"}],"author":[{"embeddable":true,"href":"https:\/\/blog.zeit.de\/rezeptor\/wp-json\/wp\/v2\/users\/95"}],"replies":[{"embeddable":true,"href":"https:\/\/blog.zeit.de\/rezeptor\/wp-json\/wp\/v2\/comments?post=436"}],"version-history":[{"count":0,"href":"https:\/\/blog.zeit.de\/rezeptor\/wp-json\/wp\/v2\/posts\/436\/revisions"}],"wp:attachment":[{"href":"https:\/\/blog.zeit.de\/rezeptor\/wp-json\/wp\/v2\/media?parent=436"}],"wp:term":[{"taxonomy":"category","embeddable":true,"href":"https:\/\/blog.zeit.de\/rezeptor\/wp-json\/wp\/v2\/categories?post=436"},{"taxonomy":"post_tag","embeddable":true,"href":"https:\/\/blog.zeit.de\/rezeptor\/wp-json\/wp\/v2\/tags?post=436"}],"curies":[{"name":"wp","href":"https:\/\/api.w.org\/{rel}","templated":true}]}}