{"id":596,"date":"2008-01-21T19:14:00","date_gmt":"2008-01-21T17:14:00","guid":{"rendered":"http:\/\/blog.zeit.de\/rezeptor\/2008\/01\/21\/parmigiana-di-melanzane_596"},"modified":"2008-01-21T19:14:00","modified_gmt":"2008-01-21T17:14:00","slug":"parmigiana-di-melanzane","status":"publish","type":"post","link":"https:\/\/blog.zeit.de\/rezeptor\/2008\/01\/21\/parmigiana-di-melanzane_596","title":{"rendered":"Parmigiana di Melanzane"},"content":{"rendered":"<p>Auberginen gibts mittlerweile das ganze Jahr \u00fcber und mit etwas K\u00e4se und ner Dose Tomaten kann man sich ganz leicht auch im Winter die Sonne in die K\u00fcche holen<\/p>\n<p><!--more-->F\u00fcr Silvio und Veronica:<br \/>\n2 mittelgro\u00dfe Auberginen<br \/>\n1 Dose Dosentomaten<br \/>\n1 Zwiebel<br \/>\n2 Zehen Knoblauch<br \/>\n50 g Parmesan<br \/>\n2 Pack B\u00fcffelmozzarella<br \/>\n1 Bund Basilikum<br \/>\nOliven\u00f6l<br \/>\n1\/2 steinhartes Br\u00f6tchen<br \/>\nSalz<br \/>\nPfeffer<\/p>\n<p><img decoding=\"async\" src=\"https:\/\/blog.zeit.de\/rezeptor\/files\/2008\/01\/of06.gif\" \/>Herd auf volle Pulle einschalten. Den Auberginen die Kappen abtrennen und l\u00e4ngs in 1 cm dicke Scheiben schneiden. D\u00fcnn mit Oliven\u00f6l eincremen und auf ein Backblech legen, auf oberster Schiene ab in den Ofen und braun grillen. Immer mal wieder im Auge behalten.<\/p>\n<p>Bis die Dinger fertig sind eine Tomatensauce herstellen: Zwiebel und Knoblauch fein hacken und Oliven\u00f6l in einem Topf erhitzen. Die Zwiebeln anglasen, Knoblauch und die H\u00e4lfte des abgezupften Basilikum dazu, die Dose Dosentomaten auch. Mit Salz und Pfeffer abschmecken, aufwallen lassen und dann auf kleiner Hitze zu einem Brei kochen. Die Auberginen geben nachher noch etwas Fl\u00fcssigkeit ab, dass die Tomatensauce in der Konsistenz gern etwas dicker sein darf.<\/p>\n<p>Mozzarella in d\u00fcnne Scheiben schneiden, die Auberginen wenden sobald sie goldbraun sind.<\/p>\n<p>Eine kleine Auflaufform mit wenig Oliven\u00f6l ausstreichen und dann schichten:<br \/>\nTomatensauce (wenig) &#8211; Auberginescheiben &#8211; Salz &amp; Pfeffer &#8211; geriebener Parmesan &#8211; Mozzarellascheiben &#8211; Basilikumbl\u00e4tter<br \/>\nund dann immer wieder von vorne beginnen. Als letzte Schicht Tomatensauce. Und ganz obendrauf noch Semmelbr\u00f6sel von einem halben Br\u00f6tchen mit Parmesan vermischt streuen.<\/p>\n<p>Im Ofen bei 180 Grad 30 bis 40 Minuten goldbraun backen.<br \/>\nDann auf lauwarm abk\u00fchlen lassen damit der K\u00e4se sich wieder stabilisiert und dann servieren. Kalt schmeckts auch lecker.<\/p>\n<p>&#8212;<\/p>\n<p>Nachtrag:<br \/>\nIch hab nochmal rumgeforscht, wegen dem giftigen Alkaloid Solanin. Die bayerische Landesanstalt f\u00fcr Landwirtschaft warnt vor dem rohen Verzehr von Auberginen und empfiehlt salzen, besonders bei jungen bzw unreifen Eyemplaren.<br \/>\nAndere seri\u00f6se Quellen relativieren das Ganze.<\/p>\n<p>Der REZEPTOR-Tipp: Mal ein kleines St\u00fcckchen Aubergine in den Mund stecken und kauen. Falls es arg bitter schmeckt, deutet das auf viel Solanin hin. Also salzen und ausreichend garen.<br \/>\nSonst bedenkenlos verwenden, wie im Rezept beschrieben.<\/p>\n","protected":false},"excerpt":{"rendered":"<p>Auberginen gibts mittlerweile das ganze Jahr \u00fcber und mit etwas K\u00e4se und ner Dose Tomaten kann man sich ganz leicht auch im Winter die Sonne in die K\u00fcche holen<\/p>\n","protected":false},"author":95,"featured_media":0,"comment_status":"open","ping_status":"closed","sticky":false,"template":"","format":"standard","meta":{"_jetpack_memberships_contains_paid_content":false,"footnotes":""},"categories":[830],"tags":[771,792,812],"class_list":["post-596","post","type-post","status-publish","format-standard","hentry","category-burn-baby-burn","tag-backen","tag-mediterran","tag-vegetarisch"],"yoast_head":"<!-- This site is optimized with the Yoast SEO plugin v21.0 - https:\/\/yoast.com\/wordpress\/plugins\/seo\/ -->\n<title>Parmigiana di Melanzane - Rezeptor<\/title>\n<meta name=\"robots\" content=\"index, follow, max-snippet:-1, max-image-preview:large, max-video-preview:-1\" \/>\n<link rel=\"canonical\" href=\"https:\/\/blog.zeit.de\/rezeptor\/2008\/01\/21\/parmigiana-di-melanzane_596\" \/>\n<meta property=\"og:locale\" content=\"de_DE\" \/>\n<meta property=\"og:type\" content=\"article\" \/>\n<meta property=\"og:title\" content=\"Parmigiana di Melanzane - Rezeptor\" \/>\n<meta property=\"og:description\" content=\"Auberginen gibts mittlerweile das ganze Jahr \u00fcber und mit etwas K\u00e4se und ner Dose Tomaten kann man sich ganz leicht auch im Winter die Sonne in die K\u00fcche holen\" \/>\n<meta property=\"og:url\" content=\"https:\/\/blog.zeit.de\/rezeptor\/2008\/01\/21\/parmigiana-di-melanzane_596\" \/>\n<meta property=\"og:site_name\" content=\"Rezeptor\" \/>\n<meta property=\"article:published_time\" content=\"2008-01-21T17:14:00+00:00\" \/>\n<meta property=\"og:image\" content=\"https:\/\/blog.zeit.de\/rezeptor\/files\/2008\/01\/of06.gif\" \/>\n<meta name=\"author\" content=\"Thorsten Lange\" \/>\n<meta name=\"twitter:card\" content=\"summary_large_image\" \/>\n<meta name=\"twitter:label1\" content=\"Geschrieben von\" \/>\n\t<meta name=\"twitter:data1\" content=\"Thorsten Lange\" \/>\n\t<meta name=\"twitter:label2\" content=\"Gesch\u00e4tzte Lesezeit\" \/>\n\t<meta name=\"twitter:data2\" content=\"2\u00a0Minuten\" \/>\n<script type=\"application\/ld+json\" class=\"yoast-schema-graph\">{\"@context\":\"https:\/\/schema.org\",\"@graph\":[{\"@type\":\"WebPage\",\"@id\":\"https:\/\/blog.zeit.de\/rezeptor\/2008\/01\/21\/parmigiana-di-melanzane_596\",\"url\":\"https:\/\/blog.zeit.de\/rezeptor\/2008\/01\/21\/parmigiana-di-melanzane_596\",\"name\":\"Parmigiana di Melanzane - Rezeptor\",\"isPartOf\":{\"@id\":\"https:\/\/blog.zeit.de\/rezeptor\/#website\"},\"datePublished\":\"2008-01-21T17:14:00+00:00\",\"dateModified\":\"2008-01-21T17:14:00+00:00\",\"author\":{\"@id\":\"https:\/\/blog.zeit.de\/rezeptor\/#\/schema\/person\/c4f0408ea5996c729d4493413dabb0ba\"},\"breadcrumb\":{\"@id\":\"https:\/\/blog.zeit.de\/rezeptor\/2008\/01\/21\/parmigiana-di-melanzane_596#breadcrumb\"},\"inLanguage\":\"de\",\"potentialAction\":[{\"@type\":\"ReadAction\",\"target\":[\"https:\/\/blog.zeit.de\/rezeptor\/2008\/01\/21\/parmigiana-di-melanzane_596\"]}]},{\"@type\":\"BreadcrumbList\",\"@id\":\"https:\/\/blog.zeit.de\/rezeptor\/2008\/01\/21\/parmigiana-di-melanzane_596#breadcrumb\",\"itemListElement\":[{\"@type\":\"ListItem\",\"position\":1,\"name\":\"Startseite\",\"item\":\"https:\/\/blog.zeit.de\/rezeptor\"},{\"@type\":\"ListItem\",\"position\":2,\"name\":\"Parmigiana di Melanzane\"}]},{\"@type\":\"WebSite\",\"@id\":\"https:\/\/blog.zeit.de\/rezeptor\/#website\",\"url\":\"https:\/\/blog.zeit.de\/rezeptor\/\",\"name\":\"Rezeptor\",\"description\":\"Das Blog f\u00fcr alltagstaugliches Kochen\",\"potentialAction\":[{\"@type\":\"SearchAction\",\"target\":{\"@type\":\"EntryPoint\",\"urlTemplate\":\"https:\/\/blog.zeit.de\/rezeptor\/?s={search_term_string}\"},\"query-input\":\"required name=search_term_string\"}],\"inLanguage\":\"de\"},{\"@type\":\"Person\",\"@id\":\"https:\/\/blog.zeit.de\/rezeptor\/#\/schema\/person\/c4f0408ea5996c729d4493413dabb0ba\",\"name\":\"Thorsten Lange\",\"image\":{\"@type\":\"ImageObject\",\"inLanguage\":\"de\",\"@id\":\"https:\/\/blog.zeit.de\/rezeptor\/#\/schema\/person\/image\/\",\"url\":\"https:\/\/secure.gravatar.com\/avatar\/85379d51ec9d21c64deb1b65a642bd35dcec9ebc7a65ccb1d3d06a64f507fad2?s=96&d=mm&r=g\",\"contentUrl\":\"https:\/\/secure.gravatar.com\/avatar\/85379d51ec9d21c64deb1b65a642bd35dcec9ebc7a65ccb1d3d06a64f507fad2?s=96&d=mm&r=g\",\"caption\":\"Thorsten Lange\"},\"url\":\"https:\/\/blog.zeit.de\/rezeptor\/author\/thorsten-lange\"}]}<\/script>\n<!-- \/ Yoast SEO plugin. -->","yoast_head_json":{"title":"Parmigiana di Melanzane - Rezeptor","robots":{"index":"index","follow":"follow","max-snippet":"max-snippet:-1","max-image-preview":"max-image-preview:large","max-video-preview":"max-video-preview:-1"},"canonical":"https:\/\/blog.zeit.de\/rezeptor\/2008\/01\/21\/parmigiana-di-melanzane_596","og_locale":"de_DE","og_type":"article","og_title":"Parmigiana di Melanzane - Rezeptor","og_description":"Auberginen gibts mittlerweile das ganze Jahr \u00fcber und mit etwas K\u00e4se und ner Dose Tomaten kann man sich ganz leicht auch im Winter die Sonne in die K\u00fcche holen","og_url":"https:\/\/blog.zeit.de\/rezeptor\/2008\/01\/21\/parmigiana-di-melanzane_596","og_site_name":"Rezeptor","article_published_time":"2008-01-21T17:14:00+00:00","og_image":[{"url":"https:\/\/blog.zeit.de\/rezeptor\/files\/2008\/01\/of06.gif"}],"author":"Thorsten Lange","twitter_card":"summary_large_image","twitter_misc":{"Geschrieben von":"Thorsten Lange","Gesch\u00e4tzte Lesezeit":"2\u00a0Minuten"},"schema":{"@context":"https:\/\/schema.org","@graph":[{"@type":"WebPage","@id":"https:\/\/blog.zeit.de\/rezeptor\/2008\/01\/21\/parmigiana-di-melanzane_596","url":"https:\/\/blog.zeit.de\/rezeptor\/2008\/01\/21\/parmigiana-di-melanzane_596","name":"Parmigiana di Melanzane - Rezeptor","isPartOf":{"@id":"https:\/\/blog.zeit.de\/rezeptor\/#website"},"datePublished":"2008-01-21T17:14:00+00:00","dateModified":"2008-01-21T17:14:00+00:00","author":{"@id":"https:\/\/blog.zeit.de\/rezeptor\/#\/schema\/person\/c4f0408ea5996c729d4493413dabb0ba"},"breadcrumb":{"@id":"https:\/\/blog.zeit.de\/rezeptor\/2008\/01\/21\/parmigiana-di-melanzane_596#breadcrumb"},"inLanguage":"de","potentialAction":[{"@type":"ReadAction","target":["https:\/\/blog.zeit.de\/rezeptor\/2008\/01\/21\/parmigiana-di-melanzane_596"]}]},{"@type":"BreadcrumbList","@id":"https:\/\/blog.zeit.de\/rezeptor\/2008\/01\/21\/parmigiana-di-melanzane_596#breadcrumb","itemListElement":[{"@type":"ListItem","position":1,"name":"Startseite","item":"https:\/\/blog.zeit.de\/rezeptor"},{"@type":"ListItem","position":2,"name":"Parmigiana di Melanzane"}]},{"@type":"WebSite","@id":"https:\/\/blog.zeit.de\/rezeptor\/#website","url":"https:\/\/blog.zeit.de\/rezeptor\/","name":"Rezeptor","description":"Das Blog f\u00fcr alltagstaugliches Kochen","potentialAction":[{"@type":"SearchAction","target":{"@type":"EntryPoint","urlTemplate":"https:\/\/blog.zeit.de\/rezeptor\/?s={search_term_string}"},"query-input":"required name=search_term_string"}],"inLanguage":"de"},{"@type":"Person","@id":"https:\/\/blog.zeit.de\/rezeptor\/#\/schema\/person\/c4f0408ea5996c729d4493413dabb0ba","name":"Thorsten Lange","image":{"@type":"ImageObject","inLanguage":"de","@id":"https:\/\/blog.zeit.de\/rezeptor\/#\/schema\/person\/image\/","url":"https:\/\/secure.gravatar.com\/avatar\/85379d51ec9d21c64deb1b65a642bd35dcec9ebc7a65ccb1d3d06a64f507fad2?s=96&d=mm&r=g","contentUrl":"https:\/\/secure.gravatar.com\/avatar\/85379d51ec9d21c64deb1b65a642bd35dcec9ebc7a65ccb1d3d06a64f507fad2?s=96&d=mm&r=g","caption":"Thorsten Lange"},"url":"https:\/\/blog.zeit.de\/rezeptor\/author\/thorsten-lange"}]}},"jetpack_featured_media_url":"","jetpack_sharing_enabled":true,"_links":{"self":[{"href":"https:\/\/blog.zeit.de\/rezeptor\/wp-json\/wp\/v2\/posts\/596","targetHints":{"allow":["GET"]}}],"collection":[{"href":"https:\/\/blog.zeit.de\/rezeptor\/wp-json\/wp\/v2\/posts"}],"about":[{"href":"https:\/\/blog.zeit.de\/rezeptor\/wp-json\/wp\/v2\/types\/post"}],"author":[{"embeddable":true,"href":"https:\/\/blog.zeit.de\/rezeptor\/wp-json\/wp\/v2\/users\/95"}],"replies":[{"embeddable":true,"href":"https:\/\/blog.zeit.de\/rezeptor\/wp-json\/wp\/v2\/comments?post=596"}],"version-history":[{"count":0,"href":"https:\/\/blog.zeit.de\/rezeptor\/wp-json\/wp\/v2\/posts\/596\/revisions"}],"wp:attachment":[{"href":"https:\/\/blog.zeit.de\/rezeptor\/wp-json\/wp\/v2\/media?parent=596"}],"wp:term":[{"taxonomy":"category","embeddable":true,"href":"https:\/\/blog.zeit.de\/rezeptor\/wp-json\/wp\/v2\/categories?post=596"},{"taxonomy":"post_tag","embeddable":true,"href":"https:\/\/blog.zeit.de\/rezeptor\/wp-json\/wp\/v2\/tags?post=596"}],"curies":[{"name":"wp","href":"https:\/\/api.w.org\/{rel}","templated":true}]}}