{"id":639,"date":"2008-02-26T19:05:17","date_gmt":"2008-02-26T17:05:17","guid":{"rendered":"http:\/\/blog.zeit.de\/rezeptor\/2008\/02\/26\/chili-sin-carne_639"},"modified":"2008-02-26T19:05:17","modified_gmt":"2008-02-26T17:05:17","slug":"chili-sin-carne","status":"publish","type":"post","link":"https:\/\/blog.zeit.de\/rezeptor\/2008\/02\/26\/chili-sin-carne_639","title":{"rendered":"Chili Sin Carne"},"content":{"rendered":"<p>Ein echter Texaner l\u00e4dt sich f\u00fcr dieses fleischlose Chili schon mal extrascharfe Munition in sein Schie\u00dfeisen.<br \/>\nF\u00fcr den Durchschnittseurop\u00e4er ist es nur &#8217;ne vegetarische F\u00fcllung f\u00fcr die Gulaschkanone.<br \/>\n<!--more--><\/p>\n<p>100 g wei\u00dfe Bohnen<br \/>\n100 g rote (Kidney-)Bohnen<br \/>\n1 Dose Mais<br \/>\n50 g Gerste<br \/>\n1 gro\u00dfe Dose Dosentomaten<br \/>\n2 gelbe Paprikaschoten<br \/>\n1 Zwiebel<br \/>\n1 Knoblauchzehe<br \/>\nTomatenmark<br \/>\n2 frische Chili<br \/>\nPaprikapulver<br \/>\nSalz<br \/>\nPfeffer<br \/>\n\u00d6l<br \/>\nTortillafladen aus dem Supermarkt<\/p>\n<p><img decoding=\"async\" src=\"https:\/\/blog.zeit.de\/rezeptor\/files\/2008\/02\/veg03.gif\" \/>Kurz was zu den Zutaten: REZEPTOR verwendet getrocknete Bohnen, man kann aber auch auf Dosenware von ALDI zur\u00fcckgreifen. Und anstatt Hackfleisch nehmen wir etwas gequollene Gerste dazu, weniger f\u00fcr den Geschmack \u2013 eher des Beissgef\u00fchls wegen, das ein bisschen an Hackfleisch erinnert.<\/p>\n<p>Am Abend vorher in einer gro\u00dfen Sch\u00fcssel und mit gaaanz viel Wasser die Bohnen einweichen. Ebenso die Gerste, f\u00fcr diese reicht aber ein kleines Gef\u00e4\u00df.<\/p>\n<p>Zweiter Tag: Den Ofen auf \u00bbGrill Oben\u00ab einschalten. Paprika vierteln, entstrunken und alles was nicht gelb beziehungsweise Fruchtfleisch ist, rausschneiden. Mit der Schale nach oben auf ein Backblech legen und ziemlich weit oben im Backofen grillen bis sie schwarz sind.<\/p>\n<p>Unterdessen Zwiebeln und Knoblauch sch\u00e4len, klein schneiden und in Oliven\u00f6l auf mittlerer Hitze goldbraun anbraten. 10 Zentimeter Tomatenmark aus  der Tube kurz mitr\u00f6sten lassen und mit den Dosentomaten abl\u00f6schen. Die eingeweichten Bohnen abgie\u00dfen und reinleeren. Die Chilischoten l\u00e4ngs halbieren und alles Wei\u00dfe und K\u00f6rnige rauskratzen, kleinschneiden und zusammen mit dem Mais in den Topf werfen. Mit Salz, Paprikapulver und etwas Pfeffer w\u00fcrzen, einmal aufkochen lassen und auf kleiner Hitze 1 Stunde alle Aromen miteinander vermengen.<\/p>\n<p>Aber immer mal wieder umr\u00fchren und verdampfte Fl\u00fcssigkeit mit Wasser oder Bier ausgleichen, obacht: das Zeug brennt schnell an.<\/p>\n<p>Irgendwann meldet sich der Ofen und die Paprika mit einem stechenden Geruch. Cool bleiben und erst rausholen, wenn die Dinger echt wirklich schwarz sind. Abk\u00fchlen lassen und die schwarze Pelle mit den H\u00e4nden oder einem kleinen scharfen Messer abpulen. Durch das Grillen verliert die Paprika ihre b\u00e4uerliche cheapness und wird lecker s\u00fc\u00df und aromatisch. Grob zerteilen und in den Topf geben.<\/p>\n<p>Irgendwann sind die Bohnen durch und alles schmeckt schon ganz lecker.<br \/>\nNochmal auf Sch\u00e4rfe (Chilis!) und Salz abschmecken und am besten noch eine Nacht durchziehen lassen.<\/p>\n<p>Mit Tortillafladen, Baguette oder Reis servieren.<\/p>\n<p>Manche geben noch allerhand Sachen ins Chili: Karotten, Staudensellerie, Zucchini, Kreuzk\u00fcmmel, Basilikum\/Oregano frisch, Tabasco, dunkle Schokolade\u2026<\/p>\n","protected":false},"excerpt":{"rendered":"<p>Ein echter Texaner l\u00e4dt sich f\u00fcr dieses fleischlose Chili schon mal extrascharfe Munition in sein Schie\u00dfeisen. F\u00fcr den Durchschnittseurop\u00e4er ist es nur &#8217;ne vegetarische F\u00fcllung f\u00fcr die Gulaschkanone.<\/p>\n","protected":false},"author":95,"featured_media":0,"comment_status":"open","ping_status":"closed","sticky":false,"template":"","format":"standard","meta":{"_jetpack_memberships_contains_paid_content":false,"footnotes":""},"categories":[831],"tags":[775,778,790,799,800,805,812],"class_list":["post-639","post","type-post","status-publish","format-standard","hentry","category-vegetarians-of-love","tag-deftig","tag-einfach","tag-klassiker","tag-preiswert","tag-reis","tag-scharf","tag-vegetarisch"],"yoast_head":"<!-- This site is optimized with the Yoast SEO plugin v21.0 - https:\/\/yoast.com\/wordpress\/plugins\/seo\/ -->\n<title>Chili Sin Carne - Rezeptor<\/title>\n<meta name=\"robots\" content=\"index, follow, max-snippet:-1, max-image-preview:large, max-video-preview:-1\" \/>\n<link rel=\"canonical\" href=\"https:\/\/blog.zeit.de\/rezeptor\/2008\/02\/26\/chili-sin-carne_639\" \/>\n<meta property=\"og:locale\" content=\"de_DE\" \/>\n<meta property=\"og:type\" content=\"article\" \/>\n<meta property=\"og:title\" content=\"Chili Sin Carne - Rezeptor\" \/>\n<meta property=\"og:description\" content=\"Ein echter Texaner l\u00e4dt sich f\u00fcr dieses fleischlose Chili schon mal extrascharfe Munition in sein Schie\u00dfeisen. F\u00fcr den Durchschnittseurop\u00e4er ist es nur &#8217;ne vegetarische F\u00fcllung f\u00fcr die Gulaschkanone.\" \/>\n<meta property=\"og:url\" content=\"https:\/\/blog.zeit.de\/rezeptor\/2008\/02\/26\/chili-sin-carne_639\" \/>\n<meta property=\"og:site_name\" content=\"Rezeptor\" \/>\n<meta property=\"article:published_time\" content=\"2008-02-26T17:05:17+00:00\" \/>\n<meta property=\"og:image\" content=\"https:\/\/blog.zeit.de\/rezeptor\/files\/2008\/02\/veg03.gif\" \/>\n<meta name=\"author\" content=\"Thorsten Lange\" \/>\n<meta name=\"twitter:card\" content=\"summary_large_image\" \/>\n<meta name=\"twitter:label1\" content=\"Geschrieben von\" \/>\n\t<meta name=\"twitter:data1\" content=\"Thorsten Lange\" \/>\n\t<meta name=\"twitter:label2\" content=\"Gesch\u00e4tzte Lesezeit\" \/>\n\t<meta name=\"twitter:data2\" content=\"2\u00a0Minuten\" \/>\n<script type=\"application\/ld+json\" class=\"yoast-schema-graph\">{\"@context\":\"https:\/\/schema.org\",\"@graph\":[{\"@type\":\"WebPage\",\"@id\":\"https:\/\/blog.zeit.de\/rezeptor\/2008\/02\/26\/chili-sin-carne_639\",\"url\":\"https:\/\/blog.zeit.de\/rezeptor\/2008\/02\/26\/chili-sin-carne_639\",\"name\":\"Chili Sin Carne - Rezeptor\",\"isPartOf\":{\"@id\":\"https:\/\/blog.zeit.de\/rezeptor\/#website\"},\"datePublished\":\"2008-02-26T17:05:17+00:00\",\"dateModified\":\"2008-02-26T17:05:17+00:00\",\"author\":{\"@id\":\"https:\/\/blog.zeit.de\/rezeptor\/#\/schema\/person\/c4f0408ea5996c729d4493413dabb0ba\"},\"breadcrumb\":{\"@id\":\"https:\/\/blog.zeit.de\/rezeptor\/2008\/02\/26\/chili-sin-carne_639#breadcrumb\"},\"inLanguage\":\"de\",\"potentialAction\":[{\"@type\":\"ReadAction\",\"target\":[\"https:\/\/blog.zeit.de\/rezeptor\/2008\/02\/26\/chili-sin-carne_639\"]}]},{\"@type\":\"BreadcrumbList\",\"@id\":\"https:\/\/blog.zeit.de\/rezeptor\/2008\/02\/26\/chili-sin-carne_639#breadcrumb\",\"itemListElement\":[{\"@type\":\"ListItem\",\"position\":1,\"name\":\"Startseite\",\"item\":\"https:\/\/blog.zeit.de\/rezeptor\"},{\"@type\":\"ListItem\",\"position\":2,\"name\":\"Chili Sin Carne\"}]},{\"@type\":\"WebSite\",\"@id\":\"https:\/\/blog.zeit.de\/rezeptor\/#website\",\"url\":\"https:\/\/blog.zeit.de\/rezeptor\/\",\"name\":\"Rezeptor\",\"description\":\"Das Blog f\u00fcr alltagstaugliches Kochen\",\"potentialAction\":[{\"@type\":\"SearchAction\",\"target\":{\"@type\":\"EntryPoint\",\"urlTemplate\":\"https:\/\/blog.zeit.de\/rezeptor\/?s={search_term_string}\"},\"query-input\":\"required name=search_term_string\"}],\"inLanguage\":\"de\"},{\"@type\":\"Person\",\"@id\":\"https:\/\/blog.zeit.de\/rezeptor\/#\/schema\/person\/c4f0408ea5996c729d4493413dabb0ba\",\"name\":\"Thorsten Lange\",\"image\":{\"@type\":\"ImageObject\",\"inLanguage\":\"de\",\"@id\":\"https:\/\/blog.zeit.de\/rezeptor\/#\/schema\/person\/image\/\",\"url\":\"https:\/\/secure.gravatar.com\/avatar\/85379d51ec9d21c64deb1b65a642bd35dcec9ebc7a65ccb1d3d06a64f507fad2?s=96&d=mm&r=g\",\"contentUrl\":\"https:\/\/secure.gravatar.com\/avatar\/85379d51ec9d21c64deb1b65a642bd35dcec9ebc7a65ccb1d3d06a64f507fad2?s=96&d=mm&r=g\",\"caption\":\"Thorsten Lange\"},\"url\":\"https:\/\/blog.zeit.de\/rezeptor\/author\/thorsten-lange\"}]}<\/script>\n<!-- \/ Yoast SEO plugin. -->","yoast_head_json":{"title":"Chili Sin Carne - Rezeptor","robots":{"index":"index","follow":"follow","max-snippet":"max-snippet:-1","max-image-preview":"max-image-preview:large","max-video-preview":"max-video-preview:-1"},"canonical":"https:\/\/blog.zeit.de\/rezeptor\/2008\/02\/26\/chili-sin-carne_639","og_locale":"de_DE","og_type":"article","og_title":"Chili Sin Carne - Rezeptor","og_description":"Ein echter Texaner l\u00e4dt sich f\u00fcr dieses fleischlose Chili schon mal extrascharfe Munition in sein Schie\u00dfeisen. F\u00fcr den Durchschnittseurop\u00e4er ist es nur &#8217;ne vegetarische F\u00fcllung f\u00fcr die Gulaschkanone.","og_url":"https:\/\/blog.zeit.de\/rezeptor\/2008\/02\/26\/chili-sin-carne_639","og_site_name":"Rezeptor","article_published_time":"2008-02-26T17:05:17+00:00","og_image":[{"url":"https:\/\/blog.zeit.de\/rezeptor\/files\/2008\/02\/veg03.gif"}],"author":"Thorsten Lange","twitter_card":"summary_large_image","twitter_misc":{"Geschrieben von":"Thorsten Lange","Gesch\u00e4tzte Lesezeit":"2\u00a0Minuten"},"schema":{"@context":"https:\/\/schema.org","@graph":[{"@type":"WebPage","@id":"https:\/\/blog.zeit.de\/rezeptor\/2008\/02\/26\/chili-sin-carne_639","url":"https:\/\/blog.zeit.de\/rezeptor\/2008\/02\/26\/chili-sin-carne_639","name":"Chili Sin Carne - Rezeptor","isPartOf":{"@id":"https:\/\/blog.zeit.de\/rezeptor\/#website"},"datePublished":"2008-02-26T17:05:17+00:00","dateModified":"2008-02-26T17:05:17+00:00","author":{"@id":"https:\/\/blog.zeit.de\/rezeptor\/#\/schema\/person\/c4f0408ea5996c729d4493413dabb0ba"},"breadcrumb":{"@id":"https:\/\/blog.zeit.de\/rezeptor\/2008\/02\/26\/chili-sin-carne_639#breadcrumb"},"inLanguage":"de","potentialAction":[{"@type":"ReadAction","target":["https:\/\/blog.zeit.de\/rezeptor\/2008\/02\/26\/chili-sin-carne_639"]}]},{"@type":"BreadcrumbList","@id":"https:\/\/blog.zeit.de\/rezeptor\/2008\/02\/26\/chili-sin-carne_639#breadcrumb","itemListElement":[{"@type":"ListItem","position":1,"name":"Startseite","item":"https:\/\/blog.zeit.de\/rezeptor"},{"@type":"ListItem","position":2,"name":"Chili Sin Carne"}]},{"@type":"WebSite","@id":"https:\/\/blog.zeit.de\/rezeptor\/#website","url":"https:\/\/blog.zeit.de\/rezeptor\/","name":"Rezeptor","description":"Das Blog f\u00fcr alltagstaugliches Kochen","potentialAction":[{"@type":"SearchAction","target":{"@type":"EntryPoint","urlTemplate":"https:\/\/blog.zeit.de\/rezeptor\/?s={search_term_string}"},"query-input":"required name=search_term_string"}],"inLanguage":"de"},{"@type":"Person","@id":"https:\/\/blog.zeit.de\/rezeptor\/#\/schema\/person\/c4f0408ea5996c729d4493413dabb0ba","name":"Thorsten Lange","image":{"@type":"ImageObject","inLanguage":"de","@id":"https:\/\/blog.zeit.de\/rezeptor\/#\/schema\/person\/image\/","url":"https:\/\/secure.gravatar.com\/avatar\/85379d51ec9d21c64deb1b65a642bd35dcec9ebc7a65ccb1d3d06a64f507fad2?s=96&d=mm&r=g","contentUrl":"https:\/\/secure.gravatar.com\/avatar\/85379d51ec9d21c64deb1b65a642bd35dcec9ebc7a65ccb1d3d06a64f507fad2?s=96&d=mm&r=g","caption":"Thorsten Lange"},"url":"https:\/\/blog.zeit.de\/rezeptor\/author\/thorsten-lange"}]}},"jetpack_featured_media_url":"","jetpack_sharing_enabled":true,"_links":{"self":[{"href":"https:\/\/blog.zeit.de\/rezeptor\/wp-json\/wp\/v2\/posts\/639","targetHints":{"allow":["GET"]}}],"collection":[{"href":"https:\/\/blog.zeit.de\/rezeptor\/wp-json\/wp\/v2\/posts"}],"about":[{"href":"https:\/\/blog.zeit.de\/rezeptor\/wp-json\/wp\/v2\/types\/post"}],"author":[{"embeddable":true,"href":"https:\/\/blog.zeit.de\/rezeptor\/wp-json\/wp\/v2\/users\/95"}],"replies":[{"embeddable":true,"href":"https:\/\/blog.zeit.de\/rezeptor\/wp-json\/wp\/v2\/comments?post=639"}],"version-history":[{"count":0,"href":"https:\/\/blog.zeit.de\/rezeptor\/wp-json\/wp\/v2\/posts\/639\/revisions"}],"wp:attachment":[{"href":"https:\/\/blog.zeit.de\/rezeptor\/wp-json\/wp\/v2\/media?parent=639"}],"wp:term":[{"taxonomy":"category","embeddable":true,"href":"https:\/\/blog.zeit.de\/rezeptor\/wp-json\/wp\/v2\/categories?post=639"},{"taxonomy":"post_tag","embeddable":true,"href":"https:\/\/blog.zeit.de\/rezeptor\/wp-json\/wp\/v2\/tags?post=639"}],"curies":[{"name":"wp","href":"https:\/\/api.w.org\/{rel}","templated":true}]}}