{"id":647,"date":"2008-03-04T12:49:09","date_gmt":"2008-03-04T10:49:09","guid":{"rendered":"http:\/\/blog.zeit.de\/rezeptor\/2008\/03\/04\/sauerkrautpuffer-mit-feldsalat_647"},"modified":"2008-03-04T12:49:09","modified_gmt":"2008-03-04T10:49:09","slug":"sauerkrautpuffer-mit-feldsalat","status":"publish","type":"post","link":"https:\/\/blog.zeit.de\/rezeptor\/2008\/03\/04\/sauerkrautpuffer-mit-feldsalat_647","title":{"rendered":"Sauerkrautpuffer mit Feldsalat"},"content":{"rendered":"<p>Wieder mal was einfaches und doch &#8217;ne Verfeinerung: Das Sauerkraut kontrastiert mit seiner Frische und S\u00e4ure optimal zur Fettigkeit und Schwere des ordin\u00e4ren Kartoffelpuffers. Unbedingt aus-checken.<\/p>\n<p><!--more--><br \/>\n150 g Sauerkraut<br \/>\n150 g Kartoffeln<br \/>\n3 Schalotten<br \/>\nFeldsalat<br \/>\n2 Eier<br \/>\n2 EL Mehl<br \/>\n1\/2 TL K\u00fcmmel<br \/>\nSalz<br \/>\nPeffer<br \/>\nOliven\u00f6l<br \/>\nEssig<br \/>\nSchmalz<\/p>\n<p><img decoding=\"async\" src=\"https:\/\/blog.zeit.de\/rezeptor\/files\/2008\/03\/veg05.gif\" \/>Nicht zu billige und festkochende Kartoffeln 15 Minuten in einem Topf mit kochendem Salzwasser fast gar kochen. Dann sch\u00e4len und kurz ausdampfen lassen. Parallel wird gleichzeitig ein Ei f\u00fcr den Salat mit hart gekocht, das spart Zeit, Energie und minimiert den CO2-Rucksack.<br \/>\nZwei Schalotten sch\u00e4len, kleinschneiden und in einem halben TL Schweineschmalz auf mittlerer Hitze glasig anschwitzen. Abseits der Herdplatte abk\u00fchlen lassen und bis dahin 150 Gramm Sauerkraut mit beiden H\u00e4nden auspressen und in eine Sch\u00fcssel geben. Schalotten dazu und Kartoffeln auch noch mit einer Reibe da reinreiben. Salzen, pfeffern und k\u00fcmmeln, und die Masse mit zwei EL Mehl gut vermengen. Stehen lassen.<\/p>\n<p>F\u00fcr die Salatso\u00dfe einen EL Senf (optimal: Moutarde de Dijon) mit einem halben TL Salz, einigen Umdrehungen Pfeffer und zwei EL Oliven\u00f6l verr\u00fchren. Dann zwei EL Balsamicoessig dazu und nochmal r\u00fchren. Das kann etwas dauern, weil Wasser und \u00d6l sich ja nicht mischen. <em>Man schafft nur eine Emulsion mit m\u00f6glichst feiner Verteilung, in Fertigsaucen wird deshalb ein Emulgator eingesetzt.<\/em><br \/>\nDie letzte Schalotten sch\u00e4len, atomisieren und in die So\u00dfe geben. Das nimmt der kleinen Zwiebel die letzte Sch\u00e4rfe und die So\u00dfe nimmt deren S\u00fc\u00dfe etwas auf, welche wieder perfekt zur Balsamicos\u00e4ure kontrastiert.<br \/>\nDen Feldsalat putzen, sortieren und waschen und in eine Salatsch\u00fcssel geben.<br \/>\nDas harte Ei von vorher sch\u00e4len und ganz ganz ganz ganz fein hacken und \u00fcber den Salat geben. Wer Ei nicht mag, kann stattdessen Walnussst\u00fcckchen oder gebratene Speckw\u00fcrfelchen nehmen, ebenfalls sehr lecker.<br \/>\nDie So\u00dfe kommt aber erst ganz zum Schlu\u00df \u00fcbern Salat, sonst wird der Salat schlabberig.<\/p>\n<p>Eine Pfanne mit viel Schmalz nach den goldenen REZEPTOR-Antihaftregeln erhitzen. Bei Dreiviertelhitze geh\u00e4ufte Essl\u00f6ffel mit Sauerkraut-Kartoffelteig reinsetzen und plattstreichen. Ab und zu mal die Unterseite pr\u00fcfen und wenns da goldgelb rausschimmert die Puffer wenden. Sobald beide Seiten goldbraun sind auf K\u00fcchenpapier kurz absaugen lassen und mit dem frisch angemachten Salat servieren.<\/p>\n<p><em><strong>Die goldenen REZEPTOR Antihaft-Regeln<\/strong><br \/>\nIn eine gute (dicker Boden), unbeschichtete Pfanne eine Sekunde neutrales \u00d6l gie\u00dfen, und bis zum Rauchpunkt erhitzen. Jetzt passiert folgendes: Das \u00d6l reagiert chemisch mit der Metalloberfl\u00e4che, und es bildet sich eine Art Edelrost oder Patina. Und nichts klebt mehr, so einfach kanns manchmal sein. Diese Schicht geht aber beim sp\u00fclen mit Sp\u00fcli wieder verloren, also entweder nur mit K\u00fcchenpapier auswischen oder beim n\u00e4chstenmal wieder von vorne beginnen. Man muss nur etwas aufpassen, wenn man gleich danach was anbraten m\u00f6chte. Die Pfanne ist sehr sehr heiss, vielleicht neben dem Feuer etwas abk\u00fchlen lassen.<\/em><\/p>\n","protected":false},"excerpt":{"rendered":"<p>Wieder mal was einfaches und doch &#8217;ne Verfeinerung: Das Sauerkraut kontrastiert mit seiner Frische und S\u00e4ure optimal zur Fettigkeit und Schwere des ordin\u00e4ren Kartoffelpuffers. Unbedingt aus-checken.<\/p>\n","protected":false},"author":95,"featured_media":0,"comment_status":"open","ping_status":"closed","sticky":false,"template":"","format":"standard","meta":{"_jetpack_memberships_contains_paid_content":false,"footnotes":""},"categories":[831],"tags":[778,799,812],"class_list":["post-647","post","type-post","status-publish","format-standard","hentry","category-vegetarians-of-love","tag-einfach","tag-preiswert","tag-vegetarisch"],"yoast_head":"<!-- This site is optimized with the Yoast SEO plugin v21.0 - https:\/\/yoast.com\/wordpress\/plugins\/seo\/ -->\n<title>Sauerkrautpuffer mit Feldsalat - Rezeptor<\/title>\n<meta name=\"robots\" content=\"index, follow, max-snippet:-1, max-image-preview:large, max-video-preview:-1\" \/>\n<link rel=\"canonical\" href=\"https:\/\/blog.zeit.de\/rezeptor\/2008\/03\/04\/sauerkrautpuffer-mit-feldsalat_647\" \/>\n<meta property=\"og:locale\" content=\"de_DE\" \/>\n<meta property=\"og:type\" content=\"article\" \/>\n<meta property=\"og:title\" content=\"Sauerkrautpuffer mit Feldsalat - Rezeptor\" \/>\n<meta property=\"og:description\" content=\"Wieder mal was einfaches und doch &#8217;ne Verfeinerung: Das Sauerkraut kontrastiert mit seiner Frische und S\u00e4ure optimal zur Fettigkeit und Schwere des ordin\u00e4ren Kartoffelpuffers. Unbedingt aus-checken.\" \/>\n<meta property=\"og:url\" content=\"https:\/\/blog.zeit.de\/rezeptor\/2008\/03\/04\/sauerkrautpuffer-mit-feldsalat_647\" \/>\n<meta property=\"og:site_name\" content=\"Rezeptor\" \/>\n<meta property=\"article:published_time\" content=\"2008-03-04T10:49:09+00:00\" \/>\n<meta property=\"og:image\" content=\"https:\/\/blog.zeit.de\/rezeptor\/files\/2008\/03\/veg05.gif\" \/>\n<meta name=\"author\" content=\"Thorsten Lange\" \/>\n<meta name=\"twitter:card\" content=\"summary_large_image\" \/>\n<meta name=\"twitter:label1\" content=\"Geschrieben von\" \/>\n\t<meta name=\"twitter:data1\" content=\"Thorsten Lange\" \/>\n\t<meta name=\"twitter:label2\" content=\"Gesch\u00e4tzte Lesezeit\" \/>\n\t<meta name=\"twitter:data2\" content=\"2\u00a0Minuten\" \/>\n<script type=\"application\/ld+json\" class=\"yoast-schema-graph\">{\"@context\":\"https:\/\/schema.org\",\"@graph\":[{\"@type\":\"WebPage\",\"@id\":\"https:\/\/blog.zeit.de\/rezeptor\/2008\/03\/04\/sauerkrautpuffer-mit-feldsalat_647\",\"url\":\"https:\/\/blog.zeit.de\/rezeptor\/2008\/03\/04\/sauerkrautpuffer-mit-feldsalat_647\",\"name\":\"Sauerkrautpuffer mit Feldsalat - Rezeptor\",\"isPartOf\":{\"@id\":\"https:\/\/blog.zeit.de\/rezeptor\/#website\"},\"datePublished\":\"2008-03-04T10:49:09+00:00\",\"dateModified\":\"2008-03-04T10:49:09+00:00\",\"author\":{\"@id\":\"https:\/\/blog.zeit.de\/rezeptor\/#\/schema\/person\/c4f0408ea5996c729d4493413dabb0ba\"},\"breadcrumb\":{\"@id\":\"https:\/\/blog.zeit.de\/rezeptor\/2008\/03\/04\/sauerkrautpuffer-mit-feldsalat_647#breadcrumb\"},\"inLanguage\":\"de\",\"potentialAction\":[{\"@type\":\"ReadAction\",\"target\":[\"https:\/\/blog.zeit.de\/rezeptor\/2008\/03\/04\/sauerkrautpuffer-mit-feldsalat_647\"]}]},{\"@type\":\"BreadcrumbList\",\"@id\":\"https:\/\/blog.zeit.de\/rezeptor\/2008\/03\/04\/sauerkrautpuffer-mit-feldsalat_647#breadcrumb\",\"itemListElement\":[{\"@type\":\"ListItem\",\"position\":1,\"name\":\"Startseite\",\"item\":\"https:\/\/blog.zeit.de\/rezeptor\"},{\"@type\":\"ListItem\",\"position\":2,\"name\":\"Sauerkrautpuffer mit Feldsalat\"}]},{\"@type\":\"WebSite\",\"@id\":\"https:\/\/blog.zeit.de\/rezeptor\/#website\",\"url\":\"https:\/\/blog.zeit.de\/rezeptor\/\",\"name\":\"Rezeptor\",\"description\":\"Das Blog f\u00fcr alltagstaugliches Kochen\",\"potentialAction\":[{\"@type\":\"SearchAction\",\"target\":{\"@type\":\"EntryPoint\",\"urlTemplate\":\"https:\/\/blog.zeit.de\/rezeptor\/?s={search_term_string}\"},\"query-input\":\"required name=search_term_string\"}],\"inLanguage\":\"de\"},{\"@type\":\"Person\",\"@id\":\"https:\/\/blog.zeit.de\/rezeptor\/#\/schema\/person\/c4f0408ea5996c729d4493413dabb0ba\",\"name\":\"Thorsten Lange\",\"image\":{\"@type\":\"ImageObject\",\"inLanguage\":\"de\",\"@id\":\"https:\/\/blog.zeit.de\/rezeptor\/#\/schema\/person\/image\/\",\"url\":\"https:\/\/secure.gravatar.com\/avatar\/85379d51ec9d21c64deb1b65a642bd35dcec9ebc7a65ccb1d3d06a64f507fad2?s=96&d=mm&r=g\",\"contentUrl\":\"https:\/\/secure.gravatar.com\/avatar\/85379d51ec9d21c64deb1b65a642bd35dcec9ebc7a65ccb1d3d06a64f507fad2?s=96&d=mm&r=g\",\"caption\":\"Thorsten Lange\"},\"url\":\"https:\/\/blog.zeit.de\/rezeptor\/author\/thorsten-lange\"}]}<\/script>\n<!-- \/ Yoast SEO plugin. -->","yoast_head_json":{"title":"Sauerkrautpuffer mit Feldsalat - Rezeptor","robots":{"index":"index","follow":"follow","max-snippet":"max-snippet:-1","max-image-preview":"max-image-preview:large","max-video-preview":"max-video-preview:-1"},"canonical":"https:\/\/blog.zeit.de\/rezeptor\/2008\/03\/04\/sauerkrautpuffer-mit-feldsalat_647","og_locale":"de_DE","og_type":"article","og_title":"Sauerkrautpuffer mit Feldsalat - Rezeptor","og_description":"Wieder mal was einfaches und doch &#8217;ne Verfeinerung: Das Sauerkraut kontrastiert mit seiner Frische und S\u00e4ure optimal zur Fettigkeit und Schwere des ordin\u00e4ren Kartoffelpuffers. Unbedingt aus-checken.","og_url":"https:\/\/blog.zeit.de\/rezeptor\/2008\/03\/04\/sauerkrautpuffer-mit-feldsalat_647","og_site_name":"Rezeptor","article_published_time":"2008-03-04T10:49:09+00:00","og_image":[{"url":"https:\/\/blog.zeit.de\/rezeptor\/files\/2008\/03\/veg05.gif"}],"author":"Thorsten Lange","twitter_card":"summary_large_image","twitter_misc":{"Geschrieben von":"Thorsten Lange","Gesch\u00e4tzte Lesezeit":"2\u00a0Minuten"},"schema":{"@context":"https:\/\/schema.org","@graph":[{"@type":"WebPage","@id":"https:\/\/blog.zeit.de\/rezeptor\/2008\/03\/04\/sauerkrautpuffer-mit-feldsalat_647","url":"https:\/\/blog.zeit.de\/rezeptor\/2008\/03\/04\/sauerkrautpuffer-mit-feldsalat_647","name":"Sauerkrautpuffer mit Feldsalat - Rezeptor","isPartOf":{"@id":"https:\/\/blog.zeit.de\/rezeptor\/#website"},"datePublished":"2008-03-04T10:49:09+00:00","dateModified":"2008-03-04T10:49:09+00:00","author":{"@id":"https:\/\/blog.zeit.de\/rezeptor\/#\/schema\/person\/c4f0408ea5996c729d4493413dabb0ba"},"breadcrumb":{"@id":"https:\/\/blog.zeit.de\/rezeptor\/2008\/03\/04\/sauerkrautpuffer-mit-feldsalat_647#breadcrumb"},"inLanguage":"de","potentialAction":[{"@type":"ReadAction","target":["https:\/\/blog.zeit.de\/rezeptor\/2008\/03\/04\/sauerkrautpuffer-mit-feldsalat_647"]}]},{"@type":"BreadcrumbList","@id":"https:\/\/blog.zeit.de\/rezeptor\/2008\/03\/04\/sauerkrautpuffer-mit-feldsalat_647#breadcrumb","itemListElement":[{"@type":"ListItem","position":1,"name":"Startseite","item":"https:\/\/blog.zeit.de\/rezeptor"},{"@type":"ListItem","position":2,"name":"Sauerkrautpuffer mit Feldsalat"}]},{"@type":"WebSite","@id":"https:\/\/blog.zeit.de\/rezeptor\/#website","url":"https:\/\/blog.zeit.de\/rezeptor\/","name":"Rezeptor","description":"Das Blog f\u00fcr alltagstaugliches Kochen","potentialAction":[{"@type":"SearchAction","target":{"@type":"EntryPoint","urlTemplate":"https:\/\/blog.zeit.de\/rezeptor\/?s={search_term_string}"},"query-input":"required name=search_term_string"}],"inLanguage":"de"},{"@type":"Person","@id":"https:\/\/blog.zeit.de\/rezeptor\/#\/schema\/person\/c4f0408ea5996c729d4493413dabb0ba","name":"Thorsten Lange","image":{"@type":"ImageObject","inLanguage":"de","@id":"https:\/\/blog.zeit.de\/rezeptor\/#\/schema\/person\/image\/","url":"https:\/\/secure.gravatar.com\/avatar\/85379d51ec9d21c64deb1b65a642bd35dcec9ebc7a65ccb1d3d06a64f507fad2?s=96&d=mm&r=g","contentUrl":"https:\/\/secure.gravatar.com\/avatar\/85379d51ec9d21c64deb1b65a642bd35dcec9ebc7a65ccb1d3d06a64f507fad2?s=96&d=mm&r=g","caption":"Thorsten Lange"},"url":"https:\/\/blog.zeit.de\/rezeptor\/author\/thorsten-lange"}]}},"jetpack_featured_media_url":"","jetpack_sharing_enabled":true,"_links":{"self":[{"href":"https:\/\/blog.zeit.de\/rezeptor\/wp-json\/wp\/v2\/posts\/647","targetHints":{"allow":["GET"]}}],"collection":[{"href":"https:\/\/blog.zeit.de\/rezeptor\/wp-json\/wp\/v2\/posts"}],"about":[{"href":"https:\/\/blog.zeit.de\/rezeptor\/wp-json\/wp\/v2\/types\/post"}],"author":[{"embeddable":true,"href":"https:\/\/blog.zeit.de\/rezeptor\/wp-json\/wp\/v2\/users\/95"}],"replies":[{"embeddable":true,"href":"https:\/\/blog.zeit.de\/rezeptor\/wp-json\/wp\/v2\/comments?post=647"}],"version-history":[{"count":0,"href":"https:\/\/blog.zeit.de\/rezeptor\/wp-json\/wp\/v2\/posts\/647\/revisions"}],"wp:attachment":[{"href":"https:\/\/blog.zeit.de\/rezeptor\/wp-json\/wp\/v2\/media?parent=647"}],"wp:term":[{"taxonomy":"category","embeddable":true,"href":"https:\/\/blog.zeit.de\/rezeptor\/wp-json\/wp\/v2\/categories?post=647"},{"taxonomy":"post_tag","embeddable":true,"href":"https:\/\/blog.zeit.de\/rezeptor\/wp-json\/wp\/v2\/tags?post=647"}],"curies":[{"name":"wp","href":"https:\/\/api.w.org\/{rel}","templated":true}]}}