{"id":886,"date":"2008-09-02T12:33:29","date_gmt":"2008-09-02T10:33:29","guid":{"rendered":"http:\/\/blog.zeit.de\/rezeptor\/2008\/09\/02\/uberbackene-kartoffeln-mit-feldsalat_886"},"modified":"2008-09-02T12:33:29","modified_gmt":"2008-09-02T10:33:29","slug":"uberbackene-kartoffeln-mit-feldsalat","status":"publish","type":"post","link":"https:\/\/blog.zeit.de\/rezeptor\/2008\/09\/02\/uberbackene-kartoffeln-mit-feldsalat_886","title":{"rendered":"\u00dcberbackene Kartoffeln mit Feldsalat"},"content":{"rendered":"<p align=\"left\">Das kulinarische Triumvirat Kartoffeln, Speck und K\u00e4se hat man ja immer zu Hause. Fehlt nur noch frischer Salat und fertig ist die leichte Interpretation eines deftigen alten Bekannten<\/p>\n<p><!--more-->F\u00fcr Linda und Sieglinde:<br \/>\n400 g Kartoffeln, klein und jung<br \/>\n1 Pack Feldsalat<br \/>\n100 g Bauchspeck in hauchd\u00fcnnen Scheiben<br \/>\n100 g Bergk\u00e4se<br \/>\n2 Schalotten<br \/>\n1 kleine Zehe Knoblauch<br \/>\nSchnittlauch<br \/>\nWeisser Essig<br \/>\n\u00d6l<br \/>\nSalz<br \/>\nPfeffer<br \/>\nSenf<br \/>\nK\u00fcmmel<br \/>\n1 ofenfeste Pfanne<\/p>\n<p><img loading=\"lazy\" decoding=\"async\" src=\"https:\/\/blog.zeit.de\/rezeptor\/files\/2008\/09\/rrr15.gif\" height=\"113\" width=\"158\" \/>Am Anfang steht das Kartoffelkochen. Wenn die jung und klein sind, dauert das mit Schale nur acht bis zehn Minuten, man kann probehalber immer mal wieder mit einem kleinen Sch\u00e4lmesser in eine reinpieken. F\u00fcr den Geschmack kommt ins Kochwasser neben dem obligatorischen Salz auch ein EL K\u00fcmmel rein. Wenn sie gar sind, ableeren und ausk\u00fchlen lassen.<br \/>\nInzwischen die Vinaigrette vorbereiten: eine Pfanne mit ganz wenig \u00d6l erhitzen und gleich von Beginn an die Speckquadrate (drei mal drei Zentimeter sehen gut aus) mitreinlegen und auf maximale krossness anbraten. Eine Seite reicht, dann rausnehmen und bei Gewichtsproblemen auf einem K\u00fcchenpapier \u00bbentfetten.\u00ab<br \/>\nDie Schalotten sch\u00e4len und in d\u00fcnne Scheiben schneiden. Die H\u00e4lfte davon im noch heissen Speckfett auf mittlerer Temperatur anbraten und kurz vorm braunwerden mit einem Schluck Wasser abl\u00f6schen. Einen Viertel Teel\u00f6ffel Instantbr\u00fche dazu und kurz einkochen lassen. Dann abseits der Hitze 2 EL weissen Essig, vielleicht einen halben TL Senf und Salz und Pfeffer mit rein und zu einer homogenen Fl\u00fcssigkeit r\u00fchren. Dann erst zwei bis drei EL \u00d6l einarbeiten, man kann Oliven\u00f6l nehmen, wer Walnuss\u00f6l oder Traubenkern\u00f6l rumstehen hat kann vosichtig damit rumexperimentieren. Mit gehacktem K\u00fcmmel abschmecken und die Vinaigrette in eine kleine Sch\u00fcssel leeren.<\/p>\n<p>Den Ofen schonmal auf 200 Grad Oberhitze vorheizen, die Kartoffeln sind mittlerweile hoffentlich schon so abgek\u00fchlt, da\u00df man sie gut sch\u00e4len kann. Wenn sie wirklich klein sind d\u00fcrfen sie ganz bleiben, sonst halbieren. Die Pfanne mit einer K\u00fcchenrolle auswischen und ein EL Butterschmalz  (notfalls neutrales \u00d6l) auf gro\u00dfe Temperatur bringen und die Kartoffeln auf mittlerer bis dreiviertelhitze ringsrum lecker goldbraun anbraten.<br \/>\nKurz vorm Ende den Rest der Schalotten sowie die Knoblauchzehe in d\u00fcnnsten Scheibchen dazu geben und mit anbraten. Schnittlauch rein, kurz umr\u00fchren und den K\u00e4se grob dr\u00fcberreiben. Im heissen Ofen goldbraun \u00fcberbacken und auf einem Feldsalatbett mit Vinaigrette dr\u00fcbergetr\u00e4ufelt servieren. Und ganz obendrauf noch die Speckquadrate.<\/p>\n<p>Inspiriert von unserem guten, alten Freund Johnny L. aus Stromburg<\/p>\n","protected":false},"excerpt":{"rendered":"<p>Das kulinarische Triumvirat Kartoffeln, Speck und K\u00e4se hat man ja immer zu Hause. Fehlt nur noch frischer Salat und fertig ist die leichte Interpretation eines deftigen alten Bekannten<\/p>\n","protected":false},"author":95,"featured_media":0,"comment_status":"open","ping_status":"closed","sticky":false,"template":"","format":"standard","meta":{"_jetpack_memberships_contains_paid_content":false,"footnotes":""},"categories":[834],"tags":[],"class_list":["post-886","post","type-post","status-publish","format-standard","hentry","category-resterampe"],"yoast_head":"<!-- This site is optimized with the Yoast SEO plugin v21.0 - https:\/\/yoast.com\/wordpress\/plugins\/seo\/ -->\n<title>\u00dcberbackene Kartoffeln mit Feldsalat - Rezeptor<\/title>\n<meta name=\"robots\" content=\"index, follow, max-snippet:-1, max-image-preview:large, max-video-preview:-1\" \/>\n<link rel=\"canonical\" href=\"https:\/\/blog.zeit.de\/rezeptor\/2008\/09\/02\/uberbackene-kartoffeln-mit-feldsalat_886\" \/>\n<meta property=\"og:locale\" content=\"de_DE\" \/>\n<meta property=\"og:type\" content=\"article\" \/>\n<meta property=\"og:title\" content=\"\u00dcberbackene Kartoffeln mit Feldsalat - Rezeptor\" \/>\n<meta property=\"og:description\" content=\"Das kulinarische Triumvirat Kartoffeln, Speck und K\u00e4se hat man ja immer zu Hause. Fehlt nur noch frischer Salat und fertig ist die leichte Interpretation eines deftigen alten Bekannten\" \/>\n<meta property=\"og:url\" content=\"https:\/\/blog.zeit.de\/rezeptor\/2008\/09\/02\/uberbackene-kartoffeln-mit-feldsalat_886\" \/>\n<meta property=\"og:site_name\" content=\"Rezeptor\" \/>\n<meta property=\"article:published_time\" content=\"2008-09-02T10:33:29+00:00\" \/>\n<meta property=\"og:image\" content=\"https:\/\/blog.zeit.de\/rezeptor\/files\/2008\/09\/rrr15.gif\" \/>\n<meta name=\"author\" content=\"Thorsten Lange\" \/>\n<meta name=\"twitter:card\" content=\"summary_large_image\" \/>\n<meta name=\"twitter:label1\" content=\"Geschrieben von\" \/>\n\t<meta name=\"twitter:data1\" content=\"Thorsten Lange\" \/>\n\t<meta name=\"twitter:label2\" content=\"Gesch\u00e4tzte Lesezeit\" \/>\n\t<meta name=\"twitter:data2\" content=\"2\u00a0Minuten\" \/>\n<script type=\"application\/ld+json\" class=\"yoast-schema-graph\">{\"@context\":\"https:\/\/schema.org\",\"@graph\":[{\"@type\":\"WebPage\",\"@id\":\"https:\/\/blog.zeit.de\/rezeptor\/2008\/09\/02\/uberbackene-kartoffeln-mit-feldsalat_886\",\"url\":\"https:\/\/blog.zeit.de\/rezeptor\/2008\/09\/02\/uberbackene-kartoffeln-mit-feldsalat_886\",\"name\":\"\u00dcberbackene Kartoffeln mit Feldsalat - Rezeptor\",\"isPartOf\":{\"@id\":\"https:\/\/blog.zeit.de\/rezeptor\/#website\"},\"datePublished\":\"2008-09-02T10:33:29+00:00\",\"dateModified\":\"2008-09-02T10:33:29+00:00\",\"author\":{\"@id\":\"https:\/\/blog.zeit.de\/rezeptor\/#\/schema\/person\/c4f0408ea5996c729d4493413dabb0ba\"},\"breadcrumb\":{\"@id\":\"https:\/\/blog.zeit.de\/rezeptor\/2008\/09\/02\/uberbackene-kartoffeln-mit-feldsalat_886#breadcrumb\"},\"inLanguage\":\"de\",\"potentialAction\":[{\"@type\":\"ReadAction\",\"target\":[\"https:\/\/blog.zeit.de\/rezeptor\/2008\/09\/02\/uberbackene-kartoffeln-mit-feldsalat_886\"]}]},{\"@type\":\"BreadcrumbList\",\"@id\":\"https:\/\/blog.zeit.de\/rezeptor\/2008\/09\/02\/uberbackene-kartoffeln-mit-feldsalat_886#breadcrumb\",\"itemListElement\":[{\"@type\":\"ListItem\",\"position\":1,\"name\":\"Startseite\",\"item\":\"https:\/\/blog.zeit.de\/rezeptor\"},{\"@type\":\"ListItem\",\"position\":2,\"name\":\"\u00dcberbackene Kartoffeln mit Feldsalat\"}]},{\"@type\":\"WebSite\",\"@id\":\"https:\/\/blog.zeit.de\/rezeptor\/#website\",\"url\":\"https:\/\/blog.zeit.de\/rezeptor\/\",\"name\":\"Rezeptor\",\"description\":\"Das Blog f\u00fcr alltagstaugliches Kochen\",\"potentialAction\":[{\"@type\":\"SearchAction\",\"target\":{\"@type\":\"EntryPoint\",\"urlTemplate\":\"https:\/\/blog.zeit.de\/rezeptor\/?s={search_term_string}\"},\"query-input\":\"required name=search_term_string\"}],\"inLanguage\":\"de\"},{\"@type\":\"Person\",\"@id\":\"https:\/\/blog.zeit.de\/rezeptor\/#\/schema\/person\/c4f0408ea5996c729d4493413dabb0ba\",\"name\":\"Thorsten Lange\",\"image\":{\"@type\":\"ImageObject\",\"inLanguage\":\"de\",\"@id\":\"https:\/\/blog.zeit.de\/rezeptor\/#\/schema\/person\/image\/\",\"url\":\"https:\/\/secure.gravatar.com\/avatar\/85379d51ec9d21c64deb1b65a642bd35dcec9ebc7a65ccb1d3d06a64f507fad2?s=96&d=mm&r=g\",\"contentUrl\":\"https:\/\/secure.gravatar.com\/avatar\/85379d51ec9d21c64deb1b65a642bd35dcec9ebc7a65ccb1d3d06a64f507fad2?s=96&d=mm&r=g\",\"caption\":\"Thorsten Lange\"},\"url\":\"https:\/\/blog.zeit.de\/rezeptor\/author\/thorsten-lange\"}]}<\/script>\n<!-- \/ Yoast SEO plugin. -->","yoast_head_json":{"title":"\u00dcberbackene Kartoffeln mit Feldsalat - Rezeptor","robots":{"index":"index","follow":"follow","max-snippet":"max-snippet:-1","max-image-preview":"max-image-preview:large","max-video-preview":"max-video-preview:-1"},"canonical":"https:\/\/blog.zeit.de\/rezeptor\/2008\/09\/02\/uberbackene-kartoffeln-mit-feldsalat_886","og_locale":"de_DE","og_type":"article","og_title":"\u00dcberbackene Kartoffeln mit Feldsalat - Rezeptor","og_description":"Das kulinarische Triumvirat Kartoffeln, Speck und K\u00e4se hat man ja immer zu Hause. Fehlt nur noch frischer Salat und fertig ist die leichte Interpretation eines deftigen alten Bekannten","og_url":"https:\/\/blog.zeit.de\/rezeptor\/2008\/09\/02\/uberbackene-kartoffeln-mit-feldsalat_886","og_site_name":"Rezeptor","article_published_time":"2008-09-02T10:33:29+00:00","og_image":[{"url":"https:\/\/blog.zeit.de\/rezeptor\/files\/2008\/09\/rrr15.gif"}],"author":"Thorsten Lange","twitter_card":"summary_large_image","twitter_misc":{"Geschrieben von":"Thorsten Lange","Gesch\u00e4tzte Lesezeit":"2\u00a0Minuten"},"schema":{"@context":"https:\/\/schema.org","@graph":[{"@type":"WebPage","@id":"https:\/\/blog.zeit.de\/rezeptor\/2008\/09\/02\/uberbackene-kartoffeln-mit-feldsalat_886","url":"https:\/\/blog.zeit.de\/rezeptor\/2008\/09\/02\/uberbackene-kartoffeln-mit-feldsalat_886","name":"\u00dcberbackene Kartoffeln mit Feldsalat - Rezeptor","isPartOf":{"@id":"https:\/\/blog.zeit.de\/rezeptor\/#website"},"datePublished":"2008-09-02T10:33:29+00:00","dateModified":"2008-09-02T10:33:29+00:00","author":{"@id":"https:\/\/blog.zeit.de\/rezeptor\/#\/schema\/person\/c4f0408ea5996c729d4493413dabb0ba"},"breadcrumb":{"@id":"https:\/\/blog.zeit.de\/rezeptor\/2008\/09\/02\/uberbackene-kartoffeln-mit-feldsalat_886#breadcrumb"},"inLanguage":"de","potentialAction":[{"@type":"ReadAction","target":["https:\/\/blog.zeit.de\/rezeptor\/2008\/09\/02\/uberbackene-kartoffeln-mit-feldsalat_886"]}]},{"@type":"BreadcrumbList","@id":"https:\/\/blog.zeit.de\/rezeptor\/2008\/09\/02\/uberbackene-kartoffeln-mit-feldsalat_886#breadcrumb","itemListElement":[{"@type":"ListItem","position":1,"name":"Startseite","item":"https:\/\/blog.zeit.de\/rezeptor"},{"@type":"ListItem","position":2,"name":"\u00dcberbackene Kartoffeln mit Feldsalat"}]},{"@type":"WebSite","@id":"https:\/\/blog.zeit.de\/rezeptor\/#website","url":"https:\/\/blog.zeit.de\/rezeptor\/","name":"Rezeptor","description":"Das Blog f\u00fcr alltagstaugliches Kochen","potentialAction":[{"@type":"SearchAction","target":{"@type":"EntryPoint","urlTemplate":"https:\/\/blog.zeit.de\/rezeptor\/?s={search_term_string}"},"query-input":"required name=search_term_string"}],"inLanguage":"de"},{"@type":"Person","@id":"https:\/\/blog.zeit.de\/rezeptor\/#\/schema\/person\/c4f0408ea5996c729d4493413dabb0ba","name":"Thorsten Lange","image":{"@type":"ImageObject","inLanguage":"de","@id":"https:\/\/blog.zeit.de\/rezeptor\/#\/schema\/person\/image\/","url":"https:\/\/secure.gravatar.com\/avatar\/85379d51ec9d21c64deb1b65a642bd35dcec9ebc7a65ccb1d3d06a64f507fad2?s=96&d=mm&r=g","contentUrl":"https:\/\/secure.gravatar.com\/avatar\/85379d51ec9d21c64deb1b65a642bd35dcec9ebc7a65ccb1d3d06a64f507fad2?s=96&d=mm&r=g","caption":"Thorsten Lange"},"url":"https:\/\/blog.zeit.de\/rezeptor\/author\/thorsten-lange"}]}},"jetpack_featured_media_url":"","jetpack_sharing_enabled":true,"_links":{"self":[{"href":"https:\/\/blog.zeit.de\/rezeptor\/wp-json\/wp\/v2\/posts\/886","targetHints":{"allow":["GET"]}}],"collection":[{"href":"https:\/\/blog.zeit.de\/rezeptor\/wp-json\/wp\/v2\/posts"}],"about":[{"href":"https:\/\/blog.zeit.de\/rezeptor\/wp-json\/wp\/v2\/types\/post"}],"author":[{"embeddable":true,"href":"https:\/\/blog.zeit.de\/rezeptor\/wp-json\/wp\/v2\/users\/95"}],"replies":[{"embeddable":true,"href":"https:\/\/blog.zeit.de\/rezeptor\/wp-json\/wp\/v2\/comments?post=886"}],"version-history":[{"count":0,"href":"https:\/\/blog.zeit.de\/rezeptor\/wp-json\/wp\/v2\/posts\/886\/revisions"}],"wp:attachment":[{"href":"https:\/\/blog.zeit.de\/rezeptor\/wp-json\/wp\/v2\/media?parent=886"}],"wp:term":[{"taxonomy":"category","embeddable":true,"href":"https:\/\/blog.zeit.de\/rezeptor\/wp-json\/wp\/v2\/categories?post=886"},{"taxonomy":"post_tag","embeddable":true,"href":"https:\/\/blog.zeit.de\/rezeptor\/wp-json\/wp\/v2\/tags?post=886"}],"curies":[{"name":"wp","href":"https:\/\/api.w.org\/{rel}","templated":true}]}}