{"id":897,"date":"2008-09-20T11:59:37","date_gmt":"2008-09-20T09:59:37","guid":{"rendered":"http:\/\/blog.zeit.de\/rezeptor\/2008\/09\/20\/gabas-al-ajillo-e-chili_897"},"modified":"2008-09-20T11:59:37","modified_gmt":"2008-09-20T09:59:37","slug":"gabas-al-ajillo-e-chili","status":"publish","type":"post","link":"https:\/\/blog.zeit.de\/rezeptor\/2008\/09\/20\/gabas-al-ajillo-e-chili_897","title":{"rendered":"Gambas al ajillo e chili"},"content":{"rendered":"<p>Steht immer ganz oben auf der Speisekarte spanischer Tapasbars, und das Zeug z\u00e4hlt auch mit zum Leckersten, was man so in sich reinschaufeln kann.<\/p>\n<p><!--more--><br \/>\nPro Person:<br \/>\n100 g gro\u00dfe Garnelen in der Schale, roh<br \/>\n1 Zehe Knoblauch<br \/>\n1\/2 kleine Chilischote<br \/>\n2 EL Oliven\u00f6l<br \/>\nPetersilie<br \/>\nZitronensaft<br \/>\nSalz<\/p>\n<p><img decoding=\"async\" src=\"https:\/\/blog.zeit.de\/rezeptor\/files\/2008\/09\/coc02.gif\" \/>Bei manchen Fischh\u00e4ndlern f\u00fchrt der Weg zu frischen Gambas \u00fcbers Tiefk\u00fchlregal. Aber keine Angst, qualitativ unterscheiden sich frisch oder TK eigentlich nicht. Hauptsache sie sind grau und hoffentlich schon geputzt, also vom Darm entfernt. Sonst mit einem superscharfen Messer hinten am R\u00fccken einen L\u00e4ngsschnitt setzen und das Zeug unter flie\u00dfendem Wasser rausoperieren.<br \/>\nBei gefrorener Ware muss man noch ein, zwei Stunden Auftauzeit miteinkalkulieren.<br \/>\nDann erstmal gut abwaschen und mit einer K\u00fcchenrolle wieder abtrocknen, Wasser und hei\u00dfes \u00d6l\u2026 is klar.<\/p>\n<p>Knoblauch in kleine W\u00fcrfel schneiden, genau wie die Chilischote. Diese aber vorher l\u00e4ngs halbieren und alles was nicht rot ist rausschneiden, in den Kernen und im Wei\u00dfen sitzt bekanntlich die fiese Sch\u00e4rfe. Petersilie waschen, gut absch\u00fctteln und auch in kleine Quadrate schneiden.<\/p>\n<p>Das Oliven\u00f6l in einer Pfanne sehr heiss werden lassen, und dann das Meeresgetier mit Schale darin zwischen zwei und drei Minuten braten, dabei h\u00e4ufig wenden. Ganz kurz vor Schluss noch den Knoblauch und die Chili dazu, die verbrennen sonst im heissen \u00d6l und werden schwarz.<br \/>\nAlles sofort aus der Pfanne auf einen Teller leeren \u2013 vorsicht heiss! \u2013 mit Petersilie bestreuen und Zitronensaft betr\u00e4ufeln, grobes Salz dr\u00fcber und sofort aufessen.<\/p>\n<p>ANZEIGE:<br \/>\nWeissbrot passt \u00fcbrigens wunderbar, genauso wie Prosecco. Zum Beispiel den Val Monte Prosecco di Conegliano aus der <a href=\"http:\/\/shop.zeit.de\/category\/171\" target=\"_blank\">ZEIT Campus Weinedition<\/a>.<\/p>\n","protected":false},"excerpt":{"rendered":"<p>Steht immer ganz oben auf der Speisekarte spanischer Tapasbars, und das Zeug z\u00e4hlt auch mit zum Leckersten, was man so in sich reinschaufeln kann.<\/p>\n","protected":false},"author":95,"featured_media":0,"comment_status":"open","ping_status":"closed","sticky":false,"template":"","format":"standard","meta":{"_jetpack_memberships_contains_paid_content":false,"footnotes":""},"categories":[835],"tags":[792,793,813],"class_list":["post-897","post","type-post","status-publish","format-standard","hentry","category-cochonneries","tag-mediterran","tag-meeresfruchte","tag-vorspeise"],"yoast_head":"<!-- This site is optimized with the Yoast SEO plugin v21.0 - https:\/\/yoast.com\/wordpress\/plugins\/seo\/ -->\n<title>Gambas al ajillo e chili - Rezeptor<\/title>\n<meta name=\"robots\" content=\"index, follow, max-snippet:-1, max-image-preview:large, max-video-preview:-1\" \/>\n<link rel=\"canonical\" href=\"https:\/\/blog.zeit.de\/rezeptor\/2008\/09\/20\/gabas-al-ajillo-e-chili_897\" \/>\n<meta property=\"og:locale\" content=\"de_DE\" \/>\n<meta property=\"og:type\" content=\"article\" \/>\n<meta property=\"og:title\" content=\"Gambas al ajillo e chili - Rezeptor\" \/>\n<meta property=\"og:description\" content=\"Steht immer ganz oben auf der Speisekarte spanischer Tapasbars, und das Zeug z\u00e4hlt auch mit zum Leckersten, was man so in sich reinschaufeln kann.\" \/>\n<meta property=\"og:url\" content=\"https:\/\/blog.zeit.de\/rezeptor\/2008\/09\/20\/gabas-al-ajillo-e-chili_897\" \/>\n<meta property=\"og:site_name\" content=\"Rezeptor\" \/>\n<meta property=\"article:published_time\" content=\"2008-09-20T09:59:37+00:00\" \/>\n<meta property=\"og:image\" content=\"https:\/\/blog.zeit.de\/rezeptor\/files\/2008\/09\/coc02.gif\" \/>\n<meta name=\"author\" content=\"Thorsten Lange\" \/>\n<meta name=\"twitter:card\" content=\"summary_large_image\" \/>\n<meta name=\"twitter:label1\" content=\"Geschrieben von\" \/>\n\t<meta name=\"twitter:data1\" content=\"Thorsten Lange\" \/>\n\t<meta name=\"twitter:label2\" content=\"Gesch\u00e4tzte Lesezeit\" \/>\n\t<meta name=\"twitter:data2\" content=\"1\u00a0Minute\" \/>\n<script type=\"application\/ld+json\" class=\"yoast-schema-graph\">{\"@context\":\"https:\/\/schema.org\",\"@graph\":[{\"@type\":\"WebPage\",\"@id\":\"https:\/\/blog.zeit.de\/rezeptor\/2008\/09\/20\/gabas-al-ajillo-e-chili_897\",\"url\":\"https:\/\/blog.zeit.de\/rezeptor\/2008\/09\/20\/gabas-al-ajillo-e-chili_897\",\"name\":\"Gambas al ajillo e chili - Rezeptor\",\"isPartOf\":{\"@id\":\"https:\/\/blog.zeit.de\/rezeptor\/#website\"},\"datePublished\":\"2008-09-20T09:59:37+00:00\",\"dateModified\":\"2008-09-20T09:59:37+00:00\",\"author\":{\"@id\":\"https:\/\/blog.zeit.de\/rezeptor\/#\/schema\/person\/c4f0408ea5996c729d4493413dabb0ba\"},\"breadcrumb\":{\"@id\":\"https:\/\/blog.zeit.de\/rezeptor\/2008\/09\/20\/gabas-al-ajillo-e-chili_897#breadcrumb\"},\"inLanguage\":\"de\",\"potentialAction\":[{\"@type\":\"ReadAction\",\"target\":[\"https:\/\/blog.zeit.de\/rezeptor\/2008\/09\/20\/gabas-al-ajillo-e-chili_897\"]}]},{\"@type\":\"BreadcrumbList\",\"@id\":\"https:\/\/blog.zeit.de\/rezeptor\/2008\/09\/20\/gabas-al-ajillo-e-chili_897#breadcrumb\",\"itemListElement\":[{\"@type\":\"ListItem\",\"position\":1,\"name\":\"Startseite\",\"item\":\"https:\/\/blog.zeit.de\/rezeptor\"},{\"@type\":\"ListItem\",\"position\":2,\"name\":\"Gambas al ajillo e chili\"}]},{\"@type\":\"WebSite\",\"@id\":\"https:\/\/blog.zeit.de\/rezeptor\/#website\",\"url\":\"https:\/\/blog.zeit.de\/rezeptor\/\",\"name\":\"Rezeptor\",\"description\":\"Das Blog f\u00fcr alltagstaugliches Kochen\",\"potentialAction\":[{\"@type\":\"SearchAction\",\"target\":{\"@type\":\"EntryPoint\",\"urlTemplate\":\"https:\/\/blog.zeit.de\/rezeptor\/?s={search_term_string}\"},\"query-input\":\"required name=search_term_string\"}],\"inLanguage\":\"de\"},{\"@type\":\"Person\",\"@id\":\"https:\/\/blog.zeit.de\/rezeptor\/#\/schema\/person\/c4f0408ea5996c729d4493413dabb0ba\",\"name\":\"Thorsten Lange\",\"image\":{\"@type\":\"ImageObject\",\"inLanguage\":\"de\",\"@id\":\"https:\/\/blog.zeit.de\/rezeptor\/#\/schema\/person\/image\/\",\"url\":\"https:\/\/secure.gravatar.com\/avatar\/85379d51ec9d21c64deb1b65a642bd35dcec9ebc7a65ccb1d3d06a64f507fad2?s=96&d=mm&r=g\",\"contentUrl\":\"https:\/\/secure.gravatar.com\/avatar\/85379d51ec9d21c64deb1b65a642bd35dcec9ebc7a65ccb1d3d06a64f507fad2?s=96&d=mm&r=g\",\"caption\":\"Thorsten Lange\"},\"url\":\"https:\/\/blog.zeit.de\/rezeptor\/author\/thorsten-lange\"}]}<\/script>\n<!-- \/ Yoast SEO plugin. -->","yoast_head_json":{"title":"Gambas al ajillo e chili - Rezeptor","robots":{"index":"index","follow":"follow","max-snippet":"max-snippet:-1","max-image-preview":"max-image-preview:large","max-video-preview":"max-video-preview:-1"},"canonical":"https:\/\/blog.zeit.de\/rezeptor\/2008\/09\/20\/gabas-al-ajillo-e-chili_897","og_locale":"de_DE","og_type":"article","og_title":"Gambas al ajillo e chili - Rezeptor","og_description":"Steht immer ganz oben auf der Speisekarte spanischer Tapasbars, und das Zeug z\u00e4hlt auch mit zum Leckersten, was man so in sich reinschaufeln kann.","og_url":"https:\/\/blog.zeit.de\/rezeptor\/2008\/09\/20\/gabas-al-ajillo-e-chili_897","og_site_name":"Rezeptor","article_published_time":"2008-09-20T09:59:37+00:00","og_image":[{"url":"https:\/\/blog.zeit.de\/rezeptor\/files\/2008\/09\/coc02.gif"}],"author":"Thorsten Lange","twitter_card":"summary_large_image","twitter_misc":{"Geschrieben von":"Thorsten Lange","Gesch\u00e4tzte Lesezeit":"1\u00a0Minute"},"schema":{"@context":"https:\/\/schema.org","@graph":[{"@type":"WebPage","@id":"https:\/\/blog.zeit.de\/rezeptor\/2008\/09\/20\/gabas-al-ajillo-e-chili_897","url":"https:\/\/blog.zeit.de\/rezeptor\/2008\/09\/20\/gabas-al-ajillo-e-chili_897","name":"Gambas al ajillo e chili - Rezeptor","isPartOf":{"@id":"https:\/\/blog.zeit.de\/rezeptor\/#website"},"datePublished":"2008-09-20T09:59:37+00:00","dateModified":"2008-09-20T09:59:37+00:00","author":{"@id":"https:\/\/blog.zeit.de\/rezeptor\/#\/schema\/person\/c4f0408ea5996c729d4493413dabb0ba"},"breadcrumb":{"@id":"https:\/\/blog.zeit.de\/rezeptor\/2008\/09\/20\/gabas-al-ajillo-e-chili_897#breadcrumb"},"inLanguage":"de","potentialAction":[{"@type":"ReadAction","target":["https:\/\/blog.zeit.de\/rezeptor\/2008\/09\/20\/gabas-al-ajillo-e-chili_897"]}]},{"@type":"BreadcrumbList","@id":"https:\/\/blog.zeit.de\/rezeptor\/2008\/09\/20\/gabas-al-ajillo-e-chili_897#breadcrumb","itemListElement":[{"@type":"ListItem","position":1,"name":"Startseite","item":"https:\/\/blog.zeit.de\/rezeptor"},{"@type":"ListItem","position":2,"name":"Gambas al ajillo e chili"}]},{"@type":"WebSite","@id":"https:\/\/blog.zeit.de\/rezeptor\/#website","url":"https:\/\/blog.zeit.de\/rezeptor\/","name":"Rezeptor","description":"Das Blog f\u00fcr alltagstaugliches Kochen","potentialAction":[{"@type":"SearchAction","target":{"@type":"EntryPoint","urlTemplate":"https:\/\/blog.zeit.de\/rezeptor\/?s={search_term_string}"},"query-input":"required name=search_term_string"}],"inLanguage":"de"},{"@type":"Person","@id":"https:\/\/blog.zeit.de\/rezeptor\/#\/schema\/person\/c4f0408ea5996c729d4493413dabb0ba","name":"Thorsten Lange","image":{"@type":"ImageObject","inLanguage":"de","@id":"https:\/\/blog.zeit.de\/rezeptor\/#\/schema\/person\/image\/","url":"https:\/\/secure.gravatar.com\/avatar\/85379d51ec9d21c64deb1b65a642bd35dcec9ebc7a65ccb1d3d06a64f507fad2?s=96&d=mm&r=g","contentUrl":"https:\/\/secure.gravatar.com\/avatar\/85379d51ec9d21c64deb1b65a642bd35dcec9ebc7a65ccb1d3d06a64f507fad2?s=96&d=mm&r=g","caption":"Thorsten Lange"},"url":"https:\/\/blog.zeit.de\/rezeptor\/author\/thorsten-lange"}]}},"jetpack_featured_media_url":"","jetpack_sharing_enabled":true,"_links":{"self":[{"href":"https:\/\/blog.zeit.de\/rezeptor\/wp-json\/wp\/v2\/posts\/897","targetHints":{"allow":["GET"]}}],"collection":[{"href":"https:\/\/blog.zeit.de\/rezeptor\/wp-json\/wp\/v2\/posts"}],"about":[{"href":"https:\/\/blog.zeit.de\/rezeptor\/wp-json\/wp\/v2\/types\/post"}],"author":[{"embeddable":true,"href":"https:\/\/blog.zeit.de\/rezeptor\/wp-json\/wp\/v2\/users\/95"}],"replies":[{"embeddable":true,"href":"https:\/\/blog.zeit.de\/rezeptor\/wp-json\/wp\/v2\/comments?post=897"}],"version-history":[{"count":0,"href":"https:\/\/blog.zeit.de\/rezeptor\/wp-json\/wp\/v2\/posts\/897\/revisions"}],"wp:attachment":[{"href":"https:\/\/blog.zeit.de\/rezeptor\/wp-json\/wp\/v2\/media?parent=897"}],"wp:term":[{"taxonomy":"category","embeddable":true,"href":"https:\/\/blog.zeit.de\/rezeptor\/wp-json\/wp\/v2\/categories?post=897"},{"taxonomy":"post_tag","embeddable":true,"href":"https:\/\/blog.zeit.de\/rezeptor\/wp-json\/wp\/v2\/tags?post=897"}],"curies":[{"name":"wp","href":"https:\/\/api.w.org\/{rel}","templated":true}]}}