{"id":901,"date":"2008-09-23T12:37:08","date_gmt":"2008-09-23T10:37:08","guid":{"rendered":"http:\/\/blog.zeit.de\/rezeptor\/2008\/09\/23\/mettbrotchen_901"},"modified":"2008-09-23T12:37:08","modified_gmt":"2008-09-23T10:37:08","slug":"mettbrotchen","status":"publish","type":"post","link":"https:\/\/blog.zeit.de\/rezeptor\/2008\/09\/23\/mettbrotchen_901","title":{"rendered":"Mettbr\u00f6tchen"},"content":{"rendered":"<p>Immer Dienstags beobachtet man zwei Omas beim B\u00e4cker vorm Edeka mit einem Mettbr\u00f6tchen und einer Tasse Kaffee sitzen\u2026 Mettbr\u00f6tchen\u2026 Wann hab ich eigentlich mein letztes Mettbr\u00f6tchen gegessen?<\/p>\n<p><!--more--><br \/>\nPro Person:<br \/>\n1 Br\u00f6tchen<br \/>\n100 g Schweinemett<br \/>\n1 Zwiebel<br \/>\nSalz<br \/>\nPfeffer<\/p>\n<p><img loading=\"lazy\" decoding=\"async\" src=\"https:\/\/blog.zeit.de\/rezeptor\/files\/2008\/09\/coc04.gif\" height=\"113\" width=\"158\" \/>Beim Br\u00f6tchen muss jeder selbst entscheiden: Helles Weizenzeug h\u00e4lt sich geschmacklich zur\u00fcck und betont das Fleisch, w\u00e4hrend dunkleres aus zB Roggen einen sch\u00f6nen Zweiklang im Mund entstehen l\u00e4sst.<br \/>\nUnd je krosser das Backwerk desto mehr Kontrast bekommt man gegen das Mett, an manchen Tagen mag mans vielleicht lieber schlabberig\u2026<br \/>\nBeim Mett dagegen kann man nicht viel falsch machen, am besten bestellt man bei der Metzgereifachverk\u00e4uferin \u00bbMett f\u00fcr Mettbr\u00f6tchen.\u00ab Dies ist fast immer mit einer speziellen W\u00fcrzmischung vorgew\u00fcrzt, was man beim vorliegenden Rezept auch so tolerieren sollte. Falls es sich als zu fad herausstellen sollte kann man immer noch mit Salz und Pfeffer nachw\u00fcrzen. Manche hauen sich noch einen Spritzer Maggi bzw Sojasauce oder Senf rein. Egal was, man mischt die Mettmasse nochmal mit einer Gabel durch und schmiert sie damit auch auf die halbierten Br\u00f6tchen.<br \/>\nJetzt noch die Zwiebel sch\u00e4len und mit einem scharfen Messer d\u00fcnne oder dicke Scheiben runterschneiden. Diese noch aufs Mett legen und mit krauser Petersilie, einer Gew\u00fcrzgurke sowie einem Hollandtomatenviertel garniert aufessen.<\/p>\n<p>REZEPTOR empfielt Bier dazu, aber was billiges aus der Dose und diesen kleinen <a href=\"http:\/\/www.youtube.com\/watch?v=ZsEnRI65Lc8\" target=\"_blank\">Kurzfilm<\/a><\/p>\n","protected":false},"excerpt":{"rendered":"<p>Immer Dienstags beobachtet man zwei Omas beim B\u00e4cker vorm Edeka mit einem Mettbr\u00f6tchen und einer Tasse Kaffee sitzen\u2026 Mettbr\u00f6tchen\u2026 Wann hab ich eigentlich mein letztes Mettbr\u00f6tchen gegessen?<\/p>\n","protected":false},"author":95,"featured_media":0,"comment_status":"open","ping_status":"closed","sticky":false,"template":"","format":"standard","meta":{"_jetpack_memberships_contains_paid_content":false,"footnotes":""},"categories":[835],"tags":[784,785,806],"class_list":["post-901","post","type-post","status-publish","format-standard","hentry","category-cochonneries","tag-gutburgerlich","tag-hackfleisch","tag-schnell"],"yoast_head":"<!-- This site is optimized with the Yoast SEO plugin v21.0 - https:\/\/yoast.com\/wordpress\/plugins\/seo\/ -->\n<title>Mettbr\u00f6tchen - Rezeptor<\/title>\n<meta name=\"robots\" content=\"index, follow, max-snippet:-1, max-image-preview:large, max-video-preview:-1\" \/>\n<link rel=\"canonical\" href=\"https:\/\/blog.zeit.de\/rezeptor\/2008\/09\/23\/mettbrotchen_901\" \/>\n<meta property=\"og:locale\" content=\"de_DE\" \/>\n<meta property=\"og:type\" content=\"article\" \/>\n<meta property=\"og:title\" content=\"Mettbr\u00f6tchen - Rezeptor\" \/>\n<meta property=\"og:description\" content=\"Immer Dienstags beobachtet man zwei Omas beim B\u00e4cker vorm Edeka mit einem Mettbr\u00f6tchen und einer Tasse Kaffee sitzen\u2026 Mettbr\u00f6tchen\u2026 Wann hab ich eigentlich mein letztes Mettbr\u00f6tchen gegessen?\" \/>\n<meta property=\"og:url\" content=\"https:\/\/blog.zeit.de\/rezeptor\/2008\/09\/23\/mettbrotchen_901\" \/>\n<meta property=\"og:site_name\" content=\"Rezeptor\" \/>\n<meta property=\"article:published_time\" content=\"2008-09-23T10:37:08+00:00\" \/>\n<meta property=\"og:image\" content=\"https:\/\/blog.zeit.de\/rezeptor\/files\/2008\/09\/coc04.gif\" \/>\n<meta name=\"author\" content=\"Thorsten Lange\" \/>\n<meta name=\"twitter:card\" content=\"summary_large_image\" \/>\n<meta name=\"twitter:label1\" content=\"Geschrieben von\" \/>\n\t<meta name=\"twitter:data1\" content=\"Thorsten Lange\" \/>\n\t<meta name=\"twitter:label2\" content=\"Gesch\u00e4tzte Lesezeit\" \/>\n\t<meta name=\"twitter:data2\" content=\"1\u00a0Minute\" \/>\n<script type=\"application\/ld+json\" class=\"yoast-schema-graph\">{\"@context\":\"https:\/\/schema.org\",\"@graph\":[{\"@type\":\"WebPage\",\"@id\":\"https:\/\/blog.zeit.de\/rezeptor\/2008\/09\/23\/mettbrotchen_901\",\"url\":\"https:\/\/blog.zeit.de\/rezeptor\/2008\/09\/23\/mettbrotchen_901\",\"name\":\"Mettbr\u00f6tchen - Rezeptor\",\"isPartOf\":{\"@id\":\"https:\/\/blog.zeit.de\/rezeptor\/#website\"},\"datePublished\":\"2008-09-23T10:37:08+00:00\",\"dateModified\":\"2008-09-23T10:37:08+00:00\",\"author\":{\"@id\":\"https:\/\/blog.zeit.de\/rezeptor\/#\/schema\/person\/c4f0408ea5996c729d4493413dabb0ba\"},\"breadcrumb\":{\"@id\":\"https:\/\/blog.zeit.de\/rezeptor\/2008\/09\/23\/mettbrotchen_901#breadcrumb\"},\"inLanguage\":\"de\",\"potentialAction\":[{\"@type\":\"ReadAction\",\"target\":[\"https:\/\/blog.zeit.de\/rezeptor\/2008\/09\/23\/mettbrotchen_901\"]}]},{\"@type\":\"BreadcrumbList\",\"@id\":\"https:\/\/blog.zeit.de\/rezeptor\/2008\/09\/23\/mettbrotchen_901#breadcrumb\",\"itemListElement\":[{\"@type\":\"ListItem\",\"position\":1,\"name\":\"Startseite\",\"item\":\"https:\/\/blog.zeit.de\/rezeptor\"},{\"@type\":\"ListItem\",\"position\":2,\"name\":\"Mettbr\u00f6tchen\"}]},{\"@type\":\"WebSite\",\"@id\":\"https:\/\/blog.zeit.de\/rezeptor\/#website\",\"url\":\"https:\/\/blog.zeit.de\/rezeptor\/\",\"name\":\"Rezeptor\",\"description\":\"Das Blog f\u00fcr alltagstaugliches Kochen\",\"potentialAction\":[{\"@type\":\"SearchAction\",\"target\":{\"@type\":\"EntryPoint\",\"urlTemplate\":\"https:\/\/blog.zeit.de\/rezeptor\/?s={search_term_string}\"},\"query-input\":\"required name=search_term_string\"}],\"inLanguage\":\"de\"},{\"@type\":\"Person\",\"@id\":\"https:\/\/blog.zeit.de\/rezeptor\/#\/schema\/person\/c4f0408ea5996c729d4493413dabb0ba\",\"name\":\"Thorsten Lange\",\"image\":{\"@type\":\"ImageObject\",\"inLanguage\":\"de\",\"@id\":\"https:\/\/blog.zeit.de\/rezeptor\/#\/schema\/person\/image\/\",\"url\":\"https:\/\/secure.gravatar.com\/avatar\/85379d51ec9d21c64deb1b65a642bd35dcec9ebc7a65ccb1d3d06a64f507fad2?s=96&d=mm&r=g\",\"contentUrl\":\"https:\/\/secure.gravatar.com\/avatar\/85379d51ec9d21c64deb1b65a642bd35dcec9ebc7a65ccb1d3d06a64f507fad2?s=96&d=mm&r=g\",\"caption\":\"Thorsten Lange\"},\"url\":\"https:\/\/blog.zeit.de\/rezeptor\/author\/thorsten-lange\"}]}<\/script>\n<!-- \/ Yoast SEO plugin. -->","yoast_head_json":{"title":"Mettbr\u00f6tchen - Rezeptor","robots":{"index":"index","follow":"follow","max-snippet":"max-snippet:-1","max-image-preview":"max-image-preview:large","max-video-preview":"max-video-preview:-1"},"canonical":"https:\/\/blog.zeit.de\/rezeptor\/2008\/09\/23\/mettbrotchen_901","og_locale":"de_DE","og_type":"article","og_title":"Mettbr\u00f6tchen - Rezeptor","og_description":"Immer Dienstags beobachtet man zwei Omas beim B\u00e4cker vorm Edeka mit einem Mettbr\u00f6tchen und einer Tasse Kaffee sitzen\u2026 Mettbr\u00f6tchen\u2026 Wann hab ich eigentlich mein letztes Mettbr\u00f6tchen gegessen?","og_url":"https:\/\/blog.zeit.de\/rezeptor\/2008\/09\/23\/mettbrotchen_901","og_site_name":"Rezeptor","article_published_time":"2008-09-23T10:37:08+00:00","og_image":[{"url":"https:\/\/blog.zeit.de\/rezeptor\/files\/2008\/09\/coc04.gif"}],"author":"Thorsten Lange","twitter_card":"summary_large_image","twitter_misc":{"Geschrieben von":"Thorsten Lange","Gesch\u00e4tzte Lesezeit":"1\u00a0Minute"},"schema":{"@context":"https:\/\/schema.org","@graph":[{"@type":"WebPage","@id":"https:\/\/blog.zeit.de\/rezeptor\/2008\/09\/23\/mettbrotchen_901","url":"https:\/\/blog.zeit.de\/rezeptor\/2008\/09\/23\/mettbrotchen_901","name":"Mettbr\u00f6tchen - Rezeptor","isPartOf":{"@id":"https:\/\/blog.zeit.de\/rezeptor\/#website"},"datePublished":"2008-09-23T10:37:08+00:00","dateModified":"2008-09-23T10:37:08+00:00","author":{"@id":"https:\/\/blog.zeit.de\/rezeptor\/#\/schema\/person\/c4f0408ea5996c729d4493413dabb0ba"},"breadcrumb":{"@id":"https:\/\/blog.zeit.de\/rezeptor\/2008\/09\/23\/mettbrotchen_901#breadcrumb"},"inLanguage":"de","potentialAction":[{"@type":"ReadAction","target":["https:\/\/blog.zeit.de\/rezeptor\/2008\/09\/23\/mettbrotchen_901"]}]},{"@type":"BreadcrumbList","@id":"https:\/\/blog.zeit.de\/rezeptor\/2008\/09\/23\/mettbrotchen_901#breadcrumb","itemListElement":[{"@type":"ListItem","position":1,"name":"Startseite","item":"https:\/\/blog.zeit.de\/rezeptor"},{"@type":"ListItem","position":2,"name":"Mettbr\u00f6tchen"}]},{"@type":"WebSite","@id":"https:\/\/blog.zeit.de\/rezeptor\/#website","url":"https:\/\/blog.zeit.de\/rezeptor\/","name":"Rezeptor","description":"Das Blog f\u00fcr alltagstaugliches Kochen","potentialAction":[{"@type":"SearchAction","target":{"@type":"EntryPoint","urlTemplate":"https:\/\/blog.zeit.de\/rezeptor\/?s={search_term_string}"},"query-input":"required name=search_term_string"}],"inLanguage":"de"},{"@type":"Person","@id":"https:\/\/blog.zeit.de\/rezeptor\/#\/schema\/person\/c4f0408ea5996c729d4493413dabb0ba","name":"Thorsten Lange","image":{"@type":"ImageObject","inLanguage":"de","@id":"https:\/\/blog.zeit.de\/rezeptor\/#\/schema\/person\/image\/","url":"https:\/\/secure.gravatar.com\/avatar\/85379d51ec9d21c64deb1b65a642bd35dcec9ebc7a65ccb1d3d06a64f507fad2?s=96&d=mm&r=g","contentUrl":"https:\/\/secure.gravatar.com\/avatar\/85379d51ec9d21c64deb1b65a642bd35dcec9ebc7a65ccb1d3d06a64f507fad2?s=96&d=mm&r=g","caption":"Thorsten Lange"},"url":"https:\/\/blog.zeit.de\/rezeptor\/author\/thorsten-lange"}]}},"jetpack_featured_media_url":"","jetpack_sharing_enabled":true,"_links":{"self":[{"href":"https:\/\/blog.zeit.de\/rezeptor\/wp-json\/wp\/v2\/posts\/901","targetHints":{"allow":["GET"]}}],"collection":[{"href":"https:\/\/blog.zeit.de\/rezeptor\/wp-json\/wp\/v2\/posts"}],"about":[{"href":"https:\/\/blog.zeit.de\/rezeptor\/wp-json\/wp\/v2\/types\/post"}],"author":[{"embeddable":true,"href":"https:\/\/blog.zeit.de\/rezeptor\/wp-json\/wp\/v2\/users\/95"}],"replies":[{"embeddable":true,"href":"https:\/\/blog.zeit.de\/rezeptor\/wp-json\/wp\/v2\/comments?post=901"}],"version-history":[{"count":0,"href":"https:\/\/blog.zeit.de\/rezeptor\/wp-json\/wp\/v2\/posts\/901\/revisions"}],"wp:attachment":[{"href":"https:\/\/blog.zeit.de\/rezeptor\/wp-json\/wp\/v2\/media?parent=901"}],"wp:term":[{"taxonomy":"category","embeddable":true,"href":"https:\/\/blog.zeit.de\/rezeptor\/wp-json\/wp\/v2\/categories?post=901"},{"taxonomy":"post_tag","embeddable":true,"href":"https:\/\/blog.zeit.de\/rezeptor\/wp-json\/wp\/v2\/tags?post=901"}],"curies":[{"name":"wp","href":"https:\/\/api.w.org\/{rel}","templated":true}]}}