{"id":909,"date":"2008-09-30T15:32:56","date_gmt":"2008-09-30T13:32:56","guid":{"rendered":"http:\/\/blog.zeit.de\/rezeptor\/2008\/09\/30\/weisswurstsalat_909"},"modified":"2008-09-30T15:32:56","modified_gmt":"2008-09-30T13:32:56","slug":"weisswurstsalat","status":"publish","type":"post","link":"https:\/\/blog.zeit.de\/rezeptor\/2008\/09\/30\/weisswurstsalat_909","title":{"rendered":"Weisswurstsalat"},"content":{"rendered":"<p>Wiesnzeit \u2013 Weisswurstzeit! REZEPTOR zeigt heute, was man anstatt \u00bbplus s\u00fc\u00dfer Senf und Brezel\u00ab noch damit anstellen kann<\/p>\n<p><!--more--><br \/>\nPro Mann:<br \/>\n2 Weissw\u00fcrste<br \/>\n10 Radieschen<br \/>\nK\u00fcrbiskerne<br \/>\nSchnittlauch<br \/>\n1 EL s\u00fc\u00dfer Senf<br \/>\n2 EL (Traubenkern-)\u00d6l<br \/>\n1 EL Weissweinessig<br \/>\nSalz<br \/>\nPfeffer<\/p>\n<p><img loading=\"lazy\" decoding=\"async\" src=\"https:\/\/blog.zeit.de\/rezeptor\/files\/2008\/09\/coc07.gif\" height=\"113\" width=\"158\" \/>So Weissw\u00fcrste sind ja bereits vorgekocht, darum einfach die Dinger entpellen und in Scheiben zwischen ein und zwei Zentimeter Dicke schneiden. Radieschen waschen, das Gr\u00fcne und die d\u00fcnne Wurzel abschneiden und je nach Gr\u00f6\u00dfe halbieren oder vierteln, die Wurstscheiben und ein Radieschenst\u00fcck sollten in etwa die gleiche Gr\u00f6\u00dfe haben.<br \/>\nSchnittlauch waschen, fein hacken und alles in eine Sch\u00fcssel geben.<\/p>\n<p>Den Senf mit Salz, Pfeffer und Essig in einer kleinen Schale vermischen, bis sich das Salz aufgel\u00f6st hat. Dann das \u00d6l am besten mit einem Schneebesen einarbeiten, bis eine homogene Salatsauce entstanden ist. Wer kein Traubenkern\u00f6l hat darf auch gerne mit Raps-, Oliven oder neutralem \u00d6l experimentieren, statt Weisswein- kann man auch Kr\u00e4uteressig ausprobieren, nur der trendy Balsamico passt heute mal ausnahmsweise nicht so gut.<\/p>\n<p>Die K\u00fcrbiskerne falls notwendig aus ihrer Schale pulen, die Salatsauce zum Rest geben und alles gut vermischen. Mit einigen K\u00fcrbiskernen und vielleicht zwei oder drei Schnittlauchstreifen garnieren.<\/p>\n<p>Dazu passt gutes Wetter, eine Bierbank, eine Brezn bzw. sch\u00f6nes Landbrot und nat\u00fcrlich jede Art von Bier.<\/p>\n","protected":false},"excerpt":{"rendered":"<p>Wiesnzeit \u2013 Weisswurstzeit! REZEPTOR zeigt heute, was man anstatt \u00bbplus s\u00fc\u00dfer Senf und Brezel\u00ab noch damit anstellen kann<\/p>\n","protected":false},"author":95,"featured_media":0,"comment_status":"open","ping_status":"closed","sticky":false,"template":"","format":"standard","meta":{"_jetpack_memberships_contains_paid_content":false,"footnotes":""},"categories":[835],"tags":[802,804,814],"class_list":["post-909","post","type-post","status-publish","format-standard","hentry","category-cochonneries","tag-salat","tag-suddeutsch","tag-wurst"],"yoast_head":"<!-- This site is optimized with the Yoast SEO plugin v21.0 - https:\/\/yoast.com\/wordpress\/plugins\/seo\/ -->\n<title>Weisswurstsalat - Rezeptor<\/title>\n<meta name=\"robots\" content=\"index, follow, max-snippet:-1, max-image-preview:large, max-video-preview:-1\" \/>\n<link rel=\"canonical\" href=\"https:\/\/blog.zeit.de\/rezeptor\/2008\/09\/30\/weisswurstsalat_909\" \/>\n<meta property=\"og:locale\" content=\"de_DE\" \/>\n<meta property=\"og:type\" content=\"article\" \/>\n<meta property=\"og:title\" content=\"Weisswurstsalat - Rezeptor\" \/>\n<meta property=\"og:description\" content=\"Wiesnzeit \u2013 Weisswurstzeit! REZEPTOR zeigt heute, was man anstatt \u00bbplus s\u00fc\u00dfer Senf und Brezel\u00ab noch damit anstellen kann\" \/>\n<meta property=\"og:url\" content=\"https:\/\/blog.zeit.de\/rezeptor\/2008\/09\/30\/weisswurstsalat_909\" \/>\n<meta property=\"og:site_name\" content=\"Rezeptor\" \/>\n<meta property=\"article:published_time\" content=\"2008-09-30T13:32:56+00:00\" \/>\n<meta property=\"og:image\" content=\"https:\/\/blog.zeit.de\/rezeptor\/files\/2008\/09\/coc07.gif\" \/>\n<meta name=\"author\" content=\"Thorsten Lange\" \/>\n<meta name=\"twitter:card\" content=\"summary_large_image\" \/>\n<meta name=\"twitter:label1\" content=\"Geschrieben von\" \/>\n\t<meta name=\"twitter:data1\" content=\"Thorsten Lange\" \/>\n\t<meta name=\"twitter:label2\" content=\"Gesch\u00e4tzte Lesezeit\" \/>\n\t<meta name=\"twitter:data2\" content=\"1\u00a0Minute\" \/>\n<script type=\"application\/ld+json\" class=\"yoast-schema-graph\">{\"@context\":\"https:\/\/schema.org\",\"@graph\":[{\"@type\":\"WebPage\",\"@id\":\"https:\/\/blog.zeit.de\/rezeptor\/2008\/09\/30\/weisswurstsalat_909\",\"url\":\"https:\/\/blog.zeit.de\/rezeptor\/2008\/09\/30\/weisswurstsalat_909\",\"name\":\"Weisswurstsalat - Rezeptor\",\"isPartOf\":{\"@id\":\"https:\/\/blog.zeit.de\/rezeptor\/#website\"},\"datePublished\":\"2008-09-30T13:32:56+00:00\",\"dateModified\":\"2008-09-30T13:32:56+00:00\",\"author\":{\"@id\":\"https:\/\/blog.zeit.de\/rezeptor\/#\/schema\/person\/c4f0408ea5996c729d4493413dabb0ba\"},\"breadcrumb\":{\"@id\":\"https:\/\/blog.zeit.de\/rezeptor\/2008\/09\/30\/weisswurstsalat_909#breadcrumb\"},\"inLanguage\":\"de\",\"potentialAction\":[{\"@type\":\"ReadAction\",\"target\":[\"https:\/\/blog.zeit.de\/rezeptor\/2008\/09\/30\/weisswurstsalat_909\"]}]},{\"@type\":\"BreadcrumbList\",\"@id\":\"https:\/\/blog.zeit.de\/rezeptor\/2008\/09\/30\/weisswurstsalat_909#breadcrumb\",\"itemListElement\":[{\"@type\":\"ListItem\",\"position\":1,\"name\":\"Startseite\",\"item\":\"https:\/\/blog.zeit.de\/rezeptor\"},{\"@type\":\"ListItem\",\"position\":2,\"name\":\"Weisswurstsalat\"}]},{\"@type\":\"WebSite\",\"@id\":\"https:\/\/blog.zeit.de\/rezeptor\/#website\",\"url\":\"https:\/\/blog.zeit.de\/rezeptor\/\",\"name\":\"Rezeptor\",\"description\":\"Das Blog f\u00fcr alltagstaugliches Kochen\",\"potentialAction\":[{\"@type\":\"SearchAction\",\"target\":{\"@type\":\"EntryPoint\",\"urlTemplate\":\"https:\/\/blog.zeit.de\/rezeptor\/?s={search_term_string}\"},\"query-input\":\"required name=search_term_string\"}],\"inLanguage\":\"de\"},{\"@type\":\"Person\",\"@id\":\"https:\/\/blog.zeit.de\/rezeptor\/#\/schema\/person\/c4f0408ea5996c729d4493413dabb0ba\",\"name\":\"Thorsten Lange\",\"image\":{\"@type\":\"ImageObject\",\"inLanguage\":\"de\",\"@id\":\"https:\/\/blog.zeit.de\/rezeptor\/#\/schema\/person\/image\/\",\"url\":\"https:\/\/secure.gravatar.com\/avatar\/85379d51ec9d21c64deb1b65a642bd35dcec9ebc7a65ccb1d3d06a64f507fad2?s=96&d=mm&r=g\",\"contentUrl\":\"https:\/\/secure.gravatar.com\/avatar\/85379d51ec9d21c64deb1b65a642bd35dcec9ebc7a65ccb1d3d06a64f507fad2?s=96&d=mm&r=g\",\"caption\":\"Thorsten Lange\"},\"url\":\"https:\/\/blog.zeit.de\/rezeptor\/author\/thorsten-lange\"}]}<\/script>\n<!-- \/ Yoast SEO plugin. -->","yoast_head_json":{"title":"Weisswurstsalat - Rezeptor","robots":{"index":"index","follow":"follow","max-snippet":"max-snippet:-1","max-image-preview":"max-image-preview:large","max-video-preview":"max-video-preview:-1"},"canonical":"https:\/\/blog.zeit.de\/rezeptor\/2008\/09\/30\/weisswurstsalat_909","og_locale":"de_DE","og_type":"article","og_title":"Weisswurstsalat - Rezeptor","og_description":"Wiesnzeit \u2013 Weisswurstzeit! REZEPTOR zeigt heute, was man anstatt \u00bbplus s\u00fc\u00dfer Senf und Brezel\u00ab noch damit anstellen kann","og_url":"https:\/\/blog.zeit.de\/rezeptor\/2008\/09\/30\/weisswurstsalat_909","og_site_name":"Rezeptor","article_published_time":"2008-09-30T13:32:56+00:00","og_image":[{"url":"https:\/\/blog.zeit.de\/rezeptor\/files\/2008\/09\/coc07.gif"}],"author":"Thorsten Lange","twitter_card":"summary_large_image","twitter_misc":{"Geschrieben von":"Thorsten Lange","Gesch\u00e4tzte Lesezeit":"1\u00a0Minute"},"schema":{"@context":"https:\/\/schema.org","@graph":[{"@type":"WebPage","@id":"https:\/\/blog.zeit.de\/rezeptor\/2008\/09\/30\/weisswurstsalat_909","url":"https:\/\/blog.zeit.de\/rezeptor\/2008\/09\/30\/weisswurstsalat_909","name":"Weisswurstsalat - Rezeptor","isPartOf":{"@id":"https:\/\/blog.zeit.de\/rezeptor\/#website"},"datePublished":"2008-09-30T13:32:56+00:00","dateModified":"2008-09-30T13:32:56+00:00","author":{"@id":"https:\/\/blog.zeit.de\/rezeptor\/#\/schema\/person\/c4f0408ea5996c729d4493413dabb0ba"},"breadcrumb":{"@id":"https:\/\/blog.zeit.de\/rezeptor\/2008\/09\/30\/weisswurstsalat_909#breadcrumb"},"inLanguage":"de","potentialAction":[{"@type":"ReadAction","target":["https:\/\/blog.zeit.de\/rezeptor\/2008\/09\/30\/weisswurstsalat_909"]}]},{"@type":"BreadcrumbList","@id":"https:\/\/blog.zeit.de\/rezeptor\/2008\/09\/30\/weisswurstsalat_909#breadcrumb","itemListElement":[{"@type":"ListItem","position":1,"name":"Startseite","item":"https:\/\/blog.zeit.de\/rezeptor"},{"@type":"ListItem","position":2,"name":"Weisswurstsalat"}]},{"@type":"WebSite","@id":"https:\/\/blog.zeit.de\/rezeptor\/#website","url":"https:\/\/blog.zeit.de\/rezeptor\/","name":"Rezeptor","description":"Das Blog f\u00fcr alltagstaugliches Kochen","potentialAction":[{"@type":"SearchAction","target":{"@type":"EntryPoint","urlTemplate":"https:\/\/blog.zeit.de\/rezeptor\/?s={search_term_string}"},"query-input":"required name=search_term_string"}],"inLanguage":"de"},{"@type":"Person","@id":"https:\/\/blog.zeit.de\/rezeptor\/#\/schema\/person\/c4f0408ea5996c729d4493413dabb0ba","name":"Thorsten Lange","image":{"@type":"ImageObject","inLanguage":"de","@id":"https:\/\/blog.zeit.de\/rezeptor\/#\/schema\/person\/image\/","url":"https:\/\/secure.gravatar.com\/avatar\/85379d51ec9d21c64deb1b65a642bd35dcec9ebc7a65ccb1d3d06a64f507fad2?s=96&d=mm&r=g","contentUrl":"https:\/\/secure.gravatar.com\/avatar\/85379d51ec9d21c64deb1b65a642bd35dcec9ebc7a65ccb1d3d06a64f507fad2?s=96&d=mm&r=g","caption":"Thorsten Lange"},"url":"https:\/\/blog.zeit.de\/rezeptor\/author\/thorsten-lange"}]}},"jetpack_featured_media_url":"","jetpack_sharing_enabled":true,"_links":{"self":[{"href":"https:\/\/blog.zeit.de\/rezeptor\/wp-json\/wp\/v2\/posts\/909","targetHints":{"allow":["GET"]}}],"collection":[{"href":"https:\/\/blog.zeit.de\/rezeptor\/wp-json\/wp\/v2\/posts"}],"about":[{"href":"https:\/\/blog.zeit.de\/rezeptor\/wp-json\/wp\/v2\/types\/post"}],"author":[{"embeddable":true,"href":"https:\/\/blog.zeit.de\/rezeptor\/wp-json\/wp\/v2\/users\/95"}],"replies":[{"embeddable":true,"href":"https:\/\/blog.zeit.de\/rezeptor\/wp-json\/wp\/v2\/comments?post=909"}],"version-history":[{"count":0,"href":"https:\/\/blog.zeit.de\/rezeptor\/wp-json\/wp\/v2\/posts\/909\/revisions"}],"wp:attachment":[{"href":"https:\/\/blog.zeit.de\/rezeptor\/wp-json\/wp\/v2\/media?parent=909"}],"wp:term":[{"taxonomy":"category","embeddable":true,"href":"https:\/\/blog.zeit.de\/rezeptor\/wp-json\/wp\/v2\/categories?post=909"},{"taxonomy":"post_tag","embeddable":true,"href":"https:\/\/blog.zeit.de\/rezeptor\/wp-json\/wp\/v2\/tags?post=909"}],"curies":[{"name":"wp","href":"https:\/\/api.w.org\/{rel}","templated":true}]}}