{"id":1402,"date":"2010-09-09T17:30:12","date_gmt":"2010-09-09T15:30:12","guid":{"rendered":"http:\/\/blog.zeit.de\/schueler\/?p=1402"},"modified":"2015-02-13T15:32:16","modified_gmt":"2015-02-13T14:32:16","slug":"thema-deutschland-1949-1990","status":"publish","type":"post","link":"https:\/\/blog.zeit.de\/schueler\/2010\/09\/09\/thema-deutschland-1949-1990\/","title":{"rendered":"Ost- und Westdeutschland (1949-1990)"},"content":{"rendered":"<h6><a href=\"https:\/\/blog.zeit.de\/schueler\/files\/2010\/09\/Berlin-Ost-West-540.jpg\"><img loading=\"lazy\" decoding=\"async\" class=\"alignleft size-full wp-image-4985\" title=\"Berlin-Ost-West-540\" src=\"https:\/\/blog.zeit.de\/schueler\/files\/2010\/09\/Berlin-Ost-West-540.jpg\" alt=\"\" width=\"540\" height=\"405\" srcset=\"https:\/\/blog.zeit.de\/schueler\/files\/2010\/09\/Berlin-Ost-West-540.jpg 540w, https:\/\/blog.zeit.de\/schueler\/files\/2010\/09\/Berlin-Ost-West-540-300x225.jpg 300w\" sizes=\"auto, (max-width: 540px) 100vw, 540px\" \/><\/a><\/h6>\n<h6>Ost- und Westdeutsche Polizisten stehen einander an einer Grenzmarkierung gegen\u00fcber, zirka 1955. (\u00a9 Three Lions\/Hulton Archive\/Getty Images)<\/h6>\n<p>Der Zweite Weltkrieg hatte am 8. Mai 1945 mit der bedingungslosen Kapitulation der Deutschen Wehrmacht geendet. Das Land war nun zwischen den Siegerm\u00e4chten USA, Gro\u00dfbritannien, Frankreich und der Sowjetunion in vier Besatzungszonen aufgeteilt, auch die Hauptstadt Berlin wurde in vier Sektoren geteilt. Im Zeichen des erstarkenden <a href=\"http:\/\/www.hdg.de\/lemo\/html\/Nachkriegsjahre\/EntstehungZweierDeutscherStaaten\/derKalteKrieg.html\" target=\"_blank\">Ost-West-Konflikts<\/a> kam es 1949 schlie\u00dflich zur Gr\u00fcndung zweier neuer deutscher Staaten: Der <strong>Bundesrepublik Deutschland<\/strong> (BRD) in den ehemaligen West-Besatzungszonen und der <strong>Deutschen Demokratischen Republik<\/strong> (DDR) in der ehemaligen Ost-Besatzungszone. Es dauerte jedoch noch bis 1972, dem Jahr in dem der <a href=\"http:\/\/www.hdg.de\/lemo\/html\/DasGeteilteDeutschland\/KontinuitaetUndWandel\/NeueOstpolitik\/grundlagenvertrag.html\" target=\"_blank\">Grundlagenvertrag<\/a> abgeschlossen wurde, bis die beiden deutschen Staaten sich gegenseitig auch als souver\u00e4ne Staaten anerkannten.<\/p>\n<p><a name=\"artikel\"><\/a>Die Staaten unterschieden sich deutlich in ihrer politischen und wirtschaftlichen Ausrichtung: W\u00e4hrend in der BRD mit dem Wiederaufbau das &#8222;Wirtschaftswunder&#8220; begann, wurde in der DDR der <a href=\"http:\/\/de.wikipedia.org\/wiki\/Sozialismus\">Sozialismus<\/a> installiert. SPD und KPD wurden zwangsvereinigt zur Sozialistischen Einheitspartei Deutschlands (SED). In der neu geschaffenen Volkskammer wurde Wilhelm Pieck zum Staatspr\u00e4sidenten und Otto Grotewohl zum Ministerpr\u00e4sidenten gew\u00e4hlt, die entscheidende Macht hatte jedoch Walter Ulbricht inne, der Generalsekret\u00e4r der SED. In der BRD fanden im Herbst 1949 die Wahlen zum ersten Deutschen Bundestag statt, bei denen die CDU\/CSU die st\u00e4rkste Fraktion wurde. Konrad Adenauer wurde zum Bundeskanzler, Theodor Heuss zum Bundespr\u00e4sidenten gew\u00e4hlt.<\/p>\n<p>In der BRD kommt in den sechziger Jahren die Studentenbewegung bzw. 68er-Bewegung auf: Verschiedene pazifistische, antiautorit\u00e4re, emanzipatorische und antikapitalistische Bewegungen bestimmen die \u00d6ffentlichkeit. Die linksextreme Rote Armee Fraktion (RAF) ver\u00fcbte in den Siebzigern mehrere Terroranschl\u00e4ge. Aus der 68er-Bewegung entstanden die <a href=\"http:\/\/www.bpb.de\/wissen\/06182920075052092624361933117076,0,0,Neue_soziale_Bewegungen.html#art0\" target=\"_blank\">Neuen Sozialen Bewegungen<\/a>, aus deren \u00d6kologiebewegung in den achtziger Jahren die Gr\u00fcnen als neue Partei hervorgingen.<\/p>\n<p>In der DDR versuchen die B\u00fcrger mehrmals, sich gegen die SED-Diktatur zu wehren: Am 17. Juni 1953 protestieren sie in einem Volksaufstand gegen die Versch\u00e4rfung der Arbeitsbedingungen. Doch ihre Lage verbessert sich zun\u00e4chst nicht, 1961 werden die Grenzen zwischen DDR und BRD durch den Bau der Berliner Mauer noch undurchl\u00e4ssiger. Erst die ebenfalls friedlichen Proteste der Montagsdemonstrationen \u00fcber drei\u00dfig Jahre sp\u00e4ter f\u00fchren zum Sturz des SED-Regimes. Im Jahr 1990 kommt es schlie\u00dflich zur <a href=\"https:\/\/blog.zeit.de\/schueler\/2010\/07\/12\/thema-deutschland-198990\/\">Wiedervereinigung der beiden deutschen Staaten<\/a>.<\/p>\n<p><a name=\"dossier\"><\/a><br \/>\n<a href=\"#artikel\">Zur\u00fcck zum Artikelanfang springen<\/a><\/p>\n<h3><strong>Der Weg zur deutschen Einheit: Ausgew\u00e4hlte Artikel und Materialien zum Thema<\/strong><\/h3>\n<h3><strong>Deutsche Teilung<\/strong><\/h3>\n<p><a href=\" http:\/\/www.zeit.de\/zeit-geschichte\/2009\/01\/bg-zeit-geschichte\">BRD und DDR \u2013 doppelte Geschichte<\/a> (ZEIT ONLINE, 4.9.2009)<br \/>\n<em>Wie sich die beiden deutschen Staaten parallel entwickelten, zeigt diese Bildergalerie.<\/em><\/p>\n<p><a href=\"http:\/\/www.zeit.de\/zeit-geschichte\/2009\/01\/Adenauer-Ulbricht\">Staatschefs der ersten Stunde \u2013 der Diktator und der Patriarch<\/a> (DIE ZEIT Nr. 1\/2009)<br \/>\n<em>Walter Ulbricht verk\u00f6rperte den SED-Staat, Konrad Adenauer die fr\u00fche Bundesrepublik. In vieler Hinsicht waren die beiden M\u00e4nner so gegens\u00e4tzlich wie die politischen Systeme, denen sie dienten \u2013 doch sie hatten auch manches gemeinsam.<\/em><\/p>\n<p><a href=\"http:\/\/www.zeit.de\/reden\/die_historische_rede\/200232_potsdamer_konferenz\">Das Potsdamer Abkommen<\/a> (DIE ZEIT Nr. 32\/2003)<br \/>\n<em>Die Siegerm\u00e4chte beschlossen auf der Potsdamer Konferenz nicht nur die Teilung Deutschlands in die vier Besatzungszonen, sondern auch die zu zahlenden Reparationen sowie die Entmilitarisierung und Entnazifizierung. Hier finden Sie den Beschluss im Wortlaut.<\/em><\/p>\n<p><a href=\"http:\/\/www.zeit.de\/online\/2009\/19\/bg-60-jahre\">Sechzig Jahre Bundesrepublik Deutschland<\/a> (ZEIT ONLINE, 12.5.2009)<br \/>\n<em>Die Geschichte der Bundesrepublik, erz\u00e4hlt in einer Fotostrecke mit 45 Bildern. <\/em><\/p>\n<p><a href=\"http:\/\/www.zeit.de\/2009\/42\/DDR-Gruendung\">Gr\u00fcndung der DDR \u2013 Die Republik der Partei<\/a> (DIE ZEIT Nr. 42\/2009)<br \/>\n<em>1949 erlaubte Stalin den ostdeutschen Kommunisten die Gr\u00fcndung der DDR. Die Geschichte der DDR-Gr\u00fcndung.<\/em><\/p>\n<p><a href=\"http:\/\/www.zeit.de\/politik\/deutschland\/2009-09\/bg-konrad-r-mueller\">Die deutschen Bundeskanzler<\/a> (ZEIT ONLINE, 10.11.2009)<br \/>\n<em>Wer regierte wann? Eine Fotostrecke stellt alle Bundeskanzler vor <\/em>\u2013<em> und die erste Bundeskanzlerin.<\/em><\/p>\n<p><a href=\"http:\/\/www.zeit.de\/2009\/46\/L-SM-Fuehrer\">DDR-Geschichte \u2013 Wei\u00dfer Rabe im Unrechtsstaat<\/a> (DIE ZEIT Nr. 46\/2009)<br \/>\n<em>Christian F\u00fchrer, der als Pfarrer der Leipziger Nikolaikirche das Gelingen der Revolution bef\u00f6rderte, erz\u00e4hlt vom Leben in der DDR.<\/em><\/p>\n<p><a href=\"http:\/\/www.zeit.de\/feature\/stasi-akten-akteneinsicht-biografien\" target=\"_blank\">Die Stasi lebt<\/a> (ZEIT ONLINE 28.01.2015)<br \/>\n<em>Aufgebrachte B\u00fcrger st\u00fcrmten vor 25 Jahren die Zentralen der DDR-Staatssicherheit. Bis heute ver\u00e4ndern die Spitzel-Akten das Leben von Menschen radikal.\u00a0<\/em><\/p>\n<p><a href=\"http:\/\/www.zeit.de\/wissen\/geschichte\/2015-02\/ddr-plakate-kunst-ausstellung-fs\" target=\"_blank\">Mit einem Hauch Propaganda<\/a> (ZEIT ONLINE 05.02.2015)<em><br \/>\nUnter Aufsicht und mit knappen Materialien schufen Grafiker in der DDR bemerkenswerte Plakatkunst. Entstanden ist ein Mosaik aus Politik, Propaganda, Wissenschaft, Kultur und Lebensgef\u00fchl, das ein buntes Portr\u00e4t von Staat und Gesellschaft zeichnet. Auch macht es deutlich, was sich mit den Jahren ver\u00e4ndert hat: St\u00fcck f\u00fcr St\u00fcck schlugen sich neue Freiheiten f\u00fcr die Bev\u00f6lkerung in der Kunst nieder.<br \/>\n<\/em><\/p>\n<h3><strong>Wirtschaftswunder und Wirtschaftskrise<\/strong><\/h3>\n<p><a href=\"http:\/\/www.zeit.de\/zeit-geschichte\/2009\/01\/Wirtschaft\">Die wirtschaftliche Entwicklung in Ost und West \u2013 Leistung, Leistung, Leistung!<\/a> (DIE ZEIT Nr. 1\/2009)<br \/>\n<em>Im Westen wuchs nach dem Krieg mit dem Bruttosozialprodukt das Selbstbewusstsein. Im Osten gab es ein Industriewunder \u2013 aber keine Schokolade<\/em><\/p>\n\n<div class=\"embed-wrapper embed-wrapper--blocked js-embed-consent\" data-method=\"embed\">\n<script class=\"raw__source\" type=\"text\/template\"><iframe loading=\"lazy\" title=\"Fall Deutschland - Teil 1 (1von5) - Das Wirtschaftswunder\" width=\"640\" height=\"360\" src=\"https:\/\/www.youtube-nocookie.com\/embed\/Efzh0UsbqA8?feature=oembed\" frameborder=\"0\" allow=\"accelerometer; autoplay; clipboard-write; encrypted-media; gyroscope; picture-in-picture; web-share\" referrerpolicy=\"strict-origin-when-cross-origin\" allowfullscreen><\/iframe><\/script>\n<div class=\"embed-wrapper__inner\">\n<div class=\"embed-wrapper__text\">\n<h3>Empfohlener redaktioneller Inhalt<\/h3>\n<p data-replace=\"no\">An dieser Stelle finden Sie externen Inhalt, der den Artikel erg\u00e4nzt. Sie k\u00f6nnen sich externe Inhalte mit einem Klick anzeigen lassen und wieder ausblenden.<noscript>Bitte aktivieren Sie JavaScript damit Sie diesen Inhalt anzeigen k\u00f6nnen.<\/noscript><\/p>\n<\/div>\n<div class=\"embed-consent\">\n<label class=\"embed-consent__toggle\">\n<input class=\"js-embed-consent__toggle\" type=\"checkbox\" autocomplete=\"off\">\n<span><\/span>\nExterner Inhalt\n<\/label>\n<a href=\"https:\/\/www.zeit.de\/hilfe\/datenschutz\" target=\"_blank\" class=\"embed-consent__datalink-when-active\">Datenschutzerkl\u00e4rung<\/a>\n<\/div>\n<div class=\"embed-wrapper__footer\">\n<p data-replace=\"no\">\nIch bin damit einverstanden, dass mir externe Inhalte angezeigt werden. Damit k\u00f6nnen personenbezogene Daten an Drittplattformen \u00fcbermittelt werden. <a href=\"https:\/\/www.zeit.de\/hilfe\/datenschutz\" target=\"_blank\">Mehr dazu in unserer Datenschutzerkl\u00e4rung.<\/a>\n<\/p>\n<\/div>\n<\/div>\n<\/div>\n<p><a href=\"http:\/\/www.youtube.com\/watch?v=Efzh0UsbqA8\" target=\"_blank\">Das Wirtschaftswunder<\/a> (Dokumentarfilm, ZDF, YouTube)<br \/>\n<em>Es sind die Jahre des unbek\u00fcmmerten Geldausgebens, als Adenauer die dynamische Rente einf\u00fchrt, ein Gef\u00fchl grenzenlosen Wachstums herrscht damals vor <\/em>\u2013<em> das deutsche Wirtschaftswunder der 1950er und 1960er Jahre.<\/em><\/p>\n<p><a href=\"http:\/\/www.zeit.de\/1998\/48\/Der_Stillstand_der_ein_Fortschritt_war\">\u00d6lkrise 1973 \u2013 Der Stillstand, der ein Fortschritt war<\/a> (DIE ZEIT Nr. 48\/1998)<br \/>\n<em>Zwischen \u00d6lkrise und neuer Lebensqualit\u00e4t: Eine Erinnerung an die autofreien Sonntage im Herbst 1973.<\/em><\/p>\n<h3><strong>Kalter Krieg<\/strong><\/h3>\n<p>Der Begriff Kalter Krieg bezeichnet die Phase ab dem Ende des Zweiten Weltkriegs bis zum Zusammenbruch der Sowjetunion. Im Kalten Krieg standen sich zwei Lager gegen\u00fcber: die USA und ihre Verb\u00fcndeten einerseits und die Sowjetunion und ihre Verb\u00fcndeten andererseits. Er hei\u00dft <strong>Kalter<\/strong> Krieg, da die USA und die Sowjetunion nie direkt gegeneinander Krieg f\u00fchrten. Stattdessen gab es mehrere Stellvertreterkriege. Die Sowjetunion kritisierte die kapitalistische Politik der USA. Die Haltung der USA war anti-kommunistisch. Der Grund f\u00fcr den Kalten Krieg war also ein Konflikt zwischen zwei Ideologien: <a href=\"http:\/\/www.bpb.de\/popup\/popup_lemmata.html?guid=9378UR\" target=\"_blank\">Kapitalismus<\/a> und <a href=\"http:\/\/www.bpb.de\/popup\/popup_lemmata.html?guid=3ifhyh\" target=\"_blank\">Kommunismus<\/a>. Gleichzeitig fand zwischen den USA und der Sowjetunion \u00fcber Jahrzehnte ein Wettr\u00fcsten statt. Aber keiner der Staaten wollte einen direkten Krieg. Denn beide Seiten hatten Atomwaffen und f\u00fcrchteten sich davor, dass die andere Seite sie einsetzen w\u00fcrde.<\/p>\n<p><a href=\"http:\/\/www.bpb.de\/publikationen\/IMJB9F,0,0,Politische_Kultur_im_Kalten_Krieg.html\" target=\"_blank\">Politische Kultur im Kalten Krieg <\/a>(Bundeszentrale f\u00fcr politische Bildung)<br \/>\n<em>In dieser Publikation finden Sch\u00fcler mehrere Artikel, die beschreiben, wie der Gegensatz von Kapitalismus und Kommunismus die politische Kultur und die Filmkultur auf beiden Seiten beeinflusste.<\/em><\/p>\n<p><a href=\"http:\/\/www.radioeins.de\/programm\/sendungen\/eins_am_vormittag\/geschichte_in_augenblicken\/warschauer_pakt.html\" target=\"_blank\">Geschichte in Augenblicken \u2013 Warschauer Pakt <\/a>(radioeins)<br \/>\n<em>Der Warschauer Pakt war das Gegenst\u00fcck zur Nato. In ihm waren die Sowjetunion und ihre verb\u00fcndeten Staaten organisiert. Dieser Podcast erl\u00e4utert die Entstehungsgeschichte des Warschauer Paktes.<\/em><\/p>\n<p><a href=\"http:\/\/www.zeit.de\/wissen\/geschichte\/2011-06\/antarktisvertrag-geschichte\" target=\"_blank\">Der Frieden am S\u00fcdpol<\/a> (ZEIT ONLINE, 23.06.2011)<br \/>\n<em>Im Kalten Krieg ging es auch um die Aufteilung der Antarktis. Mit dem Antarktisvertrag von 1961 wurde der k\u00e4lteste Ort der Welt mitten im Kalten Krieg zur ersten kernwaffenfreien Zone. Im Wettr\u00fcsten zwischen USA und Sowjetunion hatte es erstmals einen Stopp gegeben. <\/em><\/p>\n<p><a href=\"http:\/\/www.zeit.de\/2010\/37\/Chruschtschows-Schuh\" target=\"_blank\">Schlug er zu? <\/a>(DIE ZEIT, 27\/2009)<em><br \/>\nDass der Kalte Krieg eine hitzige Auseinandersetzung war, zeigen die Mythen, die damit verbunden sind. Nikita Chruschtschow, der ehemalige russische Regierungschef, soll vor der Vollversammlung der UN einmal mit seinem Schuh auf den Tisch eingeschlagen haben. Doch stimmt die Geschichte?<\/em><\/p>\n<p><a href=\"http:\/\/www.zeit.de\/wissen\/geschichte\/2010-03\/gorbatschow-sowjetunion\/seite-1\" target=\"_blank\">Wer zu sp\u00e4t kommt, den bestraft das Leben<\/a> (ZEIT ONLINE, 11.03.2010)<em><br \/>\nIm Westen wird Michail Gorbatschow, der ehemalige Pr\u00e4sident der Sowjetunion, f\u00fcr seine Reformpolitik gefeiert. Im heutigen Russland ist er jedoch nicht ann\u00e4hernd so beliebt. Warum das so ist, erkl\u00e4rt Hellmuth <\/em><\/p>\n<h3><strong>Studentenbewegung und Rote Armee Fraktion <\/strong><\/h3>\n<p><em><a href=\"http:\/\/www.zeit.de\/2004\/03\/P-Dutschke\">Rudi Dutschke \u2013 Ein Rebell, der zum Idol wurde<\/a> (DIE ZEIT Nr. 3\/2004)<br \/>\n<em>Kein Zweifel \u2013 niemand anders hat der 68er-Bewegung so sehr ihren Stempel aufgedr\u00fcckt wie Rudi Dutschke. Eine Biografie kl\u00e4rt die Widerspr\u00fcche des Studentenf\u00fchrers.<\/em><\/em><\/p>\n<p><em>http:\/\/www.youtube.com\/watch?v=jr1274QG3K0<br \/>\n<a href=\"http:\/\/www.youtube.com\/watch?v=jr1274QG3K0\">Der Deutsche Herbst \u2013 Chronik des RAF-Terrors 1977<\/a> (Dokumentarfilm, Bayerischer Rundfunk, YouTube)<\/em><\/p>\n<p><em><a href=\"http:\/\/www.zeit.de\/2007\/12\/Antwort-Reemtsma\">RAF \u2013 D\u00e4monisierung des Terrors<\/a> (DIE ZEIT Nr. 12\/2007)<br \/>\n<em>Die Taten der RAF waren von sinnloser Brutalit\u00e4t. Doch wer sie blo\u00df als Ausdruck einer &#8222;Lust an Gewalt&#8220; betrachtet, der verfehlt das Ph\u00e4nomen des Terrorismus und leistet seiner Entpolitisierung Vorschub, schreibt ein ZEIT-Autor. <\/em><\/em><\/p>\n<h3><strong>Neue politische Parteien<\/strong><\/h3>\n<p><em><a href=\"http:\/\/www.zeit.de\/politik\/deutschland\/2009-12\/sed-pds\">Von der SED zur Linkspartei \u2013 Auferstanden aus Ruinen<\/a> (ZEIT ONLINE, 8.12.2009)<br \/>\n<em>Im Dezember 1989 rettete sich die SED als PDS in die neue Zeit \u2013 die West-Ausdehnung schaffte sie nicht allein.<\/em><\/em><\/p>\n<p><em><a href=\"http:\/\/www.zeit.de\/2008\/08\/Linkspartei-Kasten\">Geschichte der Linkspartei<\/a> (DIE ZEIT Nr. 8\/2008)<br \/>\n<em>Infokasten zur Geschichte der PDS\/Linkspartei.<\/em><\/em><\/p>\n<p><em><a href=\"http:\/\/www.zeit.de\/1994\/45\/Links-sind-nur-wir-Bloss-keine-Naehe\">PDS und SPD \u2013 Umarmen oder bek\u00e4mpfen? <\/a> (DIE ZEIT Nr. 45\/1994)<br \/>\n<em>Anfang der Neunziger stellt sich f\u00fcr die SPD die Frage, wie sie mit der postkommunistischen PDS umgehen sollen.<\/em><\/em><\/p>\n<p><em><a href=\"http:\/\/www.zeit.de\/1993\/21\/Falscher-Friede\">Gr\u00fcne aus Ost und West \u2013 Falscher Friede<\/a> (DIE ZEIT Nr. 1993\/21)<br \/>\n<em>Als die westdeutschen Gr\u00fcnen 1993 mit dem ostdeutschen B\u00fcndnis90 fusionierten, prophezeite der ZEIT-Autor noch, die neue Partei k\u00f6nnte schnell langweilig werden.<\/em><\/em><\/p>\n<p><em><a href=\"http:\/\/www.zeit.de\/politik\/deutschland\/2010-01\/gruene-jubilaeum-koalition\">Gr\u00fcnen-Jubil\u00e4um \u2013 Umschw\u00e4rmte Gr\u00fcne feiern sich selbst<\/a> (ZEIT ONLINE, 11.1.2010)<br \/>\n<em>Beim Regieren sind sie aus der \u00dcbung geraten, dennoch werden sie von allen Parteien umworben: Die Gr\u00fcnen feiern ihren 30. Geburtstag.<\/em><\/em><\/p>\n<p>Sie m\u00f6chten noch mehr Lesestoff?\u00a0<a href=\"http:\/\/www.zeit.de\/suche\/index\">Hier k\u00f6nnen Sie das Archiv von ZEIT und ZEIT ONLINE durchsuchen<\/a><\/p>\n<p><a href=\"https:\/\/blog.zeit.de\/schueler\/geschichte\/\">Zur\u00fcck zur \u00dcbersicht.<\/a><\/p>\n<p><em><br \/>\n<\/em><\/p>\n","protected":false},"excerpt":{"rendered":"<p>Ost- und Westdeutsche Polizisten stehen einander an einer Grenzmarkierung gegen\u00fcber, zirka 1955. (\u00a9 Three Lions\/Hulton Archive\/Getty Images) Der Zweite Weltkrieg hatte am 8. Mai 1945 mit der bedingungslosen Kapitulation der Deutschen Wehrmacht geendet. Das Land war nun zwischen den Siegerm\u00e4chten USA, Gro\u00dfbritannien, Frankreich und der Sowjetunion in vier Besatzungszonen aufgeteilt, auch die Hauptstadt Berlin wurde [&hellip;]<\/p>\n","protected":false},"author":192,"featured_media":0,"comment_status":"open","ping_status":"open","sticky":false,"template":"","format":"standard","meta":{"_jetpack_memberships_contains_paid_content":false,"footnotes":""},"categories":[2632,16],"tags":[20178,20189,20183,20188,20177,929,20394,20575,20171,20172,20508,20184,20392,20393,20187,20585,20186,20174,20175,20193,20169,20176,20190,20180,20191,20192,20173,20170,20182,20181,20185,20391],"class_list":["post-1402","post","type-post","status-publish","format-standard","hentry","category-bundesrepublik-deutschland-1949-1990","category-allgemein","tag-68er","tag-checkpoint-charlie","tag-das-potsdamer-abkommen","tag-der-kalte-krieg","tag-deutscher-herbst","tag-die-grunen","tag-erorterung","tag-allgemein","tag-geschichte-berliner-mauer","tag-geschichte-ddr-brd","tag-geschichtsunterricht","tag-grundung-der-ddr","tag-hausaufgaben","tag-inhaltsangaben","tag-kapitalismus-kommunismus","tag-literatur","tag-olkrise-1973-geschichte","tag-ost-west-konflikt","tag-ostdeutschland-westdeutschland","tag-pds","tag-referat-geschichte-deutsche-teilung-ddr-brd","tag-rote-armee-fraktion","tag-rudi-dutschke","tag-sed-diktatur-ddr-geschichte","tag-studentenrevolution","tag-terrorismus-in-deutschland","tag-transit","tag-unterrichtsmaterial-deutsche-teilung-ddr-brd","tag-walter-ulbricht","tag-wiedervereinigung-geschichte","tag-wirtschaftswunder-deutschland-geschichte","tag-zusammenfassung"],"yoast_head":"<!-- This site is optimized with the Yoast SEO plugin v21.0 - https:\/\/yoast.com\/wordpress\/plugins\/seo\/ -->\n<title>Ost- und Westdeutschland (1949-1990) - Lernplattform<\/title>\n<meta name=\"robots\" content=\"index, follow, max-snippet:-1, max-image-preview:large, max-video-preview:-1\" \/>\n<link rel=\"canonical\" href=\"https:\/\/blog.zeit.de\/schueler\/2010\/09\/09\/thema-deutschland-1949-1990\/\" \/>\n<meta property=\"og:locale\" content=\"de_DE\" \/>\n<meta property=\"og:type\" content=\"article\" \/>\n<meta property=\"og:title\" content=\"Ost- und Westdeutschland (1949-1990) - Lernplattform\" \/>\n<meta property=\"og:description\" content=\"Ost- und Westdeutsche Polizisten stehen einander an einer Grenzmarkierung gegen\u00fcber, zirka 1955. (\u00a9 Three Lions\/Hulton Archive\/Getty Images) Der Zweite Weltkrieg hatte am 8. Mai 1945 mit der bedingungslosen Kapitulation der Deutschen Wehrmacht geendet. Das Land war nun zwischen den Siegerm\u00e4chten USA, Gro\u00dfbritannien, Frankreich und der Sowjetunion in vier Besatzungszonen aufgeteilt, auch die Hauptstadt Berlin wurde [&hellip;]\" \/>\n<meta property=\"og:url\" content=\"https:\/\/blog.zeit.de\/schueler\/2010\/09\/09\/thema-deutschland-1949-1990\/\" \/>\n<meta property=\"og:site_name\" content=\"Lernplattform\" \/>\n<meta property=\"article:published_time\" content=\"2010-09-09T15:30:12+00:00\" \/>\n<meta property=\"article:modified_time\" content=\"2015-02-13T14:32:16+00:00\" \/>\n<meta property=\"og:image\" content=\"https:\/\/blog.zeit.de\/schueler\/files\/2010\/09\/Berlin-Ost-West-540.jpg\" \/>\n<meta name=\"author\" content=\"Frida Thurm\" \/>\n<meta name=\"twitter:label1\" content=\"Geschrieben von\" \/>\n\t<meta name=\"twitter:data1\" content=\"Frida Thurm\" \/>\n\t<meta name=\"twitter:label2\" content=\"Gesch\u00e4tzte Lesezeit\" \/>\n\t<meta name=\"twitter:data2\" content=\"7\u00a0Minuten\" \/>\n<script type=\"application\/ld+json\" class=\"yoast-schema-graph\">{\"@context\":\"https:\/\/schema.org\",\"@graph\":[{\"@type\":\"WebPage\",\"@id\":\"https:\/\/blog.zeit.de\/schueler\/2010\/09\/09\/thema-deutschland-1949-1990\/\",\"url\":\"https:\/\/blog.zeit.de\/schueler\/2010\/09\/09\/thema-deutschland-1949-1990\/\",\"name\":\"Ost- und Westdeutschland (1949-1990) - Lernplattform\",\"isPartOf\":{\"@id\":\"https:\/\/blog.zeit.de\/schueler\/#website\"},\"datePublished\":\"2010-09-09T15:30:12+00:00\",\"dateModified\":\"2015-02-13T14:32:16+00:00\",\"author\":{\"@id\":\"https:\/\/blog.zeit.de\/schueler\/#\/schema\/person\/4477783f6f24d60303b090f4e92798a6\"},\"breadcrumb\":{\"@id\":\"https:\/\/blog.zeit.de\/schueler\/2010\/09\/09\/thema-deutschland-1949-1990\/#breadcrumb\"},\"inLanguage\":\"de\",\"potentialAction\":[{\"@type\":\"ReadAction\",\"target\":[\"https:\/\/blog.zeit.de\/schueler\/2010\/09\/09\/thema-deutschland-1949-1990\/\"]}]},{\"@type\":\"BreadcrumbList\",\"@id\":\"https:\/\/blog.zeit.de\/schueler\/2010\/09\/09\/thema-deutschland-1949-1990\/#breadcrumb\",\"itemListElement\":[{\"@type\":\"ListItem\",\"position\":1,\"name\":\"Startseite\",\"item\":\"https:\/\/blog.zeit.de\/schueler\/\"},{\"@type\":\"ListItem\",\"position\":2,\"name\":\"Ost- und Westdeutschland (1949-1990)\"}]},{\"@type\":\"WebSite\",\"@id\":\"https:\/\/blog.zeit.de\/schueler\/#website\",\"url\":\"https:\/\/blog.zeit.de\/schueler\/\",\"name\":\"Lernplattform\",\"description\":\"Die besten Texte, Videos und Links f\u00fcr den Unterricht zur Verf\u00fcgung gestellt von ZEIT f\u00fcr die Schule\",\"potentialAction\":[{\"@type\":\"SearchAction\",\"target\":{\"@type\":\"EntryPoint\",\"urlTemplate\":\"https:\/\/blog.zeit.de\/schueler\/?s={search_term_string}\"},\"query-input\":\"required name=search_term_string\"}],\"inLanguage\":\"de\"},{\"@type\":\"Person\",\"@id\":\"https:\/\/blog.zeit.de\/schueler\/#\/schema\/person\/4477783f6f24d60303b090f4e92798a6\",\"name\":\"Frida Thurm\",\"image\":{\"@type\":\"ImageObject\",\"inLanguage\":\"de\",\"@id\":\"https:\/\/blog.zeit.de\/schueler\/#\/schema\/person\/image\/\",\"url\":\"https:\/\/secure.gravatar.com\/avatar\/f588c6f2f462fd1d06ebb531523718f9b0ca0e27584f0d22cb34e0cf1cf4c72e?s=96&d=mm&r=g\",\"contentUrl\":\"https:\/\/secure.gravatar.com\/avatar\/f588c6f2f462fd1d06ebb531523718f9b0ca0e27584f0d22cb34e0cf1cf4c72e?s=96&d=mm&r=g\",\"caption\":\"Frida Thurm\"},\"description\":\"ist Redakteurin bei ZEIT ONLINE.\",\"url\":\"https:\/\/blog.zeit.de\/schueler\/author\/frida-thurm\/\"}]}<\/script>\n<!-- \/ Yoast SEO plugin. -->","yoast_head_json":{"title":"Ost- und Westdeutschland (1949-1990) - Lernplattform","robots":{"index":"index","follow":"follow","max-snippet":"max-snippet:-1","max-image-preview":"max-image-preview:large","max-video-preview":"max-video-preview:-1"},"canonical":"https:\/\/blog.zeit.de\/schueler\/2010\/09\/09\/thema-deutschland-1949-1990\/","og_locale":"de_DE","og_type":"article","og_title":"Ost- und Westdeutschland (1949-1990) - Lernplattform","og_description":"Ost- und Westdeutsche Polizisten stehen einander an einer Grenzmarkierung gegen\u00fcber, zirka 1955. (\u00a9 Three Lions\/Hulton Archive\/Getty Images) Der Zweite Weltkrieg hatte am 8. Mai 1945 mit der bedingungslosen Kapitulation der Deutschen Wehrmacht geendet. Das Land war nun zwischen den Siegerm\u00e4chten USA, Gro\u00dfbritannien, Frankreich und der Sowjetunion in vier Besatzungszonen aufgeteilt, auch die Hauptstadt Berlin wurde [&hellip;]","og_url":"https:\/\/blog.zeit.de\/schueler\/2010\/09\/09\/thema-deutschland-1949-1990\/","og_site_name":"Lernplattform","article_published_time":"2010-09-09T15:30:12+00:00","article_modified_time":"2015-02-13T14:32:16+00:00","og_image":[{"url":"https:\/\/blog.zeit.de\/schueler\/files\/2010\/09\/Berlin-Ost-West-540.jpg"}],"author":"Frida Thurm","twitter_misc":{"Geschrieben von":"Frida Thurm","Gesch\u00e4tzte Lesezeit":"7\u00a0Minuten"},"schema":{"@context":"https:\/\/schema.org","@graph":[{"@type":"WebPage","@id":"https:\/\/blog.zeit.de\/schueler\/2010\/09\/09\/thema-deutschland-1949-1990\/","url":"https:\/\/blog.zeit.de\/schueler\/2010\/09\/09\/thema-deutschland-1949-1990\/","name":"Ost- und Westdeutschland (1949-1990) - Lernplattform","isPartOf":{"@id":"https:\/\/blog.zeit.de\/schueler\/#website"},"datePublished":"2010-09-09T15:30:12+00:00","dateModified":"2015-02-13T14:32:16+00:00","author":{"@id":"https:\/\/blog.zeit.de\/schueler\/#\/schema\/person\/4477783f6f24d60303b090f4e92798a6"},"breadcrumb":{"@id":"https:\/\/blog.zeit.de\/schueler\/2010\/09\/09\/thema-deutschland-1949-1990\/#breadcrumb"},"inLanguage":"de","potentialAction":[{"@type":"ReadAction","target":["https:\/\/blog.zeit.de\/schueler\/2010\/09\/09\/thema-deutschland-1949-1990\/"]}]},{"@type":"BreadcrumbList","@id":"https:\/\/blog.zeit.de\/schueler\/2010\/09\/09\/thema-deutschland-1949-1990\/#breadcrumb","itemListElement":[{"@type":"ListItem","position":1,"name":"Startseite","item":"https:\/\/blog.zeit.de\/schueler\/"},{"@type":"ListItem","position":2,"name":"Ost- und Westdeutschland (1949-1990)"}]},{"@type":"WebSite","@id":"https:\/\/blog.zeit.de\/schueler\/#website","url":"https:\/\/blog.zeit.de\/schueler\/","name":"Lernplattform","description":"Die besten Texte, Videos und Links f\u00fcr den Unterricht zur Verf\u00fcgung gestellt von ZEIT f\u00fcr die Schule","potentialAction":[{"@type":"SearchAction","target":{"@type":"EntryPoint","urlTemplate":"https:\/\/blog.zeit.de\/schueler\/?s={search_term_string}"},"query-input":"required name=search_term_string"}],"inLanguage":"de"},{"@type":"Person","@id":"https:\/\/blog.zeit.de\/schueler\/#\/schema\/person\/4477783f6f24d60303b090f4e92798a6","name":"Frida Thurm","image":{"@type":"ImageObject","inLanguage":"de","@id":"https:\/\/blog.zeit.de\/schueler\/#\/schema\/person\/image\/","url":"https:\/\/secure.gravatar.com\/avatar\/f588c6f2f462fd1d06ebb531523718f9b0ca0e27584f0d22cb34e0cf1cf4c72e?s=96&d=mm&r=g","contentUrl":"https:\/\/secure.gravatar.com\/avatar\/f588c6f2f462fd1d06ebb531523718f9b0ca0e27584f0d22cb34e0cf1cf4c72e?s=96&d=mm&r=g","caption":"Frida Thurm"},"description":"ist Redakteurin bei ZEIT ONLINE.","url":"https:\/\/blog.zeit.de\/schueler\/author\/frida-thurm\/"}]}},"jetpack_featured_media_url":"","jetpack_sharing_enabled":true,"_links":{"self":[{"href":"https:\/\/blog.zeit.de\/schueler\/wp-json\/wp\/v2\/posts\/1402","targetHints":{"allow":["GET"]}}],"collection":[{"href":"https:\/\/blog.zeit.de\/schueler\/wp-json\/wp\/v2\/posts"}],"about":[{"href":"https:\/\/blog.zeit.de\/schueler\/wp-json\/wp\/v2\/types\/post"}],"author":[{"embeddable":true,"href":"https:\/\/blog.zeit.de\/schueler\/wp-json\/wp\/v2\/users\/192"}],"replies":[{"embeddable":true,"href":"https:\/\/blog.zeit.de\/schueler\/wp-json\/wp\/v2\/comments?post=1402"}],"version-history":[{"count":30,"href":"https:\/\/blog.zeit.de\/schueler\/wp-json\/wp\/v2\/posts\/1402\/revisions"}],"predecessor-version":[{"id":6325,"href":"https:\/\/blog.zeit.de\/schueler\/wp-json\/wp\/v2\/posts\/1402\/revisions\/6325"}],"wp:attachment":[{"href":"https:\/\/blog.zeit.de\/schueler\/wp-json\/wp\/v2\/media?parent=1402"}],"wp:term":[{"taxonomy":"category","embeddable":true,"href":"https:\/\/blog.zeit.de\/schueler\/wp-json\/wp\/v2\/categories?post=1402"},{"taxonomy":"post_tag","embeddable":true,"href":"https:\/\/blog.zeit.de\/schueler\/wp-json\/wp\/v2\/tags?post=1402"}],"curies":[{"name":"wp","href":"https:\/\/api.w.org\/{rel}","templated":true}]}}