{"id":2123,"date":"2010-10-26T10:07:03","date_gmt":"2010-10-26T08:07:03","guid":{"rendered":"http:\/\/blog.zeit.de\/schueler\/?p=2123"},"modified":"2011-05-13T15:17:26","modified_gmt":"2011-05-13T13:17:26","slug":"schulabschluss-%e2%80%93-und-nun","status":"publish","type":"post","link":"https:\/\/blog.zeit.de\/schueler\/2010\/10\/26\/schulabschluss-%e2%80%93-und-nun\/","title":{"rendered":"Schulabschluss \u2013 und nun?"},"content":{"rendered":"<p><strong>\u00dcberblick:<\/strong> Den richtigen Beruf zu finden ist keine einfache Aufgabe. Es gibt viele Aspekte, die bei der Wahl helfen k\u00f6nnen: das eigene Interesse, der Schulabschluss, die k\u00fcnftige Verdiensth\u00f6he und die ganz pers\u00f6nlichen Lebensvorstellungen. Jeder Mensch setzt andere Priorit\u00e4ten und sollte diese bei der Berufswahl ber\u00fccksichtigen. <!--more--><\/p>\n<p>Eine ehrliche Einsch\u00e4tzung der eigenen F\u00e4higkeiten und Interessen ist wichtig, um sp\u00e4ter mit dem gew\u00e4hlten Beruf zufrieden zu sein. Bei den Zielen f\u00fcr die eigene Zukunft sollte man jedoch nicht nur an die Arbeit denken: Es gilt, eine Balance aus Beruf und Freizeit zu finden.<\/p>\n<p><figure id=\"attachment_2132\" aria-describedby=\"caption-attachment-2132\" style=\"width: 540px\" class=\"wp-caption alignleft\"><a href=\"http:\/\/www.photocase.com\/de\/user.asp?u=148206\"><img loading=\"lazy\" decoding=\"async\" class=\"size-full wp-image-2132 \" title=\"Schulabschluss - und nun?\" src=\"https:\/\/blog.zeit.de\/schueler\/files\/2010\/10\/photocase6k886oca51219242.jpg\" alt=\"\" width=\"540\" height=\"361\" srcset=\"https:\/\/blog.zeit.de\/schueler\/files\/2010\/10\/photocase6k886oca51219242.jpg 540w, https:\/\/blog.zeit.de\/schueler\/files\/2010\/10\/photocase6k886oca51219242-300x200.jpg 300w\" sizes=\"auto, (max-width: 540px) 100vw, 540px\" \/><\/a><figcaption id=\"caption-attachment-2132\" class=\"wp-caption-text\">Wohin soll es gehen? \u00a9 kallejipp \/ photocase.com <\/figcaption><\/figure><\/p>\n<p>Wer durch Praktika oder Gespr\u00e4che mit Freunden und Verwandten bereits mehr \u00fcber einige Berufe erfahren hat, dem f\u00e4llt die Wahl oft schon leichter. Wer etwas mehr Unterst\u00fctzung braucht, findet Beratung in den <a href=\"http:\/\/www.arbeitsagentur.de\/nn_26266\/Navigation\/zentral\/Buerger\/Zwischenzeit\/BIZ\/BIZ-Nav.html\">Berufsinformationszentren<\/a> (BIZ) der Agenturen f\u00fcr Arbeit, oder durch Pers\u00f6nlichkeits- und Eignungstests von kommerziellen Anbietern.<\/p>\n<p><strong>Artikel und Materialien zur Berufswahl:<\/strong><\/p>\n<p><a href=\"https:\/\/blog.zeit.de\/schueler\/files\/2010\/09\/1.1-Eigen_u_Fremdeinschaetzung.pdf\">Selbsteinsch\u00e4tzung &#8211; Was kann ich, was will ich?<\/a> (DIE ZEIT Abitur, und was dann? 2010\/2011, PDF)<\/p>\n<p><a href=\"https:\/\/blog.zeit.de\/schueler\/files\/2010\/09\/1.2.realistischer_Traumjob.pdf\">Wie realistisch ist mein Traumjob?<\/a> (DIE ZEIT Abitur, und was dann? 2010\/2011, PDF)<\/p>\n<p><a href=\"http:\/\/www.zeit.de\/karriere\/bewerbung\/2010-07\/ratgeber-berufsberatung\">Berufsberatung &#8211; Was soll ich nur werden?<\/a> (ZEIT ONLINE, 7.7.2010)<br \/>\n<em>Wenn Jugendliche trotz Hilfe von Eltern und Freunden bei der Berufswahl nicht weiter kommen, k\u00f6nnen Berufsberater helfen. Sie ermitteln St\u00e4rken, Schw\u00e4chen und Interessen.<\/em><\/p>\n<p><a href=\"http:\/\/www.zeit.de\/campus\/2010\/02\/berufseinsteiger-unternehmensberater\">Unternehmensberatung &#8211; Soll ich, oder soll ich nicht?<\/a> (ZEIT Campus Nr. 2\/2010)<br \/>\n<em>Ein Student \u00fcberlegt, ob Unternehmensberatung das Richtige f\u00fcr ihn ist \u2013 und befragt drei Einsteiger zu ihrem Berufsalltag.<\/em><\/p>\n<p><a href=\"http:\/\/www.zeit.de\/2008\/41\/Abi-Berufsprofiling\">Eignungstests &#8211; Der Rat der Experten<\/a> (DIE ZEIT Nr. 41\/2008)<br \/>\n<em>Ivanna Stadler, 19, Sch\u00fclerin einer 13. Klasse an einem M\u00fcnchner Gymnasium testete f\u00fcr die ZEIT drei Beratungsangebote, die ihr helfen sollen, den richtigen Weg zu finden.<\/em><\/p>\n<p><a href=\"http:\/\/www.zeit.de\/karriere\/bewerbung\/2009-09\/jugendliche-berufswahl\">Schulabg\u00e4nger neigen zu konservativer Berufswahl<\/a> (ZEIT ONLINE, 23.9.2009)<br \/>\n<em>Jugendliche sind in der Krise besonders verunsichert. Experten raten zu Berufen in Mathematik, Informatik, Naturwissenschaften und Technik.<\/em><\/p>\n<p><a href=\"http:\/\/www.zeit.de\/karriere\/2009-09\/eltern-einfluss-berufswahl\">Berufswahl &#8211; In den Fu\u00dfstapfen der Eltern<\/a> (ZEIT ONLINE, 23.9.2009)<br \/>\n<em>Eltern beeinflussen bewusst oder unbewusst ihre Kinder bei der Berufswahl. Die Erziehung hat auch Wirkung auf das sp\u00e4tere Karriereverhalten.<\/em><\/p>\n<p><a href=\"http:\/\/www.spiegel.de\/schulspiegel\/0,1518,315374,00.html\">Jugendliche &#8211; TV-Serien pr\u00e4gen die Berufswahl<\/a> (<em>Spiegel Online<\/em>, 19.02.2009)<br \/>\n<em>Bei ihren Berufsw\u00fcnschen orientieren sich Sch\u00fcler h\u00e4ufig daran, was das Fernsehen zeigt. Ob Tierarzt, Innenarchitekt oder Fallschirmspringer &#8211; vor allem Vorbilder aus Dokusoaps spielen bei der Berufswahl eine gro\u00dfe Rolle, haben belgische Forscher herausgefunden.<\/em><\/p>\n<p><a href=\"https:\/\/blog.zeit.de\/schueler\/files\/2010\/09\/5.1-Zahlen_u_Fakten.pdf\">Berufswahl &#8211; Zahlen und Fakten<\/a> (DIE ZEIT Abitur, und was dann? 2010\/2011, PDF)<br \/>\n<em>Wie viele Schulabg\u00e4nger machen eine Ausbildung, wie viele studieren? Und was verdienen sie in welchen Berufen?<\/em><\/p>\n<p><a href=\"http:\/\/www.zeit.de\/themen\/serie\/index?q=beruf-der-woche\">Beruf der Woche<\/a> (ZEIT ONLINE)<br \/>\n<em>Ob Sprengmeister, Hochzeitsplaner oder Brauer &#8211; ZEIT ONLINE stellt jede Woche einen neuen spannenden Beruf und seinen Ausbildungsweg vor.<\/em><\/p>\n","protected":false},"excerpt":{"rendered":"<p>\u00dcberblick: Den richtigen Beruf zu finden ist keine einfache Aufgabe. Es gibt viele Aspekte, die bei der Wahl helfen k\u00f6nnen: das eigene Interesse, der Schulabschluss, die k\u00fcnftige Verdiensth\u00f6he und die ganz pers\u00f6nlichen Lebensvorstellungen. Jeder Mensch setzt andere Priorit\u00e4ten und sollte diese bei der Berufswahl ber\u00fccksichtigen.<\/p>\n","protected":false},"author":192,"featured_media":0,"comment_status":"open","ping_status":"open","sticky":false,"template":"","format":"standard","meta":{"_jetpack_memberships_contains_paid_content":false,"footnotes":""},"categories":[2634,6563],"tags":[],"class_list":["post-2123","post","type-post","status-publish","format-standard","hentry","category-berufswahl","category-schulabschluss"],"yoast_head":"<!-- This site is optimized with the Yoast SEO plugin v21.0 - https:\/\/yoast.com\/wordpress\/plugins\/seo\/ -->\n<title>Schulabschluss \u2013 und nun? - Lernplattform<\/title>\n<meta name=\"robots\" content=\"index, follow, max-snippet:-1, max-image-preview:large, max-video-preview:-1\" \/>\n<link rel=\"canonical\" href=\"https:\/\/blog.zeit.de\/schueler\/2010\/10\/26\/schulabschluss-\u2013-und-nun\/\" \/>\n<meta property=\"og:locale\" content=\"de_DE\" \/>\n<meta property=\"og:type\" content=\"article\" \/>\n<meta property=\"og:title\" content=\"Schulabschluss \u2013 und nun? - Lernplattform\" \/>\n<meta property=\"og:description\" content=\"\u00dcberblick: Den richtigen Beruf zu finden ist keine einfache Aufgabe. Es gibt viele Aspekte, die bei der Wahl helfen k\u00f6nnen: das eigene Interesse, der Schulabschluss, die k\u00fcnftige Verdiensth\u00f6he und die ganz pers\u00f6nlichen Lebensvorstellungen. Jeder Mensch setzt andere Priorit\u00e4ten und sollte diese bei der Berufswahl ber\u00fccksichtigen.\" \/>\n<meta property=\"og:url\" content=\"https:\/\/blog.zeit.de\/schueler\/2010\/10\/26\/schulabschluss-\u2013-und-nun\/\" \/>\n<meta property=\"og:site_name\" content=\"Lernplattform\" \/>\n<meta property=\"article:published_time\" content=\"2010-10-26T08:07:03+00:00\" \/>\n<meta property=\"article:modified_time\" content=\"2011-05-13T13:17:26+00:00\" \/>\n<meta property=\"og:image\" content=\"https:\/\/blog.zeit.de\/schueler\/files\/2010\/10\/photocase6k886oca51219242.jpg\" \/>\n<meta name=\"author\" content=\"Frida Thurm\" \/>\n<meta name=\"twitter:label1\" content=\"Geschrieben von\" \/>\n\t<meta name=\"twitter:data1\" content=\"Frida Thurm\" \/>\n\t<meta name=\"twitter:label2\" content=\"Gesch\u00e4tzte Lesezeit\" \/>\n\t<meta name=\"twitter:data2\" content=\"2\u00a0Minuten\" \/>\n<script type=\"application\/ld+json\" class=\"yoast-schema-graph\">{\"@context\":\"https:\/\/schema.org\",\"@graph\":[{\"@type\":\"WebPage\",\"@id\":\"https:\/\/blog.zeit.de\/schueler\/2010\/10\/26\/schulabschluss-%e2%80%93-und-nun\/\",\"url\":\"https:\/\/blog.zeit.de\/schueler\/2010\/10\/26\/schulabschluss-%e2%80%93-und-nun\/\",\"name\":\"Schulabschluss \u2013 und nun? - Lernplattform\",\"isPartOf\":{\"@id\":\"https:\/\/blog.zeit.de\/schueler\/#website\"},\"datePublished\":\"2010-10-26T08:07:03+00:00\",\"dateModified\":\"2011-05-13T13:17:26+00:00\",\"author\":{\"@id\":\"https:\/\/blog.zeit.de\/schueler\/#\/schema\/person\/4477783f6f24d60303b090f4e92798a6\"},\"breadcrumb\":{\"@id\":\"https:\/\/blog.zeit.de\/schueler\/2010\/10\/26\/schulabschluss-%e2%80%93-und-nun\/#breadcrumb\"},\"inLanguage\":\"de\",\"potentialAction\":[{\"@type\":\"ReadAction\",\"target\":[\"https:\/\/blog.zeit.de\/schueler\/2010\/10\/26\/schulabschluss-%e2%80%93-und-nun\/\"]}]},{\"@type\":\"BreadcrumbList\",\"@id\":\"https:\/\/blog.zeit.de\/schueler\/2010\/10\/26\/schulabschluss-%e2%80%93-und-nun\/#breadcrumb\",\"itemListElement\":[{\"@type\":\"ListItem\",\"position\":1,\"name\":\"Startseite\",\"item\":\"https:\/\/blog.zeit.de\/schueler\/\"},{\"@type\":\"ListItem\",\"position\":2,\"name\":\"Schulabschluss \u2013 und nun?\"}]},{\"@type\":\"WebSite\",\"@id\":\"https:\/\/blog.zeit.de\/schueler\/#website\",\"url\":\"https:\/\/blog.zeit.de\/schueler\/\",\"name\":\"Lernplattform\",\"description\":\"Die besten Texte, Videos und Links f\u00fcr den Unterricht zur Verf\u00fcgung gestellt von ZEIT f\u00fcr die Schule\",\"potentialAction\":[{\"@type\":\"SearchAction\",\"target\":{\"@type\":\"EntryPoint\",\"urlTemplate\":\"https:\/\/blog.zeit.de\/schueler\/?s={search_term_string}\"},\"query-input\":\"required name=search_term_string\"}],\"inLanguage\":\"de\"},{\"@type\":\"Person\",\"@id\":\"https:\/\/blog.zeit.de\/schueler\/#\/schema\/person\/4477783f6f24d60303b090f4e92798a6\",\"name\":\"Frida Thurm\",\"image\":{\"@type\":\"ImageObject\",\"inLanguage\":\"de\",\"@id\":\"https:\/\/blog.zeit.de\/schueler\/#\/schema\/person\/image\/\",\"url\":\"https:\/\/secure.gravatar.com\/avatar\/f588c6f2f462fd1d06ebb531523718f9b0ca0e27584f0d22cb34e0cf1cf4c72e?s=96&d=mm&r=g\",\"contentUrl\":\"https:\/\/secure.gravatar.com\/avatar\/f588c6f2f462fd1d06ebb531523718f9b0ca0e27584f0d22cb34e0cf1cf4c72e?s=96&d=mm&r=g\",\"caption\":\"Frida Thurm\"},\"description\":\"ist Redakteurin bei ZEIT ONLINE.\",\"url\":\"https:\/\/blog.zeit.de\/schueler\/author\/frida-thurm\/\"}]}<\/script>\n<!-- \/ Yoast SEO plugin. -->","yoast_head_json":{"title":"Schulabschluss \u2013 und nun? - Lernplattform","robots":{"index":"index","follow":"follow","max-snippet":"max-snippet:-1","max-image-preview":"max-image-preview:large","max-video-preview":"max-video-preview:-1"},"canonical":"https:\/\/blog.zeit.de\/schueler\/2010\/10\/26\/schulabschluss-\u2013-und-nun\/","og_locale":"de_DE","og_type":"article","og_title":"Schulabschluss \u2013 und nun? - Lernplattform","og_description":"\u00dcberblick: Den richtigen Beruf zu finden ist keine einfache Aufgabe. Es gibt viele Aspekte, die bei der Wahl helfen k\u00f6nnen: das eigene Interesse, der Schulabschluss, die k\u00fcnftige Verdiensth\u00f6he und die ganz pers\u00f6nlichen Lebensvorstellungen. Jeder Mensch setzt andere Priorit\u00e4ten und sollte diese bei der Berufswahl ber\u00fccksichtigen.","og_url":"https:\/\/blog.zeit.de\/schueler\/2010\/10\/26\/schulabschluss-\u2013-und-nun\/","og_site_name":"Lernplattform","article_published_time":"2010-10-26T08:07:03+00:00","article_modified_time":"2011-05-13T13:17:26+00:00","og_image":[{"url":"https:\/\/blog.zeit.de\/schueler\/files\/2010\/10\/photocase6k886oca51219242.jpg"}],"author":"Frida Thurm","twitter_misc":{"Geschrieben von":"Frida Thurm","Gesch\u00e4tzte Lesezeit":"2\u00a0Minuten"},"schema":{"@context":"https:\/\/schema.org","@graph":[{"@type":"WebPage","@id":"https:\/\/blog.zeit.de\/schueler\/2010\/10\/26\/schulabschluss-%e2%80%93-und-nun\/","url":"https:\/\/blog.zeit.de\/schueler\/2010\/10\/26\/schulabschluss-%e2%80%93-und-nun\/","name":"Schulabschluss \u2013 und nun? - Lernplattform","isPartOf":{"@id":"https:\/\/blog.zeit.de\/schueler\/#website"},"datePublished":"2010-10-26T08:07:03+00:00","dateModified":"2011-05-13T13:17:26+00:00","author":{"@id":"https:\/\/blog.zeit.de\/schueler\/#\/schema\/person\/4477783f6f24d60303b090f4e92798a6"},"breadcrumb":{"@id":"https:\/\/blog.zeit.de\/schueler\/2010\/10\/26\/schulabschluss-%e2%80%93-und-nun\/#breadcrumb"},"inLanguage":"de","potentialAction":[{"@type":"ReadAction","target":["https:\/\/blog.zeit.de\/schueler\/2010\/10\/26\/schulabschluss-%e2%80%93-und-nun\/"]}]},{"@type":"BreadcrumbList","@id":"https:\/\/blog.zeit.de\/schueler\/2010\/10\/26\/schulabschluss-%e2%80%93-und-nun\/#breadcrumb","itemListElement":[{"@type":"ListItem","position":1,"name":"Startseite","item":"https:\/\/blog.zeit.de\/schueler\/"},{"@type":"ListItem","position":2,"name":"Schulabschluss \u2013 und nun?"}]},{"@type":"WebSite","@id":"https:\/\/blog.zeit.de\/schueler\/#website","url":"https:\/\/blog.zeit.de\/schueler\/","name":"Lernplattform","description":"Die besten Texte, Videos und Links f\u00fcr den Unterricht zur Verf\u00fcgung gestellt von ZEIT f\u00fcr die Schule","potentialAction":[{"@type":"SearchAction","target":{"@type":"EntryPoint","urlTemplate":"https:\/\/blog.zeit.de\/schueler\/?s={search_term_string}"},"query-input":"required name=search_term_string"}],"inLanguage":"de"},{"@type":"Person","@id":"https:\/\/blog.zeit.de\/schueler\/#\/schema\/person\/4477783f6f24d60303b090f4e92798a6","name":"Frida Thurm","image":{"@type":"ImageObject","inLanguage":"de","@id":"https:\/\/blog.zeit.de\/schueler\/#\/schema\/person\/image\/","url":"https:\/\/secure.gravatar.com\/avatar\/f588c6f2f462fd1d06ebb531523718f9b0ca0e27584f0d22cb34e0cf1cf4c72e?s=96&d=mm&r=g","contentUrl":"https:\/\/secure.gravatar.com\/avatar\/f588c6f2f462fd1d06ebb531523718f9b0ca0e27584f0d22cb34e0cf1cf4c72e?s=96&d=mm&r=g","caption":"Frida Thurm"},"description":"ist Redakteurin bei ZEIT ONLINE.","url":"https:\/\/blog.zeit.de\/schueler\/author\/frida-thurm\/"}]}},"jetpack_featured_media_url":"","jetpack_sharing_enabled":true,"_links":{"self":[{"href":"https:\/\/blog.zeit.de\/schueler\/wp-json\/wp\/v2\/posts\/2123","targetHints":{"allow":["GET"]}}],"collection":[{"href":"https:\/\/blog.zeit.de\/schueler\/wp-json\/wp\/v2\/posts"}],"about":[{"href":"https:\/\/blog.zeit.de\/schueler\/wp-json\/wp\/v2\/types\/post"}],"author":[{"embeddable":true,"href":"https:\/\/blog.zeit.de\/schueler\/wp-json\/wp\/v2\/users\/192"}],"replies":[{"embeddable":true,"href":"https:\/\/blog.zeit.de\/schueler\/wp-json\/wp\/v2\/comments?post=2123"}],"version-history":[{"count":25,"href":"https:\/\/blog.zeit.de\/schueler\/wp-json\/wp\/v2\/posts\/2123\/revisions"}],"predecessor-version":[{"id":3298,"href":"https:\/\/blog.zeit.de\/schueler\/wp-json\/wp\/v2\/posts\/2123\/revisions\/3298"}],"wp:attachment":[{"href":"https:\/\/blog.zeit.de\/schueler\/wp-json\/wp\/v2\/media?parent=2123"}],"wp:term":[{"taxonomy":"category","embeddable":true,"href":"https:\/\/blog.zeit.de\/schueler\/wp-json\/wp\/v2\/categories?post=2123"},{"taxonomy":"post_tag","embeddable":true,"href":"https:\/\/blog.zeit.de\/schueler\/wp-json\/wp\/v2\/tags?post=2123"}],"curies":[{"name":"wp","href":"https:\/\/api.w.org\/{rel}","templated":true}]}}