{"id":5162,"date":"2013-12-11T18:38:08","date_gmt":"2013-12-11T17:38:08","guid":{"rendered":"http:\/\/blog.zeit.de\/schueler\/?p=5162"},"modified":"2014-04-24T17:41:26","modified_gmt":"2014-04-24T15:41:26","slug":"ab4-charles-darwin-die-entstehung-der-arten","status":"publish","type":"post","link":"https:\/\/blog.zeit.de\/schueler\/2013\/12\/11\/ab4-charles-darwin-die-entstehung-der-arten\/","title":{"rendered":"Charles Darwin: Die Entstehung der Arten"},"content":{"rendered":"<p><i style=\"font-size: 13px;\">Aus unserer Serie: <a href=\"https:\/\/blog.zeit.de\/schueler\/2013\/09\/19\/einfuehrung-in-die-philosophie\/\">Einf\u00fchrung in die Philosophie<\/a><\/i><br \/>\n<figure id=\"attachment_5167\" aria-describedby=\"caption-attachment-5167\" style=\"width: 580px\" class=\"wp-caption alignleft\"><img loading=\"lazy\" decoding=\"async\" class=\"size-full wp-image-5167\" alt=\"Darwins Entstehung der Arten\" src=\"https:\/\/blog.zeit.de\/schueler\/files\/2013\/07\/darwin.jpg\" width=\"580\" height=\"378\" srcset=\"https:\/\/blog.zeit.de\/schueler\/files\/2013\/07\/darwin.jpg 580w, https:\/\/blog.zeit.de\/schueler\/files\/2013\/07\/darwin-300x195.jpg 300w\" sizes=\"auto, (max-width: 580px) 100vw, 580px\" \/><figcaption id=\"caption-attachment-5167\" class=\"wp-caption-text\">Welche Arten es ins n\u00e4chste Zeitalter schaffen? Das entscheiden Zeit, die Eigenschaften der jeweiligen Arten und die herrschenden Anforderungen ans \u00dcberleben. \u00a9 Eric Schumacher<\/figcaption><\/figure><\/p>\n<h3>Die nat\u00fcrliche Auslese<\/h3>\n<p>Man kann sich die nat\u00fcrliche Auslese, die Darwin beschreibt, recht einfach an einem sehr groben Modell erkl\u00e4ren.\u00a0 Denken wir uns einen Spielzeugeimer, durch dessen \u00d6ffnungen im Deckel Kinder Baukl\u00f6tze in einen Eimer werfen (s. Abb. oben). L\u00f6cher und Baukl\u00f6tze sind verschieden geformt, so dass nur der passende Bauklotz durch je eines der L\u00f6cher im Deckel passt. Kein Rechteck passt durch ein dreieckiges Loch, kein Dreieck durch ein kreisrundes. In unserem Modell symbolisieren die Kl\u00f6tze die spezifischen Eigenschaften der Arten, wie sie zu einem bestimmten Zeitpunkt in der Geschichte der Erde bestehen. Die L\u00f6cher symbolisieren hingegen die vorherrschenden Lebensbedingungen zum n\u00e4chsten Zeitpunkt in der Erdgeschichte: die Zusammensetzung der Luft beispielsweise, oder die Dichte der Atmosph\u00e4re. Auch die Anwesenheit oder Abwesenheit von Fressfeinden oder die vorhandene Nahrung k\u00f6nnen dazu geh\u00f6ren. In unserem Modell nun steht das Kind, das die Kl\u00f6tze durch den Deckel in den Eimer wirft, ausschlie\u00dflich f\u00fcr die fortschreitende Zeit. Ist ein Bauklotz erfolgreich im Eimer platziert, hat er das n\u00e4chste Zeitalter erreicht.<\/p>\n<p>Stellen wir uns vor, der Deckel h\u00e4tte sechs verschiedene \u00d6ffnungen: eine ist dreieckig, eine quadratisch, eine achteckig, eine f\u00fcnfeckig, eine rund und eine hat die Form eines Trapez. Unter den Baukl\u00f6tzen gibt es aber nur die Grundfl\u00e4chen Dreieck, Quadrat und Rechteck.Die Zeit schreitet voran. In unserem Modell hei\u00dft das: Das Kind steckt die Kl\u00f6tze in den Eimer. Was passt?<\/p>\n<p>Dreieck und Quadrat. Alle Rechtecke passen nicht durch die L\u00f6cher im Deckel. Evolutionsbiologisch gesprochen: Die Eigenschaft &#8222;Rechteck&#8220; erf\u00fcllt nicht die Anforderungen, die im neuen Zeitalter an das Leben gestellt sind. Oder in den Worten der Biologie: Rechtecke k\u00f6nnen in diesem Zeitalter schwerer \u00fcberleben oder sich nur schwer fortpflanzen, weil die Erde zu warm, zu kalt, zu trocken, zuf\u00e4llig \u00fcberflutet ist, oder weil einfach gerade keine Katze anwesend ist, die die Zahl der nat\u00fcrlichen Fressfeinde der Art mit der Eigenschaft &#8222;Rechteck&#8220; verringert. Mithin m\u00fcssen die Rechtecke aussterben oder zumindest weniger werden. Sie sind nicht fit, nicht angepasst.<\/p>\n<h3>Evolution im Modell<\/h3>\n<p>In unserem vereinfachten Modell sind alle Rechteckkl\u00f6tze ab jetzt verloren. Das Kind sch\u00fcttet den Eimer wieder aus und holt die Dreiecke und Quadrate wieder heraus. Jahrmillionen vergehen, das Kind spielt weiter. Die Kl\u00f6tze mutieren rein zuf\u00e4llig: Manche zerbrechen oder quellen durch Feuchtigkeit auf. Irgendwann werden sie so zu Dreiecken, Quadraten und Achtecken. Die Achtecke sind mutierte Quadrate. Und siehe da: Auch die Achtecke passen durch eine \u00d6ffnung im Deckel, d\u00fcrfen \u00fcberleben und sich fortpflanzen.<\/p>\n<p>Eimer auskippen, viele Jahre vergehen lassen: Drittes Zeitalter. Wieder r\u00e4umt das Kind ein. Die Baukl\u00f6tze mit der Grundfl\u00e4che Dreieck sind zu Baukl\u00f6tzen mit der Grundfl\u00e4che Sechseck mutiert, aber sie haben auch eine zweite Mutation, n\u00e4mlich die Trapeze entwickelt &#8211; rein zuf\u00e4llig. Nun nimmt das Kind einen Deckel, den es vorher nicht verwendet hat. Der Deckel hat kein Loch f\u00fcr Sechsecke, daf\u00fcr f\u00fcr Quadrat, Achteck, Kreis und Trapez. Die Folge: Diesesmal sterben, vereinfacht gesprochen, die Sechsecke aus \u2013 auch rein zuf\u00e4llig, weil es unter den neuen Bedingungen keinen Platz mehr f\u00fcr sie gibt. Daf\u00fcr \u00fcberlebt ihre Mutation, das Trapez. Im Eimer landen Trapeze, Achtecke und Quadrate.<\/p>\n<p>Und die F\u00fcnfecken? Richtig: Die gibt es noch gar nicht. Vielleicht werden sie nie entstehen, obwohl die Bedingungen f\u00fcr sie ideal w\u00e4ren: Das Loch im Deckel ist ja da.<\/p>\n<ul>\n<li>Kleine Anwendungsaufgabe: Was m\u00fcsste passieren, damit F\u00fcnfecke entstehen?<\/li>\n<li>Unten finden Sie einen Link zur Schrift von Darwin. &#8222;\u00dcber die Entstehung der Arten&#8220; ist sehr leicht lesbar und besonders interessant f\u00fcr Leser, die das Modell am konkreten biologischen Zusammenhang nachvollziehen m\u00f6chten.<\/li>\n<\/ul>\n<h3>Charles Darwin: Weitere Aufgaben und Materialien<\/h3>\n<p>Wie schon die <a href=\"https:\/\/blog.zeit.de\/schueler\/2013\/09\/19\/philosophie-der-aufklaerung\/\">Philosophie der Aufkl\u00e4rung<\/a> ist auch die Philosophie des 19. Jahrhunderts eng verkn\u00fcpft mit der Entwicklung der Naturwissenschaften. So kamen zum Beispiel bei Bauma\u00dfnahmen oder im immer tiefer gehenden Bergbau interessante Dinge zutage, die das Weltbild der Menschen nachhaltig ver\u00e4ndern sollten. Einen \u00e4hnlichen Fund \u2013 eine <a href=\"http:\/\/www.rwe.com\/web\/cms\/de\/37110\/rwe\/presse-news\/pressemitteilungen\/pressemitteilungen\/?pmid=4006454\">fossile Zypresse<\/a> \u2013 hat man im Jahr 2011 ebenfalls im Tagebau Garzweiler gemacht.<\/p>\n<ul>\n<li>\u00dcberlegen Sie, was Sie aus dem Fund der Zypresse \u00fcber die Entstehung der Welt schlie\u00dfen k\u00f6nnen. Versetzen Sie sich dazu in die Perspektive eines Menschen, f\u00fcr den die biblische Sch\u00f6pfungsgeschichte bedeutsam war.<\/li>\n<\/ul>\n<p>Darwin selbst hat in seiner &#8222;Evolution of the Species&#8220; nichts \u00fcber Dinosaurier geschrieben, aber es ist wahrscheinlich, dass ihm einige Funde bekannt waren. In den Jahrzehnten vor Erscheinen seiner Schriften waren Dinosaurierknochen gefunden worden.<\/p>\n\n<div class=\"embed-wrapper embed-wrapper--blocked js-embed-consent\" data-method=\"iframe\">\n<script class=\"raw__source\" type=\"text\/template\"><iframe loading=\"lazy\" frameborder=\"0\" height=\"435\" src=\"\/\/www.youtube.com\/embed\/vfmOaAz371M?rel=0\" width=\"580\"><\/iframe><\/script>\n<div class=\"embed-wrapper__inner\">\n<div class=\"embed-wrapper__text\">\n<h3>Empfohlener redaktioneller Inhalt<\/h3>\n<p data-replace=\"no\">An dieser Stelle finden Sie externen Inhalt, der den Artikel erg\u00e4nzt. Sie k\u00f6nnen sich externe Inhalte mit einem Klick anzeigen lassen und wieder ausblenden.<noscript>Bitte aktivieren Sie JavaScript damit Sie diesen Inhalt anzeigen k\u00f6nnen.<\/noscript><\/p>\n<\/div>\n<div class=\"embed-consent\">\n<label class=\"embed-consent__toggle\">\n<input class=\"js-embed-consent__toggle\" type=\"checkbox\" autocomplete=\"off\">\n<span><\/span>\nExterner Inhalt\n<\/label>\n<a href=\"https:\/\/www.zeit.de\/hilfe\/datenschutz\" target=\"_blank\" class=\"embed-consent__datalink-when-active\">Datenschutzerkl\u00e4rung<\/a>\n<\/div>\n<div class=\"embed-wrapper__footer\">\n<p data-replace=\"no\">\nIch bin damit einverstanden, dass mir externe Inhalte angezeigt werden. Damit k\u00f6nnen personenbezogene Daten an Drittplattformen \u00fcbermittelt werden. <a href=\"https:\/\/www.zeit.de\/hilfe\/datenschutz\" target=\"_blank\">Mehr dazu in unserer Datenschutzerkl\u00e4rung.<\/a>\n<\/p>\n<\/div>\n<\/div>\n<\/div>\n<p><a href=\"http:\/\/www.youtube.com\/watch?v=5wiIz3PNTuY\">Das Philosophische Quartett zum Thema Sozialdarwinismus (Quelle: YouTube)<\/a><\/p>\n<p><a href=\"http:\/\/www.textlog.de\/darwin-entstehung.html\">Darwin, Charles &#8211; \u00dcber die Entstehung der Arten (Quelle: textlog.de)<\/a><\/p>\n<p><i>Planet Wissen<\/i> zum Thema Evolutionsforschung in sechs Teilen:<\/p>\n\n<div class=\"embed-wrapper embed-wrapper--blocked js-embed-consent\" data-method=\"iframe\">\n<script class=\"raw__source\" type=\"text\/template\"><iframe loading=\"lazy\" frameborder=\"0\" height=\"435\" src=\"\/\/www.youtube.com\/embed\/r4pW39wPBNM?rel=0\" width=\"580\"><\/iframe><\/script>\n<div class=\"embed-wrapper__inner\">\n<div class=\"embed-wrapper__text\">\n<h3>Empfohlener redaktioneller Inhalt<\/h3>\n<p data-replace=\"no\">An dieser Stelle finden Sie externen Inhalt, der den Artikel erg\u00e4nzt. Sie k\u00f6nnen sich externe Inhalte mit einem Klick anzeigen lassen und wieder ausblenden.<noscript>Bitte aktivieren Sie JavaScript damit Sie diesen Inhalt anzeigen k\u00f6nnen.<\/noscript><\/p>\n<\/div>\n<div class=\"embed-consent\">\n<label class=\"embed-consent__toggle\">\n<input class=\"js-embed-consent__toggle\" type=\"checkbox\" autocomplete=\"off\">\n<span><\/span>\nExterner Inhalt\n<\/label>\n<a href=\"https:\/\/www.zeit.de\/hilfe\/datenschutz\" target=\"_blank\" class=\"embed-consent__datalink-when-active\">Datenschutzerkl\u00e4rung<\/a>\n<\/div>\n<div class=\"embed-wrapper__footer\">\n<p data-replace=\"no\">\nIch bin damit einverstanden, dass mir externe Inhalte angezeigt werden. Damit k\u00f6nnen personenbezogene Daten an Drittplattformen \u00fcbermittelt werden. <a href=\"https:\/\/www.zeit.de\/hilfe\/datenschutz\" target=\"_blank\">Mehr dazu in unserer Datenschutzerkl\u00e4rung.<\/a>\n<\/p>\n<\/div>\n<\/div>\n<\/div>\n<p><i><a href=\"https:\/\/www.youtube.com\/watch?v=z0irAnH9yus\">2. Teil<\/a> <a href=\"https:\/\/www.youtube.com\/watch?v=F4FU8X6lpQw\">3. Teil<\/a> <a href=\"https:\/\/www.youtube.com\/watch?v=Z3x6i3U28pY\">4. Teil<\/a> <a href=\"https:\/\/www.youtube.com\/watch?v=R60mZoiAqPY\">5. Teil<\/a> <a href=\"https:\/\/www.youtube.com\/watch?v=qMiOTASWMP4\">6. Teil<\/a><\/i><\/p>\n<p><i>Planet Wissen<\/i> zu Darwin:<\/p>\n\n<div class=\"embed-wrapper embed-wrapper--blocked js-embed-consent\" data-method=\"iframe\">\n<script class=\"raw__source\" type=\"text\/template\"><iframe loading=\"lazy\" frameborder=\"0\" height=\"435\" src=\"\/\/www.youtube.com\/embed\/lsSo9yaND6w?rel=0\" width=\"580\"><\/iframe><\/script>\n<div class=\"embed-wrapper__inner\">\n<div class=\"embed-wrapper__text\">\n<h3>Empfohlener redaktioneller Inhalt<\/h3>\n<p data-replace=\"no\">An dieser Stelle finden Sie externen Inhalt, der den Artikel erg\u00e4nzt. Sie k\u00f6nnen sich externe Inhalte mit einem Klick anzeigen lassen und wieder ausblenden.<noscript>Bitte aktivieren Sie JavaScript damit Sie diesen Inhalt anzeigen k\u00f6nnen.<\/noscript><\/p>\n<\/div>\n<div class=\"embed-consent\">\n<label class=\"embed-consent__toggle\">\n<input class=\"js-embed-consent__toggle\" type=\"checkbox\" autocomplete=\"off\">\n<span><\/span>\nExterner Inhalt\n<\/label>\n<a href=\"https:\/\/www.zeit.de\/hilfe\/datenschutz\" target=\"_blank\" class=\"embed-consent__datalink-when-active\">Datenschutzerkl\u00e4rung<\/a>\n<\/div>\n<div class=\"embed-wrapper__footer\">\n<p data-replace=\"no\">\nIch bin damit einverstanden, dass mir externe Inhalte angezeigt werden. Damit k\u00f6nnen personenbezogene Daten an Drittplattformen \u00fcbermittelt werden. <a href=\"https:\/\/www.zeit.de\/hilfe\/datenschutz\" target=\"_blank\">Mehr dazu in unserer Datenschutzerkl\u00e4rung.<\/a>\n<\/p>\n<\/div>\n<\/div>\n<\/div>\n<p>Das <i>Philosophische Quartett<\/i> zum Thema Sozialdarwinismus:<\/p>\n\n<div class=\"embed-wrapper embed-wrapper--blocked js-embed-consent\" data-method=\"iframe\">\n<script class=\"raw__source\" type=\"text\/template\"><iframe loading=\"lazy\" frameborder=\"0\" height=\"326\" src=\"\/\/www.youtube.com\/embed\/5wiIz3PNTuY?rel=0\" width=\"580\"><\/iframe><\/script>\n<div class=\"embed-wrapper__inner\">\n<div class=\"embed-wrapper__text\">\n<h3>Empfohlener redaktioneller Inhalt<\/h3>\n<p data-replace=\"no\">An dieser Stelle finden Sie externen Inhalt, der den Artikel erg\u00e4nzt. Sie k\u00f6nnen sich externe Inhalte mit einem Klick anzeigen lassen und wieder ausblenden.<noscript>Bitte aktivieren Sie JavaScript damit Sie diesen Inhalt anzeigen k\u00f6nnen.<\/noscript><\/p>\n<\/div>\n<div class=\"embed-consent\">\n<label class=\"embed-consent__toggle\">\n<input class=\"js-embed-consent__toggle\" type=\"checkbox\" autocomplete=\"off\">\n<span><\/span>\nExterner Inhalt\n<\/label>\n<a href=\"https:\/\/www.zeit.de\/hilfe\/datenschutz\" target=\"_blank\" class=\"embed-consent__datalink-when-active\">Datenschutzerkl\u00e4rung<\/a>\n<\/div>\n<div class=\"embed-wrapper__footer\">\n<p data-replace=\"no\">\nIch bin damit einverstanden, dass mir externe Inhalte angezeigt werden. Damit k\u00f6nnen personenbezogene Daten an Drittplattformen \u00fcbermittelt werden. <a href=\"https:\/\/www.zeit.de\/hilfe\/datenschutz\" target=\"_blank\">Mehr dazu in unserer Datenschutzerkl\u00e4rung.<\/a>\n<\/p>\n<\/div>\n<\/div>\n<\/div>\n<p><i>ZEIT Wissen<\/i>: &#8222;<a href=\"http:\/\/www.zeit.de\/zeit-wissen\/2014\/01\/mensch-evolution-zukunft\" target=\"_blank\">Der Mensch ist noch nicht fertig<\/a>&#8222;.<br \/>\nWird die Evolution weitergehen? Und was ist ihr Ziel? Lange glaubten wir, wir seien so optimal gelungen, dass es an uns nichts mehr zu verbessern gebe. Ein Irrtum.<\/p>\n<h3>Charles Darwin: Biografische Daten<\/h3>\n<p><strong>Charles Darwin<\/strong> (1809 &#8211; 1882): Evolutionstheoretiker, Naturforscher und Philosoph.<\/p>\n<p><a href=\"http:\/\/www.zeno.org\/Philosophie\/M\/Darwin,+Charles\/Biographie\">Tabellarischer Lebenslauf (Quelle: zeno.org)<\/a><\/p>\n<p><a href=\"http:\/\/www.welt.de\/wissenschaft\/article3025804\/Das-Leben-von-Charles-Darwin.html\">Ausf\u00fchrlicherer Artikel zur Biografie (Quelle: www.welt.de)<\/a><\/p>\n<p><i style=\"font-size: 13px;\">Hier gelangen Sie zur\u00fcck zur \u00dcbersicht: <a href=\"https:\/\/blog.zeit.de\/schueler\/2013\/09\/19\/einfuehrung-in-die-philosophie\/\">Einf\u00fchrung in die Philosophie<\/a><\/i><\/p>\n","protected":false},"excerpt":{"rendered":"<p>Aus unserer Serie: Einf\u00fchrung in die Philosophie Die nat\u00fcrliche Auslese Man kann sich die nat\u00fcrliche Auslese, die Darwin beschreibt, recht einfach an einem sehr groben Modell erkl\u00e4ren.\u00a0 Denken wir uns einen Spielzeugeimer, durch dessen \u00d6ffnungen im Deckel Kinder Baukl\u00f6tze in einen Eimer werfen (s. Abb. oben). L\u00f6cher und Baukl\u00f6tze sind verschieden geformt, so dass nur [&hellip;]<\/p>\n","protected":false},"author":418,"featured_media":0,"comment_status":"open","ping_status":"open","sticky":false,"template":"","format":"standard","meta":{"_jetpack_memberships_contains_paid_content":false,"footnotes":""},"categories":[20574,20573],"tags":[],"class_list":["post-5162","post","type-post","status-publish","format-standard","hentry","category-einfuhrung-in-die-philosophie","category-philosophen"],"yoast_head":"<!-- This site is optimized with the Yoast SEO plugin v21.0 - https:\/\/yoast.com\/wordpress\/plugins\/seo\/ -->\n<title>Charles Darwin: Die Entstehung der Arten. ZEIT f\u00fcr die Schule<\/title>\n<meta name=\"description\" content=\"Charles Darwins Arbeiten ver\u00e4nderten das Verst\u00e4ndnis vom Leben, der Biologie und der Welt, in der wir leben, grundlegend. Hier finden Sie Materialien f\u00fcr den Unterricht.\" \/>\n<meta name=\"robots\" content=\"index, follow, max-snippet:-1, max-image-preview:large, max-video-preview:-1\" \/>\n<link rel=\"canonical\" href=\"https:\/\/blog.zeit.de\/schueler\/2013\/12\/11\/ab4-charles-darwin-die-entstehung-der-arten\/\" \/>\n<meta property=\"og:locale\" content=\"de_DE\" \/>\n<meta property=\"og:type\" content=\"article\" \/>\n<meta property=\"og:title\" content=\"Charles Darwin: Die Entstehung der Arten. ZEIT f\u00fcr die Schule\" \/>\n<meta property=\"og:description\" content=\"Charles Darwins Arbeiten ver\u00e4nderten das Verst\u00e4ndnis vom Leben, der Biologie und der Welt, in der wir leben, grundlegend. Hier finden Sie Materialien f\u00fcr den Unterricht.\" \/>\n<meta property=\"og:url\" content=\"https:\/\/blog.zeit.de\/schueler\/2013\/12\/11\/ab4-charles-darwin-die-entstehung-der-arten\/\" \/>\n<meta property=\"og:site_name\" content=\"Lernplattform\" \/>\n<meta property=\"article:published_time\" content=\"2013-12-11T17:38:08+00:00\" \/>\n<meta property=\"article:modified_time\" content=\"2014-04-24T15:41:26+00:00\" \/>\n<meta property=\"og:image\" content=\"https:\/\/blog.zeit.de\/schueler\/files\/2013\/07\/darwin.jpg\" \/>\n<meta name=\"author\" content=\"Eric Schumacher\" \/>\n<meta name=\"twitter:label1\" content=\"Geschrieben von\" \/>\n\t<meta name=\"twitter:data1\" content=\"Eric Schumacher\" \/>\n\t<meta name=\"twitter:label2\" content=\"Gesch\u00e4tzte Lesezeit\" \/>\n\t<meta name=\"twitter:data2\" content=\"5\u00a0Minuten\" \/>\n<script type=\"application\/ld+json\" class=\"yoast-schema-graph\">{\"@context\":\"https:\/\/schema.org\",\"@graph\":[{\"@type\":\"WebPage\",\"@id\":\"https:\/\/blog.zeit.de\/schueler\/2013\/12\/11\/ab4-charles-darwin-die-entstehung-der-arten\/\",\"url\":\"https:\/\/blog.zeit.de\/schueler\/2013\/12\/11\/ab4-charles-darwin-die-entstehung-der-arten\/\",\"name\":\"Charles Darwin: Die Entstehung der Arten. ZEIT f\u00fcr die Schule\",\"isPartOf\":{\"@id\":\"https:\/\/blog.zeit.de\/schueler\/#website\"},\"datePublished\":\"2013-12-11T17:38:08+00:00\",\"dateModified\":\"2014-04-24T15:41:26+00:00\",\"author\":{\"@id\":\"https:\/\/blog.zeit.de\/schueler\/#\/schema\/person\/a1194fff345fee9d825565e71721cc87\"},\"description\":\"Charles Darwins Arbeiten ver\u00e4nderten das Verst\u00e4ndnis vom Leben, der Biologie und der Welt, in der wir leben, grundlegend. Hier finden Sie Materialien f\u00fcr den Unterricht.\",\"breadcrumb\":{\"@id\":\"https:\/\/blog.zeit.de\/schueler\/2013\/12\/11\/ab4-charles-darwin-die-entstehung-der-arten\/#breadcrumb\"},\"inLanguage\":\"de\",\"potentialAction\":[{\"@type\":\"ReadAction\",\"target\":[\"https:\/\/blog.zeit.de\/schueler\/2013\/12\/11\/ab4-charles-darwin-die-entstehung-der-arten\/\"]}]},{\"@type\":\"BreadcrumbList\",\"@id\":\"https:\/\/blog.zeit.de\/schueler\/2013\/12\/11\/ab4-charles-darwin-die-entstehung-der-arten\/#breadcrumb\",\"itemListElement\":[{\"@type\":\"ListItem\",\"position\":1,\"name\":\"Startseite\",\"item\":\"https:\/\/blog.zeit.de\/schueler\/\"},{\"@type\":\"ListItem\",\"position\":2,\"name\":\"Charles Darwin: Die Entstehung der Arten\"}]},{\"@type\":\"WebSite\",\"@id\":\"https:\/\/blog.zeit.de\/schueler\/#website\",\"url\":\"https:\/\/blog.zeit.de\/schueler\/\",\"name\":\"Lernplattform\",\"description\":\"Die besten Texte, Videos und Links f\u00fcr den Unterricht zur Verf\u00fcgung gestellt von ZEIT f\u00fcr die Schule\",\"potentialAction\":[{\"@type\":\"SearchAction\",\"target\":{\"@type\":\"EntryPoint\",\"urlTemplate\":\"https:\/\/blog.zeit.de\/schueler\/?s={search_term_string}\"},\"query-input\":\"required name=search_term_string\"}],\"inLanguage\":\"de\"},{\"@type\":\"Person\",\"@id\":\"https:\/\/blog.zeit.de\/schueler\/#\/schema\/person\/a1194fff345fee9d825565e71721cc87\",\"name\":\"Eric Schumacher\",\"image\":{\"@type\":\"ImageObject\",\"inLanguage\":\"de\",\"@id\":\"https:\/\/blog.zeit.de\/schueler\/#\/schema\/person\/image\/\",\"url\":\"https:\/\/secure.gravatar.com\/avatar\/4fc389ef295d10fc6eb63512ddf4a91ce4d4c915ca36a6f5da3c30dda8d49607?s=96&d=mm&r=g\",\"contentUrl\":\"https:\/\/secure.gravatar.com\/avatar\/4fc389ef295d10fc6eb63512ddf4a91ce4d4c915ca36a6f5da3c30dda8d49607?s=96&d=mm&r=g\",\"caption\":\"Eric Schumacher\"},\"url\":\"https:\/\/blog.zeit.de\/schueler\/author\/eschumacher\/\"}]}<\/script>\n<!-- \/ Yoast SEO plugin. -->","yoast_head_json":{"title":"Charles Darwin: Die Entstehung der Arten. ZEIT f\u00fcr die Schule","description":"Charles Darwins Arbeiten ver\u00e4nderten das Verst\u00e4ndnis vom Leben, der Biologie und der Welt, in der wir leben, grundlegend. Hier finden Sie Materialien f\u00fcr den Unterricht.","robots":{"index":"index","follow":"follow","max-snippet":"max-snippet:-1","max-image-preview":"max-image-preview:large","max-video-preview":"max-video-preview:-1"},"canonical":"https:\/\/blog.zeit.de\/schueler\/2013\/12\/11\/ab4-charles-darwin-die-entstehung-der-arten\/","og_locale":"de_DE","og_type":"article","og_title":"Charles Darwin: Die Entstehung der Arten. ZEIT f\u00fcr die Schule","og_description":"Charles Darwins Arbeiten ver\u00e4nderten das Verst\u00e4ndnis vom Leben, der Biologie und der Welt, in der wir leben, grundlegend. Hier finden Sie Materialien f\u00fcr den Unterricht.","og_url":"https:\/\/blog.zeit.de\/schueler\/2013\/12\/11\/ab4-charles-darwin-die-entstehung-der-arten\/","og_site_name":"Lernplattform","article_published_time":"2013-12-11T17:38:08+00:00","article_modified_time":"2014-04-24T15:41:26+00:00","og_image":[{"url":"https:\/\/blog.zeit.de\/schueler\/files\/2013\/07\/darwin.jpg"}],"author":"Eric Schumacher","twitter_misc":{"Geschrieben von":"Eric Schumacher","Gesch\u00e4tzte Lesezeit":"5\u00a0Minuten"},"schema":{"@context":"https:\/\/schema.org","@graph":[{"@type":"WebPage","@id":"https:\/\/blog.zeit.de\/schueler\/2013\/12\/11\/ab4-charles-darwin-die-entstehung-der-arten\/","url":"https:\/\/blog.zeit.de\/schueler\/2013\/12\/11\/ab4-charles-darwin-die-entstehung-der-arten\/","name":"Charles Darwin: Die Entstehung der Arten. ZEIT f\u00fcr die Schule","isPartOf":{"@id":"https:\/\/blog.zeit.de\/schueler\/#website"},"datePublished":"2013-12-11T17:38:08+00:00","dateModified":"2014-04-24T15:41:26+00:00","author":{"@id":"https:\/\/blog.zeit.de\/schueler\/#\/schema\/person\/a1194fff345fee9d825565e71721cc87"},"description":"Charles Darwins Arbeiten ver\u00e4nderten das Verst\u00e4ndnis vom Leben, der Biologie und der Welt, in der wir leben, grundlegend. Hier finden Sie Materialien f\u00fcr den Unterricht.","breadcrumb":{"@id":"https:\/\/blog.zeit.de\/schueler\/2013\/12\/11\/ab4-charles-darwin-die-entstehung-der-arten\/#breadcrumb"},"inLanguage":"de","potentialAction":[{"@type":"ReadAction","target":["https:\/\/blog.zeit.de\/schueler\/2013\/12\/11\/ab4-charles-darwin-die-entstehung-der-arten\/"]}]},{"@type":"BreadcrumbList","@id":"https:\/\/blog.zeit.de\/schueler\/2013\/12\/11\/ab4-charles-darwin-die-entstehung-der-arten\/#breadcrumb","itemListElement":[{"@type":"ListItem","position":1,"name":"Startseite","item":"https:\/\/blog.zeit.de\/schueler\/"},{"@type":"ListItem","position":2,"name":"Charles Darwin: Die Entstehung der Arten"}]},{"@type":"WebSite","@id":"https:\/\/blog.zeit.de\/schueler\/#website","url":"https:\/\/blog.zeit.de\/schueler\/","name":"Lernplattform","description":"Die besten Texte, Videos und Links f\u00fcr den Unterricht zur Verf\u00fcgung gestellt von ZEIT f\u00fcr die Schule","potentialAction":[{"@type":"SearchAction","target":{"@type":"EntryPoint","urlTemplate":"https:\/\/blog.zeit.de\/schueler\/?s={search_term_string}"},"query-input":"required name=search_term_string"}],"inLanguage":"de"},{"@type":"Person","@id":"https:\/\/blog.zeit.de\/schueler\/#\/schema\/person\/a1194fff345fee9d825565e71721cc87","name":"Eric Schumacher","image":{"@type":"ImageObject","inLanguage":"de","@id":"https:\/\/blog.zeit.de\/schueler\/#\/schema\/person\/image\/","url":"https:\/\/secure.gravatar.com\/avatar\/4fc389ef295d10fc6eb63512ddf4a91ce4d4c915ca36a6f5da3c30dda8d49607?s=96&d=mm&r=g","contentUrl":"https:\/\/secure.gravatar.com\/avatar\/4fc389ef295d10fc6eb63512ddf4a91ce4d4c915ca36a6f5da3c30dda8d49607?s=96&d=mm&r=g","caption":"Eric Schumacher"},"url":"https:\/\/blog.zeit.de\/schueler\/author\/eschumacher\/"}]}},"jetpack_featured_media_url":"","jetpack_sharing_enabled":true,"_links":{"self":[{"href":"https:\/\/blog.zeit.de\/schueler\/wp-json\/wp\/v2\/posts\/5162","targetHints":{"allow":["GET"]}}],"collection":[{"href":"https:\/\/blog.zeit.de\/schueler\/wp-json\/wp\/v2\/posts"}],"about":[{"href":"https:\/\/blog.zeit.de\/schueler\/wp-json\/wp\/v2\/types\/post"}],"author":[{"embeddable":true,"href":"https:\/\/blog.zeit.de\/schueler\/wp-json\/wp\/v2\/users\/418"}],"replies":[{"embeddable":true,"href":"https:\/\/blog.zeit.de\/schueler\/wp-json\/wp\/v2\/comments?post=5162"}],"version-history":[{"count":26,"href":"https:\/\/blog.zeit.de\/schueler\/wp-json\/wp\/v2\/posts\/5162\/revisions"}],"predecessor-version":[{"id":6132,"href":"https:\/\/blog.zeit.de\/schueler\/wp-json\/wp\/v2\/posts\/5162\/revisions\/6132"}],"wp:attachment":[{"href":"https:\/\/blog.zeit.de\/schueler\/wp-json\/wp\/v2\/media?parent=5162"}],"wp:term":[{"taxonomy":"category","embeddable":true,"href":"https:\/\/blog.zeit.de\/schueler\/wp-json\/wp\/v2\/categories?post=5162"},{"taxonomy":"post_tag","embeddable":true,"href":"https:\/\/blog.zeit.de\/schueler\/wp-json\/wp\/v2\/tags?post=5162"}],"curies":[{"name":"wp","href":"https:\/\/api.w.org\/{rel}","templated":true}]}}