{"id":5321,"date":"2013-08-27T17:51:12","date_gmt":"2013-08-27T15:51:12","guid":{"rendered":"http:\/\/blog.zeit.de\/schueler\/?p=5321"},"modified":"2013-11-05T15:16:51","modified_gmt":"2013-11-05T14:16:51","slug":"kaa2-konnen-wir-unserer-wahrnehmung-trauen","status":"publish","type":"post","link":"https:\/\/blog.zeit.de\/schueler\/2013\/08\/27\/kaa2-konnen-wir-unserer-wahrnehmung-trauen\/","title":{"rendered":"Diskussion: K\u00f6nnen wir unserer Wahrnehmung trauen?"},"content":{"rendered":"<p>Besorgen Sie sich ein Glas Wasser und einen Strohhalm oder einen \u00e4hnlichen Gegenstand, beispielsweise einen Stift. Nehmen Sie nun den Strohhalm in die eine und das Glas in die andere Hand und halten Sie das Glas vor den Strohhalm. Sie werden bemerken, dass sich Ihre Wahrnehmung von dem Strohhalm dort, wo Ihr Blick durch das Wasser verstellt wird, ver\u00e4ndert: Anscheinend hat der Strohhalm einen Knick.<\/p>\n<p>Jetzt \u00fcberlegen Sie: Was folgt aus Ihrer Beobachtung in Hinblick auf unsere Wahrnehmung von dem Strohhalm? K\u00f6nnen Sie Ihrer Wahrnehmung trauen?<\/p>\n<p><em><a href=\"https:\/\/blog.zeit.de\/schueler\/2013\/09\/19\/rene-descartes-der-methodische-zweifel\/\">Kehren Sie anschlie\u00dfend wieder zu dem Artikel \u00fcber Ren\u00e9 Descartes zur\u00fcck.<\/a><\/em><\/p>\n","protected":false},"excerpt":{"rendered":"<p>Besorgen Sie sich ein Glas Wasser und einen Strohhalm oder einen \u00e4hnlichen Gegenstand, beispielsweise einen Stift. Nehmen Sie nun den Strohhalm in die eine und das Glas in die andere Hand und halten Sie das Glas vor den Strohhalm. Sie werden bemerken, dass sich Ihre Wahrnehmung von dem Strohhalm dort, wo Ihr Blick durch das [&hellip;]<\/p>\n","protected":false},"author":418,"featured_media":0,"comment_status":"open","ping_status":"open","sticky":false,"template":"","format":"standard","meta":{"_jetpack_memberships_contains_paid_content":false,"footnotes":""},"categories":[1537,6577],"tags":[],"class_list":["post-5321","post","type-post","status-publish","format-standard","hentry","category-diskussion","category-diskussion-diskussion"],"yoast_head":"<!-- This site is optimized with the Yoast SEO plugin v21.0 - https:\/\/yoast.com\/wordpress\/plugins\/seo\/ -->\n<title>Diskussion: K\u00f6nnen wir unserer Wahrnehmung trauen? - Lernplattform<\/title>\n<meta name=\"robots\" content=\"noindex, follow\" \/>\n<meta property=\"og:locale\" content=\"de_DE\" \/>\n<meta property=\"og:type\" content=\"article\" \/>\n<meta property=\"og:title\" content=\"Diskussion: K\u00f6nnen wir unserer Wahrnehmung trauen? - Lernplattform\" \/>\n<meta property=\"og:description\" content=\"Besorgen Sie sich ein Glas Wasser und einen Strohhalm oder einen \u00e4hnlichen Gegenstand, beispielsweise einen Stift. Nehmen Sie nun den Strohhalm in die eine und das Glas in die andere Hand und halten Sie das Glas vor den Strohhalm. Sie werden bemerken, dass sich Ihre Wahrnehmung von dem Strohhalm dort, wo Ihr Blick durch das [&hellip;]\" \/>\n<meta property=\"og:url\" content=\"https:\/\/blog.zeit.de\/schueler\/2013\/08\/27\/kaa2-konnen-wir-unserer-wahrnehmung-trauen\/\" \/>\n<meta property=\"og:site_name\" content=\"Lernplattform\" \/>\n<meta property=\"article:published_time\" content=\"2013-08-27T15:51:12+00:00\" \/>\n<meta property=\"article:modified_time\" content=\"2013-11-05T14:16:51+00:00\" \/>\n<meta name=\"author\" content=\"Eric Schumacher\" \/>\n<meta name=\"twitter:label1\" content=\"Geschrieben von\" \/>\n\t<meta name=\"twitter:data1\" content=\"Eric Schumacher\" \/>\n\t<meta name=\"twitter:label2\" content=\"Gesch\u00e4tzte Lesezeit\" \/>\n\t<meta name=\"twitter:data2\" content=\"1\u00a0Minute\" \/>\n<script type=\"application\/ld+json\" class=\"yoast-schema-graph\">{\"@context\":\"https:\/\/schema.org\",\"@graph\":[{\"@type\":\"WebPage\",\"@id\":\"https:\/\/blog.zeit.de\/schueler\/2013\/08\/27\/kaa2-konnen-wir-unserer-wahrnehmung-trauen\/\",\"url\":\"https:\/\/blog.zeit.de\/schueler\/2013\/08\/27\/kaa2-konnen-wir-unserer-wahrnehmung-trauen\/\",\"name\":\"Diskussion: K\u00f6nnen wir unserer Wahrnehmung trauen? - Lernplattform\",\"isPartOf\":{\"@id\":\"https:\/\/blog.zeit.de\/schueler\/#website\"},\"datePublished\":\"2013-08-27T15:51:12+00:00\",\"dateModified\":\"2013-11-05T14:16:51+00:00\",\"author\":{\"@id\":\"https:\/\/blog.zeit.de\/schueler\/#\/schema\/person\/a1194fff345fee9d825565e71721cc87\"},\"breadcrumb\":{\"@id\":\"https:\/\/blog.zeit.de\/schueler\/2013\/08\/27\/kaa2-konnen-wir-unserer-wahrnehmung-trauen\/#breadcrumb\"},\"inLanguage\":\"de\",\"potentialAction\":[{\"@type\":\"ReadAction\",\"target\":[\"https:\/\/blog.zeit.de\/schueler\/2013\/08\/27\/kaa2-konnen-wir-unserer-wahrnehmung-trauen\/\"]}]},{\"@type\":\"BreadcrumbList\",\"@id\":\"https:\/\/blog.zeit.de\/schueler\/2013\/08\/27\/kaa2-konnen-wir-unserer-wahrnehmung-trauen\/#breadcrumb\",\"itemListElement\":[{\"@type\":\"ListItem\",\"position\":1,\"name\":\"Startseite\",\"item\":\"https:\/\/blog.zeit.de\/schueler\/\"},{\"@type\":\"ListItem\",\"position\":2,\"name\":\"Diskussion: K\u00f6nnen wir unserer Wahrnehmung trauen?\"}]},{\"@type\":\"WebSite\",\"@id\":\"https:\/\/blog.zeit.de\/schueler\/#website\",\"url\":\"https:\/\/blog.zeit.de\/schueler\/\",\"name\":\"Lernplattform\",\"description\":\"Die besten Texte, Videos und Links f\u00fcr den Unterricht zur Verf\u00fcgung gestellt von ZEIT f\u00fcr die Schule\",\"potentialAction\":[{\"@type\":\"SearchAction\",\"target\":{\"@type\":\"EntryPoint\",\"urlTemplate\":\"https:\/\/blog.zeit.de\/schueler\/?s={search_term_string}\"},\"query-input\":\"required name=search_term_string\"}],\"inLanguage\":\"de\"},{\"@type\":\"Person\",\"@id\":\"https:\/\/blog.zeit.de\/schueler\/#\/schema\/person\/a1194fff345fee9d825565e71721cc87\",\"name\":\"Eric Schumacher\",\"image\":{\"@type\":\"ImageObject\",\"inLanguage\":\"de\",\"@id\":\"https:\/\/blog.zeit.de\/schueler\/#\/schema\/person\/image\/\",\"url\":\"https:\/\/secure.gravatar.com\/avatar\/4fc389ef295d10fc6eb63512ddf4a91ce4d4c915ca36a6f5da3c30dda8d49607?s=96&d=mm&r=g\",\"contentUrl\":\"https:\/\/secure.gravatar.com\/avatar\/4fc389ef295d10fc6eb63512ddf4a91ce4d4c915ca36a6f5da3c30dda8d49607?s=96&d=mm&r=g\",\"caption\":\"Eric Schumacher\"},\"url\":\"https:\/\/blog.zeit.de\/schueler\/author\/eschumacher\/\"}]}<\/script>\n<!-- \/ Yoast SEO plugin. -->","yoast_head_json":{"title":"Diskussion: K\u00f6nnen wir unserer Wahrnehmung trauen? - Lernplattform","robots":{"index":"noindex","follow":"follow"},"og_locale":"de_DE","og_type":"article","og_title":"Diskussion: K\u00f6nnen wir unserer Wahrnehmung trauen? - Lernplattform","og_description":"Besorgen Sie sich ein Glas Wasser und einen Strohhalm oder einen \u00e4hnlichen Gegenstand, beispielsweise einen Stift. Nehmen Sie nun den Strohhalm in die eine und das Glas in die andere Hand und halten Sie das Glas vor den Strohhalm. Sie werden bemerken, dass sich Ihre Wahrnehmung von dem Strohhalm dort, wo Ihr Blick durch das [&hellip;]","og_url":"https:\/\/blog.zeit.de\/schueler\/2013\/08\/27\/kaa2-konnen-wir-unserer-wahrnehmung-trauen\/","og_site_name":"Lernplattform","article_published_time":"2013-08-27T15:51:12+00:00","article_modified_time":"2013-11-05T14:16:51+00:00","author":"Eric Schumacher","twitter_misc":{"Geschrieben von":"Eric Schumacher","Gesch\u00e4tzte Lesezeit":"1\u00a0Minute"},"schema":{"@context":"https:\/\/schema.org","@graph":[{"@type":"WebPage","@id":"https:\/\/blog.zeit.de\/schueler\/2013\/08\/27\/kaa2-konnen-wir-unserer-wahrnehmung-trauen\/","url":"https:\/\/blog.zeit.de\/schueler\/2013\/08\/27\/kaa2-konnen-wir-unserer-wahrnehmung-trauen\/","name":"Diskussion: K\u00f6nnen wir unserer Wahrnehmung trauen? - Lernplattform","isPartOf":{"@id":"https:\/\/blog.zeit.de\/schueler\/#website"},"datePublished":"2013-08-27T15:51:12+00:00","dateModified":"2013-11-05T14:16:51+00:00","author":{"@id":"https:\/\/blog.zeit.de\/schueler\/#\/schema\/person\/a1194fff345fee9d825565e71721cc87"},"breadcrumb":{"@id":"https:\/\/blog.zeit.de\/schueler\/2013\/08\/27\/kaa2-konnen-wir-unserer-wahrnehmung-trauen\/#breadcrumb"},"inLanguage":"de","potentialAction":[{"@type":"ReadAction","target":["https:\/\/blog.zeit.de\/schueler\/2013\/08\/27\/kaa2-konnen-wir-unserer-wahrnehmung-trauen\/"]}]},{"@type":"BreadcrumbList","@id":"https:\/\/blog.zeit.de\/schueler\/2013\/08\/27\/kaa2-konnen-wir-unserer-wahrnehmung-trauen\/#breadcrumb","itemListElement":[{"@type":"ListItem","position":1,"name":"Startseite","item":"https:\/\/blog.zeit.de\/schueler\/"},{"@type":"ListItem","position":2,"name":"Diskussion: K\u00f6nnen wir unserer Wahrnehmung trauen?"}]},{"@type":"WebSite","@id":"https:\/\/blog.zeit.de\/schueler\/#website","url":"https:\/\/blog.zeit.de\/schueler\/","name":"Lernplattform","description":"Die besten Texte, Videos und Links f\u00fcr den Unterricht zur Verf\u00fcgung gestellt von ZEIT f\u00fcr die Schule","potentialAction":[{"@type":"SearchAction","target":{"@type":"EntryPoint","urlTemplate":"https:\/\/blog.zeit.de\/schueler\/?s={search_term_string}"},"query-input":"required name=search_term_string"}],"inLanguage":"de"},{"@type":"Person","@id":"https:\/\/blog.zeit.de\/schueler\/#\/schema\/person\/a1194fff345fee9d825565e71721cc87","name":"Eric Schumacher","image":{"@type":"ImageObject","inLanguage":"de","@id":"https:\/\/blog.zeit.de\/schueler\/#\/schema\/person\/image\/","url":"https:\/\/secure.gravatar.com\/avatar\/4fc389ef295d10fc6eb63512ddf4a91ce4d4c915ca36a6f5da3c30dda8d49607?s=96&d=mm&r=g","contentUrl":"https:\/\/secure.gravatar.com\/avatar\/4fc389ef295d10fc6eb63512ddf4a91ce4d4c915ca36a6f5da3c30dda8d49607?s=96&d=mm&r=g","caption":"Eric Schumacher"},"url":"https:\/\/blog.zeit.de\/schueler\/author\/eschumacher\/"}]}},"jetpack_featured_media_url":"","jetpack_sharing_enabled":true,"_links":{"self":[{"href":"https:\/\/blog.zeit.de\/schueler\/wp-json\/wp\/v2\/posts\/5321","targetHints":{"allow":["GET"]}}],"collection":[{"href":"https:\/\/blog.zeit.de\/schueler\/wp-json\/wp\/v2\/posts"}],"about":[{"href":"https:\/\/blog.zeit.de\/schueler\/wp-json\/wp\/v2\/types\/post"}],"author":[{"embeddable":true,"href":"https:\/\/blog.zeit.de\/schueler\/wp-json\/wp\/v2\/users\/418"}],"replies":[{"embeddable":true,"href":"https:\/\/blog.zeit.de\/schueler\/wp-json\/wp\/v2\/comments?post=5321"}],"version-history":[{"count":11,"href":"https:\/\/blog.zeit.de\/schueler\/wp-json\/wp\/v2\/posts\/5321\/revisions"}],"predecessor-version":[{"id":5327,"href":"https:\/\/blog.zeit.de\/schueler\/wp-json\/wp\/v2\/posts\/5321\/revisions\/5327"}],"wp:attachment":[{"href":"https:\/\/blog.zeit.de\/schueler\/wp-json\/wp\/v2\/media?parent=5321"}],"wp:term":[{"taxonomy":"category","embeddable":true,"href":"https:\/\/blog.zeit.de\/schueler\/wp-json\/wp\/v2\/categories?post=5321"},{"taxonomy":"post_tag","embeddable":true,"href":"https:\/\/blog.zeit.de\/schueler\/wp-json\/wp\/v2\/tags?post=5321"}],"curies":[{"name":"wp","href":"https:\/\/api.w.org\/{rel}","templated":true}]}}