{"id":5748,"date":"2013-11-07T11:59:54","date_gmt":"2013-11-07T10:59:54","guid":{"rendered":"http:\/\/blog.zeit.de\/schueler\/?p=5748"},"modified":"2014-03-18T12:58:16","modified_gmt":"2014-03-18T11:58:16","slug":"einfuhrung-in-philosophie-moderne","status":"publish","type":"post","link":"https:\/\/blog.zeit.de\/schueler\/2013\/11\/07\/einfuhrung-in-philosophie-moderne\/","title":{"rendered":"Einf\u00fchrung in die Philosophie der Moderne"},"content":{"rendered":"<p><i>Aus unserer Serie: <a href=\"https:\/\/blog.zeit.de\/schueler\/2013\/09\/19\/einfuehrung-in-die-philosophie\/\">Einf\u00fchrung in die Philosophie<\/a><\/i><\/p>\n<p><figure id=\"attachment_5753\" aria-describedby=\"caption-attachment-5753\" style=\"width: 540px\" class=\"wp-caption alignleft\"><img loading=\"lazy\" decoding=\"async\" class=\"size-full wp-image-5753 \" alt=\"Die Philosophie der Moderne sucht Antworten auf neue Fragen\" src=\"https:\/\/blog.zeit.de\/schueler\/files\/2013\/11\/Philosophie-der-Moderne-Industrialisierung-Ed-Jones-AFP-Getty-Images1.jpg\" width=\"540\" height=\"304\" srcset=\"https:\/\/blog.zeit.de\/schueler\/files\/2013\/11\/Philosophie-der-Moderne-Industrialisierung-Ed-Jones-AFP-Getty-Images1.jpg 540w, https:\/\/blog.zeit.de\/schueler\/files\/2013\/11\/Philosophie-der-Moderne-Industrialisierung-Ed-Jones-AFP-Getty-Images1-300x168.jpg 300w\" sizes=\"auto, (max-width: 540px) 100vw, 540px\" \/><figcaption id=\"caption-attachment-5753\" class=\"wp-caption-text\">Die Industrialisierung ver\u00e4ndert die Gesellschaften radikal. Die Philosophie steht vor vielen neuen, schwierigen Fragen. \u00a9 Ed Jones\/AFP\/Getty Images<\/figcaption><\/figure><\/p>\n<p>Jena 1808. Um die Universit\u00e4tsstadt tobt der Kampf der Truppen Napoleons gegen die preu\u00dfischen und s\u00e4chsischen Heere. Ein junger Philosoph erlebt den Einmarsch der Napoleonischen Truppen mit. Er begeistert sich f\u00fcr Napoleon. Der franz\u00f6sische Feldherr personifiziert in seinen Augen den Anbruch einer neuen Epoche vernunftgeleiteter Staatlichkeit. Er wird Napoleon daher als &#8222;Weltseele zu Pferde&#8220; bezeichnen. Der Philosoph hei\u00dft <a href=\"https:\/\/blog.zeit.de\/schueler\/2013\/11\/07\/hegel-subjekt-objekt-dialektik\/\">Georg Wilhelm Friedrich Hegel<\/a>. Seine These zur Weltseele wird Europa lange besch\u00e4ftigen. Ihr zugrunde liegt eine Frage, die von der Aufkl\u00e4rung inspiriert ist: Wohin kann sich eine vern\u00fcnftige Gesellschaft entwickeln?<\/p>\n<p><strong>Neue Technologien bringen neue ethische Fragen mit sich<\/strong><\/p>\n<p>Versetzen wir uns gedanklich ins Deutschland des beginnenden 19. Jahrhunderts. Das Heilige R\u00f6mische Reich zerf\u00e4llt. Die kommenden Jahre werden viele Umbr\u00fcche bringen. Die Bayern importieren die Dampflokomotive aus England, ausgehend von den T\u00e4lern der Ruhr bricht im Deutschland der Revolution von 1848 eine neue, privatwirtschaftliche Revolution aus. \u00dcberall entstehen Fabriken, die immer mehr G\u00fcter produzieren und verbrauchen. Das erfordert immer mehr Arbeitskraft. Die Lebensbedingungen des kleinen Mannes ver\u00e4ndern sich zum Schlechten. Wer fr\u00fcher Bauer war, ist nun Teil eines Arbeiterheeres, das zwischen Schloten und ru\u00dfgeschw\u00e4rzten Mietskasernen sein Dasein fristet. Die Technik erm\u00f6glicht es: Nie zuvor hat man in so tiefen Sch\u00e4chten Grubenwasser abpumpen k\u00f6nnen, nie war man in der Lage, G\u00fcter so schnell und billig auf dem Landwege zu versenden. Die Vermassung und Technisierung von G\u00fctern und Produktionswegen ver\u00e4ndern den Alltag. Das wirft neue ethische Fragen auf, die es in den vergangenen Jahrhunderten nicht gegeben hat.<\/p>\n<p>Auch in den empirischen Wissenschaften und der Philosophie ver\u00e4ndert sich vieles. Die Autorit\u00e4t der Kirche hatte in den Jahren der Aufkl\u00e4rung bereits erheblich an Wirkm\u00e4chtigkeit verloren. Darwins Erkenntnisse hatten die Sch\u00f6pfungsgeschichte der Kirche widerlegt. Und es gab neue Kriterien daf\u00fcr, was eine gute Handlung sei, die ohne Offenbarung auskamen und sich stattdessen auf die Vernunft beriefen. Die neuen Vorstellungen entlehnten sich dem Utilitarismus und <a href=\"https:\/\/blog.zeit.de\/schueler\/2013\/09\/19\/immanuel-kant-anschauung-ethik-staatenbund\/\">Kants Idee einer vernunftgem\u00e4\u00dfen Ethik<\/a>. Die Philosophen der Moderne suchen nun nach neuen Antworten auf ihre Fragen und finden sie. In der fern\u00f6stlichen Philosophie, wie es bei Schopenhauer der Fall ist. In der Natur und ihrer endlosen Bewegung des \u00dcberlebens des M\u00e4chtigeren, wie es Nietzsche zuspitzt. In der <a href=\"https:\/\/blog.zeit.de\/schueler\/2013\/11\/11\/marx-engels-industrialisierung\/\">Unausweichlichkeit einer proletarischen Revolution<\/a>, wie Marx und Engels sie vorhersagen. Sp\u00e4ter, im zwanzigsten Jahrhundert, kommen auch existenzialistische Ans\u00e4tze hinzu, die den eigenen Lebensentwurf zum h\u00f6chsten Ziel erkl\u00e4ren. Kurz: Man will, man muss sich neu orientieren.<\/p>\n<p><strong>F\u00fchrt die Aufkl\u00e4rung zwangsl\u00e4ufig in die Katastrophe?<\/strong><\/p>\n<p>Letztlich finden die Errungenschaften des\u00a0<a href=\"https:\/\/blog.zeit.de\/schueler\/2014\/01\/23\/industrialisierung-geschichte-revolution\/\">Industriezeitalters<\/a>\u00a0in zwei Weltkriegen auch\u00a0auf den Schlachtfeldern und in den Konzentrationslagern Einsatz: bei der massenweisen Vernichtung von Menschenleben, an der Front und im Lager. Zeitzeugen sind entsetzt. Welche &#8222;Weltseele&#8220; und welcher &#8222;objektive Geist&#8220;, die Hegel noch gesehen hatte, k\u00f6nnten dahinter noch stehen? Oder, konkreter formuliert: F\u00fchrt die Aufkl\u00e4rung in letzter Konsequenz vielleicht zwangsl\u00e4ufig in die Katastrophe?<\/p>\n<p>Es entsteht f\u00fcr einige moderne Denker im 20. Jahrhundert eine grundlegende Frage. Wenn die moralisch schlechten Entwicklungen der vergangenen Jahrhunderte \u2013 <a href=\"https:\/\/blog.zeit.de\/schueler\/2012\/03\/30\/kolonialismus\/\">die Kolonialisierung zum Beispiel<\/a>, bei der die Europ\u00e4er versuchten, anderen V\u00f6lkern ihre Ansichten und ihre Kultur aufzuzwingen \u2013 Teil eines Systems waren, das zur Katastrophe f\u00fchrte: Wer hat denn dann eigentlich noch recht? M\u00fcssen wir nicht vielmehr der Weltsicht anderer V\u00f6lker die gleiche G\u00fcltigkeit einr\u00e4umen wie den abendl\u00e4ndischen Wissenschaften? Und k\u00f6nnen wir \u00fcberhaupt noch davon ausgehen, dass die Vernunft und damit die Wissenschaften uns weiterbringen?<\/p>\n<p><strong>Bringen die Wissenschaften uns gesellschaftlich weiter?<\/strong><\/p>\n<p>Wenn wir diesen letzten Gedanken akzeptieren, ergibt sich jedoch ein Problem, was die Wahrheit angeht. Denn wenn wir mit dem Zeitgeist viele Wahrheiten zugleich einr\u00e4umen, geraten wir in Dilemmata. Dies geschieht dann, wenn sich die verschiedenen Wahrheiten widersprechen, wie Paul Boghossian zeigt.<\/p>\n<p>Das folgende Dossier beleuchtet die Entwicklung der Philosophie in den vergangenen 200 Jahre exemplarisch und soll weiter wachsen. Dabei kann es nicht umfassend alle Theorien ersch\u00f6pfen. In erster Linie soll es zum Philosophieren anregen. Beispielhaft greift es die Entwicklung des Begriffs der Postmoderne auf. Sie k\u00f6nnen ausgehend vom Lyotard-Beitrag \u00fcber die Verlinkungen seine Entwicklung zumindest zur\u00fcck bis zu Nietzsche und Schopenhauer nachvollziehen. Das Dossier bedient sich der Originaltexte, aber auch Songs, Videos und anderer Medien. Denn nach Kant: Philosophie l\u00e4sst sich nicht lernen, sehr wohl aber das Philosophieren.<\/p>\n<h3>Dossier: Philosophie der Moderne<\/h3>\n<p><a href=\"https:\/\/blog.zeit.de\/schueler\/2013\/11\/07\/hegel-subjekt-objekt-dialektik\/\">1. Georg Wilhelm Friedrich Hegel: Subjekt-Objekt-Dialektik<\/a><br \/>\n<a href=\"https:\/\/blog.zeit.de\/schueler\/2013\/11\/11\/marx-engels-industrialisierung\/\">2. Karl Marx und die Industrialisierung<\/a><br \/>\n<a href=\"https:\/\/blog.zeit.de\/schueler\/2013\/11\/20\/friedrich-nietzsche-es-denkt\/\">3. Friedrich Nietzsche: Es denkt<\/a><br \/>\n<a href=\"https:\/\/blog.zeit.de\/schueler\/2013\/12\/11\/ab4-charles-darwin-die-entstehung-der-arten\/\">4. Charles Darwin: Die Entstehung der Arten<\/a><br \/>\n<a href=\"https:\/\/blog.zeit.de\/schueler\/2013\/01\/17\/lyotard-postmoderne-wissen\/\">5. Jean F. Lyotard: Das postmoderne Wissen<\/a><br \/>\n<a href=\"https:\/\/blog.zeit.de\/schueler\/2014\/03\/18\/boghossian-angst-wahrheit\/\">6. Paul Boghossian: Angst vor der Wahrheit<\/a><\/p>\n<p>&nbsp;<\/p>\n<h3><a href=\"https:\/\/blog.zeit.de\/schueler\/2013\/09\/19\/philosophie-der-aufklaerung\/\">Einf\u00fchrung in die Philosophie der Aufkl\u00e4rung<\/a><\/h3>\n<p><figure id=\"attachment_5243\" aria-describedby=\"caption-attachment-5243\" style=\"width: 580px\" class=\"wp-caption alignleft\"><a href=\"https:\/\/blog.zeit.de\/schueler\/2013\/09\/19\/philosophie-der-aufklaerung\/\"><img loading=\"lazy\" decoding=\"async\" class=\"size-full wp-image-5243  \" alt=\"Einf\u00fchrung in die Philosophie der Aufkl\u00e4rung\" src=\"https:\/\/blog.zeit.de\/schueler\/files\/2013\/07\/CHRISTOF-STACHEGetty138516032z.jpg\" width=\"580\" height=\"340\" srcset=\"https:\/\/blog.zeit.de\/schueler\/files\/2013\/07\/CHRISTOF-STACHEGetty138516032z.jpg 580w, https:\/\/blog.zeit.de\/schueler\/files\/2013\/07\/CHRISTOF-STACHEGetty138516032z-300x175.jpg 300w\" sizes=\"auto, (max-width: 580px) 100vw, 580px\" \/><\/a><figcaption id=\"caption-attachment-5243\" class=\"wp-caption-text\">\u00a9 Christof Stache\/Getty Images<\/figcaption><\/figure><\/p>\n<p>Die <strong><a href=\"https:\/\/blog.zeit.de\/schueler\/2013\/09\/19\/philosophie-der-aufklaerung\/\">Einf\u00fchrung in die Philosophie der Aufkl\u00e4rung<\/a><\/strong> stellt Ihnen die wichtigsten Philosophen dieser Epoche vor. Nach Immanuel Kant meint Aufkl\u00e4rung im philosophischen Sinne einen Prozess, der sich nicht etwa auf eine Epoche beschr\u00e4nkt, sondern der immer wieder wiederholt werden muss. Die Aufkl\u00e4rung ist eine Aufforderung an jeden einzelnen, sich diskursiven Machtverh\u00e4ltnissen nicht unhinterfragt zu f\u00fcgen, sondern sich immer wieder m\u00fcndig zu machen, indem man sich mit ihnen befasst. <a href=\"https:\/\/blog.zeit.de\/schueler\/2013\/09\/19\/philosophie-der-aufklaerung\/\">[Zum Dossier]<\/a><\/p>\n<p><i>Hier gelangen Sie zur\u00fcck zur \u00dcbersicht: <a href=\"https:\/\/blog.zeit.de\/schueler\/2013\/09\/19\/einfuehrung-in-die-philosophie\/\">Einf\u00fchrung in die Philosophie<\/a><\/i><\/p>\n","protected":false},"excerpt":{"rendered":"<p>Aus unserer Serie: Einf\u00fchrung in die Philosophie Jena 1808. Um die Universit\u00e4tsstadt tobt der Kampf der Truppen Napoleons gegen die preu\u00dfischen und s\u00e4chsischen Heere. Ein junger Philosoph erlebt den Einmarsch der Napoleonischen Truppen mit. Er begeistert sich f\u00fcr Napoleon. Der franz\u00f6sische Feldherr personifiziert in seinen Augen den Anbruch einer neuen Epoche vernunftgeleiteter Staatlichkeit. Er wird [&hellip;]<\/p>\n","protected":false},"author":418,"featured_media":0,"comment_status":"open","ping_status":"open","sticky":false,"template":"","format":"standard","meta":{"_jetpack_memberships_contains_paid_content":false,"footnotes":""},"categories":[20574],"tags":[],"class_list":["post-5748","post","type-post","status-publish","format-standard","hentry","category-einfuhrung-in-die-philosophie"],"yoast_head":"<!-- This site is optimized with the Yoast SEO plugin v21.0 - https:\/\/yoast.com\/wordpress\/plugins\/seo\/ -->\n<title>Einf\u00fchrung in die Philosophie der Moderne - Lernplattform<\/title>\n<meta name=\"description\" content=\"Die Einf\u00fchrung in die Philosophie der Moderne gibt einen \u00dcberblick \u00fcber die Entwicklung der Philosophie in den letzten 200 Jahren.\" \/>\n<meta name=\"robots\" content=\"index, follow, max-snippet:-1, max-image-preview:large, max-video-preview:-1\" \/>\n<link rel=\"canonical\" href=\"https:\/\/blog.zeit.de\/schueler\/2013\/11\/07\/einfuhrung-in-philosophie-moderne\/\" \/>\n<meta property=\"og:locale\" content=\"de_DE\" \/>\n<meta property=\"og:type\" content=\"article\" \/>\n<meta property=\"og:title\" content=\"Einf\u00fchrung in die Philosophie der Moderne - Lernplattform\" \/>\n<meta property=\"og:description\" content=\"Die Einf\u00fchrung in die Philosophie der Moderne gibt einen \u00dcberblick \u00fcber die Entwicklung der Philosophie in den letzten 200 Jahren.\" \/>\n<meta property=\"og:url\" content=\"https:\/\/blog.zeit.de\/schueler\/2013\/11\/07\/einfuhrung-in-philosophie-moderne\/\" \/>\n<meta property=\"og:site_name\" content=\"Lernplattform\" \/>\n<meta property=\"article:published_time\" content=\"2013-11-07T10:59:54+00:00\" \/>\n<meta property=\"article:modified_time\" content=\"2014-03-18T11:58:16+00:00\" \/>\n<meta property=\"og:image\" content=\"https:\/\/blog.zeit.de\/schueler\/files\/2013\/11\/Philosophie-der-Moderne-Industrialisierung-Ed-Jones-AFP-Getty-Images1.jpg\" \/>\n<meta name=\"author\" content=\"Eric Schumacher\" \/>\n<meta name=\"twitter:label1\" content=\"Geschrieben von\" \/>\n\t<meta name=\"twitter:data1\" content=\"Eric Schumacher\" \/>\n\t<meta name=\"twitter:label2\" content=\"Gesch\u00e4tzte Lesezeit\" \/>\n\t<meta name=\"twitter:data2\" content=\"5\u00a0Minuten\" \/>\n<script type=\"application\/ld+json\" class=\"yoast-schema-graph\">{\"@context\":\"https:\/\/schema.org\",\"@graph\":[{\"@type\":\"WebPage\",\"@id\":\"https:\/\/blog.zeit.de\/schueler\/2013\/11\/07\/einfuhrung-in-philosophie-moderne\/\",\"url\":\"https:\/\/blog.zeit.de\/schueler\/2013\/11\/07\/einfuhrung-in-philosophie-moderne\/\",\"name\":\"Einf\u00fchrung in die Philosophie der Moderne - Lernplattform\",\"isPartOf\":{\"@id\":\"https:\/\/blog.zeit.de\/schueler\/#website\"},\"datePublished\":\"2013-11-07T10:59:54+00:00\",\"dateModified\":\"2014-03-18T11:58:16+00:00\",\"author\":{\"@id\":\"https:\/\/blog.zeit.de\/schueler\/#\/schema\/person\/a1194fff345fee9d825565e71721cc87\"},\"description\":\"Die Einf\u00fchrung in die Philosophie der Moderne gibt einen \u00dcberblick \u00fcber die Entwicklung der Philosophie in den letzten 200 Jahren.\",\"breadcrumb\":{\"@id\":\"https:\/\/blog.zeit.de\/schueler\/2013\/11\/07\/einfuhrung-in-philosophie-moderne\/#breadcrumb\"},\"inLanguage\":\"de\",\"potentialAction\":[{\"@type\":\"ReadAction\",\"target\":[\"https:\/\/blog.zeit.de\/schueler\/2013\/11\/07\/einfuhrung-in-philosophie-moderne\/\"]}]},{\"@type\":\"BreadcrumbList\",\"@id\":\"https:\/\/blog.zeit.de\/schueler\/2013\/11\/07\/einfuhrung-in-philosophie-moderne\/#breadcrumb\",\"itemListElement\":[{\"@type\":\"ListItem\",\"position\":1,\"name\":\"Startseite\",\"item\":\"https:\/\/blog.zeit.de\/schueler\/\"},{\"@type\":\"ListItem\",\"position\":2,\"name\":\"Einf\u00fchrung in die Philosophie der Moderne\"}]},{\"@type\":\"WebSite\",\"@id\":\"https:\/\/blog.zeit.de\/schueler\/#website\",\"url\":\"https:\/\/blog.zeit.de\/schueler\/\",\"name\":\"Lernplattform\",\"description\":\"Die besten Texte, Videos und Links f\u00fcr den Unterricht zur Verf\u00fcgung gestellt von ZEIT f\u00fcr die Schule\",\"potentialAction\":[{\"@type\":\"SearchAction\",\"target\":{\"@type\":\"EntryPoint\",\"urlTemplate\":\"https:\/\/blog.zeit.de\/schueler\/?s={search_term_string}\"},\"query-input\":\"required name=search_term_string\"}],\"inLanguage\":\"de\"},{\"@type\":\"Person\",\"@id\":\"https:\/\/blog.zeit.de\/schueler\/#\/schema\/person\/a1194fff345fee9d825565e71721cc87\",\"name\":\"Eric Schumacher\",\"image\":{\"@type\":\"ImageObject\",\"inLanguage\":\"de\",\"@id\":\"https:\/\/blog.zeit.de\/schueler\/#\/schema\/person\/image\/\",\"url\":\"https:\/\/secure.gravatar.com\/avatar\/4fc389ef295d10fc6eb63512ddf4a91ce4d4c915ca36a6f5da3c30dda8d49607?s=96&d=mm&r=g\",\"contentUrl\":\"https:\/\/secure.gravatar.com\/avatar\/4fc389ef295d10fc6eb63512ddf4a91ce4d4c915ca36a6f5da3c30dda8d49607?s=96&d=mm&r=g\",\"caption\":\"Eric Schumacher\"},\"url\":\"https:\/\/blog.zeit.de\/schueler\/author\/eschumacher\/\"}]}<\/script>\n<!-- \/ Yoast SEO plugin. -->","yoast_head_json":{"title":"Einf\u00fchrung in die Philosophie der Moderne - Lernplattform","description":"Die Einf\u00fchrung in die Philosophie der Moderne gibt einen \u00dcberblick \u00fcber die Entwicklung der Philosophie in den letzten 200 Jahren.","robots":{"index":"index","follow":"follow","max-snippet":"max-snippet:-1","max-image-preview":"max-image-preview:large","max-video-preview":"max-video-preview:-1"},"canonical":"https:\/\/blog.zeit.de\/schueler\/2013\/11\/07\/einfuhrung-in-philosophie-moderne\/","og_locale":"de_DE","og_type":"article","og_title":"Einf\u00fchrung in die Philosophie der Moderne - Lernplattform","og_description":"Die Einf\u00fchrung in die Philosophie der Moderne gibt einen \u00dcberblick \u00fcber die Entwicklung der Philosophie in den letzten 200 Jahren.","og_url":"https:\/\/blog.zeit.de\/schueler\/2013\/11\/07\/einfuhrung-in-philosophie-moderne\/","og_site_name":"Lernplattform","article_published_time":"2013-11-07T10:59:54+00:00","article_modified_time":"2014-03-18T11:58:16+00:00","og_image":[{"url":"https:\/\/blog.zeit.de\/schueler\/files\/2013\/11\/Philosophie-der-Moderne-Industrialisierung-Ed-Jones-AFP-Getty-Images1.jpg"}],"author":"Eric Schumacher","twitter_misc":{"Geschrieben von":"Eric Schumacher","Gesch\u00e4tzte Lesezeit":"5\u00a0Minuten"},"schema":{"@context":"https:\/\/schema.org","@graph":[{"@type":"WebPage","@id":"https:\/\/blog.zeit.de\/schueler\/2013\/11\/07\/einfuhrung-in-philosophie-moderne\/","url":"https:\/\/blog.zeit.de\/schueler\/2013\/11\/07\/einfuhrung-in-philosophie-moderne\/","name":"Einf\u00fchrung in die Philosophie der Moderne - Lernplattform","isPartOf":{"@id":"https:\/\/blog.zeit.de\/schueler\/#website"},"datePublished":"2013-11-07T10:59:54+00:00","dateModified":"2014-03-18T11:58:16+00:00","author":{"@id":"https:\/\/blog.zeit.de\/schueler\/#\/schema\/person\/a1194fff345fee9d825565e71721cc87"},"description":"Die Einf\u00fchrung in die Philosophie der Moderne gibt einen \u00dcberblick \u00fcber die Entwicklung der Philosophie in den letzten 200 Jahren.","breadcrumb":{"@id":"https:\/\/blog.zeit.de\/schueler\/2013\/11\/07\/einfuhrung-in-philosophie-moderne\/#breadcrumb"},"inLanguage":"de","potentialAction":[{"@type":"ReadAction","target":["https:\/\/blog.zeit.de\/schueler\/2013\/11\/07\/einfuhrung-in-philosophie-moderne\/"]}]},{"@type":"BreadcrumbList","@id":"https:\/\/blog.zeit.de\/schueler\/2013\/11\/07\/einfuhrung-in-philosophie-moderne\/#breadcrumb","itemListElement":[{"@type":"ListItem","position":1,"name":"Startseite","item":"https:\/\/blog.zeit.de\/schueler\/"},{"@type":"ListItem","position":2,"name":"Einf\u00fchrung in die Philosophie der Moderne"}]},{"@type":"WebSite","@id":"https:\/\/blog.zeit.de\/schueler\/#website","url":"https:\/\/blog.zeit.de\/schueler\/","name":"Lernplattform","description":"Die besten Texte, Videos und Links f\u00fcr den Unterricht zur Verf\u00fcgung gestellt von ZEIT f\u00fcr die Schule","potentialAction":[{"@type":"SearchAction","target":{"@type":"EntryPoint","urlTemplate":"https:\/\/blog.zeit.de\/schueler\/?s={search_term_string}"},"query-input":"required name=search_term_string"}],"inLanguage":"de"},{"@type":"Person","@id":"https:\/\/blog.zeit.de\/schueler\/#\/schema\/person\/a1194fff345fee9d825565e71721cc87","name":"Eric Schumacher","image":{"@type":"ImageObject","inLanguage":"de","@id":"https:\/\/blog.zeit.de\/schueler\/#\/schema\/person\/image\/","url":"https:\/\/secure.gravatar.com\/avatar\/4fc389ef295d10fc6eb63512ddf4a91ce4d4c915ca36a6f5da3c30dda8d49607?s=96&d=mm&r=g","contentUrl":"https:\/\/secure.gravatar.com\/avatar\/4fc389ef295d10fc6eb63512ddf4a91ce4d4c915ca36a6f5da3c30dda8d49607?s=96&d=mm&r=g","caption":"Eric Schumacher"},"url":"https:\/\/blog.zeit.de\/schueler\/author\/eschumacher\/"}]}},"jetpack_featured_media_url":"","jetpack_sharing_enabled":true,"_links":{"self":[{"href":"https:\/\/blog.zeit.de\/schueler\/wp-json\/wp\/v2\/posts\/5748","targetHints":{"allow":["GET"]}}],"collection":[{"href":"https:\/\/blog.zeit.de\/schueler\/wp-json\/wp\/v2\/posts"}],"about":[{"href":"https:\/\/blog.zeit.de\/schueler\/wp-json\/wp\/v2\/types\/post"}],"author":[{"embeddable":true,"href":"https:\/\/blog.zeit.de\/schueler\/wp-json\/wp\/v2\/users\/418"}],"replies":[{"embeddable":true,"href":"https:\/\/blog.zeit.de\/schueler\/wp-json\/wp\/v2\/comments?post=5748"}],"version-history":[{"count":35,"href":"https:\/\/blog.zeit.de\/schueler\/wp-json\/wp\/v2\/posts\/5748\/revisions"}],"predecessor-version":[{"id":6105,"href":"https:\/\/blog.zeit.de\/schueler\/wp-json\/wp\/v2\/posts\/5748\/revisions\/6105"}],"wp:attachment":[{"href":"https:\/\/blog.zeit.de\/schueler\/wp-json\/wp\/v2\/media?parent=5748"}],"wp:term":[{"taxonomy":"category","embeddable":true,"href":"https:\/\/blog.zeit.de\/schueler\/wp-json\/wp\/v2\/categories?post=5748"},{"taxonomy":"post_tag","embeddable":true,"href":"https:\/\/blog.zeit.de\/schueler\/wp-json\/wp\/v2\/tags?post=5748"}],"curies":[{"name":"wp","href":"https:\/\/api.w.org\/{rel}","templated":true}]}}