{"id":5766,"date":"2013-11-04T14:55:15","date_gmt":"2013-11-04T13:55:15","guid":{"rendered":"http:\/\/blog.zeit.de\/schueler\/?p=5766"},"modified":"2013-11-05T15:09:48","modified_gmt":"2013-11-05T14:09:48","slug":"leben-wir-in-einem-zeitalter-der-aufklaerung","status":"publish","type":"post","link":"https:\/\/blog.zeit.de\/schueler\/2013\/11\/04\/leben-wir-in-einem-zeitalter-der-aufklaerung\/","title":{"rendered":"Diskussion: Leben wir in einem Zeitalter der Aufkl\u00e4rung?"},"content":{"rendered":"<p><em>Diskutieren Sie diese Frage mit anderen Lesern.<\/em><\/p>\n\n<div class=\"embed-wrapper embed-wrapper--blocked js-embed-consent\" data-method=\"iframe\">\n<script class=\"raw__source\" type=\"text\/template\"><iframe loading=\"lazy\" frameborder=\"0\" height=\"326\" src=\"\/\/www.youtube.com\/embed\/fz_qc2ydpvY?rel=0\" width=\"580\"><\/iframe><\/script>\n<div class=\"embed-wrapper__inner\">\n<div class=\"embed-wrapper__text\">\n<h3>Empfohlener redaktioneller Inhalt<\/h3>\n<p data-replace=\"no\">An dieser Stelle finden Sie externen Inhalt, der den Artikel erg\u00e4nzt. Sie k\u00f6nnen sich externe Inhalte mit einem Klick anzeigen lassen und wieder ausblenden.<noscript>Bitte aktivieren Sie JavaScript damit Sie diesen Inhalt anzeigen k\u00f6nnen.<\/noscript><\/p>\n<\/div>\n<div class=\"embed-consent\">\n<label class=\"embed-consent__toggle\">\n<input class=\"js-embed-consent__toggle\" type=\"checkbox\" autocomplete=\"off\">\n<span><\/span>\nExterner Inhalt\n<\/label>\n<a href=\"https:\/\/www.zeit.de\/hilfe\/datenschutz\" target=\"_blank\" class=\"embed-consent__datalink-when-active\">Datenschutzerkl\u00e4rung<\/a>\n<\/div>\n<div class=\"embed-wrapper__footer\">\n<p data-replace=\"no\">\nIch bin damit einverstanden, dass mir externe Inhalte angezeigt werden. Damit k\u00f6nnen personenbezogene Daten an Drittplattformen \u00fcbermittelt werden. <a href=\"https:\/\/www.zeit.de\/hilfe\/datenschutz\" target=\"_blank\">Mehr dazu in unserer Datenschutzerkl\u00e4rung.<\/a>\n<\/p>\n<\/div>\n<\/div>\n<\/div>\n<p>Etwas konkreter wird die Problematik der Verselbst\u00e4ndigung der Einzelwissenschaften in Patrick S\u00fcskinds <a href=\"http:\/\/www.youtube.com\/watch?v=fz_qc2ydpvY&amp;feature=fvst\">Das Parf\u00fcm<\/a> erkennbar. Der Protagonist, Grenouille, steht hier sinnbildlich f\u00fcr einen Wissenschaftsbetrieb, der sich selbst als h\u00f6chstes Ziel setzt und die Interessen der Menschheit \u00fcbergeht.<\/p>\n<ul>\n<li>Versuchen Sie, die Geschichte Grenouilles anhand der Filmvorschau kurz zusammenzufassen.<\/li>\n<li>Beurteilen Sie: Ist Grenouille ein guter Wissenschaftler?<\/li>\n<\/ul>\n<p><a href=\"https:\/\/blog.zeit.de\/schueler\/2013\/11\/04\/adorno-horkheimer-dialektik-der-aufklaerung-scheitern\/\">Kehren Sie anschlie\u00dfend zum Artikel zur\u00fcck.<\/a><\/p>\n","protected":false},"excerpt":{"rendered":"<p>Diskutieren Sie diese Frage mit anderen Lesern. Empfohlener redaktioneller Inhalt An dieser Stelle finden Sie externen Inhalt, der den Artikel erg\u00e4nzt. Sie k\u00f6nnen sich externe Inhalte mit einem Klick anzeigen lassen und wieder ausblenden.Bitte aktivieren Sie JavaScript damit Sie diesen Inhalt anzeigen k\u00f6nnen. Externer Inhalt Datenschutzerkl\u00e4rung Ich bin damit einverstanden, dass mir externe Inhalte angezeigt [&hellip;]<\/p>\n","protected":false},"author":418,"featured_media":0,"comment_status":"open","ping_status":"open","sticky":false,"template":"","format":"standard","meta":{"_jetpack_memberships_contains_paid_content":false,"footnotes":""},"categories":[1537],"tags":[],"class_list":["post-5766","post","type-post","status-publish","format-standard","hentry","category-diskussion"],"yoast_head":"<!-- This site is optimized with the Yoast SEO plugin v21.0 - https:\/\/yoast.com\/wordpress\/plugins\/seo\/ -->\n<title>Diskussion: Leben wir in einem Zeitalter der Aufkl\u00e4rung? - Lernplattform<\/title>\n<meta name=\"robots\" content=\"index, nofollow, max-snippet:-1, max-image-preview:large, max-video-preview:-1\" \/>\n<link rel=\"canonical\" href=\"https:\/\/blog.zeit.de\/schueler\/2013\/11\/04\/leben-wir-in-einem-zeitalter-der-aufklaerung\/\" \/>\n<meta property=\"og:locale\" content=\"de_DE\" \/>\n<meta property=\"og:type\" content=\"article\" \/>\n<meta property=\"og:title\" content=\"Diskussion: Leben wir in einem Zeitalter der Aufkl\u00e4rung? - Lernplattform\" \/>\n<meta property=\"og:description\" content=\"Diskutieren Sie diese Frage mit anderen Lesern. Empfohlener redaktioneller Inhalt An dieser Stelle finden Sie externen Inhalt, der den Artikel erg\u00e4nzt. Sie k\u00f6nnen sich externe Inhalte mit einem Klick anzeigen lassen und wieder ausblenden.Bitte aktivieren Sie JavaScript damit Sie diesen Inhalt anzeigen k\u00f6nnen. Externer Inhalt Datenschutzerkl\u00e4rung Ich bin damit einverstanden, dass mir externe Inhalte angezeigt [&hellip;]\" \/>\n<meta property=\"og:url\" content=\"https:\/\/blog.zeit.de\/schueler\/2013\/11\/04\/leben-wir-in-einem-zeitalter-der-aufklaerung\/\" \/>\n<meta property=\"og:site_name\" content=\"Lernplattform\" \/>\n<meta property=\"article:published_time\" content=\"2013-11-04T13:55:15+00:00\" \/>\n<meta property=\"article:modified_time\" content=\"2013-11-05T14:09:48+00:00\" \/>\n<meta name=\"author\" content=\"Eric Schumacher\" \/>\n<meta name=\"twitter:label1\" content=\"Geschrieben von\" \/>\n\t<meta name=\"twitter:data1\" content=\"Eric Schumacher\" \/>\n<script type=\"application\/ld+json\" class=\"yoast-schema-graph\">{\"@context\":\"https:\/\/schema.org\",\"@graph\":[{\"@type\":\"WebPage\",\"@id\":\"https:\/\/blog.zeit.de\/schueler\/2013\/11\/04\/leben-wir-in-einem-zeitalter-der-aufklaerung\/\",\"url\":\"https:\/\/blog.zeit.de\/schueler\/2013\/11\/04\/leben-wir-in-einem-zeitalter-der-aufklaerung\/\",\"name\":\"Diskussion: Leben wir in einem Zeitalter der Aufkl\u00e4rung? - Lernplattform\",\"isPartOf\":{\"@id\":\"https:\/\/blog.zeit.de\/schueler\/#website\"},\"datePublished\":\"2013-11-04T13:55:15+00:00\",\"dateModified\":\"2013-11-05T14:09:48+00:00\",\"author\":{\"@id\":\"https:\/\/blog.zeit.de\/schueler\/#\/schema\/person\/a1194fff345fee9d825565e71721cc87\"},\"breadcrumb\":{\"@id\":\"https:\/\/blog.zeit.de\/schueler\/2013\/11\/04\/leben-wir-in-einem-zeitalter-der-aufklaerung\/#breadcrumb\"},\"inLanguage\":\"de\",\"potentialAction\":[{\"@type\":\"ReadAction\",\"target\":[\"https:\/\/blog.zeit.de\/schueler\/2013\/11\/04\/leben-wir-in-einem-zeitalter-der-aufklaerung\/\"]}]},{\"@type\":\"BreadcrumbList\",\"@id\":\"https:\/\/blog.zeit.de\/schueler\/2013\/11\/04\/leben-wir-in-einem-zeitalter-der-aufklaerung\/#breadcrumb\",\"itemListElement\":[{\"@type\":\"ListItem\",\"position\":1,\"name\":\"Startseite\",\"item\":\"https:\/\/blog.zeit.de\/schueler\/\"},{\"@type\":\"ListItem\",\"position\":2,\"name\":\"Diskussion: Leben wir in einem Zeitalter der Aufkl\u00e4rung?\"}]},{\"@type\":\"WebSite\",\"@id\":\"https:\/\/blog.zeit.de\/schueler\/#website\",\"url\":\"https:\/\/blog.zeit.de\/schueler\/\",\"name\":\"Lernplattform\",\"description\":\"Die besten Texte, Videos und Links f\u00fcr den Unterricht zur Verf\u00fcgung gestellt von ZEIT f\u00fcr die Schule\",\"potentialAction\":[{\"@type\":\"SearchAction\",\"target\":{\"@type\":\"EntryPoint\",\"urlTemplate\":\"https:\/\/blog.zeit.de\/schueler\/?s={search_term_string}\"},\"query-input\":\"required name=search_term_string\"}],\"inLanguage\":\"de\"},{\"@type\":\"Person\",\"@id\":\"https:\/\/blog.zeit.de\/schueler\/#\/schema\/person\/a1194fff345fee9d825565e71721cc87\",\"name\":\"Eric Schumacher\",\"image\":{\"@type\":\"ImageObject\",\"inLanguage\":\"de\",\"@id\":\"https:\/\/blog.zeit.de\/schueler\/#\/schema\/person\/image\/\",\"url\":\"https:\/\/secure.gravatar.com\/avatar\/4fc389ef295d10fc6eb63512ddf4a91ce4d4c915ca36a6f5da3c30dda8d49607?s=96&d=mm&r=g\",\"contentUrl\":\"https:\/\/secure.gravatar.com\/avatar\/4fc389ef295d10fc6eb63512ddf4a91ce4d4c915ca36a6f5da3c30dda8d49607?s=96&d=mm&r=g\",\"caption\":\"Eric Schumacher\"},\"url\":\"https:\/\/blog.zeit.de\/schueler\/author\/eschumacher\/\"}]}<\/script>\n<!-- \/ Yoast SEO plugin. -->","yoast_head_json":{"title":"Diskussion: Leben wir in einem Zeitalter der Aufkl\u00e4rung? - Lernplattform","robots":{"index":"index","follow":"nofollow","max-snippet":"max-snippet:-1","max-image-preview":"max-image-preview:large","max-video-preview":"max-video-preview:-1"},"canonical":"https:\/\/blog.zeit.de\/schueler\/2013\/11\/04\/leben-wir-in-einem-zeitalter-der-aufklaerung\/","og_locale":"de_DE","og_type":"article","og_title":"Diskussion: Leben wir in einem Zeitalter der Aufkl\u00e4rung? - Lernplattform","og_description":"Diskutieren Sie diese Frage mit anderen Lesern. Empfohlener redaktioneller Inhalt An dieser Stelle finden Sie externen Inhalt, der den Artikel erg\u00e4nzt. Sie k\u00f6nnen sich externe Inhalte mit einem Klick anzeigen lassen und wieder ausblenden.Bitte aktivieren Sie JavaScript damit Sie diesen Inhalt anzeigen k\u00f6nnen. Externer Inhalt Datenschutzerkl\u00e4rung Ich bin damit einverstanden, dass mir externe Inhalte angezeigt [&hellip;]","og_url":"https:\/\/blog.zeit.de\/schueler\/2013\/11\/04\/leben-wir-in-einem-zeitalter-der-aufklaerung\/","og_site_name":"Lernplattform","article_published_time":"2013-11-04T13:55:15+00:00","article_modified_time":"2013-11-05T14:09:48+00:00","author":"Eric Schumacher","twitter_misc":{"Geschrieben von":"Eric Schumacher"},"schema":{"@context":"https:\/\/schema.org","@graph":[{"@type":"WebPage","@id":"https:\/\/blog.zeit.de\/schueler\/2013\/11\/04\/leben-wir-in-einem-zeitalter-der-aufklaerung\/","url":"https:\/\/blog.zeit.de\/schueler\/2013\/11\/04\/leben-wir-in-einem-zeitalter-der-aufklaerung\/","name":"Diskussion: Leben wir in einem Zeitalter der Aufkl\u00e4rung? - Lernplattform","isPartOf":{"@id":"https:\/\/blog.zeit.de\/schueler\/#website"},"datePublished":"2013-11-04T13:55:15+00:00","dateModified":"2013-11-05T14:09:48+00:00","author":{"@id":"https:\/\/blog.zeit.de\/schueler\/#\/schema\/person\/a1194fff345fee9d825565e71721cc87"},"breadcrumb":{"@id":"https:\/\/blog.zeit.de\/schueler\/2013\/11\/04\/leben-wir-in-einem-zeitalter-der-aufklaerung\/#breadcrumb"},"inLanguage":"de","potentialAction":[{"@type":"ReadAction","target":["https:\/\/blog.zeit.de\/schueler\/2013\/11\/04\/leben-wir-in-einem-zeitalter-der-aufklaerung\/"]}]},{"@type":"BreadcrumbList","@id":"https:\/\/blog.zeit.de\/schueler\/2013\/11\/04\/leben-wir-in-einem-zeitalter-der-aufklaerung\/#breadcrumb","itemListElement":[{"@type":"ListItem","position":1,"name":"Startseite","item":"https:\/\/blog.zeit.de\/schueler\/"},{"@type":"ListItem","position":2,"name":"Diskussion: Leben wir in einem Zeitalter der Aufkl\u00e4rung?"}]},{"@type":"WebSite","@id":"https:\/\/blog.zeit.de\/schueler\/#website","url":"https:\/\/blog.zeit.de\/schueler\/","name":"Lernplattform","description":"Die besten Texte, Videos und Links f\u00fcr den Unterricht zur Verf\u00fcgung gestellt von ZEIT f\u00fcr die Schule","potentialAction":[{"@type":"SearchAction","target":{"@type":"EntryPoint","urlTemplate":"https:\/\/blog.zeit.de\/schueler\/?s={search_term_string}"},"query-input":"required name=search_term_string"}],"inLanguage":"de"},{"@type":"Person","@id":"https:\/\/blog.zeit.de\/schueler\/#\/schema\/person\/a1194fff345fee9d825565e71721cc87","name":"Eric Schumacher","image":{"@type":"ImageObject","inLanguage":"de","@id":"https:\/\/blog.zeit.de\/schueler\/#\/schema\/person\/image\/","url":"https:\/\/secure.gravatar.com\/avatar\/4fc389ef295d10fc6eb63512ddf4a91ce4d4c915ca36a6f5da3c30dda8d49607?s=96&d=mm&r=g","contentUrl":"https:\/\/secure.gravatar.com\/avatar\/4fc389ef295d10fc6eb63512ddf4a91ce4d4c915ca36a6f5da3c30dda8d49607?s=96&d=mm&r=g","caption":"Eric Schumacher"},"url":"https:\/\/blog.zeit.de\/schueler\/author\/eschumacher\/"}]}},"jetpack_featured_media_url":"","jetpack_sharing_enabled":true,"_links":{"self":[{"href":"https:\/\/blog.zeit.de\/schueler\/wp-json\/wp\/v2\/posts\/5766","targetHints":{"allow":["GET"]}}],"collection":[{"href":"https:\/\/blog.zeit.de\/schueler\/wp-json\/wp\/v2\/posts"}],"about":[{"href":"https:\/\/blog.zeit.de\/schueler\/wp-json\/wp\/v2\/types\/post"}],"author":[{"embeddable":true,"href":"https:\/\/blog.zeit.de\/schueler\/wp-json\/wp\/v2\/users\/418"}],"replies":[{"embeddable":true,"href":"https:\/\/blog.zeit.de\/schueler\/wp-json\/wp\/v2\/comments?post=5766"}],"version-history":[{"count":5,"href":"https:\/\/blog.zeit.de\/schueler\/wp-json\/wp\/v2\/posts\/5766\/revisions"}],"predecessor-version":[{"id":5802,"href":"https:\/\/blog.zeit.de\/schueler\/wp-json\/wp\/v2\/posts\/5766\/revisions\/5802"}],"wp:attachment":[{"href":"https:\/\/blog.zeit.de\/schueler\/wp-json\/wp\/v2\/media?parent=5766"}],"wp:term":[{"taxonomy":"category","embeddable":true,"href":"https:\/\/blog.zeit.de\/schueler\/wp-json\/wp\/v2\/categories?post=5766"},{"taxonomy":"post_tag","embeddable":true,"href":"https:\/\/blog.zeit.de\/schueler\/wp-json\/wp\/v2\/tags?post=5766"}],"curies":[{"name":"wp","href":"https:\/\/api.w.org\/{rel}","templated":true}]}}