{"id":816,"date":"2012-02-22T14:51:48","date_gmt":"2012-02-22T13:51:48","guid":{"rendered":"http:\/\/blog.zeit.de\/schueler\/?p=816"},"modified":"2013-02-11T17:33:15","modified_gmt":"2013-02-11T16:33:15","slug":"thema-exilliteratur-1933-1945","status":"publish","type":"post","link":"https:\/\/blog.zeit.de\/schueler\/2012\/02\/22\/thema-exilliteratur-1933-1945\/","title":{"rendered":"Exilliteratur (1933-1945)"},"content":{"rendered":"<p><a name=\"artikel\"><\/a><strong>\u00dcberblick:<\/strong> Die deutsche Exilliteratur entstand 1933\u20131945, nachdem viele Schriftsteller vor den <a href=\"https:\/\/blog.zeit.de\/schueler\/2010\/07\/11\/thema-der-nationalsozialismus\/\">Nationalsozialisten<\/a> aus Deutschland fliehen mussten. Vor allem j\u00fcdische, pazifistische und marxistische Schriftsteller wurden verfolgt, ihre B\u00fccher wurden teilweise \u00f6ffentlich verbrannt. (<a href=\" http:\/\/www.berlin.de\/rubrik\/hauptstadt\/verbannte_buecher\/az-autor.php\">Hier <\/a>finden Sie eine Liste der im Nationalsozialismus verbotenen Schriftsteller). <!--more--><\/p>\n<p><a href=\"#dossier\">Zur Textsammlung springen<\/a><\/p>\n<p><figure id=\"attachment_2717\" aria-describedby=\"caption-attachment-2717\" style=\"width: 540px\" class=\"wp-caption alignleft\"><img loading=\"lazy\" decoding=\"async\" class=\"size-full wp-image-2717\" title=\"zfds-buecherverbrennung-540x304\" alt=\"\" src=\"https:\/\/blog.zeit.de\/schueler\/files\/2010\/08\/zfds-buecherverbrennung-540x304.jpg\" width=\"540\" height=\"304\" srcset=\"https:\/\/blog.zeit.de\/schueler\/files\/2010\/08\/zfds-buecherverbrennung-540x304.jpg 540w, https:\/\/blog.zeit.de\/schueler\/files\/2010\/08\/zfds-buecherverbrennung-540x304-300x168.jpg 300w\" sizes=\"auto, (max-width: 540px) 100vw, 540px\" \/><figcaption id=\"caption-attachment-2717\" class=\"wp-caption-text\">B\u00fccherverbrennung der Nationalsoialisten 1933 \u00a9 Keystone\/Getty Images<\/figcaption><\/figure><\/p>\n<p>Viele Exilautoren suchten zun\u00e4chst in europ\u00e4ischen L\u00e4ndern Zuflucht, doch nach Beginn des Zweiten Weltkrieges 1939 mussten sie auch von dort, etwa aus \u00d6sterreich, Frankreich und den Niederlanden, fliehen. Neben Paris, Amsterdam, Stockholm, Z\u00fcrich wurden deshalb auch Moskau, New York und Mexiko zu Zentren der Exilautoren. Der Gro\u00dfteil der Exilliteratur besa\u00df einen politischen Charakter. Aus dem Heimweh einiger Autoren entstanden auch Naturgedichte und Liebeslyrik.<\/p>\n<p>Als bedeutendster historischer Roman des Exils gilt <em>Henri Quatre<\/em> von Heinrich Mann. Nach ihm hatte die Exilliteratur zwei Aufgaben: sie sollte die Welt \u00fcber Nationalsozialisten aufkl\u00e4ren und den Widerstand in Nazi-Deutschland unterst\u00fctzen. Andere Schriftsteller versuchten, direkt gegen das Dritte Reich zu k\u00e4mpfen, in dem Sie Radioreden, Manifeste, Flugbl\u00e4tter oder Tarnschriften ver\u00f6ffentlichten.<br \/>\n<a name=\"dossier\"><\/a><\/p>\n<p><a href=\"#artikel\">Zum Artikel springen<\/a><br \/>\n<strong>Artikel und Materialien zur Epoche und ihren Merkmalen<\/strong><\/p>\n<p><a href=\"http:\/\/www.li-go.de\/definitionsansicht\/rhetorik\/rhetorikanalyse.html\" target=\"_blank\">Literaturwissenschaftliche Grundbegriffe Online<\/a> (LiGo.de)<br \/>\n<em> LiGo ist ein Selbstlernkurs zu literaturwissenschaftlichen Grundbegriffen. Die Analyseformen f\u00fcr <\/em><a href=\"http:\/\/www.uni-due.de\/literaturwissenschaft-aktiv\/Vorlesungen\/epik\/main.htm\" target=\"_blank\">Erz\u00e4hltexte<\/a> (z.B. Romane)<em> und Lyrik werden im Detail erl\u00e4utert und die Kunst der Rhetorik erkl\u00e4rt. Was ist ein Akt, was eine Szene? Welche Erz\u00e4hlformen gibt es und was ist die Erz\u00e4hlstimme? Was ist die semantische Ebene eines Gedichts und was die narrative Struktur? Was bedeuten Alliteration, Anapher, Parallelismus und Klimax in Texten?<\/em><\/p>\n<p><a href=\"http:\/\/www.digitale-schule-bayern.de\/dsdaten\/451\/758.html\" target=\"_blank\">Epochen\u00fcberblick Exilliteratur<\/a> (digitale-schule.de)<br \/>\n<em>Dieser Epochen\u00fcberblick macht deutlich, welche EInfl\u00fcsse die Schriftsteller des Exils gepr\u00e4gt haben, wer sie waren und listet ber\u00fchmte Werke auf.<\/em><\/p>\n<p><a href=\"http:\/\/www.zeit.de\/2002\/04\/doenhoff_000406.xml\">Im Exil: Das andere Deutschland<\/a> (DIE ZEIT 2000)<br \/>\n<em>Marion D\u00f6nhoff schreibt \u00fcber die Deutsche Akademie der K\u00fcnste und Wissenschaften im Exil. Insgesamt sind mehr als eine halbe Million Menschen ins Exil gegangen, darunter etwa 2000 K\u00fcnstler aller Gattungen, Schriftsteller, Musiker, Wissenschaftler, Theater- und Filmleute. Einige schlossen sich zusammen. <\/em><\/p>\n<p>http:\/\/www.youtube.com\/watch?v=sMJKqktfNuA<br \/>\n<a href=\"http:\/\/www.youtube.com\/watch?v=sMJKqktfNuA\" target=\"_blank\">Spur des Feuers &#8211; Die B\u00fccherverbrennung 1933<\/a> (arte, Youtube)<br \/>\n<em>Als Adolf Hitler im Januar 1933 die Macht ergriff, versprach er den Deutschen, das Land zu &#8222;s\u00e4ubern&#8220;. Nur wenige Wochen sp\u00e4ter begann die verheerende Umsetzung in den Bibliotheken. Am 2. April 1933 beschloss die Deutsche Studentenschaft &#8222;die \u00f6ffentliche Verbrennung j\u00fcdischer zersetzender Schriften an den Hochschulorten des Reichsgebietes&#8220; &#8211; in vielen deutschen St\u00e4dten wurden \u00f6ffentlich B\u00fccher kritischer Schriftsteller verbrannt.<\/em><\/p>\n<p><a href=\"zfds:exilograph10.pdf\">Leben im niederl\u00e4ndischen Exil 1939 &#8211; 1942: Fanny und Max Jacob<\/a> (Forschungsstelle f\u00fcr deutsche Exilliteratur)<br \/>\n<em>Die Briefe des Ehepaars Fanny und Max Jacob zeigen, wie das Leben im Exil sich auf das Familienleben und die Gef\u00fchlswelt auswirkte. Sch\u00fcler erfahren so, welche Themen und Probleme in Exilliteratur eine Rolle spielen.<\/em><\/p>\n<p><strong>Bertolt Brecht<\/strong><\/p>\n<p><a href=\"http:\/\/www.zeit.de\/1998\/07\/brecht1.txt.19980205.xml\">Dem R\u00e4uber, dem Sp\u00f6tter Berthold Brecht zum Hundertsten<\/a> (DIE ZEIT Nr. 7\/1998) <em>Er war Dissident, R\u00e4uber, Liebender. Bertolt Brecht portraitiert von Fritz J. Raddatz<\/em><\/p>\n<p><a href=\"http:\/\/www.zeit.de\/1997\/33\/Der_gute_Mensch_von_Svendborg\">Bertold Brecht: Der gute Mensch von Svendborg<\/a> (DIE ZEIT Nr. 33\/1997)<br \/>\n<em>Sechs produktive Jahre verbrachte Bert Brecht im d\u00e4nischen Exil. Sein Haus ist heute ein K\u00fcnstlerdomizil.<\/em><\/p>\n<p><a href=\"http:\/\/www.spiegel.de\/spiegel\/print\/d-9133540.html\" target=\"_blank\">Bertold Brecht &#8211; F\u00fchrer im Hofgarten<\/a> (Der Spiegel Nr. 50\/1996)<br \/>\n<em>In einem Berliner Archiv ist eine Erz\u00e4hlung von Bertolt Brecht aufgetaucht &#8211; mit Hitler im Mittelpunkt. Der Autor schrieb die bisher unbekannte Geschichte, die teilweise auf einer wahren Begebenheit beruht, 1942 im US-Exil.<\/em><\/p>\n<p><strong>Die Familie Mann<\/strong><\/p>\n<p>http:\/\/www.youtube.com\/watch?v=k5TMUdoIMK0<br \/>\n<a href=\"http:\/\/www.youtube.com\/watch?v=k5TMUdoIMK0\" target=\"_blank\">Thomas Mann in Amerika<\/a> (3sat, Youtube)<\/p>\n<p><a href=\"http:\/\/www.zeit.de\/1973\/09\/Die-Brueder-Mann-und-Bertolt-Brecht\">Die Br\u00fcder Mann und Bertolt Brecht<\/a> (DIE ZEIT Nr. 9\/1973)<br \/>\n<em>&#8222;In Kalifornien, 1940 bis zu der Zeit, in der Brecht den Platz verlie\u00df, waren Heinrich Mann und Bertolt Brecht ungef\u00e4hr befreundet und sahen sich ab und an. Thomas Mann und Brecht waren nicht befreundet und sahen sich nur selten&#8220;, schreibt Thomas Manns Sohn Golo in der ZEIT von 1973.<\/em><\/p>\n<p><a href=\"http:\/\/www.zeit.de\/2004\/53\/P-Mann\">Heinrich Mann &#8211; Der Schakal im Kreml<\/a> (DIE ZEIT Nr. 53\/2004)<br \/>\n<em>Erst 2004 wurde die urspr\u00fcngliche Fassung von Heinrich Manns Kriegstagebuch ver\u00f6ffentlicht.<\/em><\/p>\n<p><a href=\"http:\/\/www1.uni-hamburg.de\/exillit\/neueversion\/periodika\/dls\/exilograph14.pdf\" target=\"_blank\">Schwindende Sch\u00e4tze \u2013 Heinrich Mann und das Argentinische Tageblatt<\/a> (Forschungsstelle f\u00fcr deutsche Exilliteratur)<br \/>\n<em>In dieser Publikation beschreiben die Autoren, warum Heinrich Mann ins Exil ging, wor\u00fcber er und andere Autoren dort schrieben und welche Rolle das Argentinische Tageblatt bei der Verbreitung von Exil-Artikeln spielte.<\/em><\/p>\n<p><a href=\"http:\/\/literaturlexikon.uni-saarland.de\/index.php?id=219\" target=\"_blank\">Lexikon zu Thomas Manns <em>Joseph und seine Br\u00fcder<\/em><\/a> (Literaturlexikon, Universit\u00e4t Saarland)<br \/>\n<em>In seinem umfangreichsten Werk verarbeitet Mann die biblische Geschichte von Jaakob und seinem Sohn Joseph zu einem vierteiligen Roman. In dem Buch kommen viele Personen und Orte vor, die Leser ohne Kenntnis der Bibel kaum richtig verstehen k\u00f6nnen. Um dem Abhilfe zu schaffen, finden Sch\u00fcler auf dieser Seite ein erkl\u00e4rendes Namens- und Ortsregister.<\/em><\/p>\n<p><strong>Lion Feuchtwanger<\/strong><\/p>\n<p><a href=\"http:\/\/www.zeit.de\/1993\/43\/Elend-und-Groesse\">Exil in Frankreich &#8211; Elend und Gr\u00f6\u00dfe<\/a> (DIE ZEIT Nr. 43\/1993)<br \/>\n<em>Tausende deutscher Emigranten wurden w\u00e4hrend des Zweiten Weltkrieges in S\u00fcdfrankreich als &#8222;feindliche Ausl\u00e4nder&#8220; interniert. Die ersten Berichte prominenter Internierter wie Lion Feuchtwanger (&#8222;Der Teufel in Frankreich&#8220;) erschienen zwar schon in den f\u00fcnfziger Jahren in Deutschland, wurden jedoch ignoriert. <\/em><\/p>\n<p><a href=\"http:\/\/www.br.de\/themen\/bayern\/inhalt\/geschichte\/juden-bayern-juedisches-leben142.html\" target=\"_blank\">Lion Feuchtwanger \u2013 Chronist des Antisemitismus<\/a> (Bayrischer Rundfunk)<br \/>\n<em>Diese Biographie verr\u00e4t, wie er im amerikanischen Exil gelebt hat, was Feuchtwanger publizistisch besch\u00e4ftigte und wie er nach dem Ende des Dritten Reichs wahrgenommen wurde.<\/em><\/p>\n<p><a href=\"http:\/\/www1.uni-hamburg.de\/exillit\/neueversion\/vorlesungen\/vorlesungenarchiv\/exilvorlesung03\/12-feuchtwanger.pdf\" target=\"_blank\">Feuchtwanger:<em> Die Geschwister Oppermann<\/em><\/a>(Universit\u00e4t Hamburg)<br \/>\nDie Geschwister Oppermann<em> erz\u00e4hlt die Geschichte einer gro\u00dfb\u00fcrgerlichen j\u00fcdischen Familie im nationalsozialistischen Deutschland. Aus diesem Script erfahren Sch\u00fcler mehr \u00fcber den Roman Feuchtwangers.<\/em><\/p>\n<p><strong>Weitere Autoren von Exilliteratur<\/strong><\/p>\n<p><a href=\"http:\/\/www.ardmediathek.de\/ard\/servlet\/content\/3517136?documentId=3612010\" target=\"_blank\">Kurt Tucholsky<\/a> (WDR 2 9.1.2010)<br \/>\n<em>&#8222;Soldaten sind M\u00f6rder&#8220;. Ist dieser Satz eine Beleidigung von Soldaten? Dar\u00fcber wird in den 80er Jahren zur Zeit der Friedensbewegung, heftig gestritten, in den 90ern sogar vor dem Bundesverfassungsgericht. Dabei stammt der Satz aus einer ganz anderen Zeit, dem Deutschland Anfang der 30er Jahre. Gesagt hat ihn Kurt Tucholsky, der journalistische Tausendsassa der Weimarer Republik.<\/em><\/p>\n<p><a href=\"http:\/\/www.zeit.de\/2003\/38\/KA-Sbib-38\/seite-1\" target=\"_blank\">An einem Herbstmorgen 1937<\/a> (DIE ZEIT, 38\/2003)<br \/>\n<em>Anna Seghers war eine der bedeutendsten Schriftstellerinnen der DDR, doch ihr ber\u00fchmtestes Buch schrieb sie lange vor 1949, im franz\u00f6sischen Exil: <\/em>Das siebte Kreuz<em>. In ihm erz\u00e4hlt sie die Geschichte von sieben KZ-H\u00e4ftlingen auf der Flucht.<\/em><\/p>\n<p><a href=\"http:\/\/www.zeit.de\/kultur\/2009-12\/hans-keilson-geburtstag\">Hans Keilson: Herausgefallen aus der Welt<\/a> (DIE ZEIT Nr. 12\/2009)<br \/>\n<em>Der letzte \u00dcberlebende der deutschen Exilliteratur: Der Schriftsteller Hans Keilson wird 100 Jahre alt. Ein Portrait.<\/em><\/p>\n<p><a href=\"http:\/\/www.zeit.de\/1957\/27\/Zurueck-ins-traechtige-Chaos\">Alfred D\u00f6blin &#8211; Zur\u00fcck ins tr\u00e4chtige Chaos<\/a> (DIE ZEIT Nr. 27\/1957)<br \/>\n<em>Im Jahr 1957 starb in Emmendingen, 79 Jahre alt, Alfred D\u00f6blin. Er litt sehr viel, starb sehr langsam, durch viele Jahre &#8211; und nicht ohne Bitterkeit.<\/em><\/p>\n<p><a href=\"http:\/\/www.zeit.de\/2002\/19\/200219_l-zuckmayer.xml\">Carl Zuckmayer &#8211; Ein Dichter sch\u00e4rft das Fallbeil<\/a> (DIE ZEIT Nr. 19\/2002)<br \/>\n<em>Carl Zuckmayers &#8222;Geheimreport&#8220; sollte den Amerikanern erkl\u00e4ren, wer im besiegten Deutschland noch etwas gelten k\u00f6nne. Zuckmayer schrieb seine Ansichten und Urteile \u00fcber Menschen nieder, die im &#8222;Dritten Reich&#8220; Hitlers blieben und dort etwas galten. Seine Rapporte entstanden im Auftrag des amerikanischen Office for Strategic Services.<\/em><\/p>\n<p><a href=\"http:\/\/www.zeit.de\/2003\/51\/L-Corino\">Hinein ins Musil-Gebirge<\/a> (DIE ZEIT Nr. 51\/2003)<br \/>\n<em>Sechzig Jahre nach Musils Tod gab es keine Lebensbeschreibung des zweiten Dichters deutscher Zunge von weltliterarischem Rang: von Thomas Manns Zeitgenossen, fernem Gef\u00e4hrten und stillem Konkurrenten Robert Musil \u2013 und nun liegen, seltsam genug, zwei davon auf dem Tisch.<\/em><\/p>\n<p><a href=\"http:\/\/www.zeit.de\/1988\/25\/Politisch-wider-Willen\">Erich Maria Remarque &#8211; Politisch wider Willen<\/a> (DIE ZEIT Nr. 25\/1988)<br \/>\n<em>Sein erster Roman war ein vollendeter Flop, sein zweiter eine Sensation, ein gesellschaftliches, politisches Ereignis, der deutsche Welterfolg der Zwanziger Jahre &#8211; bis heute in zig Sprachen an die zehn Millionen Mal verkauft.<\/em><\/p>\n<p>Sie m\u00f6chten noch mehr Lesestoff? <a href=\"http:\/\/www.zeit.de\/suche\/index\">Hier k\u00f6nnen Sie das Archiv von ZEIT und ZEIT ONLINE durchsuchen<\/a><\/p>\n<p><a href=\"https:\/\/blog.zeit.de\/schueler\/literatur\/\">Zur\u00fcck zur \u00dcbersicht.<\/a><\/p>\n","protected":false},"excerpt":{"rendered":"<p>\u00dcberblick: Die deutsche Exilliteratur entstand 1933\u20131945, nachdem viele Schriftsteller vor den Nationalsozialisten aus Deutschland fliehen mussten. Vor allem j\u00fcdische, pazifistische und marxistische Schriftsteller wurden verfolgt, ihre B\u00fccher wurden teilweise \u00f6ffentlich verbrannt. (Hier finden Sie eine Liste der im Nationalsozialismus verbotenen Schriftsteller).<\/p>\n","protected":false},"author":192,"featured_media":0,"comment_status":"open","ping_status":"open","sticky":false,"template":"","format":"standard","meta":{"_jetpack_memberships_contains_paid_content":false,"footnotes":""},"categories":[2144,2387],"tags":[1381,19933,20526,20392,20585,20582,18026,1863],"class_list":["post-816","post","type-post","status-publish","format-standard","hentry","category-exilliteratur-1933-1945","category-literatur","tag-deutsch","tag-exilautoren","tag-exilliteratur","tag-hausaufgaben","tag-literatur","tag-nationalsozialismus","tag-referat","tag-zweiter-weltkrieg"],"yoast_head":"<!-- This site is optimized with the Yoast SEO plugin v21.0 - https:\/\/yoast.com\/wordpress\/plugins\/seo\/ -->\n<title>Exilliteratur (1933-1945) - Lernplattform<\/title>\n<meta name=\"robots\" content=\"index, follow, max-snippet:-1, max-image-preview:large, max-video-preview:-1\" \/>\n<link rel=\"canonical\" href=\"https:\/\/blog.zeit.de\/schueler\/2012\/02\/22\/thema-exilliteratur-1933-1945\/\" \/>\n<meta property=\"og:locale\" content=\"de_DE\" \/>\n<meta property=\"og:type\" content=\"article\" \/>\n<meta property=\"og:title\" content=\"Exilliteratur (1933-1945) - Lernplattform\" \/>\n<meta property=\"og:description\" content=\"\u00dcberblick: Die deutsche Exilliteratur entstand 1933\u20131945, nachdem viele Schriftsteller vor den Nationalsozialisten aus Deutschland fliehen mussten. Vor allem j\u00fcdische, pazifistische und marxistische Schriftsteller wurden verfolgt, ihre B\u00fccher wurden teilweise \u00f6ffentlich verbrannt. (Hier finden Sie eine Liste der im Nationalsozialismus verbotenen Schriftsteller).\" \/>\n<meta property=\"og:url\" content=\"https:\/\/blog.zeit.de\/schueler\/2012\/02\/22\/thema-exilliteratur-1933-1945\/\" \/>\n<meta property=\"og:site_name\" content=\"Lernplattform\" \/>\n<meta property=\"article:published_time\" content=\"2012-02-22T13:51:48+00:00\" \/>\n<meta property=\"article:modified_time\" content=\"2013-02-11T16:33:15+00:00\" \/>\n<meta property=\"og:image\" content=\"https:\/\/blog.zeit.de\/schueler\/files\/2010\/08\/zfds-buecherverbrennung-540x304.jpg\" \/>\n<meta name=\"author\" content=\"Frida Thurm\" \/>\n<meta name=\"twitter:label1\" content=\"Geschrieben von\" \/>\n\t<meta name=\"twitter:data1\" content=\"Frida Thurm\" \/>\n\t<meta name=\"twitter:label2\" content=\"Gesch\u00e4tzte Lesezeit\" \/>\n\t<meta name=\"twitter:data2\" content=\"6\u00a0Minuten\" \/>\n<script type=\"application\/ld+json\" class=\"yoast-schema-graph\">{\"@context\":\"https:\/\/schema.org\",\"@graph\":[{\"@type\":\"WebPage\",\"@id\":\"https:\/\/blog.zeit.de\/schueler\/2012\/02\/22\/thema-exilliteratur-1933-1945\/\",\"url\":\"https:\/\/blog.zeit.de\/schueler\/2012\/02\/22\/thema-exilliteratur-1933-1945\/\",\"name\":\"Exilliteratur (1933-1945) - Lernplattform\",\"isPartOf\":{\"@id\":\"https:\/\/blog.zeit.de\/schueler\/#website\"},\"datePublished\":\"2012-02-22T13:51:48+00:00\",\"dateModified\":\"2013-02-11T16:33:15+00:00\",\"author\":{\"@id\":\"https:\/\/blog.zeit.de\/schueler\/#\/schema\/person\/4477783f6f24d60303b090f4e92798a6\"},\"breadcrumb\":{\"@id\":\"https:\/\/blog.zeit.de\/schueler\/2012\/02\/22\/thema-exilliteratur-1933-1945\/#breadcrumb\"},\"inLanguage\":\"de\",\"potentialAction\":[{\"@type\":\"ReadAction\",\"target\":[\"https:\/\/blog.zeit.de\/schueler\/2012\/02\/22\/thema-exilliteratur-1933-1945\/\"]}]},{\"@type\":\"BreadcrumbList\",\"@id\":\"https:\/\/blog.zeit.de\/schueler\/2012\/02\/22\/thema-exilliteratur-1933-1945\/#breadcrumb\",\"itemListElement\":[{\"@type\":\"ListItem\",\"position\":1,\"name\":\"Startseite\",\"item\":\"https:\/\/blog.zeit.de\/schueler\/\"},{\"@type\":\"ListItem\",\"position\":2,\"name\":\"Exilliteratur (1933-1945)\"}]},{\"@type\":\"WebSite\",\"@id\":\"https:\/\/blog.zeit.de\/schueler\/#website\",\"url\":\"https:\/\/blog.zeit.de\/schueler\/\",\"name\":\"Lernplattform\",\"description\":\"Die besten Texte, Videos und Links f\u00fcr den Unterricht zur Verf\u00fcgung gestellt von ZEIT f\u00fcr die Schule\",\"potentialAction\":[{\"@type\":\"SearchAction\",\"target\":{\"@type\":\"EntryPoint\",\"urlTemplate\":\"https:\/\/blog.zeit.de\/schueler\/?s={search_term_string}\"},\"query-input\":\"required name=search_term_string\"}],\"inLanguage\":\"de\"},{\"@type\":\"Person\",\"@id\":\"https:\/\/blog.zeit.de\/schueler\/#\/schema\/person\/4477783f6f24d60303b090f4e92798a6\",\"name\":\"Frida Thurm\",\"image\":{\"@type\":\"ImageObject\",\"inLanguage\":\"de\",\"@id\":\"https:\/\/blog.zeit.de\/schueler\/#\/schema\/person\/image\/\",\"url\":\"https:\/\/secure.gravatar.com\/avatar\/f588c6f2f462fd1d06ebb531523718f9b0ca0e27584f0d22cb34e0cf1cf4c72e?s=96&d=mm&r=g\",\"contentUrl\":\"https:\/\/secure.gravatar.com\/avatar\/f588c6f2f462fd1d06ebb531523718f9b0ca0e27584f0d22cb34e0cf1cf4c72e?s=96&d=mm&r=g\",\"caption\":\"Frida Thurm\"},\"description\":\"ist Redakteurin bei ZEIT ONLINE.\",\"url\":\"https:\/\/blog.zeit.de\/schueler\/author\/frida-thurm\/\"}]}<\/script>\n<!-- \/ Yoast SEO plugin. -->","yoast_head_json":{"title":"Exilliteratur (1933-1945) - Lernplattform","robots":{"index":"index","follow":"follow","max-snippet":"max-snippet:-1","max-image-preview":"max-image-preview:large","max-video-preview":"max-video-preview:-1"},"canonical":"https:\/\/blog.zeit.de\/schueler\/2012\/02\/22\/thema-exilliteratur-1933-1945\/","og_locale":"de_DE","og_type":"article","og_title":"Exilliteratur (1933-1945) - Lernplattform","og_description":"\u00dcberblick: Die deutsche Exilliteratur entstand 1933\u20131945, nachdem viele Schriftsteller vor den Nationalsozialisten aus Deutschland fliehen mussten. Vor allem j\u00fcdische, pazifistische und marxistische Schriftsteller wurden verfolgt, ihre B\u00fccher wurden teilweise \u00f6ffentlich verbrannt. (Hier finden Sie eine Liste der im Nationalsozialismus verbotenen Schriftsteller).","og_url":"https:\/\/blog.zeit.de\/schueler\/2012\/02\/22\/thema-exilliteratur-1933-1945\/","og_site_name":"Lernplattform","article_published_time":"2012-02-22T13:51:48+00:00","article_modified_time":"2013-02-11T16:33:15+00:00","og_image":[{"url":"https:\/\/blog.zeit.de\/schueler\/files\/2010\/08\/zfds-buecherverbrennung-540x304.jpg"}],"author":"Frida Thurm","twitter_misc":{"Geschrieben von":"Frida Thurm","Gesch\u00e4tzte Lesezeit":"6\u00a0Minuten"},"schema":{"@context":"https:\/\/schema.org","@graph":[{"@type":"WebPage","@id":"https:\/\/blog.zeit.de\/schueler\/2012\/02\/22\/thema-exilliteratur-1933-1945\/","url":"https:\/\/blog.zeit.de\/schueler\/2012\/02\/22\/thema-exilliteratur-1933-1945\/","name":"Exilliteratur (1933-1945) - Lernplattform","isPartOf":{"@id":"https:\/\/blog.zeit.de\/schueler\/#website"},"datePublished":"2012-02-22T13:51:48+00:00","dateModified":"2013-02-11T16:33:15+00:00","author":{"@id":"https:\/\/blog.zeit.de\/schueler\/#\/schema\/person\/4477783f6f24d60303b090f4e92798a6"},"breadcrumb":{"@id":"https:\/\/blog.zeit.de\/schueler\/2012\/02\/22\/thema-exilliteratur-1933-1945\/#breadcrumb"},"inLanguage":"de","potentialAction":[{"@type":"ReadAction","target":["https:\/\/blog.zeit.de\/schueler\/2012\/02\/22\/thema-exilliteratur-1933-1945\/"]}]},{"@type":"BreadcrumbList","@id":"https:\/\/blog.zeit.de\/schueler\/2012\/02\/22\/thema-exilliteratur-1933-1945\/#breadcrumb","itemListElement":[{"@type":"ListItem","position":1,"name":"Startseite","item":"https:\/\/blog.zeit.de\/schueler\/"},{"@type":"ListItem","position":2,"name":"Exilliteratur (1933-1945)"}]},{"@type":"WebSite","@id":"https:\/\/blog.zeit.de\/schueler\/#website","url":"https:\/\/blog.zeit.de\/schueler\/","name":"Lernplattform","description":"Die besten Texte, Videos und Links f\u00fcr den Unterricht zur Verf\u00fcgung gestellt von ZEIT f\u00fcr die Schule","potentialAction":[{"@type":"SearchAction","target":{"@type":"EntryPoint","urlTemplate":"https:\/\/blog.zeit.de\/schueler\/?s={search_term_string}"},"query-input":"required name=search_term_string"}],"inLanguage":"de"},{"@type":"Person","@id":"https:\/\/blog.zeit.de\/schueler\/#\/schema\/person\/4477783f6f24d60303b090f4e92798a6","name":"Frida Thurm","image":{"@type":"ImageObject","inLanguage":"de","@id":"https:\/\/blog.zeit.de\/schueler\/#\/schema\/person\/image\/","url":"https:\/\/secure.gravatar.com\/avatar\/f588c6f2f462fd1d06ebb531523718f9b0ca0e27584f0d22cb34e0cf1cf4c72e?s=96&d=mm&r=g","contentUrl":"https:\/\/secure.gravatar.com\/avatar\/f588c6f2f462fd1d06ebb531523718f9b0ca0e27584f0d22cb34e0cf1cf4c72e?s=96&d=mm&r=g","caption":"Frida Thurm"},"description":"ist Redakteurin bei ZEIT ONLINE.","url":"https:\/\/blog.zeit.de\/schueler\/author\/frida-thurm\/"}]}},"jetpack_featured_media_url":"","jetpack_sharing_enabled":true,"_links":{"self":[{"href":"https:\/\/blog.zeit.de\/schueler\/wp-json\/wp\/v2\/posts\/816","targetHints":{"allow":["GET"]}}],"collection":[{"href":"https:\/\/blog.zeit.de\/schueler\/wp-json\/wp\/v2\/posts"}],"about":[{"href":"https:\/\/blog.zeit.de\/schueler\/wp-json\/wp\/v2\/types\/post"}],"author":[{"embeddable":true,"href":"https:\/\/blog.zeit.de\/schueler\/wp-json\/wp\/v2\/users\/192"}],"replies":[{"embeddable":true,"href":"https:\/\/blog.zeit.de\/schueler\/wp-json\/wp\/v2\/comments?post=816"}],"version-history":[{"count":20,"href":"https:\/\/blog.zeit.de\/schueler\/wp-json\/wp\/v2\/posts\/816\/revisions"}],"predecessor-version":[{"id":5004,"href":"https:\/\/blog.zeit.de\/schueler\/wp-json\/wp\/v2\/posts\/816\/revisions\/5004"}],"wp:attachment":[{"href":"https:\/\/blog.zeit.de\/schueler\/wp-json\/wp\/v2\/media?parent=816"}],"wp:term":[{"taxonomy":"category","embeddable":true,"href":"https:\/\/blog.zeit.de\/schueler\/wp-json\/wp\/v2\/categories?post=816"},{"taxonomy":"post_tag","embeddable":true,"href":"https:\/\/blog.zeit.de\/schueler\/wp-json\/wp\/v2\/tags?post=816"}],"curies":[{"name":"wp","href":"https:\/\/api.w.org\/{rel}","templated":true}]}}