{"id":944,"date":"2010-08-31T14:47:39","date_gmt":"2010-08-31T12:47:39","guid":{"rendered":"http:\/\/blog.zeit.de\/schueler\/?p=944"},"modified":"2014-01-24T18:26:24","modified_gmt":"2014-01-24T17:26:24","slug":"thema-fruhe-neuzeit","status":"publish","type":"post","link":"https:\/\/blog.zeit.de\/schueler\/2010\/08\/31\/thema-fruhe-neuzeit\/","title":{"rendered":"Fr\u00fche Neuzeit"},"content":{"rendered":"<p><strong>\u00dcberblick:<\/strong> Die Fr\u00fche Neuzeit ist die Epoche zwischen dem <a href=\"https:\/\/blog.zeit.de\/schueler\/2010\/07\/21\/thema-das-mittelalter\/\">Mittelalter<\/a> und der Moderne. Die genauen Anfangs- und Endpunkte der Fr\u00fchen Neuzeit sind, wie bei vielen Geschichtsepochen, umstritten. Historiker stimmen jedoch darin \u00fcberein, dass einige entscheidende Ereignisse den Beginn der Fr\u00fchen Neuzeit markieren: Die Kolonialisierung Amerikas begann, wodurch die Kolonialm\u00e4chte England, Spanien, Frankreich und die Niederlande ihr Herrschaftsgebiet vergr\u00f6\u00dfern und wirtschaftlichen Reichtum erlangen konnten. Waren, Ideen und Menschen gelangten aus der sogenannten Neuen Welt in die Alte Welt, das heutige Europa. Die Erfindung des Buchdrucks, wodurch Wissen und Informationen erstmals massenhaft reproduziert und verbreitet werden konnte. Die Reformation, wodurch aus dem Christentum mehrere Glaubensrichtungen hervorgingen. Luthers Reformationsschrift <em>An den christlichen Adel deutscher Nation von des christlichen Standes Besserung <\/em>enth\u00e4lt die wichtigsten Grunds\u00e4tze der Reformationsbewegung.<\/p>\n<p>Die Fr\u00fche Neuzeit umfasst die Jahrhunderte vom Ende des Mittelalters bis zur Franz\u00f6sischen Revolution. Historiker haben diesen Zeitraum in mehrere Unterepochen gegliedert, die teilweise miteinander konkurrieren oder sich \u00fcberschneiden. Unter anderem fallen in die 300 Jahre zwischen 1500 und 1800 die Renaissance und das Barock. Au\u00dferdem war die Fr\u00fche Neuzeit die Hochphase des Absolutismus \u2013 zun\u00e4chst des h\u00f6fischen und sp\u00e4ter des aufgekl\u00e4rten Absolutismus.<!--more--><\/p>\n<p>In der Renaissance entdeckten die <a href=\"http:\/\/de.wikipedia.org\/wiki\/Humanismus\">Humanisten\u00a0 <\/a>die Werte und des Menschenbildes der Antike wieder. Sie propagierten Toleranz und Gewissensfreiheit und meinten, dass der Mensch Bildung ben\u00f6tige, um seine Aufgabe und Stellung in der Gesellschaft zu finden. Damit standen sie im Gegensatz zu der mittelalterlichen St\u00e4ndegesellschaft, dergem\u00e4\u00df der Mensch durch Geburt seinen Platz in der Gesellschaft zugewiesen bekam. Die humanistischen Ideen wurden gest\u00e4rkt, als die Osmanen im Jahr 1453 Konstantinopel eroberten. Das Byzantinische Reich fiel und zahlreiche wichtige Schriften der Antike gelanten gemeinsam mit griechischen Gelehrten in den Westen.<\/p>\n<p><figure id=\"attachment_1044\" aria-describedby=\"caption-attachment-1044\" style=\"width: 540px\" class=\"wp-caption alignleft\"><a href=\"https:\/\/blog.zeit.de\/schueler\/files\/2010\/08\/51241330.jpg\"><img loading=\"lazy\" decoding=\"async\" class=\"size-full wp-image-1044\" title=\"Konstantinopel\" alt=\"\" src=\"https:\/\/blog.zeit.de\/schueler\/files\/2010\/08\/51241330.jpg\" width=\"540\" height=\"236\" srcset=\"https:\/\/blog.zeit.de\/schueler\/files\/2010\/08\/51241330.jpg 540w, https:\/\/blog.zeit.de\/schueler\/files\/2010\/08\/51241330-300x131.jpg 300w\" sizes=\"auto, (max-width: 540px) 100vw, 540px\" \/><\/a><figcaption id=\"caption-attachment-1044\" class=\"wp-caption-text\">Das damals christliche Konstantinopel um 1340 \u00a9 Hulton Archive\/Getty Images<\/figcaption><\/figure><\/p>\n<p>Die Epoche des Barock war vom Drei\u00dfigj\u00e4hrigen Krieg von 1618 bis 1648 gepr\u00e4gt. Die Menschen sahen sich zwiegespalten angesichts der Trennung von Katholizismus und Protestantismus durch die Reformation. Kaufleute, Gelehrte und Handwerker entwickelten ein b\u00fcrgerlichen Standesbewusstsein und traten dadurch in der \u00d6ffentichkeit und gegen\u00fcber den feudalen Herrschern selbstbewusster auf. Gleichzeitig entwickelte sich eine ausgepr\u00e4gte h\u00f6fische Kultur.<\/p>\n<p>Der Absolutismus war die Regierungsform, die bis zur Franz\u00f6sischen Revolution Europa dominierte. Das zentrale Merkmal war die zunehmenden Verstaatlichung, mit der die Herrscher alle Macht bei sich zentrierten. Sie erweiterten ihre Macht, indem sie eine staatliche Wirtschafts- und Steuerpolitik etablierten (<a href=\"http:\/\/www.bpb.de\/popup\/popup_lemmata.html?guid=ADF03E\" target=\"_blank\">Merkantilismus<\/a>) und die Kirche in das Staatswesen einbanden. Sie sicherten Ihre Macht, indem sie sich ein stehendes Heer leisteten. Und sie repr\u00e4sentierten Ihre Macht, indem sie prachtvolle Residenzen bauten.<\/p>\n<p>Das Ende der Fr\u00fchen Neuzeit und den \u00dcbergang zur Moderne l\u00e4uteten die <a href=\"https:\/\/blog.zeit.de\/schueler\/2010\/07\/16\/thema-aufklarung\/\">Franz\u00f6sische Revolution<\/a> und der Beginn der <a href=\"blog.zeit.de\/schueler\/2014\/01\/23\/industrialisierung-geschichte-revolution\/\">Industriellen Revolution<\/a> ein.<\/p>\n<p><strong>Ausgew\u00e4hlte Artikel und Materialien zum Thema:<\/strong><\/p>\n<p><strong>Einf\u00fchrungen<\/strong><\/p>\n<p><a href=\"http:\/\/www.hanisauland.de\/lexikon\/a\/absolutismus.html\" target=\"_blank\">Was ist Absolutismus?<\/a><br \/>\n<em>Die Definition des Begriffs Absolutismus im Lexikon der Bundeszentrale f\u00fcr politische Bildung.<\/em><\/p>\n<p><a href=\"http:\/\/www.historicum.net\/home\/\">Geschichtswissenschaften im Internet<\/a> (historicum.net, 07.04.2011)<br \/>\n<em>Historicum.net bietet zu Themen der Fr\u00fchen Neuzeit eine Einf\u00fchrung. Sch\u00fcler finden hier aktuelle Texte, Quellenhinweise, Linksammlungen, Literaturlisten und Erl\u00e4uterungen des Forschungsstandes. Die Themen lauten: Bauernkrieg, Reformation, Hexenverfolgung, j\u00fcdische Geschichte, Schwabenkrieg, Achtzigj\u00e4hriger Krieg, Erster Rheinbund sowie Medien und Kommunkation in der Fr\u00fchen Neuzeit.<\/em><\/p>\n<p><a href=\"http:\/\/www.ieg-ego.eu\/de\/threads\/europaeische-medien\/buchmarkt\" target=\"_blank\">Buchmarkt<\/a> (Europ\u00e4ische Geschichte Online)<br \/>\n<em>Auf dieser Seite erfahren Sch\u00fcler, wie die Buchkultur vor Erfindung des Buchdrucks aussah und wie Guttenbergs Erfindung den Buchmarkt ver\u00e4nderte.<\/em><\/p>\n<p><a href=\"http:\/\/www.zeit.de\/studium\/uni-leben\/2013-02\/Studium-Generale-Fach-Geschichte\">Studium Generale: Einf\u00fchrung in die Geschichte<\/a> (Zeit Online)<br \/>\n<em>Hier k\u00f6nnen Sch\u00fcler, Erwachsene und Studenten ihr Grundlagenwissen im Fach Geschichte auf die Probe stellen. Die korrekten Antworten finden sich am Ende des Quiz.<\/em><\/p>\n<p><strong>Gesellschaft und Staat<\/strong><\/p>\n<p><a href=\"http:\/\/www.uni-muenster.de\/FNZ-Online\/\" target=\"_blank\">Einf\u00fchrung in die Fr\u00fche Neuzeit <\/a>(Universit\u00e4t M\u00fcnster)<br \/>\n<em>Auch die Universit\u00e4t M\u00fcnster hat eine Einf\u00fchrung in die Fr\u00fchen Neuzeit zusammengestellt. Ziel ist es, Menschen ohne Vorkenntnisse die politische, soziale und wirtschaftliche Ordnung der Fr\u00fchen Neuzeit zu erkl\u00e4ren. Sch\u00fcler finden daher Texte zu st\u00e4dtischem und l\u00e4ndlichem Leben, \u00fcber Adel und St\u00e4ndegesellschaft, \u00fcber die Kirche und Kirchenreformen, \u00fcber Medien und Kommunikation, die Rolle des Milit\u00e4rs und das Rechtssystem der Fr\u00fchen Neuzeit. Zu jedem Thema finden Sch\u00fcler Quellen und Literaturangaben. Au\u00dferdem gibt es eine Einf\u00fchrungen in Theorien zur Fr\u00fchen Neuzeit.<br \/>\n<\/em><\/p>\n<p><a href=\"http:\/\/www.zeit.de\/2008\/31\/OdE40-Macht\">Machiavelli \u2013 Das Wesen der Herrschaft<\/a> (DIE ZEIT Nr. 31\/2008)<br \/>\n<em>Vor 500 Jahren erfand der italienische Philosoph Niccol\u00f2 Machiavelli die Politikwissenschaft, indem er die Mechanismen der Macht entschl\u00fcsselte. Seine Analyse erkl\u00e4rt noch heute, warum Staaten im Chaos versinken und wie Demokratien sich am Leben halten.<\/em><\/p>\n<p><a href=\"http:\/\/www.zeit.de\/1994\/36\/Der-Prozess-der-Saekularisierung\">Der Proze\u00df der S\u00e4kularisierung<\/a> (DIE ZEIT Nr. 36\/1994)<br \/>\n<em>Zwischen Magie und Aufkl\u00e4rung: Das normale religi\u00f6se Leben in der Fr\u00fchen Neuzeit zu rekonstruieren bereite betr\u00e4chtliche Probleme, denn: &#8222;Was die Menschen wirklich glaubten, dar\u00fcber gibt es nur wenige Zeugnisse.&#8220;<\/em><\/p>\n<p><a href=\"http:\/\/www.ieg-ego.eu\/en\/threads\/backgrounds\/law\/martin-otto-law\/?searchterm=None\" target=\"_blank\">Recht<\/a> (Europ\u00e4ische Geschichte Online)<br \/>\n<em>In der Fr\u00fchen Neuzeit wurde aus der religi\u00f6s-metaphysischen Rechtsauffassung des Mittelalters eine Rechtsauffassung, die durch den Begriff des Naturrechts und das sogenannte r\u00f6mische Recht definiert war. Das Monopol auf Rechtsetzung und Rechtsprechung nahm der Staat an sich: Der Rechtsstaat entstand. Hier erfahren Sch\u00fcler alles \u00fcber fr\u00fchneuzeitliches Recht, die juristischen Kategorien, Rechtsanwendung und Rechtswissenschaften.<\/em><\/p>\n<p><a href=\"http:\/\/www.ieg-ego.eu\/de\/threads\/europaeische-netzwerke\/dynastische-netzwerke\/heinz-duchhardt-die-dynastische-heirat\/?searchterm=None#HeiratundJusPublicumEuropaeum\" target=\"_blank\">Die dynastische Heirat<\/a> (Europ\u00e4ische Geschichte Online)<br \/>\n<em>Eine M\u00f6glichkeit Macht zu sichern, zu erweitern oder einen Konflikt zu l\u00f6sen, war die dynastische Heirat. Die Liebe spielte bei Eheschlie\u00dfungen unter Adeligen der Fr\u00fchen Neuzeit keine gewichtige Rolle. Der Autor dieses Textes erkl\u00e4rt die Gr\u00fcnde f\u00fcr eine Eheschlie\u00dfung, welche Regeln einzuhalten waren und wie und warum eine solche Heirat ein Medienereigniss wurde.<\/em><\/p>\n<p><em><strong>Renaissance<\/strong><\/em><\/p>\n<p><a href=\"http:\/\/www.zeit.de\/1983\/14\/Als-der-Mensch-sich-selbst-entdeckte\">Renaissance \u2013 Als der Mensch sich selbst entdeckte<\/a> (DIE ZEIT Nr. 14\/1984)<em><br \/>\n<em>Ist der \u00dcbergang vom Mittelalter zur Neuzeit flie\u00dfend und f\u00fcr die Zeitgenossen fast unmerklich vonstatten gegangen? Oder handelte es sich doch um einen Bruch, den viele, wenn auch nicht alle Zeitgenossen als solchen erfahren haben?<\/em><\/em><\/p>\n<p><a href=\"http:\/\/www.zeit.de\/1985\/41\/Viele-Humanisten-dienten-Tyrannen\">Renaissance \u2013 Viele Humanisten dienten Tyrannen<\/a> (DIE ZEIT Nr. 41\/1985)<em><br \/>\n<em>Die Ursachen und der Verlauf der italienischen Renaissance neu gedeutet.<\/em><\/em><\/p>\n<p><strong>Krieg und Frieden in der Fr\u00fchen Neuzeit<\/strong><\/p>\n<p>http:\/\/www.youtube.com\/watch?v=n6oW_y07qUk<br \/>\n<a href=\"http:\/\/www.youtube.com\/watch?v=n6oW_y07qUk\" target=\"_blank\">Drei\u00dfigj\u00e4hriger Krieg <\/a>(Phoenix Dokumentation, YouTube)<br \/>\n<em>Der Drei\u00dfigj\u00e4hrige Krieg gilt aufgrund der Dauer, der Brutalit\u00e4t und der Auswirkungen auf die europ\u00e4ischen Staatsgr\u00fcndungen als gro\u00dfes Ereignis der Neuzeit. Die europ\u00e4ischen Gro\u00dfm\u00e4chte bek\u00e4mpften einander. Auch der Konflikt zwischen katholischer und protestantischer Kirche wurde in diesem Krieg ausgetragen. Aus dieser Dokumentation erfahren Sch\u00fcler mehr \u00fcber die Ursachen des Krieges, das Kriegswesen zu dieser Zeit und die Schlachten. Teil zwei finden Sch\u00fcler <a href=\"http:\/\/www.youtube.com\/watch?v=o0-vPAUqF3Y&amp;feature=related\" target=\"_blank\">hier<\/a>, Teil drei <a href=\"http:\/\/www.youtube.com\/watch?v=XM7WJiPsw60&amp;feature=related\" target=\"_blank\">hier<\/a>.<br \/>\n<\/em><\/p>\n<p><a href=\"http:\/\/www.muenster.de\/friede\/indexalt.html\" target=\"_blank\">Die Kongre\u00dfstadt M\u00fcnster<\/a> (muenster.de)<br \/>\n<em>Der Westf\u00e4lische Frieden bedeutete das Ende des Drei\u00dfigj\u00e4hrigen Krieges. Auf dieser Seite erfahren Sch\u00fcler, warum er in M\u00fcnster ausgehandelt wurde, wie zu der Zeit das dortige Leben aussah, wer die Verhandlungspartner waren, wie der Kongressalltag war und was nach dem Friedensschluss geschah.<\/em><\/p>\n<p><a href=\"http:\/\/www.historicum.net\/themen\/achtzigjaehriger-krieg\/einfuehrung\/\" target=\"_blank\">Der Achtzigj\u00e4hrige Krieg<\/a> (historicum.net)<br \/>\n<em>Die Geschichte des Achtzigj\u00e4hrigen Krieges zeigt, dass die europ\u00e4ischen Nationalstaaten wie wir sie heute kennen, in der Fr\u00fchen Neuzeit noch ganz anders aussahen. Denn das Gebiet der heutigen Niederlande stand damals unter der Herrschaft der spanischen Linie der Habsburger. Hier erfahren Sch\u00fcler alles \u00fcber Ursachen und Verlauf des Krieges, in dem die Niederlande ihre Unabh\u00e4ngigkeit von der spanischen Krone erk\u00e4mpften.<\/em><\/p>\n<p><a href=\"http:\/\/www.historicum.net\/themen\/bauernkrieg\/einfuehrung\/\" target=\"_blank\">Der &#8222;Deutsche Bauernkrieg&#8220;<\/a> (historicum.net)<br \/>\n<em>Der sogenannte Deutsche Bauernkrieg war eigentlich gar kein Krieg. Es handelte sich dabei vielmehr um mehrere Aufst\u00e4nde zwischen 1524 und 1526. Hier erfahren Sch\u00fcler mehr \u00fcber die Ursachen und die Forderungen der Aufst\u00e4ndischen. Au\u00dferdem gibt es eine Zeitleiste und eine Literaturliste.<\/em><\/p>\n<p><a href=\"http:\/\/www.ieg-mainz.de\/likecms\/likecms.php?site=site.htm&amp;dir=&amp;nav=230&amp;siteid=286&amp;supplement=6\" target=\"_blank\">Instrumente des Friedens<\/a> (Institut f\u00fcr Europ\u00e4ische Geschichte Mainz)<br \/>\n<em>Ein Krieg oder Konflikt war in der Fr\u00fchen Neuzeit endlich. Es gab verschiedene Formen einen Frieden zu erreichen: Schiedsspr\u00fcche, Heiratsvertr\u00e4ge, Handelsvertr\u00e4ge,\u00a0 Pr\u00e4liminarvertr\u00e4ge, Aufhebungsvertr\u00e4ge des Droit d\u2019Aubaine, Gefangenenaustauschartikel. Die Autoren dieses Sammelbands stellen die Instrumente des Friedens aus Mittelalter und Fr\u00fcher Neuzeit vor. Sch\u00fcler m\u00fcssen daf\u00fcr auf das Inhaltsverzeichnis klicken.<\/em><\/p>\n<p><strong>Reformation und Kirchenwesen<br \/>\n<\/strong><\/p>\n<p><a href=\"http:\/\/www.thueringen.de\/imperia\/md\/content\/lzt\/reformation.pdf\" target=\"_blank\">Die Reformation in Th\u00fcringen <\/a>(Landeszentrale f\u00fcr Politische Bildung Th\u00fcringen)<br \/>\n<em>Martin Luther und Th\u00fcringen stehen in enger Beziehung. Denn er studierte an der humanistisch gepr\u00e4gten Universit\u00e4t in Erfurt. Dieser Artikel beschreibt die Wirkung der Reformation in Th\u00fcringen.<\/em><\/p>\n<p><em><em><a href=\"http:\/\/www.zeit.de\/2010\/01\/L-S-Kaufmann\">Reformation \u2013 Wie die Freiheit in den Glauben kam<\/a> (DIE ZEIT Nr. 1\/2010)<br \/>\n<em>Die Geschichte der Reformation neu betrachtet.<\/em><\/em><\/em><\/p>\n\n<div class=\"embed-wrapper embed-wrapper--blocked js-embed-consent\" data-method=\"embed\">\n<script class=\"raw__source\" type=\"text\/template\"><iframe loading=\"lazy\" title=\"Die Deutschen - Luther und die Nation 1521-1555 4\/10 - subpart 1\/5\" width=\"640\" height=\"360\" src=\"https:\/\/www.youtube-nocookie.com\/embed\/TeTH8DKyiIU?feature=oembed\" frameborder=\"0\" allow=\"accelerometer; autoplay; clipboard-write; encrypted-media; gyroscope; picture-in-picture; web-share\" referrerpolicy=\"strict-origin-when-cross-origin\" allowfullscreen><\/iframe><\/script>\n<div class=\"embed-wrapper__inner\">\n<div class=\"embed-wrapper__text\">\n<h3>Empfohlener redaktioneller Inhalt<\/h3>\n<p data-replace=\"no\">An dieser Stelle finden Sie externen Inhalt, der den Artikel erg\u00e4nzt. Sie k\u00f6nnen sich externe Inhalte mit einem Klick anzeigen lassen und wieder ausblenden.<noscript>Bitte aktivieren Sie JavaScript damit Sie diesen Inhalt anzeigen k\u00f6nnen.<\/noscript><\/p>\n<\/div>\n<div class=\"embed-consent\">\n<label class=\"embed-consent__toggle\">\n<input class=\"js-embed-consent__toggle\" type=\"checkbox\" autocomplete=\"off\">\n<span><\/span>\nExterner Inhalt\n<\/label>\n<a href=\"https:\/\/www.zeit.de\/hilfe\/datenschutz\" target=\"_blank\" class=\"embed-consent__datalink-when-active\">Datenschutzerkl\u00e4rung<\/a>\n<\/div>\n<div class=\"embed-wrapper__footer\">\n<p data-replace=\"no\">\nIch bin damit einverstanden, dass mir externe Inhalte angezeigt werden. Damit k\u00f6nnen personenbezogene Daten an Drittplattformen \u00fcbermittelt werden. <a href=\"https:\/\/www.zeit.de\/hilfe\/datenschutz\" target=\"_blank\">Mehr dazu in unserer Datenschutzerkl\u00e4rung.<\/a>\n<\/p>\n<\/div>\n<\/div>\n<\/div>\n<p><a href=\"http:\/\/www.youtube.com\/watch?v=TeTH8DKyiIU\" target=\"_blank\">Die Deutschen \u2013 Luther und die Nation<\/a> (Dokumentarfilm ZDF, YouTube)<br \/>\n<em>Mit seinem Protest gegen die r\u00f6mische Kirche und seinem Einsatz f\u00fcr den Glauben einte und spaltete er die Deutschen gleicherma\u00dfen: Der Reformator Martin Luther.<\/em><\/p>\n<p><a href=\"http:\/\/www.melanchthon.de\/\" target=\"_blank\">Philipp Melanchthon \u2013 Humanist und Reformer<\/a> (melanchthon.de)<br \/>\n<em>Neben Martin Luther war der Philiosoph und Theologe Philipp Melanchthon eine einflussreiche Person der Reformationszeit. Auf dieser Seite erfahren Sch\u00fcler mehr \u00fcber seine Biographie, seine theologischen Lehren und warum Melanchthon <\/em>Praeceptor Germaniae <em><em><em><em><em>\u2013 Lehrer Deutschlands \u2013 genannt wurde.<\/em><\/em><\/em><\/em><\/em><\/p>\n<p><a href=\"http:\/\/www.zeit.de\/2009\/27\/A-Calvin\">Calvin \u2013 Feuer und Geist<\/a> (DIE ZEIT Nr. 27\/2009)<br \/>\n<em>Johannes Calvin \u2013 Reformator und Eiferer, genialer Kirchenorganisator und Dogmatiker des Gehorsams. Seine Theologie war wirkungsm\u00e4chtig, ihr Wesen aber bleibt be\u00e4ngstigend.<\/em><\/p>\n<p><em><em><em><em><em><em><a href=\"http:\/\/www.zeit.de\/2009\/47\/Vorbilder-Luther\">Martin Luther und die Reformation<\/a> (DIE ZEIT Nr. 47\/2009)<br \/>\n<em>Der h\u00e4mmernde M\u00f6nch von Wittenberg, der Trutzheld von Worms, der Ahnvater des protestantischen Pfarrhauses \u2013 bildstark l\u00e4sst sich erz\u00e4hlen, wie dieser s\u00e4chsische Augustiner die europ\u00e4ische Neuzeit ausl\u00f6ste. Aber was bleibt, was ist Luthers Erbe<\/em><\/em><\/em><\/em><\/em><\/em><\/em><\/p>\n<p><a href=\"http:\/\/www.ieg-ego.eu\/de\/threads\/europaeische-medien\/medien-des-religioesen-transfers\/sabine-holtz-predigt\/?searchterm=None\" target=\"_blank\">Predigt: Religi\u00f6ser Transfer \u00fcber Postillen<\/a> (Europ\u00e4ische Geschichte Online)<br \/>\n<em>Ohne die Predigt und ihre m\u00fcndliche und schriftliche Weitergabe, w\u00e4re die Reformation wohl nicht so erfolgreich gewesen. Die Predigt war das Medium, um den Menschen den rechten Glauben zu vermitteln. Wor\u00fcber die Kirchenm\u00e4nner von der Kanzel predigten und wie sie die Ideen der Reformation verbreiteten, erfahren Sch\u00fcler aus diesem Artikel.<\/em><\/p>\n<p><a href=\"http:\/\/www.planet-wissen.de\/politik_geschichte\/verbrechen\/hexenverfolgung\/index.jsp\" target=\"_blank\">Hexenverfolgung<\/a> (Planet Wissen)<br \/>\n<em>Hier erfahren Sch\u00fcler, was die Menschen, vor allem die Kirche, als eine Hexe definierten und warum die Kirche sie vernichten wollte. Sch\u00fcler k\u00f6nnen nachlesen, was Hexen mit der Inquisition zu tun hatten, welche rechtlichen Grundlagen es f\u00fcr ihre Verfolgung gab. Au\u00dferdem gibt es eine ausf\u00fchrliche Literaturliste zum Thema.<br \/>\n<\/em><\/p>\n<p>http:\/\/www.youtube.com\/watch?v=LZBtAALc1kU<br \/>\n<a href=\"http:\/\/www.youtube.com\/watch?v=LZBtAALc1kU\" target=\"_blank\">Scheiterhaufen \u2013 Die gro\u00dfe europ\u00e4ische Hexenjagd<\/a> (Dokumentarfilm arte, YouTube)<br \/>\n<em>Im 16. und 17. Jahrhundert endeten etwa 60.000 angebliche Unheilsbringer auf dem Scheiterhaufen. Die Jagd traf Frauen, M\u00e4nner und sogar Kinder, und der H\u00f6hepunkt der Verfolgungen lag nicht im &#8222;finsteren&#8220; Mittelalter, sondern in der fr\u00fchen Neuzeit.<\/em><\/p>\n<p><strong>Wissenschaft, Entdeckungen und Kolonialismus<\/strong><\/p>\n<p>http:\/\/www.youtube.com\/watch?v=LBesj7kM4ok<br \/>\n<a href=\"http:\/\/www.youtube.com\/watch?v=LBesj7kM4ok\" target=\"_blank\">Im Bann der Zeit<\/a> (Kurzbeitrag, YouTube)<em><em><br \/>\n<em>Die Fr\u00fche Neuzeit war die Epoche der bedeutenden Erfindungen und wissenschaftlichen Entdeckungen. Auch die Wahrnehmung und Messung der Zeit \u00e4nderte sich \u2013 mechanische Uhren und ein neuer Kalender wurden benutzt.<\/em><\/em><\/em><\/p>\n<p><a href=\"http:\/\/www.ieg-ego.eu\/de\/threads\/europa-und-die-welt\/herrschaft\/reinhard-wendt-herrschaft\/?searchterm=None\" target=\"_blank\">Herrschaft <\/a>(Europ\u00e4ische Geschichte Online)<br \/>\n<em>In der Fr\u00fchen Neuzeit brachten die europ\u00e4ischen M\u00e4chte Kolonien in aller Welt in ihren Besitz. Die Kolonien waren h\u00e4ufig tausende Seemeilen vom eigentlichen Herrschaftsgebiet in Spanien, Portugal, England oder dem Deutschen Reich entfernt. Wie gelang es den F\u00fcrsten und K\u00f6nigen ihre Macht auch in den Kolonien durchzusetzen? Auf welche Widerst\u00e4nde stie\u00dfen sie dabei? Mehr dazu erfahren Sch\u00fcler aus diesem Artikel<\/em><\/p>\n<p><a href=\"http:\/\/www.zeit.de\/zeit-geschichte\/2011\/01\/Christoph-Kolumbus\">Mythos 1492<\/a> (ZEIT GESCHICHTE, 01\/2011)<br \/>\n<em>Columbus gilt gemeinhin als der gr\u00f6\u00dfte Entdecker aller Zeiten. Die Gr\u00f6nl\u00e4nder hatten Amerika zwar als Erste entdeckt, aber erst nach Columbus zweiter Entdeckung begann die Besiedelung und Eroberung. Doch die Konflikte in den neuen Kolonien sowie seine Gro\u00dfmannssucht sorgten daf\u00fcr, dass seine Leben kein Happy End fand. Seine letzte gro\u00dfe Fahrt endete in einem Fiasko.<\/em><\/p>\n<p><em><em><em><em><a href=\"http:\/\/www.zeit.de\/zeit-geschichte\/2011\/01\/Zeitalter-der-Entdecker\" target=\"_self\">Das Zeitalter der Entdecker: Land in Sicht<\/a> (ZEIT Geschichte Nr. 01\/2011)<em><em><br \/>\n<em>In der Fr\u00fchen Neuzeit wurde die Welt der Europ\u00e4er immer gr\u00f6\u00dfer. Sie machten sich auf, den Globus zu entdecken, h\u00e4ufig auch ihn gewaltsam zu erobern. Europ\u00e4ische Vorstellungen und kultureller Eigenheiten gelangten so in die Kolonien. Aus den Kolonien wiederum brachten die Entdecker und Kaufleute neue Waren, Kulturg\u00fcter und wissenschaftliche Erkenntnisse mit.<\/em><\/em><\/em><\/em><\/em><\/em><\/em><\/p>\n<p><a href=\"http:\/\/www.archive.org\/stream\/dialogberdiebe00galiuoft#page\/n5\/mode\/2up\" target=\"_blank\">Der Dialog \u00fcber die zwei Weltsysteme \u2013 das ptolem\u00e4ische und das kopernikanische<\/a> (archive.org)<br \/>\n<em>Der Italiener Galileo Galilei schuf die Grundlagen f\u00fcr viel naturwissenschaftliche Entdeckungen. In seiner Schrift <\/em>Der Dialog \u00fcber die zwei Weltsysteme \u2013 das ptolem\u00e4ische und das kopernikanische<em><em><em><em><em><em><em> entwickelte er das Relativit\u00e4tsprinzip, die Grundlage zur Messung der Lichtgeschwindigkeit und zeigte, dass die Welt eine Scheibe ist. Dem Papst gefiel das gar nicht und er lie\u00df Galileo als Ketzer verurteilen. Die Einleitung zum \u00fcbersetzten Original erkl\u00e4rt die Schrift und Galileos Schaffen ausf\u00fchrlich.<\/em><\/em><\/em><\/em><\/em><\/em><\/em><\/p>\n<p>Sie m\u00f6chten noch mehr Lesestoff?\u00a0<a href=\"http:\/\/www.zeit.de\/suche\/index\">Hier k\u00f6nnen Sie das Archiv von ZEIT und ZEIT ONLINE durchsuchen<\/a><\/p>\n<p><a href=\"https:\/\/blog.zeit.de\/schueler\/geschichte\/\">Zur\u00fcck zur \u00dcbersicht.<\/a><\/p>\n","protected":false},"excerpt":{"rendered":"<p>\u00dcberblick: Die Fr\u00fche Neuzeit ist die Epoche zwischen dem Mittelalter und der Moderne. Die genauen Anfangs- und Endpunkte der Fr\u00fchen Neuzeit sind, wie bei vielen Geschichtsepochen, umstritten. Historiker stimmen jedoch darin \u00fcberein, dass einige entscheidende Ereignisse den Beginn der Fr\u00fchen Neuzeit markieren: Die Kolonialisierung Amerikas begann, wodurch die Kolonialm\u00e4chte England, Spanien, Frankreich und die Niederlande [&hellip;]<\/p>\n","protected":false},"author":323,"featured_media":0,"comment_status":"open","ping_status":"open","sticky":false,"template":"","format":"standard","meta":{"_jetpack_memberships_contains_paid_content":false,"footnotes":""},"categories":[2574,16],"tags":[20017,20019,20016,20022,20394,20575,20508,20020,20392,20029,20018,18139,20021,20393,20028,20605,20012,20585,20014,20025,20023,20027,20010,20013,20026,20015,18164,20030,1822,20011,20024,20391],"class_list":["post-944","post","type-post","status-publish","format-standard","hentry","category-fruhe-neuzeit","category-allgemein","tag-asolutismus-geschichte","tag-aufgeklarter-absolutismus","tag-barock-geschichte","tag-dreisigjahriger-krieg-geschichte","tag-erorterung","tag-allgemein","tag-geschichtsunterricht","tag-gewissensfreiheit","tag-hausaufgaben","tag-hexenverfolgung","tag-hofischer-absolutismus","tag-humanismus","tag-humanismus-geschichte","tag-inhaltsangaben","tag-johannes-calvin","tag-kolonialismus","tag-kolonialmachte","tag-literatur","tag-luther","tag-machiavelli","tag-merkantilismus","tag-philipp-melanchthon","tag-referat-geschichte-fruhe-neuzeit","tag-reformation-christentum","tag-religiose-rechtsauffassung","tag-renaissance-geschichte","tag-sakularisierung","tag-scheiterhaufen","tag-toleranz","tag-unterrichtsmaterial-geschichte-fruhe-neuzeit","tag-was-ist-absolutismus","tag-zusammenfassung"],"yoast_head":"<!-- This site is optimized with the Yoast SEO plugin v21.0 - https:\/\/yoast.com\/wordpress\/plugins\/seo\/ -->\n<title>Fr\u00fche Neuzeit - Lernplattform<\/title>\n<meta name=\"robots\" content=\"index, follow, max-snippet:-1, max-image-preview:large, max-video-preview:-1\" \/>\n<link rel=\"canonical\" href=\"https:\/\/blog.zeit.de\/schueler\/2010\/08\/31\/thema-fruhe-neuzeit\/\" \/>\n<meta property=\"og:locale\" content=\"de_DE\" \/>\n<meta property=\"og:type\" content=\"article\" \/>\n<meta property=\"og:title\" content=\"Fr\u00fche Neuzeit - Lernplattform\" \/>\n<meta property=\"og:description\" content=\"\u00dcberblick: Die Fr\u00fche Neuzeit ist die Epoche zwischen dem Mittelalter und der Moderne. Die genauen Anfangs- und Endpunkte der Fr\u00fchen Neuzeit sind, wie bei vielen Geschichtsepochen, umstritten. Historiker stimmen jedoch darin \u00fcberein, dass einige entscheidende Ereignisse den Beginn der Fr\u00fchen Neuzeit markieren: Die Kolonialisierung Amerikas begann, wodurch die Kolonialm\u00e4chte England, Spanien, Frankreich und die Niederlande [&hellip;]\" \/>\n<meta property=\"og:url\" content=\"https:\/\/blog.zeit.de\/schueler\/2010\/08\/31\/thema-fruhe-neuzeit\/\" \/>\n<meta property=\"og:site_name\" content=\"Lernplattform\" \/>\n<meta property=\"article:published_time\" content=\"2010-08-31T12:47:39+00:00\" \/>\n<meta property=\"article:modified_time\" content=\"2014-01-24T17:26:24+00:00\" \/>\n<meta property=\"og:image\" content=\"https:\/\/blog.zeit.de\/schueler\/files\/2010\/08\/51241330.jpg\" \/>\n<meta name=\"author\" content=\"Franziska Kelch\" \/>\n<meta name=\"twitter:label1\" content=\"Geschrieben von\" \/>\n\t<meta name=\"twitter:data1\" content=\"Franziska Kelch\" \/>\n\t<meta name=\"twitter:label2\" content=\"Gesch\u00e4tzte Lesezeit\" \/>\n\t<meta name=\"twitter:data2\" content=\"11\u00a0Minuten\" \/>\n<script type=\"application\/ld+json\" class=\"yoast-schema-graph\">{\"@context\":\"https:\/\/schema.org\",\"@graph\":[{\"@type\":\"WebPage\",\"@id\":\"https:\/\/blog.zeit.de\/schueler\/2010\/08\/31\/thema-fruhe-neuzeit\/\",\"url\":\"https:\/\/blog.zeit.de\/schueler\/2010\/08\/31\/thema-fruhe-neuzeit\/\",\"name\":\"Fr\u00fche Neuzeit - Lernplattform\",\"isPartOf\":{\"@id\":\"https:\/\/blog.zeit.de\/schueler\/#website\"},\"datePublished\":\"2010-08-31T12:47:39+00:00\",\"dateModified\":\"2014-01-24T17:26:24+00:00\",\"author\":{\"@id\":\"https:\/\/blog.zeit.de\/schueler\/#\/schema\/person\/eaa3c3ed8f838c4aafcd25e9710fcc68\"},\"breadcrumb\":{\"@id\":\"https:\/\/blog.zeit.de\/schueler\/2010\/08\/31\/thema-fruhe-neuzeit\/#breadcrumb\"},\"inLanguage\":\"de\",\"potentialAction\":[{\"@type\":\"ReadAction\",\"target\":[\"https:\/\/blog.zeit.de\/schueler\/2010\/08\/31\/thema-fruhe-neuzeit\/\"]}]},{\"@type\":\"BreadcrumbList\",\"@id\":\"https:\/\/blog.zeit.de\/schueler\/2010\/08\/31\/thema-fruhe-neuzeit\/#breadcrumb\",\"itemListElement\":[{\"@type\":\"ListItem\",\"position\":1,\"name\":\"Startseite\",\"item\":\"https:\/\/blog.zeit.de\/schueler\/\"},{\"@type\":\"ListItem\",\"position\":2,\"name\":\"Fr\u00fche Neuzeit\"}]},{\"@type\":\"WebSite\",\"@id\":\"https:\/\/blog.zeit.de\/schueler\/#website\",\"url\":\"https:\/\/blog.zeit.de\/schueler\/\",\"name\":\"Lernplattform\",\"description\":\"Die besten Texte, Videos und Links f\u00fcr den Unterricht zur Verf\u00fcgung gestellt von ZEIT f\u00fcr die Schule\",\"potentialAction\":[{\"@type\":\"SearchAction\",\"target\":{\"@type\":\"EntryPoint\",\"urlTemplate\":\"https:\/\/blog.zeit.de\/schueler\/?s={search_term_string}\"},\"query-input\":\"required name=search_term_string\"}],\"inLanguage\":\"de\"},{\"@type\":\"Person\",\"@id\":\"https:\/\/blog.zeit.de\/schueler\/#\/schema\/person\/eaa3c3ed8f838c4aafcd25e9710fcc68\",\"name\":\"Franziska Kelch\",\"image\":{\"@type\":\"ImageObject\",\"inLanguage\":\"de\",\"@id\":\"https:\/\/blog.zeit.de\/schueler\/#\/schema\/person\/image\/\",\"url\":\"https:\/\/secure.gravatar.com\/avatar\/d7ae2b2bfc4c5c08ed3435dc2ecf53fcb6d4234c0aa486b8b64ce6549a61a378?s=96&d=mm&r=g\",\"contentUrl\":\"https:\/\/secure.gravatar.com\/avatar\/d7ae2b2bfc4c5c08ed3435dc2ecf53fcb6d4234c0aa486b8b64ce6549a61a378?s=96&d=mm&r=g\",\"caption\":\"Franziska Kelch\"},\"url\":\"https:\/\/blog.zeit.de\/schueler\/author\/franziska-kelch\/\"}]}<\/script>\n<!-- \/ Yoast SEO plugin. -->","yoast_head_json":{"title":"Fr\u00fche Neuzeit - Lernplattform","robots":{"index":"index","follow":"follow","max-snippet":"max-snippet:-1","max-image-preview":"max-image-preview:large","max-video-preview":"max-video-preview:-1"},"canonical":"https:\/\/blog.zeit.de\/schueler\/2010\/08\/31\/thema-fruhe-neuzeit\/","og_locale":"de_DE","og_type":"article","og_title":"Fr\u00fche Neuzeit - Lernplattform","og_description":"\u00dcberblick: Die Fr\u00fche Neuzeit ist die Epoche zwischen dem Mittelalter und der Moderne. Die genauen Anfangs- und Endpunkte der Fr\u00fchen Neuzeit sind, wie bei vielen Geschichtsepochen, umstritten. Historiker stimmen jedoch darin \u00fcberein, dass einige entscheidende Ereignisse den Beginn der Fr\u00fchen Neuzeit markieren: Die Kolonialisierung Amerikas begann, wodurch die Kolonialm\u00e4chte England, Spanien, Frankreich und die Niederlande [&hellip;]","og_url":"https:\/\/blog.zeit.de\/schueler\/2010\/08\/31\/thema-fruhe-neuzeit\/","og_site_name":"Lernplattform","article_published_time":"2010-08-31T12:47:39+00:00","article_modified_time":"2014-01-24T17:26:24+00:00","og_image":[{"url":"https:\/\/blog.zeit.de\/schueler\/files\/2010\/08\/51241330.jpg"}],"author":"Franziska Kelch","twitter_misc":{"Geschrieben von":"Franziska Kelch","Gesch\u00e4tzte Lesezeit":"11\u00a0Minuten"},"schema":{"@context":"https:\/\/schema.org","@graph":[{"@type":"WebPage","@id":"https:\/\/blog.zeit.de\/schueler\/2010\/08\/31\/thema-fruhe-neuzeit\/","url":"https:\/\/blog.zeit.de\/schueler\/2010\/08\/31\/thema-fruhe-neuzeit\/","name":"Fr\u00fche Neuzeit - Lernplattform","isPartOf":{"@id":"https:\/\/blog.zeit.de\/schueler\/#website"},"datePublished":"2010-08-31T12:47:39+00:00","dateModified":"2014-01-24T17:26:24+00:00","author":{"@id":"https:\/\/blog.zeit.de\/schueler\/#\/schema\/person\/eaa3c3ed8f838c4aafcd25e9710fcc68"},"breadcrumb":{"@id":"https:\/\/blog.zeit.de\/schueler\/2010\/08\/31\/thema-fruhe-neuzeit\/#breadcrumb"},"inLanguage":"de","potentialAction":[{"@type":"ReadAction","target":["https:\/\/blog.zeit.de\/schueler\/2010\/08\/31\/thema-fruhe-neuzeit\/"]}]},{"@type":"BreadcrumbList","@id":"https:\/\/blog.zeit.de\/schueler\/2010\/08\/31\/thema-fruhe-neuzeit\/#breadcrumb","itemListElement":[{"@type":"ListItem","position":1,"name":"Startseite","item":"https:\/\/blog.zeit.de\/schueler\/"},{"@type":"ListItem","position":2,"name":"Fr\u00fche Neuzeit"}]},{"@type":"WebSite","@id":"https:\/\/blog.zeit.de\/schueler\/#website","url":"https:\/\/blog.zeit.de\/schueler\/","name":"Lernplattform","description":"Die besten Texte, Videos und Links f\u00fcr den Unterricht zur Verf\u00fcgung gestellt von ZEIT f\u00fcr die Schule","potentialAction":[{"@type":"SearchAction","target":{"@type":"EntryPoint","urlTemplate":"https:\/\/blog.zeit.de\/schueler\/?s={search_term_string}"},"query-input":"required name=search_term_string"}],"inLanguage":"de"},{"@type":"Person","@id":"https:\/\/blog.zeit.de\/schueler\/#\/schema\/person\/eaa3c3ed8f838c4aafcd25e9710fcc68","name":"Franziska Kelch","image":{"@type":"ImageObject","inLanguage":"de","@id":"https:\/\/blog.zeit.de\/schueler\/#\/schema\/person\/image\/","url":"https:\/\/secure.gravatar.com\/avatar\/d7ae2b2bfc4c5c08ed3435dc2ecf53fcb6d4234c0aa486b8b64ce6549a61a378?s=96&d=mm&r=g","contentUrl":"https:\/\/secure.gravatar.com\/avatar\/d7ae2b2bfc4c5c08ed3435dc2ecf53fcb6d4234c0aa486b8b64ce6549a61a378?s=96&d=mm&r=g","caption":"Franziska Kelch"},"url":"https:\/\/blog.zeit.de\/schueler\/author\/franziska-kelch\/"}]}},"jetpack_featured_media_url":"","jetpack_sharing_enabled":true,"_links":{"self":[{"href":"https:\/\/blog.zeit.de\/schueler\/wp-json\/wp\/v2\/posts\/944","targetHints":{"allow":["GET"]}}],"collection":[{"href":"https:\/\/blog.zeit.de\/schueler\/wp-json\/wp\/v2\/posts"}],"about":[{"href":"https:\/\/blog.zeit.de\/schueler\/wp-json\/wp\/v2\/types\/post"}],"author":[{"embeddable":true,"href":"https:\/\/blog.zeit.de\/schueler\/wp-json\/wp\/v2\/users\/323"}],"replies":[{"embeddable":true,"href":"https:\/\/blog.zeit.de\/schueler\/wp-json\/wp\/v2\/comments?post=944"}],"version-history":[{"count":55,"href":"https:\/\/blog.zeit.de\/schueler\/wp-json\/wp\/v2\/posts\/944\/revisions"}],"predecessor-version":[{"id":6025,"href":"https:\/\/blog.zeit.de\/schueler\/wp-json\/wp\/v2\/posts\/944\/revisions\/6025"}],"wp:attachment":[{"href":"https:\/\/blog.zeit.de\/schueler\/wp-json\/wp\/v2\/media?parent=944"}],"wp:term":[{"taxonomy":"category","embeddable":true,"href":"https:\/\/blog.zeit.de\/schueler\/wp-json\/wp\/v2\/categories?post=944"},{"taxonomy":"post_tag","embeddable":true,"href":"https:\/\/blog.zeit.de\/schueler\/wp-json\/wp\/v2\/tags?post=944"}],"curies":[{"name":"wp","href":"https:\/\/api.w.org\/{rel}","templated":true}]}}