{"id":115,"date":"2010-03-06T15:13:22","date_gmt":"2010-03-06T15:13:22","guid":{"rendered":"http:\/\/blog.zeit.de\/schulblog\/?p=115"},"modified":"2010-03-06T15:13:22","modified_gmt":"2010-03-06T15:13:22","slug":"neue-kolumne-erklart-die-welt","status":"publish","type":"post","link":"https:\/\/blog.zeit.de\/schulblog\/2010\/03\/06\/neue-kolumne-erklart-die-welt\/","title":{"rendered":"Neue Kolumne erkl\u00e4rt die Welt"},"content":{"rendered":"<p>Das m\u00fcssen Sie sich anschauen: Mein Kollege Jochen Bittner, Nato-Korrespondent der ZEIT, erkl\u00e4rt in seiner neuen <a href=\"http:\/\/www.zeit.de\/politik\/ausland\/2010-03\/Bittner-Weltlage-Arktis\">Videokolumne<\/a> die Welt und ihre Konflikte, in der ersten Folge: neues von der Arktis &#8211; sch\u00f6ner Stoff f\u00fcr den Unterricht in Erdkunde und Politik aber auch f\u00fcr den Deutsch- (Medienkunde) oder Informatikunterricht, denn die Ausf\u00fchrungen Jochen Bittners werden auf einer beweglichen Weltkarte hinter ihm visualisiert. Also, ein Mix aus ZEIT und CNN \ud83d\ude09<\/p>\n","protected":false},"excerpt":{"rendered":"<p>Das m\u00fcssen Sie sich anschauen: Mein Kollege Jochen Bittner, Nato-Korrespondent der ZEIT, erkl\u00e4rt in seiner neuen Videokolumne die Welt und ihre Konflikte, in der ersten Folge: neues von der Arktis &#8211; sch\u00f6ner Stoff f\u00fcr den Unterricht in Erdkunde und Politik aber auch f\u00fcr den Deutsch- (Medienkunde) oder Informatikunterricht, denn die Ausf\u00fchrungen Jochen Bittners werden auf [&hellip;]<\/p>\n","protected":false},"author":213,"featured_media":0,"comment_status":"open","ping_status":"open","sticky":false,"template":"","format":"standard","meta":{"_jetpack_memberships_contains_paid_content":false,"footnotes":""},"categories":[1299],"tags":[1379,1385,1381,1382,1384,1383,618,1380,28],"class_list":["post-115","post","type-post","status-publish","format-standard","hentry","category-schulalltag","tag-arktis","tag-cnn","tag-deutsch","tag-erdkunde","tag-informatik","tag-medienkunde","tag-nato","tag-unterricht","tag-video"],"yoast_head":"<!-- This site is optimized with the Yoast SEO plugin v21.0 - https:\/\/yoast.com\/wordpress\/plugins\/seo\/ -->\n<title>Neue Kolumne erkl\u00e4rt die Welt - Das Schulblog<\/title>\n<meta name=\"robots\" content=\"index, follow, max-snippet:-1, max-image-preview:large, max-video-preview:-1\" \/>\n<link rel=\"canonical\" href=\"https:\/\/blog.zeit.de\/schulblog\/2010\/03\/06\/neue-kolumne-erklart-die-welt\/\" \/>\n<meta property=\"og:locale\" content=\"de_DE\" \/>\n<meta property=\"og:type\" content=\"article\" \/>\n<meta property=\"og:title\" content=\"Neue Kolumne erkl\u00e4rt die Welt - Das Schulblog\" \/>\n<meta property=\"og:description\" content=\"Das m\u00fcssen Sie sich anschauen: Mein Kollege Jochen Bittner, Nato-Korrespondent der ZEIT, erkl\u00e4rt in seiner neuen Videokolumne die Welt und ihre Konflikte, in der ersten Folge: neues von der Arktis &#8211; sch\u00f6ner Stoff f\u00fcr den Unterricht in Erdkunde und Politik aber auch f\u00fcr den Deutsch- (Medienkunde) oder Informatikunterricht, denn die Ausf\u00fchrungen Jochen Bittners werden auf [&hellip;]\" \/>\n<meta property=\"og:url\" content=\"https:\/\/blog.zeit.de\/schulblog\/2010\/03\/06\/neue-kolumne-erklart-die-welt\/\" \/>\n<meta property=\"og:site_name\" content=\"Das Schulblog\" \/>\n<meta property=\"article:published_time\" content=\"2010-03-06T15:13:22+00:00\" \/>\n<meta name=\"author\" content=\"Thomas Kerstan\" \/>\n<meta name=\"twitter:card\" content=\"summary_large_image\" \/>\n<meta name=\"twitter:label1\" content=\"Geschrieben von\" \/>\n\t<meta name=\"twitter:data1\" content=\"Thomas Kerstan\" \/>\n<script type=\"application\/ld+json\" class=\"yoast-schema-graph\">{\"@context\":\"https:\/\/schema.org\",\"@graph\":[{\"@type\":\"WebPage\",\"@id\":\"https:\/\/blog.zeit.de\/schulblog\/2010\/03\/06\/neue-kolumne-erklart-die-welt\/\",\"url\":\"https:\/\/blog.zeit.de\/schulblog\/2010\/03\/06\/neue-kolumne-erklart-die-welt\/\",\"name\":\"Neue Kolumne erkl\u00e4rt die Welt - Das Schulblog\",\"isPartOf\":{\"@id\":\"https:\/\/blog.zeit.de\/schulblog\/#website\"},\"datePublished\":\"2010-03-06T15:13:22+00:00\",\"dateModified\":\"2010-03-06T15:13:22+00:00\",\"author\":{\"@id\":\"https:\/\/blog.zeit.de\/schulblog\/#\/schema\/person\/d58f83982e95288853534dafd57faeb3\"},\"breadcrumb\":{\"@id\":\"https:\/\/blog.zeit.de\/schulblog\/2010\/03\/06\/neue-kolumne-erklart-die-welt\/#breadcrumb\"},\"inLanguage\":\"de\",\"potentialAction\":[{\"@type\":\"ReadAction\",\"target\":[\"https:\/\/blog.zeit.de\/schulblog\/2010\/03\/06\/neue-kolumne-erklart-die-welt\/\"]}]},{\"@type\":\"BreadcrumbList\",\"@id\":\"https:\/\/blog.zeit.de\/schulblog\/2010\/03\/06\/neue-kolumne-erklart-die-welt\/#breadcrumb\",\"itemListElement\":[{\"@type\":\"ListItem\",\"position\":1,\"name\":\"Startseite\",\"item\":\"https:\/\/blog.zeit.de\/schulblog\/\"},{\"@type\":\"ListItem\",\"position\":2,\"name\":\"Neue Kolumne erkl\u00e4rt die Welt\"}]},{\"@type\":\"WebSite\",\"@id\":\"https:\/\/blog.zeit.de\/schulblog\/#website\",\"url\":\"https:\/\/blog.zeit.de\/schulblog\/\",\"name\":\"Das Schulblog\",\"description\":\"f\u00fcr Lehrer, Sch\u00fcler, Eltern und Bildungs-Optimisten\",\"potentialAction\":[{\"@type\":\"SearchAction\",\"target\":{\"@type\":\"EntryPoint\",\"urlTemplate\":\"https:\/\/blog.zeit.de\/schulblog\/?s={search_term_string}\"},\"query-input\":\"required name=search_term_string\"}],\"inLanguage\":\"de\"},{\"@type\":\"Person\",\"@id\":\"https:\/\/blog.zeit.de\/schulblog\/#\/schema\/person\/d58f83982e95288853534dafd57faeb3\",\"name\":\"Thomas Kerstan\",\"image\":{\"@type\":\"ImageObject\",\"inLanguage\":\"de\",\"@id\":\"https:\/\/blog.zeit.de\/schulblog\/#\/schema\/person\/image\/\",\"url\":\"https:\/\/secure.gravatar.com\/avatar\/35eed57940c7c9cec97e3798f2942a36959b90a968fafeeba64f6a913a09c00e?s=96&d=mm&r=g\",\"contentUrl\":\"https:\/\/secure.gravatar.com\/avatar\/35eed57940c7c9cec97e3798f2942a36959b90a968fafeeba64f6a913a09c00e?s=96&d=mm&r=g\",\"caption\":\"Thomas Kerstan\"},\"url\":\"https:\/\/blog.zeit.de\/schulblog\/author\/thomas-kerstan\/\"}]}<\/script>\n<!-- \/ Yoast SEO plugin. -->","yoast_head_json":{"title":"Neue Kolumne erkl\u00e4rt die Welt - Das Schulblog","robots":{"index":"index","follow":"follow","max-snippet":"max-snippet:-1","max-image-preview":"max-image-preview:large","max-video-preview":"max-video-preview:-1"},"canonical":"https:\/\/blog.zeit.de\/schulblog\/2010\/03\/06\/neue-kolumne-erklart-die-welt\/","og_locale":"de_DE","og_type":"article","og_title":"Neue Kolumne erkl\u00e4rt die Welt - Das Schulblog","og_description":"Das m\u00fcssen Sie sich anschauen: Mein Kollege Jochen Bittner, Nato-Korrespondent der ZEIT, erkl\u00e4rt in seiner neuen Videokolumne die Welt und ihre Konflikte, in der ersten Folge: neues von der Arktis &#8211; sch\u00f6ner Stoff f\u00fcr den Unterricht in Erdkunde und Politik aber auch f\u00fcr den Deutsch- (Medienkunde) oder Informatikunterricht, denn die Ausf\u00fchrungen Jochen Bittners werden auf [&hellip;]","og_url":"https:\/\/blog.zeit.de\/schulblog\/2010\/03\/06\/neue-kolumne-erklart-die-welt\/","og_site_name":"Das Schulblog","article_published_time":"2010-03-06T15:13:22+00:00","author":"Thomas Kerstan","twitter_card":"summary_large_image","twitter_misc":{"Geschrieben von":"Thomas Kerstan"},"schema":{"@context":"https:\/\/schema.org","@graph":[{"@type":"WebPage","@id":"https:\/\/blog.zeit.de\/schulblog\/2010\/03\/06\/neue-kolumne-erklart-die-welt\/","url":"https:\/\/blog.zeit.de\/schulblog\/2010\/03\/06\/neue-kolumne-erklart-die-welt\/","name":"Neue Kolumne erkl\u00e4rt die Welt - Das Schulblog","isPartOf":{"@id":"https:\/\/blog.zeit.de\/schulblog\/#website"},"datePublished":"2010-03-06T15:13:22+00:00","dateModified":"2010-03-06T15:13:22+00:00","author":{"@id":"https:\/\/blog.zeit.de\/schulblog\/#\/schema\/person\/d58f83982e95288853534dafd57faeb3"},"breadcrumb":{"@id":"https:\/\/blog.zeit.de\/schulblog\/2010\/03\/06\/neue-kolumne-erklart-die-welt\/#breadcrumb"},"inLanguage":"de","potentialAction":[{"@type":"ReadAction","target":["https:\/\/blog.zeit.de\/schulblog\/2010\/03\/06\/neue-kolumne-erklart-die-welt\/"]}]},{"@type":"BreadcrumbList","@id":"https:\/\/blog.zeit.de\/schulblog\/2010\/03\/06\/neue-kolumne-erklart-die-welt\/#breadcrumb","itemListElement":[{"@type":"ListItem","position":1,"name":"Startseite","item":"https:\/\/blog.zeit.de\/schulblog\/"},{"@type":"ListItem","position":2,"name":"Neue Kolumne erkl\u00e4rt die Welt"}]},{"@type":"WebSite","@id":"https:\/\/blog.zeit.de\/schulblog\/#website","url":"https:\/\/blog.zeit.de\/schulblog\/","name":"Das Schulblog","description":"f\u00fcr Lehrer, Sch\u00fcler, Eltern und Bildungs-Optimisten","potentialAction":[{"@type":"SearchAction","target":{"@type":"EntryPoint","urlTemplate":"https:\/\/blog.zeit.de\/schulblog\/?s={search_term_string}"},"query-input":"required name=search_term_string"}],"inLanguage":"de"},{"@type":"Person","@id":"https:\/\/blog.zeit.de\/schulblog\/#\/schema\/person\/d58f83982e95288853534dafd57faeb3","name":"Thomas Kerstan","image":{"@type":"ImageObject","inLanguage":"de","@id":"https:\/\/blog.zeit.de\/schulblog\/#\/schema\/person\/image\/","url":"https:\/\/secure.gravatar.com\/avatar\/35eed57940c7c9cec97e3798f2942a36959b90a968fafeeba64f6a913a09c00e?s=96&d=mm&r=g","contentUrl":"https:\/\/secure.gravatar.com\/avatar\/35eed57940c7c9cec97e3798f2942a36959b90a968fafeeba64f6a913a09c00e?s=96&d=mm&r=g","caption":"Thomas Kerstan"},"url":"https:\/\/blog.zeit.de\/schulblog\/author\/thomas-kerstan\/"}]}},"jetpack_featured_media_url":"","jetpack_sharing_enabled":true,"_links":{"self":[{"href":"https:\/\/blog.zeit.de\/schulblog\/wp-json\/wp\/v2\/posts\/115","targetHints":{"allow":["GET"]}}],"collection":[{"href":"https:\/\/blog.zeit.de\/schulblog\/wp-json\/wp\/v2\/posts"}],"about":[{"href":"https:\/\/blog.zeit.de\/schulblog\/wp-json\/wp\/v2\/types\/post"}],"author":[{"embeddable":true,"href":"https:\/\/blog.zeit.de\/schulblog\/wp-json\/wp\/v2\/users\/213"}],"replies":[{"embeddable":true,"href":"https:\/\/blog.zeit.de\/schulblog\/wp-json\/wp\/v2\/comments?post=115"}],"version-history":[{"count":0,"href":"https:\/\/blog.zeit.de\/schulblog\/wp-json\/wp\/v2\/posts\/115\/revisions"}],"wp:attachment":[{"href":"https:\/\/blog.zeit.de\/schulblog\/wp-json\/wp\/v2\/media?parent=115"}],"wp:term":[{"taxonomy":"category","embeddable":true,"href":"https:\/\/blog.zeit.de\/schulblog\/wp-json\/wp\/v2\/categories?post=115"},{"taxonomy":"post_tag","embeddable":true,"href":"https:\/\/blog.zeit.de\/schulblog\/wp-json\/wp\/v2\/tags?post=115"}],"curies":[{"name":"wp","href":"https:\/\/api.w.org\/{rel}","templated":true}]}}