{"id":129,"date":"2010-03-18T19:53:56","date_gmt":"2010-03-18T19:53:56","guid":{"rendered":"http:\/\/blog.zeit.de\/schulblog\/?p=129"},"modified":"2010-03-18T20:13:29","modified_gmt":"2010-03-18T20:13:29","slug":"missbrauch-und-reformpadagogik-%e2%80%93-lesenswerte-artikel","status":"publish","type":"post","link":"https:\/\/blog.zeit.de\/schulblog\/2010\/03\/18\/missbrauch-und-reformpadagogik-%e2%80%93-lesenswerte-artikel\/","title":{"rendered":"Missbrauch und Reformp\u00e4dagogik \u2013 lesenswerte Artikel"},"content":{"rendered":"<p>Der sexuelle Missbrauch von Sch\u00fclern durch Lehrer an der reformp\u00e4dagogisch orientierten Odenwaldschule w\u00fchlt viele auf. Hier eine Auswahl von Artikeln, die das Thema von verschiedenen Seiten beleuchten (wenn Sie auf das farbig markierte &#8222;hier&#8220; klicken, landen Sie direkt bei den Artikeln).<\/p>\n<p>Den Skandal ans Licht brachte der Artikel von J\u00f6rg Schindler in der Frankfurter Rundschau. Sie finden ihn: <a href=\"http:\/\/www.fr-online.de\/top_news\/2388381_Im-Wald-Skandal-an-der-Odenwaldschule.html\">hier<\/a><\/p>\n<p>Ein beeindruckendes und bedr\u00fcckendes Portr\u00e4t des bekannten Reformp\u00e4dagogen Hartmut von Hentig, der die Rolle seines des sexuellen Missbrauchs beschuldigten Lebensgef\u00e4hrten sch\u00f6nredet, hat Tanjev Schultz in der S\u00fcddeutschen Zeitung gezeichnet. Eine gek\u00fcrzte Version f\u00fcr den Z\u00fcrcher Tagesanzeiger finden Sie <a href=\"http:\/\/www.tagesanzeiger.ch\/ausland\/europa\/Maenner-die-zu-sehr-lieben\/story\/28774168\">hier<\/a>. Markus Verbeet hat in einem schriftlich gef\u00fchrten Interview f\u00fcr Spiegel-Online bei Hartmut von Hentig noch einmal nachgefragt, das Ergebnis, Sie finden es <a href=\"http:\/\/www.spiegel.de\/schulspiegel\/wissen\/0,1518,683439,00.html\">hier<\/a>, ist nicht weniger verst\u00f6rend.<\/p>\n<p>In der FAZ beschreibt die aus dem Fernsehen bekannte Moderatorin Amelie Fried ihre Zeit an der Odenwaldschule, die sch\u00f6nen und die schrecklichen Seiten. Lesen Sie bitte <a href=\"http:\/\/www.faz.net\/s\/Rub594835B672714A1DB1A121534F010EE1\/Doc~E6647558913184B628A9D0245FBCCA73B~ATpl~Ecommon~Scontent.html\">hier<\/a>.<\/p>\n<p>In der ZEIT erschien ein Artikel von Bernd Ulrich, der den Bogen schl\u00e4gt von den Missbrauchsf\u00e4llen in katholischen Schulen, \u00fcber die Missbrauchsf\u00e4lle an der Odenwaldschule bis zu Kinderpornos im Internet. Sie finden den Artikel <a href=\"http:\/\/www.zeit.de\/2010\/11\/Moral-Missbrauch-Kinder?page=all\">hier<\/a>.<\/p>\n<p>Der Gr\u00fcnen-Politiker Cohn-Bendit, auch ein Odenwaldsch\u00fcler, kritisiert in einem ZEIT-Interview die Fehler der libert\u00e4ren Sexualmoral. Lesen Sie <a href=\"http:\/\/www.zeit.de\/2010\/11\/Moral-Interview-Cohn-Bendit?page=all\">hier<\/a>.<\/p>\n<p>Und der konservative Reformp\u00e4dagoge, der langj\u00e4hrige Leiter von Salem, Bernhard Bueb bekennt sich zu seinen Fehlern. Seinen Artikel f\u00fcr die ZEIT finden Sie <a href=\"http:\/\/www.zeit.de\/2010\/12\/C-Odenwaldschule?page=all\">hier<\/a>.<\/p>\n","protected":false},"excerpt":{"rendered":"<p>Der sexuelle Missbrauch von Sch\u00fclern durch Lehrer an der reformp\u00e4dagogisch orientierten Odenwaldschule w\u00fchlt viele auf. Hier eine Auswahl von Artikeln, die das Thema von verschiedenen Seiten beleuchten (wenn Sie auf das farbig markierte &#8222;hier&#8220; klicken, landen Sie direkt bei den Artikeln). Den Skandal ans Licht brachte der Artikel von J\u00f6rg Schindler in der Frankfurter Rundschau. [&hellip;]<\/p>\n","protected":false},"author":213,"featured_media":0,"comment_status":"open","ping_status":"open","sticky":false,"template":"","format":"standard","meta":{"_jetpack_memberships_contains_paid_content":false,"footnotes":""},"categories":[1299],"tags":[1415,1342,1413,1441,1416,1296,1420],"class_list":["post-129","post","type-post","status-publish","format-standard","hentry","category-schulalltag","tag-katholische-schulen","tag-lehrer","tag-missbrauch","tag-odenwaldschule","tag-reformpadagogik","tag-schule","tag-sexualitat"],"yoast_head":"<!-- This site is optimized with the Yoast SEO plugin v21.0 - https:\/\/yoast.com\/wordpress\/plugins\/seo\/ -->\n<title>Missbrauch und Reformp\u00e4dagogik \u2013 lesenswerte Artikel - Das Schulblog<\/title>\n<meta name=\"robots\" content=\"index, follow, max-snippet:-1, max-image-preview:large, max-video-preview:-1\" \/>\n<link rel=\"canonical\" href=\"https:\/\/blog.zeit.de\/schulblog\/2010\/03\/18\/missbrauch-und-reformpadagogik-\u2013-lesenswerte-artikel\/\" \/>\n<meta property=\"og:locale\" content=\"de_DE\" \/>\n<meta property=\"og:type\" content=\"article\" \/>\n<meta property=\"og:title\" content=\"Missbrauch und Reformp\u00e4dagogik \u2013 lesenswerte Artikel - Das Schulblog\" \/>\n<meta property=\"og:description\" content=\"Der sexuelle Missbrauch von Sch\u00fclern durch Lehrer an der reformp\u00e4dagogisch orientierten Odenwaldschule w\u00fchlt viele auf. Hier eine Auswahl von Artikeln, die das Thema von verschiedenen Seiten beleuchten (wenn Sie auf das farbig markierte &#8222;hier&#8220; klicken, landen Sie direkt bei den Artikeln). Den Skandal ans Licht brachte der Artikel von J\u00f6rg Schindler in der Frankfurter Rundschau. [&hellip;]\" \/>\n<meta property=\"og:url\" content=\"https:\/\/blog.zeit.de\/schulblog\/2010\/03\/18\/missbrauch-und-reformpadagogik-\u2013-lesenswerte-artikel\/\" \/>\n<meta property=\"og:site_name\" content=\"Das Schulblog\" \/>\n<meta property=\"article:published_time\" content=\"2010-03-18T19:53:56+00:00\" \/>\n<meta property=\"article:modified_time\" content=\"2010-03-18T20:13:29+00:00\" \/>\n<meta name=\"author\" content=\"Thomas Kerstan\" \/>\n<meta name=\"twitter:card\" content=\"summary_large_image\" \/>\n<meta name=\"twitter:label1\" content=\"Geschrieben von\" \/>\n\t<meta name=\"twitter:data1\" content=\"Thomas Kerstan\" \/>\n\t<meta name=\"twitter:label2\" content=\"Gesch\u00e4tzte Lesezeit\" \/>\n\t<meta name=\"twitter:data2\" content=\"1\u00a0Minute\" \/>\n<script type=\"application\/ld+json\" class=\"yoast-schema-graph\">{\"@context\":\"https:\/\/schema.org\",\"@graph\":[{\"@type\":\"WebPage\",\"@id\":\"https:\/\/blog.zeit.de\/schulblog\/2010\/03\/18\/missbrauch-und-reformpadagogik-%e2%80%93-lesenswerte-artikel\/\",\"url\":\"https:\/\/blog.zeit.de\/schulblog\/2010\/03\/18\/missbrauch-und-reformpadagogik-%e2%80%93-lesenswerte-artikel\/\",\"name\":\"Missbrauch und Reformp\u00e4dagogik \u2013 lesenswerte Artikel - Das Schulblog\",\"isPartOf\":{\"@id\":\"https:\/\/blog.zeit.de\/schulblog\/#website\"},\"datePublished\":\"2010-03-18T19:53:56+00:00\",\"dateModified\":\"2010-03-18T20:13:29+00:00\",\"author\":{\"@id\":\"https:\/\/blog.zeit.de\/schulblog\/#\/schema\/person\/d58f83982e95288853534dafd57faeb3\"},\"breadcrumb\":{\"@id\":\"https:\/\/blog.zeit.de\/schulblog\/2010\/03\/18\/missbrauch-und-reformpadagogik-%e2%80%93-lesenswerte-artikel\/#breadcrumb\"},\"inLanguage\":\"de\",\"potentialAction\":[{\"@type\":\"ReadAction\",\"target\":[\"https:\/\/blog.zeit.de\/schulblog\/2010\/03\/18\/missbrauch-und-reformpadagogik-%e2%80%93-lesenswerte-artikel\/\"]}]},{\"@type\":\"BreadcrumbList\",\"@id\":\"https:\/\/blog.zeit.de\/schulblog\/2010\/03\/18\/missbrauch-und-reformpadagogik-%e2%80%93-lesenswerte-artikel\/#breadcrumb\",\"itemListElement\":[{\"@type\":\"ListItem\",\"position\":1,\"name\":\"Startseite\",\"item\":\"https:\/\/blog.zeit.de\/schulblog\/\"},{\"@type\":\"ListItem\",\"position\":2,\"name\":\"Missbrauch und Reformp\u00e4dagogik \u2013 lesenswerte Artikel\"}]},{\"@type\":\"WebSite\",\"@id\":\"https:\/\/blog.zeit.de\/schulblog\/#website\",\"url\":\"https:\/\/blog.zeit.de\/schulblog\/\",\"name\":\"Das Schulblog\",\"description\":\"f\u00fcr Lehrer, Sch\u00fcler, Eltern und Bildungs-Optimisten\",\"potentialAction\":[{\"@type\":\"SearchAction\",\"target\":{\"@type\":\"EntryPoint\",\"urlTemplate\":\"https:\/\/blog.zeit.de\/schulblog\/?s={search_term_string}\"},\"query-input\":\"required name=search_term_string\"}],\"inLanguage\":\"de\"},{\"@type\":\"Person\",\"@id\":\"https:\/\/blog.zeit.de\/schulblog\/#\/schema\/person\/d58f83982e95288853534dafd57faeb3\",\"name\":\"Thomas Kerstan\",\"image\":{\"@type\":\"ImageObject\",\"inLanguage\":\"de\",\"@id\":\"https:\/\/blog.zeit.de\/schulblog\/#\/schema\/person\/image\/\",\"url\":\"https:\/\/secure.gravatar.com\/avatar\/35eed57940c7c9cec97e3798f2942a36959b90a968fafeeba64f6a913a09c00e?s=96&d=mm&r=g\",\"contentUrl\":\"https:\/\/secure.gravatar.com\/avatar\/35eed57940c7c9cec97e3798f2942a36959b90a968fafeeba64f6a913a09c00e?s=96&d=mm&r=g\",\"caption\":\"Thomas Kerstan\"},\"url\":\"https:\/\/blog.zeit.de\/schulblog\/author\/thomas-kerstan\/\"}]}<\/script>\n<!-- \/ Yoast SEO plugin. -->","yoast_head_json":{"title":"Missbrauch und Reformp\u00e4dagogik \u2013 lesenswerte Artikel - Das Schulblog","robots":{"index":"index","follow":"follow","max-snippet":"max-snippet:-1","max-image-preview":"max-image-preview:large","max-video-preview":"max-video-preview:-1"},"canonical":"https:\/\/blog.zeit.de\/schulblog\/2010\/03\/18\/missbrauch-und-reformpadagogik-\u2013-lesenswerte-artikel\/","og_locale":"de_DE","og_type":"article","og_title":"Missbrauch und Reformp\u00e4dagogik \u2013 lesenswerte Artikel - Das Schulblog","og_description":"Der sexuelle Missbrauch von Sch\u00fclern durch Lehrer an der reformp\u00e4dagogisch orientierten Odenwaldschule w\u00fchlt viele auf. Hier eine Auswahl von Artikeln, die das Thema von verschiedenen Seiten beleuchten (wenn Sie auf das farbig markierte &#8222;hier&#8220; klicken, landen Sie direkt bei den Artikeln). Den Skandal ans Licht brachte der Artikel von J\u00f6rg Schindler in der Frankfurter Rundschau. [&hellip;]","og_url":"https:\/\/blog.zeit.de\/schulblog\/2010\/03\/18\/missbrauch-und-reformpadagogik-\u2013-lesenswerte-artikel\/","og_site_name":"Das Schulblog","article_published_time":"2010-03-18T19:53:56+00:00","article_modified_time":"2010-03-18T20:13:29+00:00","author":"Thomas Kerstan","twitter_card":"summary_large_image","twitter_misc":{"Geschrieben von":"Thomas Kerstan","Gesch\u00e4tzte Lesezeit":"1\u00a0Minute"},"schema":{"@context":"https:\/\/schema.org","@graph":[{"@type":"WebPage","@id":"https:\/\/blog.zeit.de\/schulblog\/2010\/03\/18\/missbrauch-und-reformpadagogik-%e2%80%93-lesenswerte-artikel\/","url":"https:\/\/blog.zeit.de\/schulblog\/2010\/03\/18\/missbrauch-und-reformpadagogik-%e2%80%93-lesenswerte-artikel\/","name":"Missbrauch und Reformp\u00e4dagogik \u2013 lesenswerte Artikel - Das Schulblog","isPartOf":{"@id":"https:\/\/blog.zeit.de\/schulblog\/#website"},"datePublished":"2010-03-18T19:53:56+00:00","dateModified":"2010-03-18T20:13:29+00:00","author":{"@id":"https:\/\/blog.zeit.de\/schulblog\/#\/schema\/person\/d58f83982e95288853534dafd57faeb3"},"breadcrumb":{"@id":"https:\/\/blog.zeit.de\/schulblog\/2010\/03\/18\/missbrauch-und-reformpadagogik-%e2%80%93-lesenswerte-artikel\/#breadcrumb"},"inLanguage":"de","potentialAction":[{"@type":"ReadAction","target":["https:\/\/blog.zeit.de\/schulblog\/2010\/03\/18\/missbrauch-und-reformpadagogik-%e2%80%93-lesenswerte-artikel\/"]}]},{"@type":"BreadcrumbList","@id":"https:\/\/blog.zeit.de\/schulblog\/2010\/03\/18\/missbrauch-und-reformpadagogik-%e2%80%93-lesenswerte-artikel\/#breadcrumb","itemListElement":[{"@type":"ListItem","position":1,"name":"Startseite","item":"https:\/\/blog.zeit.de\/schulblog\/"},{"@type":"ListItem","position":2,"name":"Missbrauch und Reformp\u00e4dagogik \u2013 lesenswerte Artikel"}]},{"@type":"WebSite","@id":"https:\/\/blog.zeit.de\/schulblog\/#website","url":"https:\/\/blog.zeit.de\/schulblog\/","name":"Das Schulblog","description":"f\u00fcr Lehrer, Sch\u00fcler, Eltern und Bildungs-Optimisten","potentialAction":[{"@type":"SearchAction","target":{"@type":"EntryPoint","urlTemplate":"https:\/\/blog.zeit.de\/schulblog\/?s={search_term_string}"},"query-input":"required name=search_term_string"}],"inLanguage":"de"},{"@type":"Person","@id":"https:\/\/blog.zeit.de\/schulblog\/#\/schema\/person\/d58f83982e95288853534dafd57faeb3","name":"Thomas Kerstan","image":{"@type":"ImageObject","inLanguage":"de","@id":"https:\/\/blog.zeit.de\/schulblog\/#\/schema\/person\/image\/","url":"https:\/\/secure.gravatar.com\/avatar\/35eed57940c7c9cec97e3798f2942a36959b90a968fafeeba64f6a913a09c00e?s=96&d=mm&r=g","contentUrl":"https:\/\/secure.gravatar.com\/avatar\/35eed57940c7c9cec97e3798f2942a36959b90a968fafeeba64f6a913a09c00e?s=96&d=mm&r=g","caption":"Thomas Kerstan"},"url":"https:\/\/blog.zeit.de\/schulblog\/author\/thomas-kerstan\/"}]}},"jetpack_featured_media_url":"","jetpack_sharing_enabled":true,"_links":{"self":[{"href":"https:\/\/blog.zeit.de\/schulblog\/wp-json\/wp\/v2\/posts\/129","targetHints":{"allow":["GET"]}}],"collection":[{"href":"https:\/\/blog.zeit.de\/schulblog\/wp-json\/wp\/v2\/posts"}],"about":[{"href":"https:\/\/blog.zeit.de\/schulblog\/wp-json\/wp\/v2\/types\/post"}],"author":[{"embeddable":true,"href":"https:\/\/blog.zeit.de\/schulblog\/wp-json\/wp\/v2\/users\/213"}],"replies":[{"embeddable":true,"href":"https:\/\/blog.zeit.de\/schulblog\/wp-json\/wp\/v2\/comments?post=129"}],"version-history":[{"count":0,"href":"https:\/\/blog.zeit.de\/schulblog\/wp-json\/wp\/v2\/posts\/129\/revisions"}],"wp:attachment":[{"href":"https:\/\/blog.zeit.de\/schulblog\/wp-json\/wp\/v2\/media?parent=129"}],"wp:term":[{"taxonomy":"category","embeddable":true,"href":"https:\/\/blog.zeit.de\/schulblog\/wp-json\/wp\/v2\/categories?post=129"},{"taxonomy":"post_tag","embeddable":true,"href":"https:\/\/blog.zeit.de\/schulblog\/wp-json\/wp\/v2\/tags?post=129"}],"curies":[{"name":"wp","href":"https:\/\/api.w.org\/{rel}","templated":true}]}}