{"id":211,"date":"2010-06-01T11:54:17","date_gmt":"2010-06-01T11:54:17","guid":{"rendered":"http:\/\/blog.zeit.de\/schulblog\/?p=211"},"modified":"2010-06-01T11:54:17","modified_gmt":"2010-06-01T11:54:17","slug":"tschus-skandinavien-mythos","status":"publish","type":"post","link":"https:\/\/blog.zeit.de\/schulblog\/2010\/06\/01\/tschus-skandinavien-mythos\/","title":{"rendered":"Tsch\u00fc\u00df, Skandinavien-Mythos!"},"content":{"rendered":"<p>Sind die Schulen in den nordischen L\u00e4ndern (Schweden, D\u00e4nemark, Norwegen, Island, Finnland) besser und gerechter als die deutschen? Dieser Mythos ist sp\u00e4testens seit der ersten Pisa-Studie weit verbreitet und hat viele Pilgerfahrten nach Skandinavien ausgel\u00f6st.<\/p>\n<p>Ein sehr interessanter Aufsatz von Bildungsforschern der Uni Kiel zerst\u00f6rt jetzt (jetzt im Sinne von: jetzt habe ich ihn gerade gefunden) diesen Mythos. Allein Finnland (das aber auch kaum Einwandererkinder vorzuweisen hat) liegt \u00fcberall in der Spitzengruppe. Auf der Ebene der Schulen und des Unterrichts findet sich wenig, das man abgucken kann.<\/p>\n<p>Genaueres im Artikel der<a href=\"http:\/\/www.springerlink.com\/content\/e868543034536g65\/fulltext.pdf\"> Zeitschrift f\u00fcr Erziehungswissenschaft<\/a>.<\/p>\n","protected":false},"excerpt":{"rendered":"<p>Sind die Schulen in den nordischen L\u00e4ndern (Schweden, D\u00e4nemark, Norwegen, Island, Finnland) besser und gerechter als die deutschen? Dieser Mythos ist sp\u00e4testens seit der ersten Pisa-Studie weit verbreitet und hat viele Pilgerfahrten nach Skandinavien ausgel\u00f6st. Ein sehr interessanter Aufsatz von Bildungsforschern der Uni Kiel zerst\u00f6rt jetzt (jetzt im Sinne von: jetzt habe ich ihn gerade [&hellip;]<\/p>\n","protected":false},"author":213,"featured_media":0,"comment_status":"open","ping_status":"open","sticky":false,"template":"","format":"standard","meta":{"_jetpack_memberships_contains_paid_content":false,"footnotes":""},"categories":[1301],"tags":[1984,2210],"class_list":["post-211","post","type-post","status-publish","format-standard","hentry","category-schulforschung","tag-bildungsforscher","tag-skandinavien"],"yoast_head":"<!-- This site is optimized with the Yoast SEO plugin v21.0 - https:\/\/yoast.com\/wordpress\/plugins\/seo\/ -->\n<title>Tsch\u00fc\u00df, Skandinavien-Mythos! - Das Schulblog<\/title>\n<meta name=\"robots\" content=\"index, follow, max-snippet:-1, max-image-preview:large, max-video-preview:-1\" \/>\n<link rel=\"canonical\" href=\"https:\/\/blog.zeit.de\/schulblog\/2010\/06\/01\/tschus-skandinavien-mythos\/\" \/>\n<meta property=\"og:locale\" content=\"de_DE\" \/>\n<meta property=\"og:type\" content=\"article\" \/>\n<meta property=\"og:title\" content=\"Tsch\u00fc\u00df, Skandinavien-Mythos! - Das Schulblog\" \/>\n<meta property=\"og:description\" content=\"Sind die Schulen in den nordischen L\u00e4ndern (Schweden, D\u00e4nemark, Norwegen, Island, Finnland) besser und gerechter als die deutschen? Dieser Mythos ist sp\u00e4testens seit der ersten Pisa-Studie weit verbreitet und hat viele Pilgerfahrten nach Skandinavien ausgel\u00f6st. Ein sehr interessanter Aufsatz von Bildungsforschern der Uni Kiel zerst\u00f6rt jetzt (jetzt im Sinne von: jetzt habe ich ihn gerade [&hellip;]\" \/>\n<meta property=\"og:url\" content=\"https:\/\/blog.zeit.de\/schulblog\/2010\/06\/01\/tschus-skandinavien-mythos\/\" \/>\n<meta property=\"og:site_name\" content=\"Das Schulblog\" \/>\n<meta property=\"article:published_time\" content=\"2010-06-01T11:54:17+00:00\" \/>\n<meta name=\"author\" content=\"Thomas Kerstan\" \/>\n<meta name=\"twitter:card\" content=\"summary_large_image\" \/>\n<meta name=\"twitter:label1\" content=\"Geschrieben von\" \/>\n\t<meta name=\"twitter:data1\" content=\"Thomas Kerstan\" \/>\n\t<meta name=\"twitter:label2\" content=\"Gesch\u00e4tzte Lesezeit\" \/>\n\t<meta name=\"twitter:data2\" content=\"1\u00a0Minute\" \/>\n<script type=\"application\/ld+json\" class=\"yoast-schema-graph\">{\"@context\":\"https:\/\/schema.org\",\"@graph\":[{\"@type\":\"WebPage\",\"@id\":\"https:\/\/blog.zeit.de\/schulblog\/2010\/06\/01\/tschus-skandinavien-mythos\/\",\"url\":\"https:\/\/blog.zeit.de\/schulblog\/2010\/06\/01\/tschus-skandinavien-mythos\/\",\"name\":\"Tsch\u00fc\u00df, Skandinavien-Mythos! - Das Schulblog\",\"isPartOf\":{\"@id\":\"https:\/\/blog.zeit.de\/schulblog\/#website\"},\"datePublished\":\"2010-06-01T11:54:17+00:00\",\"dateModified\":\"2010-06-01T11:54:17+00:00\",\"author\":{\"@id\":\"https:\/\/blog.zeit.de\/schulblog\/#\/schema\/person\/d58f83982e95288853534dafd57faeb3\"},\"breadcrumb\":{\"@id\":\"https:\/\/blog.zeit.de\/schulblog\/2010\/06\/01\/tschus-skandinavien-mythos\/#breadcrumb\"},\"inLanguage\":\"de\",\"potentialAction\":[{\"@type\":\"ReadAction\",\"target\":[\"https:\/\/blog.zeit.de\/schulblog\/2010\/06\/01\/tschus-skandinavien-mythos\/\"]}]},{\"@type\":\"BreadcrumbList\",\"@id\":\"https:\/\/blog.zeit.de\/schulblog\/2010\/06\/01\/tschus-skandinavien-mythos\/#breadcrumb\",\"itemListElement\":[{\"@type\":\"ListItem\",\"position\":1,\"name\":\"Startseite\",\"item\":\"https:\/\/blog.zeit.de\/schulblog\/\"},{\"@type\":\"ListItem\",\"position\":2,\"name\":\"Tsch\u00fc\u00df, Skandinavien-Mythos!\"}]},{\"@type\":\"WebSite\",\"@id\":\"https:\/\/blog.zeit.de\/schulblog\/#website\",\"url\":\"https:\/\/blog.zeit.de\/schulblog\/\",\"name\":\"Das Schulblog\",\"description\":\"f\u00fcr Lehrer, Sch\u00fcler, Eltern und Bildungs-Optimisten\",\"potentialAction\":[{\"@type\":\"SearchAction\",\"target\":{\"@type\":\"EntryPoint\",\"urlTemplate\":\"https:\/\/blog.zeit.de\/schulblog\/?s={search_term_string}\"},\"query-input\":\"required name=search_term_string\"}],\"inLanguage\":\"de\"},{\"@type\":\"Person\",\"@id\":\"https:\/\/blog.zeit.de\/schulblog\/#\/schema\/person\/d58f83982e95288853534dafd57faeb3\",\"name\":\"Thomas Kerstan\",\"image\":{\"@type\":\"ImageObject\",\"inLanguage\":\"de\",\"@id\":\"https:\/\/blog.zeit.de\/schulblog\/#\/schema\/person\/image\/\",\"url\":\"https:\/\/secure.gravatar.com\/avatar\/35eed57940c7c9cec97e3798f2942a36959b90a968fafeeba64f6a913a09c00e?s=96&d=mm&r=g\",\"contentUrl\":\"https:\/\/secure.gravatar.com\/avatar\/35eed57940c7c9cec97e3798f2942a36959b90a968fafeeba64f6a913a09c00e?s=96&d=mm&r=g\",\"caption\":\"Thomas Kerstan\"},\"url\":\"https:\/\/blog.zeit.de\/schulblog\/author\/thomas-kerstan\/\"}]}<\/script>\n<!-- \/ Yoast SEO plugin. -->","yoast_head_json":{"title":"Tsch\u00fc\u00df, Skandinavien-Mythos! - Das Schulblog","robots":{"index":"index","follow":"follow","max-snippet":"max-snippet:-1","max-image-preview":"max-image-preview:large","max-video-preview":"max-video-preview:-1"},"canonical":"https:\/\/blog.zeit.de\/schulblog\/2010\/06\/01\/tschus-skandinavien-mythos\/","og_locale":"de_DE","og_type":"article","og_title":"Tsch\u00fc\u00df, Skandinavien-Mythos! - Das Schulblog","og_description":"Sind die Schulen in den nordischen L\u00e4ndern (Schweden, D\u00e4nemark, Norwegen, Island, Finnland) besser und gerechter als die deutschen? Dieser Mythos ist sp\u00e4testens seit der ersten Pisa-Studie weit verbreitet und hat viele Pilgerfahrten nach Skandinavien ausgel\u00f6st. Ein sehr interessanter Aufsatz von Bildungsforschern der Uni Kiel zerst\u00f6rt jetzt (jetzt im Sinne von: jetzt habe ich ihn gerade [&hellip;]","og_url":"https:\/\/blog.zeit.de\/schulblog\/2010\/06\/01\/tschus-skandinavien-mythos\/","og_site_name":"Das Schulblog","article_published_time":"2010-06-01T11:54:17+00:00","author":"Thomas Kerstan","twitter_card":"summary_large_image","twitter_misc":{"Geschrieben von":"Thomas Kerstan","Gesch\u00e4tzte Lesezeit":"1\u00a0Minute"},"schema":{"@context":"https:\/\/schema.org","@graph":[{"@type":"WebPage","@id":"https:\/\/blog.zeit.de\/schulblog\/2010\/06\/01\/tschus-skandinavien-mythos\/","url":"https:\/\/blog.zeit.de\/schulblog\/2010\/06\/01\/tschus-skandinavien-mythos\/","name":"Tsch\u00fc\u00df, Skandinavien-Mythos! - Das Schulblog","isPartOf":{"@id":"https:\/\/blog.zeit.de\/schulblog\/#website"},"datePublished":"2010-06-01T11:54:17+00:00","dateModified":"2010-06-01T11:54:17+00:00","author":{"@id":"https:\/\/blog.zeit.de\/schulblog\/#\/schema\/person\/d58f83982e95288853534dafd57faeb3"},"breadcrumb":{"@id":"https:\/\/blog.zeit.de\/schulblog\/2010\/06\/01\/tschus-skandinavien-mythos\/#breadcrumb"},"inLanguage":"de","potentialAction":[{"@type":"ReadAction","target":["https:\/\/blog.zeit.de\/schulblog\/2010\/06\/01\/tschus-skandinavien-mythos\/"]}]},{"@type":"BreadcrumbList","@id":"https:\/\/blog.zeit.de\/schulblog\/2010\/06\/01\/tschus-skandinavien-mythos\/#breadcrumb","itemListElement":[{"@type":"ListItem","position":1,"name":"Startseite","item":"https:\/\/blog.zeit.de\/schulblog\/"},{"@type":"ListItem","position":2,"name":"Tsch\u00fc\u00df, Skandinavien-Mythos!"}]},{"@type":"WebSite","@id":"https:\/\/blog.zeit.de\/schulblog\/#website","url":"https:\/\/blog.zeit.de\/schulblog\/","name":"Das Schulblog","description":"f\u00fcr Lehrer, Sch\u00fcler, Eltern und Bildungs-Optimisten","potentialAction":[{"@type":"SearchAction","target":{"@type":"EntryPoint","urlTemplate":"https:\/\/blog.zeit.de\/schulblog\/?s={search_term_string}"},"query-input":"required name=search_term_string"}],"inLanguage":"de"},{"@type":"Person","@id":"https:\/\/blog.zeit.de\/schulblog\/#\/schema\/person\/d58f83982e95288853534dafd57faeb3","name":"Thomas Kerstan","image":{"@type":"ImageObject","inLanguage":"de","@id":"https:\/\/blog.zeit.de\/schulblog\/#\/schema\/person\/image\/","url":"https:\/\/secure.gravatar.com\/avatar\/35eed57940c7c9cec97e3798f2942a36959b90a968fafeeba64f6a913a09c00e?s=96&d=mm&r=g","contentUrl":"https:\/\/secure.gravatar.com\/avatar\/35eed57940c7c9cec97e3798f2942a36959b90a968fafeeba64f6a913a09c00e?s=96&d=mm&r=g","caption":"Thomas Kerstan"},"url":"https:\/\/blog.zeit.de\/schulblog\/author\/thomas-kerstan\/"}]}},"jetpack_featured_media_url":"","jetpack_sharing_enabled":true,"_links":{"self":[{"href":"https:\/\/blog.zeit.de\/schulblog\/wp-json\/wp\/v2\/posts\/211","targetHints":{"allow":["GET"]}}],"collection":[{"href":"https:\/\/blog.zeit.de\/schulblog\/wp-json\/wp\/v2\/posts"}],"about":[{"href":"https:\/\/blog.zeit.de\/schulblog\/wp-json\/wp\/v2\/types\/post"}],"author":[{"embeddable":true,"href":"https:\/\/blog.zeit.de\/schulblog\/wp-json\/wp\/v2\/users\/213"}],"replies":[{"embeddable":true,"href":"https:\/\/blog.zeit.de\/schulblog\/wp-json\/wp\/v2\/comments?post=211"}],"version-history":[{"count":0,"href":"https:\/\/blog.zeit.de\/schulblog\/wp-json\/wp\/v2\/posts\/211\/revisions"}],"wp:attachment":[{"href":"https:\/\/blog.zeit.de\/schulblog\/wp-json\/wp\/v2\/media?parent=211"}],"wp:term":[{"taxonomy":"category","embeddable":true,"href":"https:\/\/blog.zeit.de\/schulblog\/wp-json\/wp\/v2\/categories?post=211"},{"taxonomy":"post_tag","embeddable":true,"href":"https:\/\/blog.zeit.de\/schulblog\/wp-json\/wp\/v2\/tags?post=211"}],"curies":[{"name":"wp","href":"https:\/\/api.w.org\/{rel}","templated":true}]}}