{"id":235,"date":"2010-07-01T10:38:38","date_gmt":"2010-07-01T10:38:38","guid":{"rendered":"http:\/\/blog.zeit.de\/schulblog\/?p=235"},"modified":"2010-07-01T10:38:38","modified_gmt":"2010-07-01T10:38:38","slug":"pisa-papst-jurgen-baumert-wird-emeritiert","status":"publish","type":"post","link":"https:\/\/blog.zeit.de\/schulblog\/2010\/07\/01\/pisa-papst-jurgen-baumert-wird-emeritiert\/","title":{"rendered":"&#8222;Pisa-Papst&#8220; J\u00fcrgen Baumert wird emeritiert"},"content":{"rendered":"<p>\u00d6ffentlich bekannt wurde der Bildungsforscher J\u00fcrgen Baumert als Leiter der ersten Pisa-Studie. Nun wird er als Direktor am Max-Planck-Institut f\u00fcr Bildungsforschung emeritiert. Anlass f\u00fcr <a href=\"http:\/\/www.zeit.de\/2010\/27\/C-Seitenhieb-Juergen-Baumert\">eine kurze W\u00fcrdigung in der ZEIT<\/a>.<\/p>\n","protected":false},"excerpt":{"rendered":"<p>\u00d6ffentlich bekannt wurde der Bildungsforscher J\u00fcrgen Baumert als Leiter der ersten Pisa-Studie. Nun wird er als Direktor am Max-Planck-Institut f\u00fcr Bildungsforschung emeritiert. Anlass f\u00fcr eine kurze W\u00fcrdigung in der ZEIT.<\/p>\n","protected":false},"author":213,"featured_media":0,"comment_status":"open","ping_status":"open","sticky":false,"template":"","format":"standard","meta":{"_jetpack_memberships_contains_paid_content":false,"footnotes":""},"categories":[1301,1300],"tags":[1984,1421,1296],"class_list":["post-235","post","type-post","status-publish","format-standard","hentry","category-schulforschung","category-schulpolitik","tag-bildungsforscher","tag-bildungsgeschichte","tag-schule"],"yoast_head":"<!-- This site is optimized with the Yoast SEO plugin v21.0 - https:\/\/yoast.com\/wordpress\/plugins\/seo\/ -->\n<title>&quot;Pisa-Papst&quot; J\u00fcrgen Baumert wird emeritiert - Das Schulblog<\/title>\n<meta name=\"robots\" content=\"index, follow, max-snippet:-1, max-image-preview:large, max-video-preview:-1\" \/>\n<link rel=\"canonical\" href=\"https:\/\/blog.zeit.de\/schulblog\/2010\/07\/01\/pisa-papst-jurgen-baumert-wird-emeritiert\/\" \/>\n<meta property=\"og:locale\" content=\"de_DE\" \/>\n<meta property=\"og:type\" content=\"article\" \/>\n<meta property=\"og:title\" content=\"&quot;Pisa-Papst&quot; J\u00fcrgen Baumert wird emeritiert - Das Schulblog\" \/>\n<meta property=\"og:description\" content=\"\u00d6ffentlich bekannt wurde der Bildungsforscher J\u00fcrgen Baumert als Leiter der ersten Pisa-Studie. Nun wird er als Direktor am Max-Planck-Institut f\u00fcr Bildungsforschung emeritiert. Anlass f\u00fcr eine kurze W\u00fcrdigung in der ZEIT.\" \/>\n<meta property=\"og:url\" content=\"https:\/\/blog.zeit.de\/schulblog\/2010\/07\/01\/pisa-papst-jurgen-baumert-wird-emeritiert\/\" \/>\n<meta property=\"og:site_name\" content=\"Das Schulblog\" \/>\n<meta property=\"article:published_time\" content=\"2010-07-01T10:38:38+00:00\" \/>\n<meta name=\"author\" content=\"Thomas Kerstan\" \/>\n<meta name=\"twitter:card\" content=\"summary_large_image\" \/>\n<meta name=\"twitter:label1\" content=\"Geschrieben von\" \/>\n\t<meta name=\"twitter:data1\" content=\"Thomas Kerstan\" \/>\n<script type=\"application\/ld+json\" class=\"yoast-schema-graph\">{\"@context\":\"https:\/\/schema.org\",\"@graph\":[{\"@type\":\"WebPage\",\"@id\":\"https:\/\/blog.zeit.de\/schulblog\/2010\/07\/01\/pisa-papst-jurgen-baumert-wird-emeritiert\/\",\"url\":\"https:\/\/blog.zeit.de\/schulblog\/2010\/07\/01\/pisa-papst-jurgen-baumert-wird-emeritiert\/\",\"name\":\"\\\"Pisa-Papst\\\" J\u00fcrgen Baumert wird emeritiert - Das Schulblog\",\"isPartOf\":{\"@id\":\"https:\/\/blog.zeit.de\/schulblog\/#website\"},\"datePublished\":\"2010-07-01T10:38:38+00:00\",\"dateModified\":\"2010-07-01T10:38:38+00:00\",\"author\":{\"@id\":\"https:\/\/blog.zeit.de\/schulblog\/#\/schema\/person\/d58f83982e95288853534dafd57faeb3\"},\"breadcrumb\":{\"@id\":\"https:\/\/blog.zeit.de\/schulblog\/2010\/07\/01\/pisa-papst-jurgen-baumert-wird-emeritiert\/#breadcrumb\"},\"inLanguage\":\"de\",\"potentialAction\":[{\"@type\":\"ReadAction\",\"target\":[\"https:\/\/blog.zeit.de\/schulblog\/2010\/07\/01\/pisa-papst-jurgen-baumert-wird-emeritiert\/\"]}]},{\"@type\":\"BreadcrumbList\",\"@id\":\"https:\/\/blog.zeit.de\/schulblog\/2010\/07\/01\/pisa-papst-jurgen-baumert-wird-emeritiert\/#breadcrumb\",\"itemListElement\":[{\"@type\":\"ListItem\",\"position\":1,\"name\":\"Startseite\",\"item\":\"https:\/\/blog.zeit.de\/schulblog\/\"},{\"@type\":\"ListItem\",\"position\":2,\"name\":\"&#8222;Pisa-Papst&#8220; J\u00fcrgen Baumert wird emeritiert\"}]},{\"@type\":\"WebSite\",\"@id\":\"https:\/\/blog.zeit.de\/schulblog\/#website\",\"url\":\"https:\/\/blog.zeit.de\/schulblog\/\",\"name\":\"Das Schulblog\",\"description\":\"f\u00fcr Lehrer, Sch\u00fcler, Eltern und Bildungs-Optimisten\",\"potentialAction\":[{\"@type\":\"SearchAction\",\"target\":{\"@type\":\"EntryPoint\",\"urlTemplate\":\"https:\/\/blog.zeit.de\/schulblog\/?s={search_term_string}\"},\"query-input\":\"required name=search_term_string\"}],\"inLanguage\":\"de\"},{\"@type\":\"Person\",\"@id\":\"https:\/\/blog.zeit.de\/schulblog\/#\/schema\/person\/d58f83982e95288853534dafd57faeb3\",\"name\":\"Thomas Kerstan\",\"image\":{\"@type\":\"ImageObject\",\"inLanguage\":\"de\",\"@id\":\"https:\/\/blog.zeit.de\/schulblog\/#\/schema\/person\/image\/\",\"url\":\"https:\/\/secure.gravatar.com\/avatar\/35eed57940c7c9cec97e3798f2942a36959b90a968fafeeba64f6a913a09c00e?s=96&d=mm&r=g\",\"contentUrl\":\"https:\/\/secure.gravatar.com\/avatar\/35eed57940c7c9cec97e3798f2942a36959b90a968fafeeba64f6a913a09c00e?s=96&d=mm&r=g\",\"caption\":\"Thomas Kerstan\"},\"url\":\"https:\/\/blog.zeit.de\/schulblog\/author\/thomas-kerstan\/\"}]}<\/script>\n<!-- \/ Yoast SEO plugin. -->","yoast_head_json":{"title":"\"Pisa-Papst\" J\u00fcrgen Baumert wird emeritiert - Das Schulblog","robots":{"index":"index","follow":"follow","max-snippet":"max-snippet:-1","max-image-preview":"max-image-preview:large","max-video-preview":"max-video-preview:-1"},"canonical":"https:\/\/blog.zeit.de\/schulblog\/2010\/07\/01\/pisa-papst-jurgen-baumert-wird-emeritiert\/","og_locale":"de_DE","og_type":"article","og_title":"\"Pisa-Papst\" J\u00fcrgen Baumert wird emeritiert - Das Schulblog","og_description":"\u00d6ffentlich bekannt wurde der Bildungsforscher J\u00fcrgen Baumert als Leiter der ersten Pisa-Studie. Nun wird er als Direktor am Max-Planck-Institut f\u00fcr Bildungsforschung emeritiert. Anlass f\u00fcr eine kurze W\u00fcrdigung in der ZEIT.","og_url":"https:\/\/blog.zeit.de\/schulblog\/2010\/07\/01\/pisa-papst-jurgen-baumert-wird-emeritiert\/","og_site_name":"Das Schulblog","article_published_time":"2010-07-01T10:38:38+00:00","author":"Thomas Kerstan","twitter_card":"summary_large_image","twitter_misc":{"Geschrieben von":"Thomas Kerstan"},"schema":{"@context":"https:\/\/schema.org","@graph":[{"@type":"WebPage","@id":"https:\/\/blog.zeit.de\/schulblog\/2010\/07\/01\/pisa-papst-jurgen-baumert-wird-emeritiert\/","url":"https:\/\/blog.zeit.de\/schulblog\/2010\/07\/01\/pisa-papst-jurgen-baumert-wird-emeritiert\/","name":"\"Pisa-Papst\" J\u00fcrgen Baumert wird emeritiert - Das Schulblog","isPartOf":{"@id":"https:\/\/blog.zeit.de\/schulblog\/#website"},"datePublished":"2010-07-01T10:38:38+00:00","dateModified":"2010-07-01T10:38:38+00:00","author":{"@id":"https:\/\/blog.zeit.de\/schulblog\/#\/schema\/person\/d58f83982e95288853534dafd57faeb3"},"breadcrumb":{"@id":"https:\/\/blog.zeit.de\/schulblog\/2010\/07\/01\/pisa-papst-jurgen-baumert-wird-emeritiert\/#breadcrumb"},"inLanguage":"de","potentialAction":[{"@type":"ReadAction","target":["https:\/\/blog.zeit.de\/schulblog\/2010\/07\/01\/pisa-papst-jurgen-baumert-wird-emeritiert\/"]}]},{"@type":"BreadcrumbList","@id":"https:\/\/blog.zeit.de\/schulblog\/2010\/07\/01\/pisa-papst-jurgen-baumert-wird-emeritiert\/#breadcrumb","itemListElement":[{"@type":"ListItem","position":1,"name":"Startseite","item":"https:\/\/blog.zeit.de\/schulblog\/"},{"@type":"ListItem","position":2,"name":"&#8222;Pisa-Papst&#8220; J\u00fcrgen Baumert wird emeritiert"}]},{"@type":"WebSite","@id":"https:\/\/blog.zeit.de\/schulblog\/#website","url":"https:\/\/blog.zeit.de\/schulblog\/","name":"Das Schulblog","description":"f\u00fcr Lehrer, Sch\u00fcler, Eltern und Bildungs-Optimisten","potentialAction":[{"@type":"SearchAction","target":{"@type":"EntryPoint","urlTemplate":"https:\/\/blog.zeit.de\/schulblog\/?s={search_term_string}"},"query-input":"required name=search_term_string"}],"inLanguage":"de"},{"@type":"Person","@id":"https:\/\/blog.zeit.de\/schulblog\/#\/schema\/person\/d58f83982e95288853534dafd57faeb3","name":"Thomas Kerstan","image":{"@type":"ImageObject","inLanguage":"de","@id":"https:\/\/blog.zeit.de\/schulblog\/#\/schema\/person\/image\/","url":"https:\/\/secure.gravatar.com\/avatar\/35eed57940c7c9cec97e3798f2942a36959b90a968fafeeba64f6a913a09c00e?s=96&d=mm&r=g","contentUrl":"https:\/\/secure.gravatar.com\/avatar\/35eed57940c7c9cec97e3798f2942a36959b90a968fafeeba64f6a913a09c00e?s=96&d=mm&r=g","caption":"Thomas Kerstan"},"url":"https:\/\/blog.zeit.de\/schulblog\/author\/thomas-kerstan\/"}]}},"jetpack_featured_media_url":"","jetpack_sharing_enabled":true,"_links":{"self":[{"href":"https:\/\/blog.zeit.de\/schulblog\/wp-json\/wp\/v2\/posts\/235","targetHints":{"allow":["GET"]}}],"collection":[{"href":"https:\/\/blog.zeit.de\/schulblog\/wp-json\/wp\/v2\/posts"}],"about":[{"href":"https:\/\/blog.zeit.de\/schulblog\/wp-json\/wp\/v2\/types\/post"}],"author":[{"embeddable":true,"href":"https:\/\/blog.zeit.de\/schulblog\/wp-json\/wp\/v2\/users\/213"}],"replies":[{"embeddable":true,"href":"https:\/\/blog.zeit.de\/schulblog\/wp-json\/wp\/v2\/comments?post=235"}],"version-history":[{"count":0,"href":"https:\/\/blog.zeit.de\/schulblog\/wp-json\/wp\/v2\/posts\/235\/revisions"}],"wp:attachment":[{"href":"https:\/\/blog.zeit.de\/schulblog\/wp-json\/wp\/v2\/media?parent=235"}],"wp:term":[{"taxonomy":"category","embeddable":true,"href":"https:\/\/blog.zeit.de\/schulblog\/wp-json\/wp\/v2\/categories?post=235"},{"taxonomy":"post_tag","embeddable":true,"href":"https:\/\/blog.zeit.de\/schulblog\/wp-json\/wp\/v2\/tags?post=235"}],"curies":[{"name":"wp","href":"https:\/\/api.w.org\/{rel}","templated":true}]}}