{"id":249,"date":"2010-07-23T13:09:20","date_gmt":"2010-07-23T13:09:20","guid":{"rendered":"http:\/\/blog.zeit.de\/schulblog\/?p=249"},"modified":"2010-08-16T15:52:39","modified_gmt":"2010-08-16T15:52:39","slug":"oelkers-uber-reformpadagogik-eros-und-herrschaft","status":"publish","type":"post","link":"https:\/\/blog.zeit.de\/schulblog\/2010\/07\/23\/oelkers-uber-reformpadagogik-eros-und-herrschaft\/","title":{"rendered":"Oelkers \u00fcber Reformp\u00e4dagogik &#8222;Eros und Herrschaft&#8220;"},"content":{"rendered":"<p>Einen sehr interessanten <a href=\"http:\/\/www.fr-online.de\/in_und_ausland\/wissen_und_bildung\/aktuell\/2875755_Neuer-Blick-auf-Reformpaedagogik-Eros-und-Herrschaft.html\">Artikel bringt heute die<em> <\/em><em>Frankfurter Rundschau<\/em><\/a> . ### sorry, Artikel ist nicht mehr im Netz, tk ###Es ist das Referat des Z\u00fcrcher P\u00e4dagogikprofessors J\u00fcrgen Oelkers auf der Tagung &#8222;Gewalt und Missachtung gegen\u00fcber Kindern und Jugendlichen. Die Verantwortung von Wissenschaft&#8220;, die heute an der Uni Bielefeld beginnt.<\/p>\n","protected":false},"excerpt":{"rendered":"<p>Einen sehr interessanten Artikel bringt heute die Frankfurter Rundschau . ### sorry, Artikel ist nicht mehr im Netz, tk ###Es ist das Referat des Z\u00fcrcher P\u00e4dagogikprofessors J\u00fcrgen Oelkers auf der Tagung &#8222;Gewalt und Missachtung gegen\u00fcber Kindern und Jugendlichen. Die Verantwortung von Wissenschaft&#8220;, die heute an der Uni Bielefeld beginnt.<\/p>\n","protected":false},"author":213,"featured_media":0,"comment_status":"open","ping_status":"open","sticky":false,"template":"","format":"standard","meta":{"_jetpack_memberships_contains_paid_content":false,"footnotes":""},"categories":[1299,1301],"tags":[1984,1421,1342,1413,1416,1420],"class_list":["post-249","post","type-post","status-publish","format-standard","hentry","category-schulalltag","category-schulforschung","tag-bildungsforscher","tag-bildungsgeschichte","tag-lehrer","tag-missbrauch","tag-reformpadagogik","tag-sexualitat"],"yoast_head":"<!-- This site is optimized with the Yoast SEO plugin v21.0 - https:\/\/yoast.com\/wordpress\/plugins\/seo\/ -->\n<title>Oelkers \u00fcber Reformp\u00e4dagogik &quot;Eros und Herrschaft&quot; - Das Schulblog<\/title>\n<meta name=\"robots\" content=\"index, follow, max-snippet:-1, max-image-preview:large, max-video-preview:-1\" \/>\n<link rel=\"canonical\" href=\"https:\/\/blog.zeit.de\/schulblog\/2010\/07\/23\/oelkers-uber-reformpadagogik-eros-und-herrschaft\/\" \/>\n<meta property=\"og:locale\" content=\"de_DE\" \/>\n<meta property=\"og:type\" content=\"article\" \/>\n<meta property=\"og:title\" content=\"Oelkers \u00fcber Reformp\u00e4dagogik &quot;Eros und Herrschaft&quot; - Das Schulblog\" \/>\n<meta property=\"og:description\" content=\"Einen sehr interessanten Artikel bringt heute die Frankfurter Rundschau . ### sorry, Artikel ist nicht mehr im Netz, tk ###Es ist das Referat des Z\u00fcrcher P\u00e4dagogikprofessors J\u00fcrgen Oelkers auf der Tagung &#8222;Gewalt und Missachtung gegen\u00fcber Kindern und Jugendlichen. Die Verantwortung von Wissenschaft&#8220;, die heute an der Uni Bielefeld beginnt.\" \/>\n<meta property=\"og:url\" content=\"https:\/\/blog.zeit.de\/schulblog\/2010\/07\/23\/oelkers-uber-reformpadagogik-eros-und-herrschaft\/\" \/>\n<meta property=\"og:site_name\" content=\"Das Schulblog\" \/>\n<meta property=\"article:published_time\" content=\"2010-07-23T13:09:20+00:00\" \/>\n<meta property=\"article:modified_time\" content=\"2010-08-16T15:52:39+00:00\" \/>\n<meta name=\"author\" content=\"Thomas Kerstan\" \/>\n<meta name=\"twitter:card\" content=\"summary_large_image\" \/>\n<meta name=\"twitter:label1\" content=\"Geschrieben von\" \/>\n\t<meta name=\"twitter:data1\" content=\"Thomas Kerstan\" \/>\n<script type=\"application\/ld+json\" class=\"yoast-schema-graph\">{\"@context\":\"https:\/\/schema.org\",\"@graph\":[{\"@type\":\"WebPage\",\"@id\":\"https:\/\/blog.zeit.de\/schulblog\/2010\/07\/23\/oelkers-uber-reformpadagogik-eros-und-herrschaft\/\",\"url\":\"https:\/\/blog.zeit.de\/schulblog\/2010\/07\/23\/oelkers-uber-reformpadagogik-eros-und-herrschaft\/\",\"name\":\"Oelkers \u00fcber Reformp\u00e4dagogik \\\"Eros und Herrschaft\\\" - Das Schulblog\",\"isPartOf\":{\"@id\":\"https:\/\/blog.zeit.de\/schulblog\/#website\"},\"datePublished\":\"2010-07-23T13:09:20+00:00\",\"dateModified\":\"2010-08-16T15:52:39+00:00\",\"author\":{\"@id\":\"https:\/\/blog.zeit.de\/schulblog\/#\/schema\/person\/d58f83982e95288853534dafd57faeb3\"},\"breadcrumb\":{\"@id\":\"https:\/\/blog.zeit.de\/schulblog\/2010\/07\/23\/oelkers-uber-reformpadagogik-eros-und-herrschaft\/#breadcrumb\"},\"inLanguage\":\"de\",\"potentialAction\":[{\"@type\":\"ReadAction\",\"target\":[\"https:\/\/blog.zeit.de\/schulblog\/2010\/07\/23\/oelkers-uber-reformpadagogik-eros-und-herrschaft\/\"]}]},{\"@type\":\"BreadcrumbList\",\"@id\":\"https:\/\/blog.zeit.de\/schulblog\/2010\/07\/23\/oelkers-uber-reformpadagogik-eros-und-herrschaft\/#breadcrumb\",\"itemListElement\":[{\"@type\":\"ListItem\",\"position\":1,\"name\":\"Startseite\",\"item\":\"https:\/\/blog.zeit.de\/schulblog\/\"},{\"@type\":\"ListItem\",\"position\":2,\"name\":\"Oelkers \u00fcber Reformp\u00e4dagogik &#8222;Eros und Herrschaft&#8220;\"}]},{\"@type\":\"WebSite\",\"@id\":\"https:\/\/blog.zeit.de\/schulblog\/#website\",\"url\":\"https:\/\/blog.zeit.de\/schulblog\/\",\"name\":\"Das Schulblog\",\"description\":\"f\u00fcr Lehrer, Sch\u00fcler, Eltern und Bildungs-Optimisten\",\"potentialAction\":[{\"@type\":\"SearchAction\",\"target\":{\"@type\":\"EntryPoint\",\"urlTemplate\":\"https:\/\/blog.zeit.de\/schulblog\/?s={search_term_string}\"},\"query-input\":\"required name=search_term_string\"}],\"inLanguage\":\"de\"},{\"@type\":\"Person\",\"@id\":\"https:\/\/blog.zeit.de\/schulblog\/#\/schema\/person\/d58f83982e95288853534dafd57faeb3\",\"name\":\"Thomas Kerstan\",\"image\":{\"@type\":\"ImageObject\",\"inLanguage\":\"de\",\"@id\":\"https:\/\/blog.zeit.de\/schulblog\/#\/schema\/person\/image\/\",\"url\":\"https:\/\/secure.gravatar.com\/avatar\/35eed57940c7c9cec97e3798f2942a36959b90a968fafeeba64f6a913a09c00e?s=96&d=mm&r=g\",\"contentUrl\":\"https:\/\/secure.gravatar.com\/avatar\/35eed57940c7c9cec97e3798f2942a36959b90a968fafeeba64f6a913a09c00e?s=96&d=mm&r=g\",\"caption\":\"Thomas Kerstan\"},\"url\":\"https:\/\/blog.zeit.de\/schulblog\/author\/thomas-kerstan\/\"}]}<\/script>\n<!-- \/ Yoast SEO plugin. -->","yoast_head_json":{"title":"Oelkers \u00fcber Reformp\u00e4dagogik \"Eros und Herrschaft\" - Das Schulblog","robots":{"index":"index","follow":"follow","max-snippet":"max-snippet:-1","max-image-preview":"max-image-preview:large","max-video-preview":"max-video-preview:-1"},"canonical":"https:\/\/blog.zeit.de\/schulblog\/2010\/07\/23\/oelkers-uber-reformpadagogik-eros-und-herrschaft\/","og_locale":"de_DE","og_type":"article","og_title":"Oelkers \u00fcber Reformp\u00e4dagogik \"Eros und Herrschaft\" - Das Schulblog","og_description":"Einen sehr interessanten Artikel bringt heute die Frankfurter Rundschau . ### sorry, Artikel ist nicht mehr im Netz, tk ###Es ist das Referat des Z\u00fcrcher P\u00e4dagogikprofessors J\u00fcrgen Oelkers auf der Tagung &#8222;Gewalt und Missachtung gegen\u00fcber Kindern und Jugendlichen. Die Verantwortung von Wissenschaft&#8220;, die heute an der Uni Bielefeld beginnt.","og_url":"https:\/\/blog.zeit.de\/schulblog\/2010\/07\/23\/oelkers-uber-reformpadagogik-eros-und-herrschaft\/","og_site_name":"Das Schulblog","article_published_time":"2010-07-23T13:09:20+00:00","article_modified_time":"2010-08-16T15:52:39+00:00","author":"Thomas Kerstan","twitter_card":"summary_large_image","twitter_misc":{"Geschrieben von":"Thomas Kerstan"},"schema":{"@context":"https:\/\/schema.org","@graph":[{"@type":"WebPage","@id":"https:\/\/blog.zeit.de\/schulblog\/2010\/07\/23\/oelkers-uber-reformpadagogik-eros-und-herrschaft\/","url":"https:\/\/blog.zeit.de\/schulblog\/2010\/07\/23\/oelkers-uber-reformpadagogik-eros-und-herrschaft\/","name":"Oelkers \u00fcber Reformp\u00e4dagogik \"Eros und Herrschaft\" - Das Schulblog","isPartOf":{"@id":"https:\/\/blog.zeit.de\/schulblog\/#website"},"datePublished":"2010-07-23T13:09:20+00:00","dateModified":"2010-08-16T15:52:39+00:00","author":{"@id":"https:\/\/blog.zeit.de\/schulblog\/#\/schema\/person\/d58f83982e95288853534dafd57faeb3"},"breadcrumb":{"@id":"https:\/\/blog.zeit.de\/schulblog\/2010\/07\/23\/oelkers-uber-reformpadagogik-eros-und-herrschaft\/#breadcrumb"},"inLanguage":"de","potentialAction":[{"@type":"ReadAction","target":["https:\/\/blog.zeit.de\/schulblog\/2010\/07\/23\/oelkers-uber-reformpadagogik-eros-und-herrschaft\/"]}]},{"@type":"BreadcrumbList","@id":"https:\/\/blog.zeit.de\/schulblog\/2010\/07\/23\/oelkers-uber-reformpadagogik-eros-und-herrschaft\/#breadcrumb","itemListElement":[{"@type":"ListItem","position":1,"name":"Startseite","item":"https:\/\/blog.zeit.de\/schulblog\/"},{"@type":"ListItem","position":2,"name":"Oelkers \u00fcber Reformp\u00e4dagogik &#8222;Eros und Herrschaft&#8220;"}]},{"@type":"WebSite","@id":"https:\/\/blog.zeit.de\/schulblog\/#website","url":"https:\/\/blog.zeit.de\/schulblog\/","name":"Das Schulblog","description":"f\u00fcr Lehrer, Sch\u00fcler, Eltern und Bildungs-Optimisten","potentialAction":[{"@type":"SearchAction","target":{"@type":"EntryPoint","urlTemplate":"https:\/\/blog.zeit.de\/schulblog\/?s={search_term_string}"},"query-input":"required name=search_term_string"}],"inLanguage":"de"},{"@type":"Person","@id":"https:\/\/blog.zeit.de\/schulblog\/#\/schema\/person\/d58f83982e95288853534dafd57faeb3","name":"Thomas Kerstan","image":{"@type":"ImageObject","inLanguage":"de","@id":"https:\/\/blog.zeit.de\/schulblog\/#\/schema\/person\/image\/","url":"https:\/\/secure.gravatar.com\/avatar\/35eed57940c7c9cec97e3798f2942a36959b90a968fafeeba64f6a913a09c00e?s=96&d=mm&r=g","contentUrl":"https:\/\/secure.gravatar.com\/avatar\/35eed57940c7c9cec97e3798f2942a36959b90a968fafeeba64f6a913a09c00e?s=96&d=mm&r=g","caption":"Thomas Kerstan"},"url":"https:\/\/blog.zeit.de\/schulblog\/author\/thomas-kerstan\/"}]}},"jetpack_featured_media_url":"","jetpack_sharing_enabled":true,"_links":{"self":[{"href":"https:\/\/blog.zeit.de\/schulblog\/wp-json\/wp\/v2\/posts\/249","targetHints":{"allow":["GET"]}}],"collection":[{"href":"https:\/\/blog.zeit.de\/schulblog\/wp-json\/wp\/v2\/posts"}],"about":[{"href":"https:\/\/blog.zeit.de\/schulblog\/wp-json\/wp\/v2\/types\/post"}],"author":[{"embeddable":true,"href":"https:\/\/blog.zeit.de\/schulblog\/wp-json\/wp\/v2\/users\/213"}],"replies":[{"embeddable":true,"href":"https:\/\/blog.zeit.de\/schulblog\/wp-json\/wp\/v2\/comments?post=249"}],"version-history":[{"count":0,"href":"https:\/\/blog.zeit.de\/schulblog\/wp-json\/wp\/v2\/posts\/249\/revisions"}],"wp:attachment":[{"href":"https:\/\/blog.zeit.de\/schulblog\/wp-json\/wp\/v2\/media?parent=249"}],"wp:term":[{"taxonomy":"category","embeddable":true,"href":"https:\/\/blog.zeit.de\/schulblog\/wp-json\/wp\/v2\/categories?post=249"},{"taxonomy":"post_tag","embeddable":true,"href":"https:\/\/blog.zeit.de\/schulblog\/wp-json\/wp\/v2\/tags?post=249"}],"curies":[{"name":"wp","href":"https:\/\/api.w.org\/{rel}","templated":true}]}}