{"id":256,"date":"2010-08-16T16:22:35","date_gmt":"2010-08-16T16:22:35","guid":{"rendered":"http:\/\/blog.zeit.de\/schulblog\/?p=256"},"modified":"2010-08-16T16:22:35","modified_gmt":"2010-08-16T16:22:35","slug":"einschulung-jubel-trubel-und-verschuchterte-kinder","status":"publish","type":"post","link":"https:\/\/blog.zeit.de\/schulblog\/2010\/08\/16\/einschulung-jubel-trubel-und-verschuchterte-kinder\/","title":{"rendered":"Einschulung: Jubel, Trubel und versch\u00fcchterte Kinder"},"content":{"rendered":"<p>Einschulung. Geschwister, M\u00fctter, V\u00e4ter, Gro\u00dfeltern freuen sich, fotografieren, filmen, kl\u00f6nen (wie man im Norden sagt), trinken Kaffee oder Kakao. Die Sch\u00fcler der h\u00f6heren Klassen begr\u00fc\u00dfen die Neuen unter heldenhaftem Einsatz ihrer Lehrerinnen mit Liedern, kleinen Szenen. Jubel und Trubel.<\/p>\n<p>Und die Hauptpersonen? Hat einmal jemand die Gesichter der Kinder bei der Einschulung beobachtet? Oder auf Fotos? Von gro\u00dfer Freude keine Spur. Wo bin ich hier? Was geschieht mit mir? Wie muss ich mich\u00a0 benehmen? Was sind das f\u00fcr Leute? Das fragen sich die Kleinen; lassen versch\u00fcchtert das Tamtam \u00fcber sich ergehen und trotten dann unsicher in die erste Unterrichtsstunde.<\/p>\n<p>Das war schon immer so. Neu ist der Trend, dass immer mehr Familienangeh\u00f6rige an der Feier teilnehmen. Und ganz neu, dass die Sch\u00fclerzahl zur\u00fcckgeht. Wo fr\u00fcher drei\u00dfig Erstkl\u00e4ssler von vierzig Erwachsenen ins neue Leben begleitet wurden, sind es heute f\u00fcnfzehn Kinder und gef\u00fchlte einhundert Gro\u00dfe. Der demografische Wandel sieht komisch aus.<\/p>\n","protected":false},"excerpt":{"rendered":"<p>Einschulung. Geschwister, M\u00fctter, V\u00e4ter, Gro\u00dfeltern freuen sich, fotografieren, filmen, kl\u00f6nen (wie man im Norden sagt), trinken Kaffee oder Kakao. Die Sch\u00fcler der h\u00f6heren Klassen begr\u00fc\u00dfen die Neuen unter heldenhaftem Einsatz ihrer Lehrerinnen mit Liedern, kleinen Szenen. Jubel und Trubel. Und die Hauptpersonen? Hat einmal jemand die Gesichter der Kinder bei der Einschulung beobachtet? Oder auf [&hellip;]<\/p>\n","protected":false},"author":213,"featured_media":0,"comment_status":"open","ping_status":"open","sticky":false,"template":"","format":"standard","meta":{"_jetpack_memberships_contains_paid_content":false,"footnotes":""},"categories":[1299],"tags":[2487,1310,1306,1342,1296],"class_list":["post-256","post","type-post","status-publish","format-standard","hentry","category-schulalltag","tag-einschulung","tag-erstklassler","tag-grundschule","tag-lehrer","tag-schule"],"yoast_head":"<!-- This site is optimized with the Yoast SEO plugin v21.0 - https:\/\/yoast.com\/wordpress\/plugins\/seo\/ -->\n<title>Einschulung: Jubel, Trubel und versch\u00fcchterte Kinder - Das Schulblog<\/title>\n<meta name=\"robots\" content=\"index, follow, max-snippet:-1, max-image-preview:large, max-video-preview:-1\" \/>\n<link rel=\"canonical\" href=\"https:\/\/blog.zeit.de\/schulblog\/2010\/08\/16\/einschulung-jubel-trubel-und-verschuchterte-kinder\/\" \/>\n<meta property=\"og:locale\" content=\"de_DE\" \/>\n<meta property=\"og:type\" content=\"article\" \/>\n<meta property=\"og:title\" content=\"Einschulung: Jubel, Trubel und versch\u00fcchterte Kinder - Das Schulblog\" \/>\n<meta property=\"og:description\" content=\"Einschulung. Geschwister, M\u00fctter, V\u00e4ter, Gro\u00dfeltern freuen sich, fotografieren, filmen, kl\u00f6nen (wie man im Norden sagt), trinken Kaffee oder Kakao. Die Sch\u00fcler der h\u00f6heren Klassen begr\u00fc\u00dfen die Neuen unter heldenhaftem Einsatz ihrer Lehrerinnen mit Liedern, kleinen Szenen. Jubel und Trubel. Und die Hauptpersonen? Hat einmal jemand die Gesichter der Kinder bei der Einschulung beobachtet? Oder auf [&hellip;]\" \/>\n<meta property=\"og:url\" content=\"https:\/\/blog.zeit.de\/schulblog\/2010\/08\/16\/einschulung-jubel-trubel-und-verschuchterte-kinder\/\" \/>\n<meta property=\"og:site_name\" content=\"Das Schulblog\" \/>\n<meta property=\"article:published_time\" content=\"2010-08-16T16:22:35+00:00\" \/>\n<meta name=\"author\" content=\"Thomas Kerstan\" \/>\n<meta name=\"twitter:card\" content=\"summary_large_image\" \/>\n<meta name=\"twitter:label1\" content=\"Geschrieben von\" \/>\n\t<meta name=\"twitter:data1\" content=\"Thomas Kerstan\" \/>\n\t<meta name=\"twitter:label2\" content=\"Gesch\u00e4tzte Lesezeit\" \/>\n\t<meta name=\"twitter:data2\" content=\"1\u00a0Minute\" \/>\n<script type=\"application\/ld+json\" class=\"yoast-schema-graph\">{\"@context\":\"https:\/\/schema.org\",\"@graph\":[{\"@type\":\"WebPage\",\"@id\":\"https:\/\/blog.zeit.de\/schulblog\/2010\/08\/16\/einschulung-jubel-trubel-und-verschuchterte-kinder\/\",\"url\":\"https:\/\/blog.zeit.de\/schulblog\/2010\/08\/16\/einschulung-jubel-trubel-und-verschuchterte-kinder\/\",\"name\":\"Einschulung: Jubel, Trubel und versch\u00fcchterte Kinder - Das Schulblog\",\"isPartOf\":{\"@id\":\"https:\/\/blog.zeit.de\/schulblog\/#website\"},\"datePublished\":\"2010-08-16T16:22:35+00:00\",\"dateModified\":\"2010-08-16T16:22:35+00:00\",\"author\":{\"@id\":\"https:\/\/blog.zeit.de\/schulblog\/#\/schema\/person\/d58f83982e95288853534dafd57faeb3\"},\"breadcrumb\":{\"@id\":\"https:\/\/blog.zeit.de\/schulblog\/2010\/08\/16\/einschulung-jubel-trubel-und-verschuchterte-kinder\/#breadcrumb\"},\"inLanguage\":\"de\",\"potentialAction\":[{\"@type\":\"ReadAction\",\"target\":[\"https:\/\/blog.zeit.de\/schulblog\/2010\/08\/16\/einschulung-jubel-trubel-und-verschuchterte-kinder\/\"]}]},{\"@type\":\"BreadcrumbList\",\"@id\":\"https:\/\/blog.zeit.de\/schulblog\/2010\/08\/16\/einschulung-jubel-trubel-und-verschuchterte-kinder\/#breadcrumb\",\"itemListElement\":[{\"@type\":\"ListItem\",\"position\":1,\"name\":\"Startseite\",\"item\":\"https:\/\/blog.zeit.de\/schulblog\/\"},{\"@type\":\"ListItem\",\"position\":2,\"name\":\"Einschulung: Jubel, Trubel und versch\u00fcchterte Kinder\"}]},{\"@type\":\"WebSite\",\"@id\":\"https:\/\/blog.zeit.de\/schulblog\/#website\",\"url\":\"https:\/\/blog.zeit.de\/schulblog\/\",\"name\":\"Das Schulblog\",\"description\":\"f\u00fcr Lehrer, Sch\u00fcler, Eltern und Bildungs-Optimisten\",\"potentialAction\":[{\"@type\":\"SearchAction\",\"target\":{\"@type\":\"EntryPoint\",\"urlTemplate\":\"https:\/\/blog.zeit.de\/schulblog\/?s={search_term_string}\"},\"query-input\":\"required name=search_term_string\"}],\"inLanguage\":\"de\"},{\"@type\":\"Person\",\"@id\":\"https:\/\/blog.zeit.de\/schulblog\/#\/schema\/person\/d58f83982e95288853534dafd57faeb3\",\"name\":\"Thomas Kerstan\",\"image\":{\"@type\":\"ImageObject\",\"inLanguage\":\"de\",\"@id\":\"https:\/\/blog.zeit.de\/schulblog\/#\/schema\/person\/image\/\",\"url\":\"https:\/\/secure.gravatar.com\/avatar\/35eed57940c7c9cec97e3798f2942a36959b90a968fafeeba64f6a913a09c00e?s=96&d=mm&r=g\",\"contentUrl\":\"https:\/\/secure.gravatar.com\/avatar\/35eed57940c7c9cec97e3798f2942a36959b90a968fafeeba64f6a913a09c00e?s=96&d=mm&r=g\",\"caption\":\"Thomas Kerstan\"},\"url\":\"https:\/\/blog.zeit.de\/schulblog\/author\/thomas-kerstan\/\"}]}<\/script>\n<!-- \/ Yoast SEO plugin. -->","yoast_head_json":{"title":"Einschulung: Jubel, Trubel und versch\u00fcchterte Kinder - Das Schulblog","robots":{"index":"index","follow":"follow","max-snippet":"max-snippet:-1","max-image-preview":"max-image-preview:large","max-video-preview":"max-video-preview:-1"},"canonical":"https:\/\/blog.zeit.de\/schulblog\/2010\/08\/16\/einschulung-jubel-trubel-und-verschuchterte-kinder\/","og_locale":"de_DE","og_type":"article","og_title":"Einschulung: Jubel, Trubel und versch\u00fcchterte Kinder - Das Schulblog","og_description":"Einschulung. Geschwister, M\u00fctter, V\u00e4ter, Gro\u00dfeltern freuen sich, fotografieren, filmen, kl\u00f6nen (wie man im Norden sagt), trinken Kaffee oder Kakao. Die Sch\u00fcler der h\u00f6heren Klassen begr\u00fc\u00dfen die Neuen unter heldenhaftem Einsatz ihrer Lehrerinnen mit Liedern, kleinen Szenen. Jubel und Trubel. Und die Hauptpersonen? Hat einmal jemand die Gesichter der Kinder bei der Einschulung beobachtet? Oder auf [&hellip;]","og_url":"https:\/\/blog.zeit.de\/schulblog\/2010\/08\/16\/einschulung-jubel-trubel-und-verschuchterte-kinder\/","og_site_name":"Das Schulblog","article_published_time":"2010-08-16T16:22:35+00:00","author":"Thomas Kerstan","twitter_card":"summary_large_image","twitter_misc":{"Geschrieben von":"Thomas Kerstan","Gesch\u00e4tzte Lesezeit":"1\u00a0Minute"},"schema":{"@context":"https:\/\/schema.org","@graph":[{"@type":"WebPage","@id":"https:\/\/blog.zeit.de\/schulblog\/2010\/08\/16\/einschulung-jubel-trubel-und-verschuchterte-kinder\/","url":"https:\/\/blog.zeit.de\/schulblog\/2010\/08\/16\/einschulung-jubel-trubel-und-verschuchterte-kinder\/","name":"Einschulung: Jubel, Trubel und versch\u00fcchterte Kinder - Das Schulblog","isPartOf":{"@id":"https:\/\/blog.zeit.de\/schulblog\/#website"},"datePublished":"2010-08-16T16:22:35+00:00","dateModified":"2010-08-16T16:22:35+00:00","author":{"@id":"https:\/\/blog.zeit.de\/schulblog\/#\/schema\/person\/d58f83982e95288853534dafd57faeb3"},"breadcrumb":{"@id":"https:\/\/blog.zeit.de\/schulblog\/2010\/08\/16\/einschulung-jubel-trubel-und-verschuchterte-kinder\/#breadcrumb"},"inLanguage":"de","potentialAction":[{"@type":"ReadAction","target":["https:\/\/blog.zeit.de\/schulblog\/2010\/08\/16\/einschulung-jubel-trubel-und-verschuchterte-kinder\/"]}]},{"@type":"BreadcrumbList","@id":"https:\/\/blog.zeit.de\/schulblog\/2010\/08\/16\/einschulung-jubel-trubel-und-verschuchterte-kinder\/#breadcrumb","itemListElement":[{"@type":"ListItem","position":1,"name":"Startseite","item":"https:\/\/blog.zeit.de\/schulblog\/"},{"@type":"ListItem","position":2,"name":"Einschulung: Jubel, Trubel und versch\u00fcchterte Kinder"}]},{"@type":"WebSite","@id":"https:\/\/blog.zeit.de\/schulblog\/#website","url":"https:\/\/blog.zeit.de\/schulblog\/","name":"Das Schulblog","description":"f\u00fcr Lehrer, Sch\u00fcler, Eltern und Bildungs-Optimisten","potentialAction":[{"@type":"SearchAction","target":{"@type":"EntryPoint","urlTemplate":"https:\/\/blog.zeit.de\/schulblog\/?s={search_term_string}"},"query-input":"required name=search_term_string"}],"inLanguage":"de"},{"@type":"Person","@id":"https:\/\/blog.zeit.de\/schulblog\/#\/schema\/person\/d58f83982e95288853534dafd57faeb3","name":"Thomas Kerstan","image":{"@type":"ImageObject","inLanguage":"de","@id":"https:\/\/blog.zeit.de\/schulblog\/#\/schema\/person\/image\/","url":"https:\/\/secure.gravatar.com\/avatar\/35eed57940c7c9cec97e3798f2942a36959b90a968fafeeba64f6a913a09c00e?s=96&d=mm&r=g","contentUrl":"https:\/\/secure.gravatar.com\/avatar\/35eed57940c7c9cec97e3798f2942a36959b90a968fafeeba64f6a913a09c00e?s=96&d=mm&r=g","caption":"Thomas Kerstan"},"url":"https:\/\/blog.zeit.de\/schulblog\/author\/thomas-kerstan\/"}]}},"jetpack_featured_media_url":"","jetpack_sharing_enabled":true,"_links":{"self":[{"href":"https:\/\/blog.zeit.de\/schulblog\/wp-json\/wp\/v2\/posts\/256","targetHints":{"allow":["GET"]}}],"collection":[{"href":"https:\/\/blog.zeit.de\/schulblog\/wp-json\/wp\/v2\/posts"}],"about":[{"href":"https:\/\/blog.zeit.de\/schulblog\/wp-json\/wp\/v2\/types\/post"}],"author":[{"embeddable":true,"href":"https:\/\/blog.zeit.de\/schulblog\/wp-json\/wp\/v2\/users\/213"}],"replies":[{"embeddable":true,"href":"https:\/\/blog.zeit.de\/schulblog\/wp-json\/wp\/v2\/comments?post=256"}],"version-history":[{"count":0,"href":"https:\/\/blog.zeit.de\/schulblog\/wp-json\/wp\/v2\/posts\/256\/revisions"}],"wp:attachment":[{"href":"https:\/\/blog.zeit.de\/schulblog\/wp-json\/wp\/v2\/media?parent=256"}],"wp:term":[{"taxonomy":"category","embeddable":true,"href":"https:\/\/blog.zeit.de\/schulblog\/wp-json\/wp\/v2\/categories?post=256"},{"taxonomy":"post_tag","embeddable":true,"href":"https:\/\/blog.zeit.de\/schulblog\/wp-json\/wp\/v2\/tags?post=256"}],"curies":[{"name":"wp","href":"https:\/\/api.w.org\/{rel}","templated":true}]}}