{"id":278,"date":"2010-09-14T14:27:15","date_gmt":"2010-09-14T14:27:15","guid":{"rendered":"http:\/\/blog.zeit.de\/schulblog\/?p=278"},"modified":"2010-09-14T14:28:45","modified_gmt":"2010-09-14T14:28:45","slug":"fdp-will-gymnasium-plus-niedersachsenschule","status":"publish","type":"post","link":"https:\/\/blog.zeit.de\/schulblog\/2010\/09\/14\/fdp-will-gymnasium-plus-niedersachsenschule\/","title":{"rendered":"FDP will Gymnasium plus &#8222;Niedersachsenschule&#8220;"},"content":{"rendered":"<p>Als Variante f\u00fcr ein zweigliedriges Schulsystem hat die nieders\u00e4chsische FDP jetzt die <a href=\"http:\/\/www.fdp-nds.de\/inhalt\/fdp-aktuell\/news\/newsdetail\/artikel\/duerrfoersterling-bessere-chancen-fuer-alle.html\">&#8222;Niedersachsenschule&#8220;<\/a> ins Gespr\u00e4ch gebracht.<\/p>\n<p>Zitat aus der Presemeldung der FDP: &#8222;Das Modell der FDP-Fraktion sieht bei weiterf\u00fchrenden Schulen f\u00fcr Umwandlungen und Neugr\u00fcndungen ein Zwei-S\u00e4ulen-Modell vor: Die Niedersachsen-Schule (NDS) und das Gymnasium. In der NDS wird zu Beginn gemeinsamer und leistungsdifferenzierter Unterricht angeboten. Nach der sechsten Klasse findet eine weitere Differenzierung statt, die sich auf die Leistungen bezieht. Die Profilierungsphase in der 9. und 10. Klasse, die bereits in Haupt- und Realschule erfolgreich eingef\u00fchrt wurde, soll in die NDS integriert werden. Am Ende kann neben einem mittleren Bildungsabschluss ein Abitur nach 12 oder 13 Jahren gemacht werden.\u00a0 Beim Gymnasium bleibt es unver\u00e4ndert bei einem Abitur nach 12 Jahre.&#8220;<\/p>\n","protected":false},"excerpt":{"rendered":"<p>Als Variante f\u00fcr ein zweigliedriges Schulsystem hat die nieders\u00e4chsische FDP jetzt die &#8222;Niedersachsenschule&#8220; ins Gespr\u00e4ch gebracht. Zitat aus der Presemeldung der FDP: &#8222;Das Modell der FDP-Fraktion sieht bei weiterf\u00fchrenden Schulen f\u00fcr Umwandlungen und Neugr\u00fcndungen ein Zwei-S\u00e4ulen-Modell vor: Die Niedersachsen-Schule (NDS) und das Gymnasium. In der NDS wird zu Beginn gemeinsamer und leistungsdifferenzierter Unterricht angeboten. Nach [&hellip;]<\/p>\n","protected":false},"author":213,"featured_media":0,"comment_status":"open","ping_status":"open","sticky":false,"template":"","format":"standard","meta":{"_jetpack_memberships_contains_paid_content":false,"footnotes":""},"categories":[1300],"tags":[905,1454,2641,1296,1328,2642],"class_list":["post-278","post","type-post","status-publish","format-standard","hentry","category-schulpolitik","tag-fdp","tag-niedersachsen","tag-niedersachsenschule","tag-schule","tag-schulreform","tag-zweisaulenmodell"],"yoast_head":"<!-- This site is optimized with the Yoast SEO plugin v21.0 - https:\/\/yoast.com\/wordpress\/plugins\/seo\/ -->\n<title>FDP will Gymnasium plus &quot;Niedersachsenschule&quot; - Das Schulblog<\/title>\n<meta name=\"robots\" content=\"index, follow, max-snippet:-1, max-image-preview:large, max-video-preview:-1\" \/>\n<link rel=\"canonical\" href=\"https:\/\/blog.zeit.de\/schulblog\/2010\/09\/14\/fdp-will-gymnasium-plus-niedersachsenschule\/\" \/>\n<meta property=\"og:locale\" content=\"de_DE\" \/>\n<meta property=\"og:type\" content=\"article\" \/>\n<meta property=\"og:title\" content=\"FDP will Gymnasium plus &quot;Niedersachsenschule&quot; - Das Schulblog\" \/>\n<meta property=\"og:description\" content=\"Als Variante f\u00fcr ein zweigliedriges Schulsystem hat die nieders\u00e4chsische FDP jetzt die &#8222;Niedersachsenschule&#8220; ins Gespr\u00e4ch gebracht. Zitat aus der Presemeldung der FDP: &#8222;Das Modell der FDP-Fraktion sieht bei weiterf\u00fchrenden Schulen f\u00fcr Umwandlungen und Neugr\u00fcndungen ein Zwei-S\u00e4ulen-Modell vor: Die Niedersachsen-Schule (NDS) und das Gymnasium. In der NDS wird zu Beginn gemeinsamer und leistungsdifferenzierter Unterricht angeboten. Nach [&hellip;]\" \/>\n<meta property=\"og:url\" content=\"https:\/\/blog.zeit.de\/schulblog\/2010\/09\/14\/fdp-will-gymnasium-plus-niedersachsenschule\/\" \/>\n<meta property=\"og:site_name\" content=\"Das Schulblog\" \/>\n<meta property=\"article:published_time\" content=\"2010-09-14T14:27:15+00:00\" \/>\n<meta property=\"article:modified_time\" content=\"2010-09-14T14:28:45+00:00\" \/>\n<meta name=\"author\" content=\"Thomas Kerstan\" \/>\n<meta name=\"twitter:card\" content=\"summary_large_image\" \/>\n<meta name=\"twitter:label1\" content=\"Geschrieben von\" \/>\n\t<meta name=\"twitter:data1\" content=\"Thomas Kerstan\" \/>\n\t<meta name=\"twitter:label2\" content=\"Gesch\u00e4tzte Lesezeit\" \/>\n\t<meta name=\"twitter:data2\" content=\"1\u00a0Minute\" \/>\n<script type=\"application\/ld+json\" class=\"yoast-schema-graph\">{\"@context\":\"https:\/\/schema.org\",\"@graph\":[{\"@type\":\"WebPage\",\"@id\":\"https:\/\/blog.zeit.de\/schulblog\/2010\/09\/14\/fdp-will-gymnasium-plus-niedersachsenschule\/\",\"url\":\"https:\/\/blog.zeit.de\/schulblog\/2010\/09\/14\/fdp-will-gymnasium-plus-niedersachsenschule\/\",\"name\":\"FDP will Gymnasium plus \\\"Niedersachsenschule\\\" - Das Schulblog\",\"isPartOf\":{\"@id\":\"https:\/\/blog.zeit.de\/schulblog\/#website\"},\"datePublished\":\"2010-09-14T14:27:15+00:00\",\"dateModified\":\"2010-09-14T14:28:45+00:00\",\"author\":{\"@id\":\"https:\/\/blog.zeit.de\/schulblog\/#\/schema\/person\/d58f83982e95288853534dafd57faeb3\"},\"breadcrumb\":{\"@id\":\"https:\/\/blog.zeit.de\/schulblog\/2010\/09\/14\/fdp-will-gymnasium-plus-niedersachsenschule\/#breadcrumb\"},\"inLanguage\":\"de\",\"potentialAction\":[{\"@type\":\"ReadAction\",\"target\":[\"https:\/\/blog.zeit.de\/schulblog\/2010\/09\/14\/fdp-will-gymnasium-plus-niedersachsenschule\/\"]}]},{\"@type\":\"BreadcrumbList\",\"@id\":\"https:\/\/blog.zeit.de\/schulblog\/2010\/09\/14\/fdp-will-gymnasium-plus-niedersachsenschule\/#breadcrumb\",\"itemListElement\":[{\"@type\":\"ListItem\",\"position\":1,\"name\":\"Startseite\",\"item\":\"https:\/\/blog.zeit.de\/schulblog\/\"},{\"@type\":\"ListItem\",\"position\":2,\"name\":\"FDP will Gymnasium plus &#8222;Niedersachsenschule&#8220;\"}]},{\"@type\":\"WebSite\",\"@id\":\"https:\/\/blog.zeit.de\/schulblog\/#website\",\"url\":\"https:\/\/blog.zeit.de\/schulblog\/\",\"name\":\"Das Schulblog\",\"description\":\"f\u00fcr Lehrer, Sch\u00fcler, Eltern und Bildungs-Optimisten\",\"potentialAction\":[{\"@type\":\"SearchAction\",\"target\":{\"@type\":\"EntryPoint\",\"urlTemplate\":\"https:\/\/blog.zeit.de\/schulblog\/?s={search_term_string}\"},\"query-input\":\"required name=search_term_string\"}],\"inLanguage\":\"de\"},{\"@type\":\"Person\",\"@id\":\"https:\/\/blog.zeit.de\/schulblog\/#\/schema\/person\/d58f83982e95288853534dafd57faeb3\",\"name\":\"Thomas Kerstan\",\"image\":{\"@type\":\"ImageObject\",\"inLanguage\":\"de\",\"@id\":\"https:\/\/blog.zeit.de\/schulblog\/#\/schema\/person\/image\/\",\"url\":\"https:\/\/secure.gravatar.com\/avatar\/35eed57940c7c9cec97e3798f2942a36959b90a968fafeeba64f6a913a09c00e?s=96&d=mm&r=g\",\"contentUrl\":\"https:\/\/secure.gravatar.com\/avatar\/35eed57940c7c9cec97e3798f2942a36959b90a968fafeeba64f6a913a09c00e?s=96&d=mm&r=g\",\"caption\":\"Thomas Kerstan\"},\"url\":\"https:\/\/blog.zeit.de\/schulblog\/author\/thomas-kerstan\/\"}]}<\/script>\n<!-- \/ Yoast SEO plugin. -->","yoast_head_json":{"title":"FDP will Gymnasium plus \"Niedersachsenschule\" - Das Schulblog","robots":{"index":"index","follow":"follow","max-snippet":"max-snippet:-1","max-image-preview":"max-image-preview:large","max-video-preview":"max-video-preview:-1"},"canonical":"https:\/\/blog.zeit.de\/schulblog\/2010\/09\/14\/fdp-will-gymnasium-plus-niedersachsenschule\/","og_locale":"de_DE","og_type":"article","og_title":"FDP will Gymnasium plus \"Niedersachsenschule\" - Das Schulblog","og_description":"Als Variante f\u00fcr ein zweigliedriges Schulsystem hat die nieders\u00e4chsische FDP jetzt die &#8222;Niedersachsenschule&#8220; ins Gespr\u00e4ch gebracht. Zitat aus der Presemeldung der FDP: &#8222;Das Modell der FDP-Fraktion sieht bei weiterf\u00fchrenden Schulen f\u00fcr Umwandlungen und Neugr\u00fcndungen ein Zwei-S\u00e4ulen-Modell vor: Die Niedersachsen-Schule (NDS) und das Gymnasium. In der NDS wird zu Beginn gemeinsamer und leistungsdifferenzierter Unterricht angeboten. Nach [&hellip;]","og_url":"https:\/\/blog.zeit.de\/schulblog\/2010\/09\/14\/fdp-will-gymnasium-plus-niedersachsenschule\/","og_site_name":"Das Schulblog","article_published_time":"2010-09-14T14:27:15+00:00","article_modified_time":"2010-09-14T14:28:45+00:00","author":"Thomas Kerstan","twitter_card":"summary_large_image","twitter_misc":{"Geschrieben von":"Thomas Kerstan","Gesch\u00e4tzte Lesezeit":"1\u00a0Minute"},"schema":{"@context":"https:\/\/schema.org","@graph":[{"@type":"WebPage","@id":"https:\/\/blog.zeit.de\/schulblog\/2010\/09\/14\/fdp-will-gymnasium-plus-niedersachsenschule\/","url":"https:\/\/blog.zeit.de\/schulblog\/2010\/09\/14\/fdp-will-gymnasium-plus-niedersachsenschule\/","name":"FDP will Gymnasium plus \"Niedersachsenschule\" - Das Schulblog","isPartOf":{"@id":"https:\/\/blog.zeit.de\/schulblog\/#website"},"datePublished":"2010-09-14T14:27:15+00:00","dateModified":"2010-09-14T14:28:45+00:00","author":{"@id":"https:\/\/blog.zeit.de\/schulblog\/#\/schema\/person\/d58f83982e95288853534dafd57faeb3"},"breadcrumb":{"@id":"https:\/\/blog.zeit.de\/schulblog\/2010\/09\/14\/fdp-will-gymnasium-plus-niedersachsenschule\/#breadcrumb"},"inLanguage":"de","potentialAction":[{"@type":"ReadAction","target":["https:\/\/blog.zeit.de\/schulblog\/2010\/09\/14\/fdp-will-gymnasium-plus-niedersachsenschule\/"]}]},{"@type":"BreadcrumbList","@id":"https:\/\/blog.zeit.de\/schulblog\/2010\/09\/14\/fdp-will-gymnasium-plus-niedersachsenschule\/#breadcrumb","itemListElement":[{"@type":"ListItem","position":1,"name":"Startseite","item":"https:\/\/blog.zeit.de\/schulblog\/"},{"@type":"ListItem","position":2,"name":"FDP will Gymnasium plus &#8222;Niedersachsenschule&#8220;"}]},{"@type":"WebSite","@id":"https:\/\/blog.zeit.de\/schulblog\/#website","url":"https:\/\/blog.zeit.de\/schulblog\/","name":"Das Schulblog","description":"f\u00fcr Lehrer, Sch\u00fcler, Eltern und Bildungs-Optimisten","potentialAction":[{"@type":"SearchAction","target":{"@type":"EntryPoint","urlTemplate":"https:\/\/blog.zeit.de\/schulblog\/?s={search_term_string}"},"query-input":"required name=search_term_string"}],"inLanguage":"de"},{"@type":"Person","@id":"https:\/\/blog.zeit.de\/schulblog\/#\/schema\/person\/d58f83982e95288853534dafd57faeb3","name":"Thomas Kerstan","image":{"@type":"ImageObject","inLanguage":"de","@id":"https:\/\/blog.zeit.de\/schulblog\/#\/schema\/person\/image\/","url":"https:\/\/secure.gravatar.com\/avatar\/35eed57940c7c9cec97e3798f2942a36959b90a968fafeeba64f6a913a09c00e?s=96&d=mm&r=g","contentUrl":"https:\/\/secure.gravatar.com\/avatar\/35eed57940c7c9cec97e3798f2942a36959b90a968fafeeba64f6a913a09c00e?s=96&d=mm&r=g","caption":"Thomas Kerstan"},"url":"https:\/\/blog.zeit.de\/schulblog\/author\/thomas-kerstan\/"}]}},"jetpack_featured_media_url":"","jetpack_sharing_enabled":true,"_links":{"self":[{"href":"https:\/\/blog.zeit.de\/schulblog\/wp-json\/wp\/v2\/posts\/278","targetHints":{"allow":["GET"]}}],"collection":[{"href":"https:\/\/blog.zeit.de\/schulblog\/wp-json\/wp\/v2\/posts"}],"about":[{"href":"https:\/\/blog.zeit.de\/schulblog\/wp-json\/wp\/v2\/types\/post"}],"author":[{"embeddable":true,"href":"https:\/\/blog.zeit.de\/schulblog\/wp-json\/wp\/v2\/users\/213"}],"replies":[{"embeddable":true,"href":"https:\/\/blog.zeit.de\/schulblog\/wp-json\/wp\/v2\/comments?post=278"}],"version-history":[{"count":0,"href":"https:\/\/blog.zeit.de\/schulblog\/wp-json\/wp\/v2\/posts\/278\/revisions"}],"wp:attachment":[{"href":"https:\/\/blog.zeit.de\/schulblog\/wp-json\/wp\/v2\/media?parent=278"}],"wp:term":[{"taxonomy":"category","embeddable":true,"href":"https:\/\/blog.zeit.de\/schulblog\/wp-json\/wp\/v2\/categories?post=278"},{"taxonomy":"post_tag","embeddable":true,"href":"https:\/\/blog.zeit.de\/schulblog\/wp-json\/wp\/v2\/tags?post=278"}],"curies":[{"name":"wp","href":"https:\/\/api.w.org\/{rel}","templated":true}]}}