{"id":284,"date":"2010-09-23T15:03:16","date_gmt":"2010-09-23T15:03:16","guid":{"rendered":"http:\/\/blog.zeit.de\/schulblog\/?p=284"},"modified":"2010-09-23T15:03:16","modified_gmt":"2010-09-23T15:03:16","slug":"ex-kultusministerin-gabriele-behler-kritisiert-reformpadagogik","status":"publish","type":"post","link":"https:\/\/blog.zeit.de\/schulblog\/2010\/09\/23\/ex-kultusministerin-gabriele-behler-kritisiert-reformpadagogik\/","title":{"rendered":"Ex-Kultusministerin Gabriele Behler kritisiert Reformp\u00e4dagogik"},"content":{"rendered":"<p>Die Reformp\u00e4dagogik m\u00fcsse endlich hart mit sich ins Gericht gehen. Das fordert die langj\u00e4hrige Kultusministerin von Nordrhein-Westfalen, Gabriele Behler (SPD), <a href=\"http:\/\/www.zeit.de\/2010\/39\/C-Reformpaedagogik\">in einem Beitrag f\u00fcr die ZEIT. <\/a><\/p>\n<p>Die Reformp\u00e4dagogik ist jene einflussreiche Str\u00f6mung in der Erziehungswissenschaft, die von der Orientierung am Kind und nicht am Stoff redet und auf die Selbstt\u00e4tigkeit der Sch\u00fcler baut.<\/p>\n<p>Behler kritisiert den \u201eReflex der Reformgemeinde\u201c nach den im M\u00e4rz bekannt gewordenen Missbrauchsf\u00e4llen an der reformp\u00e4dagogisch gef\u00fchrten Odenwaldschule im hessischen Ober-Hambach: sich abgrenzen von jeder Art sexueller \u00dcbergriffe, aber Rettung der Reformp\u00e4dagogik. \u201eSo leicht jedoch kann man sich nicht davonstehlen\u201c, schreibt Behler.<\/p>\n<p>Behler fordert die Reformp\u00e4dagogen auf, ihre Selbstgerechtigkeit und ihren missionarischen Eifer abzulegen und neu \u00fcber das Verh\u00e4ltnis zwischen Sch\u00fclern und Lehrern nachzudenken. \u201eSch\u00fcler haben das Recht, ihren Lehrer nicht zu lieben\u201c, schreibt sie. Statt des \u201ep\u00e4dagogischen Eros\u201c bed\u00fcrfe es eines professionellen Ethos f\u00fcr den Lehrerberuf.<\/p>\n<p>Gabriele Behler, 59, war von 1995 bis 2002 Kultusministerin in Nordrhein-Westfalen, von 1998 an zus\u00e4tzlich Ministerin f\u00fcr Wissenschaft und Forschung.<\/p>\n","protected":false},"excerpt":{"rendered":"<p>Die Reformp\u00e4dagogik m\u00fcsse endlich hart mit sich ins Gericht gehen. Das fordert die langj\u00e4hrige Kultusministerin von Nordrhein-Westfalen, Gabriele Behler (SPD), in einem Beitrag f\u00fcr die ZEIT. Die Reformp\u00e4dagogik ist jene einflussreiche Str\u00f6mung in der Erziehungswissenschaft, die von der Orientierung am Kind und nicht am Stoff redet und auf die Selbstt\u00e4tigkeit der Sch\u00fcler baut. Behler kritisiert [&hellip;]<\/p>\n","protected":false},"author":213,"featured_media":0,"comment_status":"open","ping_status":"open","sticky":false,"template":"","format":"standard","meta":{"_jetpack_memberships_contains_paid_content":false,"footnotes":""},"categories":[1300],"tags":[1342,1291,1419,1416,1296,1970],"class_list":["post-284","post","type-post","status-publish","format-standard","hentry","category-schulpolitik","tag-lehrer","tag-nordrhein-westfalen","tag-padagogischer-eros","tag-reformpadagogik","tag-schule","tag-sexueller-missbrauch"],"yoast_head":"<!-- This site is optimized with the Yoast SEO plugin v21.0 - https:\/\/yoast.com\/wordpress\/plugins\/seo\/ -->\n<title>Ex-Kultusministerin Gabriele Behler kritisiert Reformp\u00e4dagogik - Das Schulblog<\/title>\n<meta name=\"robots\" content=\"index, follow, max-snippet:-1, max-image-preview:large, max-video-preview:-1\" \/>\n<link rel=\"canonical\" href=\"https:\/\/blog.zeit.de\/schulblog\/2010\/09\/23\/ex-kultusministerin-gabriele-behler-kritisiert-reformpadagogik\/\" \/>\n<meta property=\"og:locale\" content=\"de_DE\" \/>\n<meta property=\"og:type\" content=\"article\" \/>\n<meta property=\"og:title\" content=\"Ex-Kultusministerin Gabriele Behler kritisiert Reformp\u00e4dagogik - Das Schulblog\" \/>\n<meta property=\"og:description\" content=\"Die Reformp\u00e4dagogik m\u00fcsse endlich hart mit sich ins Gericht gehen. Das fordert die langj\u00e4hrige Kultusministerin von Nordrhein-Westfalen, Gabriele Behler (SPD), in einem Beitrag f\u00fcr die ZEIT. Die Reformp\u00e4dagogik ist jene einflussreiche Str\u00f6mung in der Erziehungswissenschaft, die von der Orientierung am Kind und nicht am Stoff redet und auf die Selbstt\u00e4tigkeit der Sch\u00fcler baut. Behler kritisiert [&hellip;]\" \/>\n<meta property=\"og:url\" content=\"https:\/\/blog.zeit.de\/schulblog\/2010\/09\/23\/ex-kultusministerin-gabriele-behler-kritisiert-reformpadagogik\/\" \/>\n<meta property=\"og:site_name\" content=\"Das Schulblog\" \/>\n<meta property=\"article:published_time\" content=\"2010-09-23T15:03:16+00:00\" \/>\n<meta name=\"author\" content=\"Thomas Kerstan\" \/>\n<meta name=\"twitter:card\" content=\"summary_large_image\" \/>\n<meta name=\"twitter:label1\" content=\"Geschrieben von\" \/>\n\t<meta name=\"twitter:data1\" content=\"Thomas Kerstan\" \/>\n\t<meta name=\"twitter:label2\" content=\"Gesch\u00e4tzte Lesezeit\" \/>\n\t<meta name=\"twitter:data2\" content=\"1\u00a0Minute\" \/>\n<script type=\"application\/ld+json\" class=\"yoast-schema-graph\">{\"@context\":\"https:\/\/schema.org\",\"@graph\":[{\"@type\":\"WebPage\",\"@id\":\"https:\/\/blog.zeit.de\/schulblog\/2010\/09\/23\/ex-kultusministerin-gabriele-behler-kritisiert-reformpadagogik\/\",\"url\":\"https:\/\/blog.zeit.de\/schulblog\/2010\/09\/23\/ex-kultusministerin-gabriele-behler-kritisiert-reformpadagogik\/\",\"name\":\"Ex-Kultusministerin Gabriele Behler kritisiert Reformp\u00e4dagogik - Das Schulblog\",\"isPartOf\":{\"@id\":\"https:\/\/blog.zeit.de\/schulblog\/#website\"},\"datePublished\":\"2010-09-23T15:03:16+00:00\",\"dateModified\":\"2010-09-23T15:03:16+00:00\",\"author\":{\"@id\":\"https:\/\/blog.zeit.de\/schulblog\/#\/schema\/person\/d58f83982e95288853534dafd57faeb3\"},\"breadcrumb\":{\"@id\":\"https:\/\/blog.zeit.de\/schulblog\/2010\/09\/23\/ex-kultusministerin-gabriele-behler-kritisiert-reformpadagogik\/#breadcrumb\"},\"inLanguage\":\"de\",\"potentialAction\":[{\"@type\":\"ReadAction\",\"target\":[\"https:\/\/blog.zeit.de\/schulblog\/2010\/09\/23\/ex-kultusministerin-gabriele-behler-kritisiert-reformpadagogik\/\"]}]},{\"@type\":\"BreadcrumbList\",\"@id\":\"https:\/\/blog.zeit.de\/schulblog\/2010\/09\/23\/ex-kultusministerin-gabriele-behler-kritisiert-reformpadagogik\/#breadcrumb\",\"itemListElement\":[{\"@type\":\"ListItem\",\"position\":1,\"name\":\"Startseite\",\"item\":\"https:\/\/blog.zeit.de\/schulblog\/\"},{\"@type\":\"ListItem\",\"position\":2,\"name\":\"Ex-Kultusministerin Gabriele Behler kritisiert Reformp\u00e4dagogik\"}]},{\"@type\":\"WebSite\",\"@id\":\"https:\/\/blog.zeit.de\/schulblog\/#website\",\"url\":\"https:\/\/blog.zeit.de\/schulblog\/\",\"name\":\"Das Schulblog\",\"description\":\"f\u00fcr Lehrer, Sch\u00fcler, Eltern und Bildungs-Optimisten\",\"potentialAction\":[{\"@type\":\"SearchAction\",\"target\":{\"@type\":\"EntryPoint\",\"urlTemplate\":\"https:\/\/blog.zeit.de\/schulblog\/?s={search_term_string}\"},\"query-input\":\"required name=search_term_string\"}],\"inLanguage\":\"de\"},{\"@type\":\"Person\",\"@id\":\"https:\/\/blog.zeit.de\/schulblog\/#\/schema\/person\/d58f83982e95288853534dafd57faeb3\",\"name\":\"Thomas Kerstan\",\"image\":{\"@type\":\"ImageObject\",\"inLanguage\":\"de\",\"@id\":\"https:\/\/blog.zeit.de\/schulblog\/#\/schema\/person\/image\/\",\"url\":\"https:\/\/secure.gravatar.com\/avatar\/35eed57940c7c9cec97e3798f2942a36959b90a968fafeeba64f6a913a09c00e?s=96&d=mm&r=g\",\"contentUrl\":\"https:\/\/secure.gravatar.com\/avatar\/35eed57940c7c9cec97e3798f2942a36959b90a968fafeeba64f6a913a09c00e?s=96&d=mm&r=g\",\"caption\":\"Thomas Kerstan\"},\"url\":\"https:\/\/blog.zeit.de\/schulblog\/author\/thomas-kerstan\/\"}]}<\/script>\n<!-- \/ Yoast SEO plugin. -->","yoast_head_json":{"title":"Ex-Kultusministerin Gabriele Behler kritisiert Reformp\u00e4dagogik - Das Schulblog","robots":{"index":"index","follow":"follow","max-snippet":"max-snippet:-1","max-image-preview":"max-image-preview:large","max-video-preview":"max-video-preview:-1"},"canonical":"https:\/\/blog.zeit.de\/schulblog\/2010\/09\/23\/ex-kultusministerin-gabriele-behler-kritisiert-reformpadagogik\/","og_locale":"de_DE","og_type":"article","og_title":"Ex-Kultusministerin Gabriele Behler kritisiert Reformp\u00e4dagogik - Das Schulblog","og_description":"Die Reformp\u00e4dagogik m\u00fcsse endlich hart mit sich ins Gericht gehen. Das fordert die langj\u00e4hrige Kultusministerin von Nordrhein-Westfalen, Gabriele Behler (SPD), in einem Beitrag f\u00fcr die ZEIT. Die Reformp\u00e4dagogik ist jene einflussreiche Str\u00f6mung in der Erziehungswissenschaft, die von der Orientierung am Kind und nicht am Stoff redet und auf die Selbstt\u00e4tigkeit der Sch\u00fcler baut. Behler kritisiert [&hellip;]","og_url":"https:\/\/blog.zeit.de\/schulblog\/2010\/09\/23\/ex-kultusministerin-gabriele-behler-kritisiert-reformpadagogik\/","og_site_name":"Das Schulblog","article_published_time":"2010-09-23T15:03:16+00:00","author":"Thomas Kerstan","twitter_card":"summary_large_image","twitter_misc":{"Geschrieben von":"Thomas Kerstan","Gesch\u00e4tzte Lesezeit":"1\u00a0Minute"},"schema":{"@context":"https:\/\/schema.org","@graph":[{"@type":"WebPage","@id":"https:\/\/blog.zeit.de\/schulblog\/2010\/09\/23\/ex-kultusministerin-gabriele-behler-kritisiert-reformpadagogik\/","url":"https:\/\/blog.zeit.de\/schulblog\/2010\/09\/23\/ex-kultusministerin-gabriele-behler-kritisiert-reformpadagogik\/","name":"Ex-Kultusministerin Gabriele Behler kritisiert Reformp\u00e4dagogik - Das Schulblog","isPartOf":{"@id":"https:\/\/blog.zeit.de\/schulblog\/#website"},"datePublished":"2010-09-23T15:03:16+00:00","dateModified":"2010-09-23T15:03:16+00:00","author":{"@id":"https:\/\/blog.zeit.de\/schulblog\/#\/schema\/person\/d58f83982e95288853534dafd57faeb3"},"breadcrumb":{"@id":"https:\/\/blog.zeit.de\/schulblog\/2010\/09\/23\/ex-kultusministerin-gabriele-behler-kritisiert-reformpadagogik\/#breadcrumb"},"inLanguage":"de","potentialAction":[{"@type":"ReadAction","target":["https:\/\/blog.zeit.de\/schulblog\/2010\/09\/23\/ex-kultusministerin-gabriele-behler-kritisiert-reformpadagogik\/"]}]},{"@type":"BreadcrumbList","@id":"https:\/\/blog.zeit.de\/schulblog\/2010\/09\/23\/ex-kultusministerin-gabriele-behler-kritisiert-reformpadagogik\/#breadcrumb","itemListElement":[{"@type":"ListItem","position":1,"name":"Startseite","item":"https:\/\/blog.zeit.de\/schulblog\/"},{"@type":"ListItem","position":2,"name":"Ex-Kultusministerin Gabriele Behler kritisiert Reformp\u00e4dagogik"}]},{"@type":"WebSite","@id":"https:\/\/blog.zeit.de\/schulblog\/#website","url":"https:\/\/blog.zeit.de\/schulblog\/","name":"Das Schulblog","description":"f\u00fcr Lehrer, Sch\u00fcler, Eltern und Bildungs-Optimisten","potentialAction":[{"@type":"SearchAction","target":{"@type":"EntryPoint","urlTemplate":"https:\/\/blog.zeit.de\/schulblog\/?s={search_term_string}"},"query-input":"required name=search_term_string"}],"inLanguage":"de"},{"@type":"Person","@id":"https:\/\/blog.zeit.de\/schulblog\/#\/schema\/person\/d58f83982e95288853534dafd57faeb3","name":"Thomas Kerstan","image":{"@type":"ImageObject","inLanguage":"de","@id":"https:\/\/blog.zeit.de\/schulblog\/#\/schema\/person\/image\/","url":"https:\/\/secure.gravatar.com\/avatar\/35eed57940c7c9cec97e3798f2942a36959b90a968fafeeba64f6a913a09c00e?s=96&d=mm&r=g","contentUrl":"https:\/\/secure.gravatar.com\/avatar\/35eed57940c7c9cec97e3798f2942a36959b90a968fafeeba64f6a913a09c00e?s=96&d=mm&r=g","caption":"Thomas Kerstan"},"url":"https:\/\/blog.zeit.de\/schulblog\/author\/thomas-kerstan\/"}]}},"jetpack_featured_media_url":"","jetpack_sharing_enabled":true,"_links":{"self":[{"href":"https:\/\/blog.zeit.de\/schulblog\/wp-json\/wp\/v2\/posts\/284","targetHints":{"allow":["GET"]}}],"collection":[{"href":"https:\/\/blog.zeit.de\/schulblog\/wp-json\/wp\/v2\/posts"}],"about":[{"href":"https:\/\/blog.zeit.de\/schulblog\/wp-json\/wp\/v2\/types\/post"}],"author":[{"embeddable":true,"href":"https:\/\/blog.zeit.de\/schulblog\/wp-json\/wp\/v2\/users\/213"}],"replies":[{"embeddable":true,"href":"https:\/\/blog.zeit.de\/schulblog\/wp-json\/wp\/v2\/comments?post=284"}],"version-history":[{"count":0,"href":"https:\/\/blog.zeit.de\/schulblog\/wp-json\/wp\/v2\/posts\/284\/revisions"}],"wp:attachment":[{"href":"https:\/\/blog.zeit.de\/schulblog\/wp-json\/wp\/v2\/media?parent=284"}],"wp:term":[{"taxonomy":"category","embeddable":true,"href":"https:\/\/blog.zeit.de\/schulblog\/wp-json\/wp\/v2\/categories?post=284"},{"taxonomy":"post_tag","embeddable":true,"href":"https:\/\/blog.zeit.de\/schulblog\/wp-json\/wp\/v2\/tags?post=284"}],"curies":[{"name":"wp","href":"https:\/\/api.w.org\/{rel}","templated":true}]}}