{"id":291,"date":"2010-10-01T16:39:55","date_gmt":"2010-10-01T16:39:55","guid":{"rendered":"http:\/\/blog.zeit.de\/schulblog\/?p=291"},"modified":"2010-10-03T14:47:40","modified_gmt":"2010-10-03T14:47:40","slug":"grosartig-schirrmacher-interviewt-sarrazin","status":"publish","type":"post","link":"https:\/\/blog.zeit.de\/schulblog\/2010\/10\/01\/grosartig-schirrmacher-interviewt-sarrazin\/","title":{"rendered":"Gro\u00dfartig: Schirrmacher streitet mit Sarrazin"},"content":{"rendered":"<p>In einem <a href=\"http:\/\/www.faz.net\/s\/Rub546D91F15D9A404286667CCD54ACA9BA\/Doc~E44711A13FF1C42BF8CA9A0B628335D05~ATpl~Ecommon~Scontent.html\">wirklich gro\u00dfartigen Streitgespr\u00e4ch<\/a> mit Thilo Sarrazin arbeitet der FAZ-Herausgeber Frank Schirrmacher die Schw\u00e4chen der Studien heraus, auf die Sarrazin seine Argumentation aufbaut.<\/p>\n","protected":false},"excerpt":{"rendered":"<p>In einem wirklich gro\u00dfartigen Streitgespr\u00e4ch mit Thilo Sarrazin arbeitet der FAZ-Herausgeber Frank Schirrmacher die Schw\u00e4chen der Studien heraus, auf die Sarrazin seine Argumentation aufbaut.<\/p>\n","protected":false},"author":213,"featured_media":0,"comment_status":"open","ping_status":"open","sticky":false,"template":"","format":"standard","meta":{"_jetpack_memberships_contains_paid_content":false,"footnotes":""},"categories":[1301],"tags":[6487,2565],"class_list":["post-291","post","type-post","status-publish","format-standard","hentry","category-schulforschung","tag-eugenik","tag-intelligenz"],"yoast_head":"<!-- This site is optimized with the Yoast SEO plugin v21.0 - https:\/\/yoast.com\/wordpress\/plugins\/seo\/ -->\n<title>Gro\u00dfartig: Schirrmacher streitet mit Sarrazin - Das Schulblog<\/title>\n<meta name=\"robots\" content=\"index, follow, max-snippet:-1, max-image-preview:large, max-video-preview:-1\" \/>\n<link rel=\"canonical\" href=\"https:\/\/blog.zeit.de\/schulblog\/2010\/10\/01\/grosartig-schirrmacher-interviewt-sarrazin\/\" \/>\n<meta property=\"og:locale\" content=\"de_DE\" \/>\n<meta property=\"og:type\" content=\"article\" \/>\n<meta property=\"og:title\" content=\"Gro\u00dfartig: Schirrmacher streitet mit Sarrazin - Das Schulblog\" \/>\n<meta property=\"og:description\" content=\"In einem wirklich gro\u00dfartigen Streitgespr\u00e4ch mit Thilo Sarrazin arbeitet der FAZ-Herausgeber Frank Schirrmacher die Schw\u00e4chen der Studien heraus, auf die Sarrazin seine Argumentation aufbaut.\" \/>\n<meta property=\"og:url\" content=\"https:\/\/blog.zeit.de\/schulblog\/2010\/10\/01\/grosartig-schirrmacher-interviewt-sarrazin\/\" \/>\n<meta property=\"og:site_name\" content=\"Das Schulblog\" \/>\n<meta property=\"article:published_time\" content=\"2010-10-01T16:39:55+00:00\" \/>\n<meta property=\"article:modified_time\" content=\"2010-10-03T14:47:40+00:00\" \/>\n<meta name=\"author\" content=\"Thomas Kerstan\" \/>\n<meta name=\"twitter:card\" content=\"summary_large_image\" \/>\n<meta name=\"twitter:label1\" content=\"Geschrieben von\" \/>\n\t<meta name=\"twitter:data1\" content=\"Thomas Kerstan\" \/>\n<script type=\"application\/ld+json\" class=\"yoast-schema-graph\">{\"@context\":\"https:\/\/schema.org\",\"@graph\":[{\"@type\":\"WebPage\",\"@id\":\"https:\/\/blog.zeit.de\/schulblog\/2010\/10\/01\/grosartig-schirrmacher-interviewt-sarrazin\/\",\"url\":\"https:\/\/blog.zeit.de\/schulblog\/2010\/10\/01\/grosartig-schirrmacher-interviewt-sarrazin\/\",\"name\":\"Gro\u00dfartig: Schirrmacher streitet mit Sarrazin - Das Schulblog\",\"isPartOf\":{\"@id\":\"https:\/\/blog.zeit.de\/schulblog\/#website\"},\"datePublished\":\"2010-10-01T16:39:55+00:00\",\"dateModified\":\"2010-10-03T14:47:40+00:00\",\"author\":{\"@id\":\"https:\/\/blog.zeit.de\/schulblog\/#\/schema\/person\/d58f83982e95288853534dafd57faeb3\"},\"breadcrumb\":{\"@id\":\"https:\/\/blog.zeit.de\/schulblog\/2010\/10\/01\/grosartig-schirrmacher-interviewt-sarrazin\/#breadcrumb\"},\"inLanguage\":\"de\",\"potentialAction\":[{\"@type\":\"ReadAction\",\"target\":[\"https:\/\/blog.zeit.de\/schulblog\/2010\/10\/01\/grosartig-schirrmacher-interviewt-sarrazin\/\"]}]},{\"@type\":\"BreadcrumbList\",\"@id\":\"https:\/\/blog.zeit.de\/schulblog\/2010\/10\/01\/grosartig-schirrmacher-interviewt-sarrazin\/#breadcrumb\",\"itemListElement\":[{\"@type\":\"ListItem\",\"position\":1,\"name\":\"Startseite\",\"item\":\"https:\/\/blog.zeit.de\/schulblog\/\"},{\"@type\":\"ListItem\",\"position\":2,\"name\":\"Gro\u00dfartig: Schirrmacher streitet mit Sarrazin\"}]},{\"@type\":\"WebSite\",\"@id\":\"https:\/\/blog.zeit.de\/schulblog\/#website\",\"url\":\"https:\/\/blog.zeit.de\/schulblog\/\",\"name\":\"Das Schulblog\",\"description\":\"f\u00fcr Lehrer, Sch\u00fcler, Eltern und Bildungs-Optimisten\",\"potentialAction\":[{\"@type\":\"SearchAction\",\"target\":{\"@type\":\"EntryPoint\",\"urlTemplate\":\"https:\/\/blog.zeit.de\/schulblog\/?s={search_term_string}\"},\"query-input\":\"required name=search_term_string\"}],\"inLanguage\":\"de\"},{\"@type\":\"Person\",\"@id\":\"https:\/\/blog.zeit.de\/schulblog\/#\/schema\/person\/d58f83982e95288853534dafd57faeb3\",\"name\":\"Thomas Kerstan\",\"image\":{\"@type\":\"ImageObject\",\"inLanguage\":\"de\",\"@id\":\"https:\/\/blog.zeit.de\/schulblog\/#\/schema\/person\/image\/\",\"url\":\"https:\/\/secure.gravatar.com\/avatar\/35eed57940c7c9cec97e3798f2942a36959b90a968fafeeba64f6a913a09c00e?s=96&d=mm&r=g\",\"contentUrl\":\"https:\/\/secure.gravatar.com\/avatar\/35eed57940c7c9cec97e3798f2942a36959b90a968fafeeba64f6a913a09c00e?s=96&d=mm&r=g\",\"caption\":\"Thomas Kerstan\"},\"url\":\"https:\/\/blog.zeit.de\/schulblog\/author\/thomas-kerstan\/\"}]}<\/script>\n<!-- \/ Yoast SEO plugin. -->","yoast_head_json":{"title":"Gro\u00dfartig: Schirrmacher streitet mit Sarrazin - Das Schulblog","robots":{"index":"index","follow":"follow","max-snippet":"max-snippet:-1","max-image-preview":"max-image-preview:large","max-video-preview":"max-video-preview:-1"},"canonical":"https:\/\/blog.zeit.de\/schulblog\/2010\/10\/01\/grosartig-schirrmacher-interviewt-sarrazin\/","og_locale":"de_DE","og_type":"article","og_title":"Gro\u00dfartig: Schirrmacher streitet mit Sarrazin - Das Schulblog","og_description":"In einem wirklich gro\u00dfartigen Streitgespr\u00e4ch mit Thilo Sarrazin arbeitet der FAZ-Herausgeber Frank Schirrmacher die Schw\u00e4chen der Studien heraus, auf die Sarrazin seine Argumentation aufbaut.","og_url":"https:\/\/blog.zeit.de\/schulblog\/2010\/10\/01\/grosartig-schirrmacher-interviewt-sarrazin\/","og_site_name":"Das Schulblog","article_published_time":"2010-10-01T16:39:55+00:00","article_modified_time":"2010-10-03T14:47:40+00:00","author":"Thomas Kerstan","twitter_card":"summary_large_image","twitter_misc":{"Geschrieben von":"Thomas Kerstan"},"schema":{"@context":"https:\/\/schema.org","@graph":[{"@type":"WebPage","@id":"https:\/\/blog.zeit.de\/schulblog\/2010\/10\/01\/grosartig-schirrmacher-interviewt-sarrazin\/","url":"https:\/\/blog.zeit.de\/schulblog\/2010\/10\/01\/grosartig-schirrmacher-interviewt-sarrazin\/","name":"Gro\u00dfartig: Schirrmacher streitet mit Sarrazin - Das Schulblog","isPartOf":{"@id":"https:\/\/blog.zeit.de\/schulblog\/#website"},"datePublished":"2010-10-01T16:39:55+00:00","dateModified":"2010-10-03T14:47:40+00:00","author":{"@id":"https:\/\/blog.zeit.de\/schulblog\/#\/schema\/person\/d58f83982e95288853534dafd57faeb3"},"breadcrumb":{"@id":"https:\/\/blog.zeit.de\/schulblog\/2010\/10\/01\/grosartig-schirrmacher-interviewt-sarrazin\/#breadcrumb"},"inLanguage":"de","potentialAction":[{"@type":"ReadAction","target":["https:\/\/blog.zeit.de\/schulblog\/2010\/10\/01\/grosartig-schirrmacher-interviewt-sarrazin\/"]}]},{"@type":"BreadcrumbList","@id":"https:\/\/blog.zeit.de\/schulblog\/2010\/10\/01\/grosartig-schirrmacher-interviewt-sarrazin\/#breadcrumb","itemListElement":[{"@type":"ListItem","position":1,"name":"Startseite","item":"https:\/\/blog.zeit.de\/schulblog\/"},{"@type":"ListItem","position":2,"name":"Gro\u00dfartig: Schirrmacher streitet mit Sarrazin"}]},{"@type":"WebSite","@id":"https:\/\/blog.zeit.de\/schulblog\/#website","url":"https:\/\/blog.zeit.de\/schulblog\/","name":"Das Schulblog","description":"f\u00fcr Lehrer, Sch\u00fcler, Eltern und Bildungs-Optimisten","potentialAction":[{"@type":"SearchAction","target":{"@type":"EntryPoint","urlTemplate":"https:\/\/blog.zeit.de\/schulblog\/?s={search_term_string}"},"query-input":"required name=search_term_string"}],"inLanguage":"de"},{"@type":"Person","@id":"https:\/\/blog.zeit.de\/schulblog\/#\/schema\/person\/d58f83982e95288853534dafd57faeb3","name":"Thomas Kerstan","image":{"@type":"ImageObject","inLanguage":"de","@id":"https:\/\/blog.zeit.de\/schulblog\/#\/schema\/person\/image\/","url":"https:\/\/secure.gravatar.com\/avatar\/35eed57940c7c9cec97e3798f2942a36959b90a968fafeeba64f6a913a09c00e?s=96&d=mm&r=g","contentUrl":"https:\/\/secure.gravatar.com\/avatar\/35eed57940c7c9cec97e3798f2942a36959b90a968fafeeba64f6a913a09c00e?s=96&d=mm&r=g","caption":"Thomas Kerstan"},"url":"https:\/\/blog.zeit.de\/schulblog\/author\/thomas-kerstan\/"}]}},"jetpack_featured_media_url":"","jetpack_sharing_enabled":true,"_links":{"self":[{"href":"https:\/\/blog.zeit.de\/schulblog\/wp-json\/wp\/v2\/posts\/291","targetHints":{"allow":["GET"]}}],"collection":[{"href":"https:\/\/blog.zeit.de\/schulblog\/wp-json\/wp\/v2\/posts"}],"about":[{"href":"https:\/\/blog.zeit.de\/schulblog\/wp-json\/wp\/v2\/types\/post"}],"author":[{"embeddable":true,"href":"https:\/\/blog.zeit.de\/schulblog\/wp-json\/wp\/v2\/users\/213"}],"replies":[{"embeddable":true,"href":"https:\/\/blog.zeit.de\/schulblog\/wp-json\/wp\/v2\/comments?post=291"}],"version-history":[{"count":2,"href":"https:\/\/blog.zeit.de\/schulblog\/wp-json\/wp\/v2\/posts\/291\/revisions"}],"predecessor-version":[{"id":293,"href":"https:\/\/blog.zeit.de\/schulblog\/wp-json\/wp\/v2\/posts\/291\/revisions\/293"}],"wp:attachment":[{"href":"https:\/\/blog.zeit.de\/schulblog\/wp-json\/wp\/v2\/media?parent=291"}],"wp:term":[{"taxonomy":"category","embeddable":true,"href":"https:\/\/blog.zeit.de\/schulblog\/wp-json\/wp\/v2\/categories?post=291"},{"taxonomy":"post_tag","embeddable":true,"href":"https:\/\/blog.zeit.de\/schulblog\/wp-json\/wp\/v2\/tags?post=291"}],"curies":[{"name":"wp","href":"https:\/\/api.w.org\/{rel}","templated":true}]}}