{"id":322,"date":"2010-12-01T13:45:31","date_gmt":"2010-12-01T13:45:31","guid":{"rendered":"http:\/\/blog.zeit.de\/schulblog\/?p=322"},"modified":"2010-12-02T14:03:26","modified_gmt":"2010-12-02T14:03:26","slug":"bildungsokonom-klaus-klemm-in-der-zeit-bildungsausgaben-pro-schuler-um-11-prozent-gestiegen","status":"publish","type":"post","link":"https:\/\/blog.zeit.de\/schulblog\/2010\/12\/01\/bildungsokonom-klaus-klemm-in-der-zeit-bildungsausgaben-pro-schuler-um-11-prozent-gestiegen\/","title":{"rendered":"Bildungs\u00f6konom Klaus Klemm in der ZEIT: Bildungsausgaben pro Sch\u00fcler um 11 Prozent gestiegen"},"content":{"rendered":"<p>Die <strong>\u00bbdemografische Rendite\u00ab<\/strong> ist bislang in Deutschlands Schulen angekommen. Das zeigen Berechnungen des Essener Bildungs\u00f6konomen <a href=\"http:\/\/www.uni-due.de\/bifo\/klemm.php\">Klaus Klemm<\/a>, wie am 2.12. in der <em>ZEIT<\/em> zu lesen ist. Zwar stagniert der Anteil der \u00f6ffentlichen Bildungsausgaben am Bruttoinlandsprodukt\u00a0 (2000: 3,8 Prozent; 2008: 3,9 Prozent), aber die Zahl der Sch\u00fcler sank im gleichen Zeitraum von 12,6 auf 11,8 Millionen. Dadurch stiegen die Ausgaben pro Sch\u00fcler inflationsbereinigt um 11 Prozent. Im Jahr 2000 (dem Jahr der ersten Pisa-Studie) betrugen sie 4200 Euro, im Jahr 2007 (zu Preisen von 2000) 4650 Euro.<\/p>\n<p>Von L\u00e4ndern wie den USA, S\u00fcdkorea oder D\u00e4nemark sei Deutschland aber noch weit entfernt, berichtet die <em>ZEIT<\/em> im Rahmen einer <strong>Bilanz &#8222;Zehn Jahre Pisa-Studie&#8220;.<\/strong> Dort machen \u00f6ffentliche und private Bildungsausgaben rund sieben Prozent des Bruttoinlandsprodukts aus; hierzulande sind es knapp f\u00fcnf Prozent. In die Ferne ger\u00fcckt sei auch das erkl\u00e4rte Ziel der Bundesregierung, bis zum Jahr 2015 den Anteil der Ausgaben f\u00fcr Bildung und Forschung auf zehn Prozent zu steigern.<\/p>\n<p>Klaus Klemm war bis zu seiner Emeritierung im Jahr 2007 Professor f\u00fcr Bildungswissenschaften an der Universit\u00e4t Duisburg-Essen.<\/p>\n","protected":false},"excerpt":{"rendered":"<p>Die \u00bbdemografische Rendite\u00ab ist bislang in Deutschlands Schulen angekommen. Das zeigen Berechnungen des Essener Bildungs\u00f6konomen Klaus Klemm, wie am 2.12. in der ZEIT zu lesen ist. Zwar stagniert der Anteil der \u00f6ffentlichen Bildungsausgaben am Bruttoinlandsprodukt\u00a0 (2000: 3,8 Prozent; 2008: 3,9 Prozent), aber die Zahl der Sch\u00fcler sank im gleichen Zeitraum von 12,6 auf 11,8 Millionen. [&hellip;]<\/p>\n","protected":false},"author":213,"featured_media":0,"comment_status":"open","ping_status":"open","sticky":false,"template":"","format":"standard","meta":{"_jetpack_memberships_contains_paid_content":false,"footnotes":""},"categories":[1300],"tags":[6495,1984,6493,6494,2100,1328],"class_list":["post-322","post","type-post","status-publish","format-standard","hentry","category-schulpolitik","tag-bildungsfinanzierung","tag-bildungsforscher","tag-bildungsokonom","tag-demografische-rendite","tag-pisa-studie","tag-schulreform"],"yoast_head":"<!-- This site is optimized with the Yoast SEO plugin v21.0 - https:\/\/yoast.com\/wordpress\/plugins\/seo\/ -->\n<title>Bildungs\u00f6konom Klaus Klemm in der ZEIT: Bildungsausgaben pro Sch\u00fcler um 11 Prozent gestiegen - Das Schulblog<\/title>\n<meta name=\"robots\" content=\"index, follow, max-snippet:-1, max-image-preview:large, max-video-preview:-1\" \/>\n<link rel=\"canonical\" href=\"https:\/\/blog.zeit.de\/schulblog\/2010\/12\/01\/bildungsokonom-klaus-klemm-in-der-zeit-bildungsausgaben-pro-schuler-um-11-prozent-gestiegen\/\" \/>\n<meta property=\"og:locale\" content=\"de_DE\" \/>\n<meta property=\"og:type\" content=\"article\" \/>\n<meta property=\"og:title\" content=\"Bildungs\u00f6konom Klaus Klemm in der ZEIT: Bildungsausgaben pro Sch\u00fcler um 11 Prozent gestiegen - Das Schulblog\" \/>\n<meta property=\"og:description\" content=\"Die \u00bbdemografische Rendite\u00ab ist bislang in Deutschlands Schulen angekommen. Das zeigen Berechnungen des Essener Bildungs\u00f6konomen Klaus Klemm, wie am 2.12. in der ZEIT zu lesen ist. Zwar stagniert der Anteil der \u00f6ffentlichen Bildungsausgaben am Bruttoinlandsprodukt\u00a0 (2000: 3,8 Prozent; 2008: 3,9 Prozent), aber die Zahl der Sch\u00fcler sank im gleichen Zeitraum von 12,6 auf 11,8 Millionen. [&hellip;]\" \/>\n<meta property=\"og:url\" content=\"https:\/\/blog.zeit.de\/schulblog\/2010\/12\/01\/bildungsokonom-klaus-klemm-in-der-zeit-bildungsausgaben-pro-schuler-um-11-prozent-gestiegen\/\" \/>\n<meta property=\"og:site_name\" content=\"Das Schulblog\" \/>\n<meta property=\"article:published_time\" content=\"2010-12-01T13:45:31+00:00\" \/>\n<meta property=\"article:modified_time\" content=\"2010-12-02T14:03:26+00:00\" \/>\n<meta name=\"author\" content=\"Thomas Kerstan\" \/>\n<meta name=\"twitter:card\" content=\"summary_large_image\" \/>\n<meta name=\"twitter:label1\" content=\"Geschrieben von\" \/>\n\t<meta name=\"twitter:data1\" content=\"Thomas Kerstan\" \/>\n\t<meta name=\"twitter:label2\" content=\"Gesch\u00e4tzte Lesezeit\" \/>\n\t<meta name=\"twitter:data2\" content=\"1\u00a0Minute\" \/>\n<script type=\"application\/ld+json\" class=\"yoast-schema-graph\">{\"@context\":\"https:\/\/schema.org\",\"@graph\":[{\"@type\":\"WebPage\",\"@id\":\"https:\/\/blog.zeit.de\/schulblog\/2010\/12\/01\/bildungsokonom-klaus-klemm-in-der-zeit-bildungsausgaben-pro-schuler-um-11-prozent-gestiegen\/\",\"url\":\"https:\/\/blog.zeit.de\/schulblog\/2010\/12\/01\/bildungsokonom-klaus-klemm-in-der-zeit-bildungsausgaben-pro-schuler-um-11-prozent-gestiegen\/\",\"name\":\"Bildungs\u00f6konom Klaus Klemm in der ZEIT: Bildungsausgaben pro Sch\u00fcler um 11 Prozent gestiegen - Das Schulblog\",\"isPartOf\":{\"@id\":\"https:\/\/blog.zeit.de\/schulblog\/#website\"},\"datePublished\":\"2010-12-01T13:45:31+00:00\",\"dateModified\":\"2010-12-02T14:03:26+00:00\",\"author\":{\"@id\":\"https:\/\/blog.zeit.de\/schulblog\/#\/schema\/person\/d58f83982e95288853534dafd57faeb3\"},\"breadcrumb\":{\"@id\":\"https:\/\/blog.zeit.de\/schulblog\/2010\/12\/01\/bildungsokonom-klaus-klemm-in-der-zeit-bildungsausgaben-pro-schuler-um-11-prozent-gestiegen\/#breadcrumb\"},\"inLanguage\":\"de\",\"potentialAction\":[{\"@type\":\"ReadAction\",\"target\":[\"https:\/\/blog.zeit.de\/schulblog\/2010\/12\/01\/bildungsokonom-klaus-klemm-in-der-zeit-bildungsausgaben-pro-schuler-um-11-prozent-gestiegen\/\"]}]},{\"@type\":\"BreadcrumbList\",\"@id\":\"https:\/\/blog.zeit.de\/schulblog\/2010\/12\/01\/bildungsokonom-klaus-klemm-in-der-zeit-bildungsausgaben-pro-schuler-um-11-prozent-gestiegen\/#breadcrumb\",\"itemListElement\":[{\"@type\":\"ListItem\",\"position\":1,\"name\":\"Startseite\",\"item\":\"https:\/\/blog.zeit.de\/schulblog\/\"},{\"@type\":\"ListItem\",\"position\":2,\"name\":\"Bildungs\u00f6konom Klaus Klemm in der ZEIT: Bildungsausgaben pro Sch\u00fcler um 11 Prozent gestiegen\"}]},{\"@type\":\"WebSite\",\"@id\":\"https:\/\/blog.zeit.de\/schulblog\/#website\",\"url\":\"https:\/\/blog.zeit.de\/schulblog\/\",\"name\":\"Das Schulblog\",\"description\":\"f\u00fcr Lehrer, Sch\u00fcler, Eltern und Bildungs-Optimisten\",\"potentialAction\":[{\"@type\":\"SearchAction\",\"target\":{\"@type\":\"EntryPoint\",\"urlTemplate\":\"https:\/\/blog.zeit.de\/schulblog\/?s={search_term_string}\"},\"query-input\":\"required name=search_term_string\"}],\"inLanguage\":\"de\"},{\"@type\":\"Person\",\"@id\":\"https:\/\/blog.zeit.de\/schulblog\/#\/schema\/person\/d58f83982e95288853534dafd57faeb3\",\"name\":\"Thomas Kerstan\",\"image\":{\"@type\":\"ImageObject\",\"inLanguage\":\"de\",\"@id\":\"https:\/\/blog.zeit.de\/schulblog\/#\/schema\/person\/image\/\",\"url\":\"https:\/\/secure.gravatar.com\/avatar\/35eed57940c7c9cec97e3798f2942a36959b90a968fafeeba64f6a913a09c00e?s=96&d=mm&r=g\",\"contentUrl\":\"https:\/\/secure.gravatar.com\/avatar\/35eed57940c7c9cec97e3798f2942a36959b90a968fafeeba64f6a913a09c00e?s=96&d=mm&r=g\",\"caption\":\"Thomas Kerstan\"},\"url\":\"https:\/\/blog.zeit.de\/schulblog\/author\/thomas-kerstan\/\"}]}<\/script>\n<!-- \/ Yoast SEO plugin. -->","yoast_head_json":{"title":"Bildungs\u00f6konom Klaus Klemm in der ZEIT: Bildungsausgaben pro Sch\u00fcler um 11 Prozent gestiegen - Das Schulblog","robots":{"index":"index","follow":"follow","max-snippet":"max-snippet:-1","max-image-preview":"max-image-preview:large","max-video-preview":"max-video-preview:-1"},"canonical":"https:\/\/blog.zeit.de\/schulblog\/2010\/12\/01\/bildungsokonom-klaus-klemm-in-der-zeit-bildungsausgaben-pro-schuler-um-11-prozent-gestiegen\/","og_locale":"de_DE","og_type":"article","og_title":"Bildungs\u00f6konom Klaus Klemm in der ZEIT: Bildungsausgaben pro Sch\u00fcler um 11 Prozent gestiegen - Das Schulblog","og_description":"Die \u00bbdemografische Rendite\u00ab ist bislang in Deutschlands Schulen angekommen. Das zeigen Berechnungen des Essener Bildungs\u00f6konomen Klaus Klemm, wie am 2.12. in der ZEIT zu lesen ist. Zwar stagniert der Anteil der \u00f6ffentlichen Bildungsausgaben am Bruttoinlandsprodukt\u00a0 (2000: 3,8 Prozent; 2008: 3,9 Prozent), aber die Zahl der Sch\u00fcler sank im gleichen Zeitraum von 12,6 auf 11,8 Millionen. [&hellip;]","og_url":"https:\/\/blog.zeit.de\/schulblog\/2010\/12\/01\/bildungsokonom-klaus-klemm-in-der-zeit-bildungsausgaben-pro-schuler-um-11-prozent-gestiegen\/","og_site_name":"Das Schulblog","article_published_time":"2010-12-01T13:45:31+00:00","article_modified_time":"2010-12-02T14:03:26+00:00","author":"Thomas Kerstan","twitter_card":"summary_large_image","twitter_misc":{"Geschrieben von":"Thomas Kerstan","Gesch\u00e4tzte Lesezeit":"1\u00a0Minute"},"schema":{"@context":"https:\/\/schema.org","@graph":[{"@type":"WebPage","@id":"https:\/\/blog.zeit.de\/schulblog\/2010\/12\/01\/bildungsokonom-klaus-klemm-in-der-zeit-bildungsausgaben-pro-schuler-um-11-prozent-gestiegen\/","url":"https:\/\/blog.zeit.de\/schulblog\/2010\/12\/01\/bildungsokonom-klaus-klemm-in-der-zeit-bildungsausgaben-pro-schuler-um-11-prozent-gestiegen\/","name":"Bildungs\u00f6konom Klaus Klemm in der ZEIT: Bildungsausgaben pro Sch\u00fcler um 11 Prozent gestiegen - Das Schulblog","isPartOf":{"@id":"https:\/\/blog.zeit.de\/schulblog\/#website"},"datePublished":"2010-12-01T13:45:31+00:00","dateModified":"2010-12-02T14:03:26+00:00","author":{"@id":"https:\/\/blog.zeit.de\/schulblog\/#\/schema\/person\/d58f83982e95288853534dafd57faeb3"},"breadcrumb":{"@id":"https:\/\/blog.zeit.de\/schulblog\/2010\/12\/01\/bildungsokonom-klaus-klemm-in-der-zeit-bildungsausgaben-pro-schuler-um-11-prozent-gestiegen\/#breadcrumb"},"inLanguage":"de","potentialAction":[{"@type":"ReadAction","target":["https:\/\/blog.zeit.de\/schulblog\/2010\/12\/01\/bildungsokonom-klaus-klemm-in-der-zeit-bildungsausgaben-pro-schuler-um-11-prozent-gestiegen\/"]}]},{"@type":"BreadcrumbList","@id":"https:\/\/blog.zeit.de\/schulblog\/2010\/12\/01\/bildungsokonom-klaus-klemm-in-der-zeit-bildungsausgaben-pro-schuler-um-11-prozent-gestiegen\/#breadcrumb","itemListElement":[{"@type":"ListItem","position":1,"name":"Startseite","item":"https:\/\/blog.zeit.de\/schulblog\/"},{"@type":"ListItem","position":2,"name":"Bildungs\u00f6konom Klaus Klemm in der ZEIT: Bildungsausgaben pro Sch\u00fcler um 11 Prozent gestiegen"}]},{"@type":"WebSite","@id":"https:\/\/blog.zeit.de\/schulblog\/#website","url":"https:\/\/blog.zeit.de\/schulblog\/","name":"Das Schulblog","description":"f\u00fcr Lehrer, Sch\u00fcler, Eltern und Bildungs-Optimisten","potentialAction":[{"@type":"SearchAction","target":{"@type":"EntryPoint","urlTemplate":"https:\/\/blog.zeit.de\/schulblog\/?s={search_term_string}"},"query-input":"required name=search_term_string"}],"inLanguage":"de"},{"@type":"Person","@id":"https:\/\/blog.zeit.de\/schulblog\/#\/schema\/person\/d58f83982e95288853534dafd57faeb3","name":"Thomas Kerstan","image":{"@type":"ImageObject","inLanguage":"de","@id":"https:\/\/blog.zeit.de\/schulblog\/#\/schema\/person\/image\/","url":"https:\/\/secure.gravatar.com\/avatar\/35eed57940c7c9cec97e3798f2942a36959b90a968fafeeba64f6a913a09c00e?s=96&d=mm&r=g","contentUrl":"https:\/\/secure.gravatar.com\/avatar\/35eed57940c7c9cec97e3798f2942a36959b90a968fafeeba64f6a913a09c00e?s=96&d=mm&r=g","caption":"Thomas Kerstan"},"url":"https:\/\/blog.zeit.de\/schulblog\/author\/thomas-kerstan\/"}]}},"jetpack_featured_media_url":"","jetpack_sharing_enabled":true,"_links":{"self":[{"href":"https:\/\/blog.zeit.de\/schulblog\/wp-json\/wp\/v2\/posts\/322","targetHints":{"allow":["GET"]}}],"collection":[{"href":"https:\/\/blog.zeit.de\/schulblog\/wp-json\/wp\/v2\/posts"}],"about":[{"href":"https:\/\/blog.zeit.de\/schulblog\/wp-json\/wp\/v2\/types\/post"}],"author":[{"embeddable":true,"href":"https:\/\/blog.zeit.de\/schulblog\/wp-json\/wp\/v2\/users\/213"}],"replies":[{"embeddable":true,"href":"https:\/\/blog.zeit.de\/schulblog\/wp-json\/wp\/v2\/comments?post=322"}],"version-history":[{"count":5,"href":"https:\/\/blog.zeit.de\/schulblog\/wp-json\/wp\/v2\/posts\/322\/revisions"}],"predecessor-version":[{"id":324,"href":"https:\/\/blog.zeit.de\/schulblog\/wp-json\/wp\/v2\/posts\/322\/revisions\/324"}],"wp:attachment":[{"href":"https:\/\/blog.zeit.de\/schulblog\/wp-json\/wp\/v2\/media?parent=322"}],"wp:term":[{"taxonomy":"category","embeddable":true,"href":"https:\/\/blog.zeit.de\/schulblog\/wp-json\/wp\/v2\/categories?post=322"},{"taxonomy":"post_tag","embeddable":true,"href":"https:\/\/blog.zeit.de\/schulblog\/wp-json\/wp\/v2\/tags?post=322"}],"curies":[{"name":"wp","href":"https:\/\/api.w.org\/{rel}","templated":true}]}}