{"id":354,"date":"2010-12-06T15:20:42","date_gmt":"2010-12-06T15:20:42","guid":{"rendered":"http:\/\/blog.zeit.de\/schulblog\/?p=354"},"modified":"2010-12-06T18:15:53","modified_gmt":"2010-12-06T18:15:53","slug":"am-7-12-ab-11-uhr-ist-der-bildungsforscher-olaf-koller-mit-einem-kommentar-zur-pisa-studie-zu-gast-im-schulblog","status":"publish","type":"post","link":"https:\/\/blog.zeit.de\/schulblog\/2010\/12\/06\/am-7-12-ab-11-uhr-ist-der-bildungsforscher-olaf-koller-mit-einem-kommentar-zur-pisa-studie-zu-gast-im-schulblog\/","title":{"rendered":"Am 7.12. ab 11 Uhr ist der Bildungsforscher Olaf K\u00f6ller mit einem Kommentar zur Pisa-Studie zu Gast im Schulblog"},"content":{"rendered":"<p>Ich freue mich \u00fcber einen sachkundigen Gast im Schulblog: Wenn am Dienstag um 11 Uhr die offiziellen Pisa-Ergebnisse verk\u00fcndet werden, dann wird sie Olaf K\u00f6ller an dieser Stelle kommentieren.<\/p>\n<p>Der P\u00e4dagogische Psychologe leitet das Leibniz-Institut f\u00fcr die P\u00e4dagogik der Naturwissenschaften und der Mathematik (IPN) an der Uni Kiel. Vorher hat Olaf K\u00f6ller das Institut zur Qualit\u00e4tsentwicklung im Bildungswesen (IQB) an der Humboldt-Universit\u00e4t zu Berlin aufgebaut und geleitet. Das IQB entwickelt im Auftrag der der Kultusministerkonferenz Bildungsstandards und \u00fcberpr\u00fcft in regelm\u00e4\u00dfigen Abst\u00e4nden, inwieweit die Sch\u00fcler sie erreichen.<\/p>\n","protected":false},"excerpt":{"rendered":"<p>Ich freue mich \u00fcber einen sachkundigen Gast im Schulblog: Wenn am Dienstag um 11 Uhr die offiziellen Pisa-Ergebnisse verk\u00fcndet werden, dann wird sie Olaf K\u00f6ller an dieser Stelle kommentieren. Der P\u00e4dagogische Psychologe leitet das Leibniz-Institut f\u00fcr die P\u00e4dagogik der Naturwissenschaften und der Mathematik (IPN) an der Uni Kiel. Vorher hat Olaf K\u00f6ller das Institut zur [&hellip;]<\/p>\n","protected":false},"author":213,"featured_media":0,"comment_status":"open","ping_status":"open","sticky":false,"template":"","format":"standard","meta":{"_jetpack_memberships_contains_paid_content":false,"footnotes":""},"categories":[1301,1300],"tags":[1984,2100,1296],"class_list":["post-354","post","type-post","status-publish","format-standard","hentry","category-schulforschung","category-schulpolitik","tag-bildungsforscher","tag-pisa-studie","tag-schule"],"yoast_head":"<!-- This site is optimized with the Yoast SEO plugin v21.0 - https:\/\/yoast.com\/wordpress\/plugins\/seo\/ -->\n<title>Am 7.12. ab 11 Uhr ist der Bildungsforscher Olaf K\u00f6ller mit einem Kommentar zur Pisa-Studie zu Gast im Schulblog - Das Schulblog<\/title>\n<meta name=\"robots\" content=\"index, follow, max-snippet:-1, max-image-preview:large, max-video-preview:-1\" \/>\n<link rel=\"canonical\" href=\"https:\/\/blog.zeit.de\/schulblog\/2010\/12\/06\/am-7-12-ab-11-uhr-ist-der-bildungsforscher-olaf-koller-mit-einem-kommentar-zur-pisa-studie-zu-gast-im-schulblog\/\" \/>\n<meta property=\"og:locale\" content=\"de_DE\" \/>\n<meta property=\"og:type\" content=\"article\" \/>\n<meta property=\"og:title\" content=\"Am 7.12. ab 11 Uhr ist der Bildungsforscher Olaf K\u00f6ller mit einem Kommentar zur Pisa-Studie zu Gast im Schulblog - Das Schulblog\" \/>\n<meta property=\"og:description\" content=\"Ich freue mich \u00fcber einen sachkundigen Gast im Schulblog: Wenn am Dienstag um 11 Uhr die offiziellen Pisa-Ergebnisse verk\u00fcndet werden, dann wird sie Olaf K\u00f6ller an dieser Stelle kommentieren. Der P\u00e4dagogische Psychologe leitet das Leibniz-Institut f\u00fcr die P\u00e4dagogik der Naturwissenschaften und der Mathematik (IPN) an der Uni Kiel. Vorher hat Olaf K\u00f6ller das Institut zur [&hellip;]\" \/>\n<meta property=\"og:url\" content=\"https:\/\/blog.zeit.de\/schulblog\/2010\/12\/06\/am-7-12-ab-11-uhr-ist-der-bildungsforscher-olaf-koller-mit-einem-kommentar-zur-pisa-studie-zu-gast-im-schulblog\/\" \/>\n<meta property=\"og:site_name\" content=\"Das Schulblog\" \/>\n<meta property=\"article:published_time\" content=\"2010-12-06T15:20:42+00:00\" \/>\n<meta property=\"article:modified_time\" content=\"2010-12-06T18:15:53+00:00\" \/>\n<meta name=\"author\" content=\"Thomas Kerstan\" \/>\n<meta name=\"twitter:card\" content=\"summary_large_image\" \/>\n<meta name=\"twitter:label1\" content=\"Geschrieben von\" \/>\n\t<meta name=\"twitter:data1\" content=\"Thomas Kerstan\" \/>\n<script type=\"application\/ld+json\" class=\"yoast-schema-graph\">{\"@context\":\"https:\/\/schema.org\",\"@graph\":[{\"@type\":\"WebPage\",\"@id\":\"https:\/\/blog.zeit.de\/schulblog\/2010\/12\/06\/am-7-12-ab-11-uhr-ist-der-bildungsforscher-olaf-koller-mit-einem-kommentar-zur-pisa-studie-zu-gast-im-schulblog\/\",\"url\":\"https:\/\/blog.zeit.de\/schulblog\/2010\/12\/06\/am-7-12-ab-11-uhr-ist-der-bildungsforscher-olaf-koller-mit-einem-kommentar-zur-pisa-studie-zu-gast-im-schulblog\/\",\"name\":\"Am 7.12. ab 11 Uhr ist der Bildungsforscher Olaf K\u00f6ller mit einem Kommentar zur Pisa-Studie zu Gast im Schulblog - Das Schulblog\",\"isPartOf\":{\"@id\":\"https:\/\/blog.zeit.de\/schulblog\/#website\"},\"datePublished\":\"2010-12-06T15:20:42+00:00\",\"dateModified\":\"2010-12-06T18:15:53+00:00\",\"author\":{\"@id\":\"https:\/\/blog.zeit.de\/schulblog\/#\/schema\/person\/d58f83982e95288853534dafd57faeb3\"},\"breadcrumb\":{\"@id\":\"https:\/\/blog.zeit.de\/schulblog\/2010\/12\/06\/am-7-12-ab-11-uhr-ist-der-bildungsforscher-olaf-koller-mit-einem-kommentar-zur-pisa-studie-zu-gast-im-schulblog\/#breadcrumb\"},\"inLanguage\":\"de\",\"potentialAction\":[{\"@type\":\"ReadAction\",\"target\":[\"https:\/\/blog.zeit.de\/schulblog\/2010\/12\/06\/am-7-12-ab-11-uhr-ist-der-bildungsforscher-olaf-koller-mit-einem-kommentar-zur-pisa-studie-zu-gast-im-schulblog\/\"]}]},{\"@type\":\"BreadcrumbList\",\"@id\":\"https:\/\/blog.zeit.de\/schulblog\/2010\/12\/06\/am-7-12-ab-11-uhr-ist-der-bildungsforscher-olaf-koller-mit-einem-kommentar-zur-pisa-studie-zu-gast-im-schulblog\/#breadcrumb\",\"itemListElement\":[{\"@type\":\"ListItem\",\"position\":1,\"name\":\"Startseite\",\"item\":\"https:\/\/blog.zeit.de\/schulblog\/\"},{\"@type\":\"ListItem\",\"position\":2,\"name\":\"Am 7.12. ab 11 Uhr ist der Bildungsforscher Olaf K\u00f6ller mit einem Kommentar zur Pisa-Studie zu Gast im Schulblog\"}]},{\"@type\":\"WebSite\",\"@id\":\"https:\/\/blog.zeit.de\/schulblog\/#website\",\"url\":\"https:\/\/blog.zeit.de\/schulblog\/\",\"name\":\"Das Schulblog\",\"description\":\"f\u00fcr Lehrer, Sch\u00fcler, Eltern und Bildungs-Optimisten\",\"potentialAction\":[{\"@type\":\"SearchAction\",\"target\":{\"@type\":\"EntryPoint\",\"urlTemplate\":\"https:\/\/blog.zeit.de\/schulblog\/?s={search_term_string}\"},\"query-input\":\"required name=search_term_string\"}],\"inLanguage\":\"de\"},{\"@type\":\"Person\",\"@id\":\"https:\/\/blog.zeit.de\/schulblog\/#\/schema\/person\/d58f83982e95288853534dafd57faeb3\",\"name\":\"Thomas Kerstan\",\"image\":{\"@type\":\"ImageObject\",\"inLanguage\":\"de\",\"@id\":\"https:\/\/blog.zeit.de\/schulblog\/#\/schema\/person\/image\/\",\"url\":\"https:\/\/secure.gravatar.com\/avatar\/35eed57940c7c9cec97e3798f2942a36959b90a968fafeeba64f6a913a09c00e?s=96&d=mm&r=g\",\"contentUrl\":\"https:\/\/secure.gravatar.com\/avatar\/35eed57940c7c9cec97e3798f2942a36959b90a968fafeeba64f6a913a09c00e?s=96&d=mm&r=g\",\"caption\":\"Thomas Kerstan\"},\"url\":\"https:\/\/blog.zeit.de\/schulblog\/author\/thomas-kerstan\/\"}]}<\/script>\n<!-- \/ Yoast SEO plugin. -->","yoast_head_json":{"title":"Am 7.12. ab 11 Uhr ist der Bildungsforscher Olaf K\u00f6ller mit einem Kommentar zur Pisa-Studie zu Gast im Schulblog - Das Schulblog","robots":{"index":"index","follow":"follow","max-snippet":"max-snippet:-1","max-image-preview":"max-image-preview:large","max-video-preview":"max-video-preview:-1"},"canonical":"https:\/\/blog.zeit.de\/schulblog\/2010\/12\/06\/am-7-12-ab-11-uhr-ist-der-bildungsforscher-olaf-koller-mit-einem-kommentar-zur-pisa-studie-zu-gast-im-schulblog\/","og_locale":"de_DE","og_type":"article","og_title":"Am 7.12. ab 11 Uhr ist der Bildungsforscher Olaf K\u00f6ller mit einem Kommentar zur Pisa-Studie zu Gast im Schulblog - Das Schulblog","og_description":"Ich freue mich \u00fcber einen sachkundigen Gast im Schulblog: Wenn am Dienstag um 11 Uhr die offiziellen Pisa-Ergebnisse verk\u00fcndet werden, dann wird sie Olaf K\u00f6ller an dieser Stelle kommentieren. Der P\u00e4dagogische Psychologe leitet das Leibniz-Institut f\u00fcr die P\u00e4dagogik der Naturwissenschaften und der Mathematik (IPN) an der Uni Kiel. Vorher hat Olaf K\u00f6ller das Institut zur [&hellip;]","og_url":"https:\/\/blog.zeit.de\/schulblog\/2010\/12\/06\/am-7-12-ab-11-uhr-ist-der-bildungsforscher-olaf-koller-mit-einem-kommentar-zur-pisa-studie-zu-gast-im-schulblog\/","og_site_name":"Das Schulblog","article_published_time":"2010-12-06T15:20:42+00:00","article_modified_time":"2010-12-06T18:15:53+00:00","author":"Thomas Kerstan","twitter_card":"summary_large_image","twitter_misc":{"Geschrieben von":"Thomas Kerstan"},"schema":{"@context":"https:\/\/schema.org","@graph":[{"@type":"WebPage","@id":"https:\/\/blog.zeit.de\/schulblog\/2010\/12\/06\/am-7-12-ab-11-uhr-ist-der-bildungsforscher-olaf-koller-mit-einem-kommentar-zur-pisa-studie-zu-gast-im-schulblog\/","url":"https:\/\/blog.zeit.de\/schulblog\/2010\/12\/06\/am-7-12-ab-11-uhr-ist-der-bildungsforscher-olaf-koller-mit-einem-kommentar-zur-pisa-studie-zu-gast-im-schulblog\/","name":"Am 7.12. ab 11 Uhr ist der Bildungsforscher Olaf K\u00f6ller mit einem Kommentar zur Pisa-Studie zu Gast im Schulblog - Das Schulblog","isPartOf":{"@id":"https:\/\/blog.zeit.de\/schulblog\/#website"},"datePublished":"2010-12-06T15:20:42+00:00","dateModified":"2010-12-06T18:15:53+00:00","author":{"@id":"https:\/\/blog.zeit.de\/schulblog\/#\/schema\/person\/d58f83982e95288853534dafd57faeb3"},"breadcrumb":{"@id":"https:\/\/blog.zeit.de\/schulblog\/2010\/12\/06\/am-7-12-ab-11-uhr-ist-der-bildungsforscher-olaf-koller-mit-einem-kommentar-zur-pisa-studie-zu-gast-im-schulblog\/#breadcrumb"},"inLanguage":"de","potentialAction":[{"@type":"ReadAction","target":["https:\/\/blog.zeit.de\/schulblog\/2010\/12\/06\/am-7-12-ab-11-uhr-ist-der-bildungsforscher-olaf-koller-mit-einem-kommentar-zur-pisa-studie-zu-gast-im-schulblog\/"]}]},{"@type":"BreadcrumbList","@id":"https:\/\/blog.zeit.de\/schulblog\/2010\/12\/06\/am-7-12-ab-11-uhr-ist-der-bildungsforscher-olaf-koller-mit-einem-kommentar-zur-pisa-studie-zu-gast-im-schulblog\/#breadcrumb","itemListElement":[{"@type":"ListItem","position":1,"name":"Startseite","item":"https:\/\/blog.zeit.de\/schulblog\/"},{"@type":"ListItem","position":2,"name":"Am 7.12. ab 11 Uhr ist der Bildungsforscher Olaf K\u00f6ller mit einem Kommentar zur Pisa-Studie zu Gast im Schulblog"}]},{"@type":"WebSite","@id":"https:\/\/blog.zeit.de\/schulblog\/#website","url":"https:\/\/blog.zeit.de\/schulblog\/","name":"Das Schulblog","description":"f\u00fcr Lehrer, Sch\u00fcler, Eltern und Bildungs-Optimisten","potentialAction":[{"@type":"SearchAction","target":{"@type":"EntryPoint","urlTemplate":"https:\/\/blog.zeit.de\/schulblog\/?s={search_term_string}"},"query-input":"required name=search_term_string"}],"inLanguage":"de"},{"@type":"Person","@id":"https:\/\/blog.zeit.de\/schulblog\/#\/schema\/person\/d58f83982e95288853534dafd57faeb3","name":"Thomas Kerstan","image":{"@type":"ImageObject","inLanguage":"de","@id":"https:\/\/blog.zeit.de\/schulblog\/#\/schema\/person\/image\/","url":"https:\/\/secure.gravatar.com\/avatar\/35eed57940c7c9cec97e3798f2942a36959b90a968fafeeba64f6a913a09c00e?s=96&d=mm&r=g","contentUrl":"https:\/\/secure.gravatar.com\/avatar\/35eed57940c7c9cec97e3798f2942a36959b90a968fafeeba64f6a913a09c00e?s=96&d=mm&r=g","caption":"Thomas Kerstan"},"url":"https:\/\/blog.zeit.de\/schulblog\/author\/thomas-kerstan\/"}]}},"jetpack_featured_media_url":"","jetpack_sharing_enabled":true,"_links":{"self":[{"href":"https:\/\/blog.zeit.de\/schulblog\/wp-json\/wp\/v2\/posts\/354","targetHints":{"allow":["GET"]}}],"collection":[{"href":"https:\/\/blog.zeit.de\/schulblog\/wp-json\/wp\/v2\/posts"}],"about":[{"href":"https:\/\/blog.zeit.de\/schulblog\/wp-json\/wp\/v2\/types\/post"}],"author":[{"embeddable":true,"href":"https:\/\/blog.zeit.de\/schulblog\/wp-json\/wp\/v2\/users\/213"}],"replies":[{"embeddable":true,"href":"https:\/\/blog.zeit.de\/schulblog\/wp-json\/wp\/v2\/comments?post=354"}],"version-history":[{"count":3,"href":"https:\/\/blog.zeit.de\/schulblog\/wp-json\/wp\/v2\/posts\/354\/revisions"}],"predecessor-version":[{"id":357,"href":"https:\/\/blog.zeit.de\/schulblog\/wp-json\/wp\/v2\/posts\/354\/revisions\/357"}],"wp:attachment":[{"href":"https:\/\/blog.zeit.de\/schulblog\/wp-json\/wp\/v2\/media?parent=354"}],"wp:term":[{"taxonomy":"category","embeddable":true,"href":"https:\/\/blog.zeit.de\/schulblog\/wp-json\/wp\/v2\/categories?post=354"},{"taxonomy":"post_tag","embeddable":true,"href":"https:\/\/blog.zeit.de\/schulblog\/wp-json\/wp\/v2\/tags?post=354"}],"curies":[{"name":"wp","href":"https:\/\/api.w.org\/{rel}","templated":true}]}}