{"id":379,"date":"2010-12-08T19:55:56","date_gmt":"2010-12-08T18:55:56","guid":{"rendered":"http:\/\/blog.zeit.de\/schulblog\/?p=379"},"modified":"2010-12-08T19:55:56","modified_gmt":"2010-12-08T18:55:56","slug":"die-ruhe-nach-dem-sturm-noch-ein-indiz-fur-die-guten-pisa-ergebnisse-deutscher-schulerinnen-und-schuler","status":"publish","type":"post","link":"https:\/\/blog.zeit.de\/schulblog\/2010\/12\/08\/die-ruhe-nach-dem-sturm-noch-ein-indiz-fur-die-guten-pisa-ergebnisse-deutscher-schulerinnen-und-schuler\/","title":{"rendered":"Die Ruhe nach dem Sturm: Noch ein Indiz f\u00fcr die guten PISA-Ergebnisse deutscher Sch\u00fclerinnen und Sch\u00fcler"},"content":{"rendered":"<p>Der Tag danach ist fast um und es ist Ruhe eingekehrt. Heute berichtet kaum mehr jemand \u00fcber die Ergebnisse der PISA-Studie 2009. Dass so schnell Ruhe eingekehrt ist, spricht noch einmal f\u00fcr das gute Abschneiden deutscher 15j\u00e4higer. Good news is bad news f\u00fcr die Medien, da sich kaum jemand f\u00fcr good news interessiert. Von der OECD und von einigen Medienvertretern wurde noch versucht anzuklagen, dass in keinem anderen Land der soziale Kontext eine so gro\u00dfe Rolle f\u00fcr Sch\u00fclerleistungen spielt wie in Deutschland. Mal abgesehen davon, dass kaum einer wirklich verstanden haben d\u00fcrfte, was damit gemeint sein k\u00f6nnte, \u00fcberraschen diese Aussagen deutsche Bildungsforscher nicht. Was \u00fcberrascht ist vielmehr, mit welcher mangelnden Hintergrundinformation Protagonisten der OECD solche Befunde missverst\u00e4ndlich kommunizieren. Hinter diesem Effekt verbirgt sich im Wesentlichen unser gegliedertes Schulsystem. In sozial benachteiligten Bezirken liegen auch weniger Gymnasien und Sch\u00fclerinnen und Sch\u00fcler besuchen in erster Linie nichtgymnasiale Bildungsg\u00e4nge. Dass dieses zu ung\u00fcnstigeren Leistungen f\u00fchrt, wissen wir seit wenigstens 20 Jahren. Die Kultusminister der meisten L\u00e4nder haben schulstrukturell auf diese Problematik bereits reagiert und ein Zwei-S\u00e4ulenmodell eingef\u00fchrt, in dem auch nicht-gymnasiale Schulformen zum Abitur f\u00fchren. Hier ist die berechtigte Hoffnung aller, dass dies zu besseren Leistungen in benachteiligten Bezirken f\u00fchrt. Ein Hinweis hierauf h\u00e4tte gestern den Verantwortlichen gut angestanden.<\/p>\n","protected":false},"excerpt":{"rendered":"<p>Der Tag danach ist fast um und es ist Ruhe eingekehrt. Heute berichtet kaum mehr jemand \u00fcber die Ergebnisse der PISA-Studie 2009. Dass so schnell Ruhe eingekehrt ist, spricht noch einmal f\u00fcr das gute Abschneiden deutscher 15j\u00e4higer. Good news is bad news f\u00fcr die Medien, da sich kaum jemand f\u00fcr good news interessiert. Von der [&hellip;]<\/p>\n","protected":false},"author":315,"featured_media":0,"comment_status":"open","ping_status":"open","sticky":false,"template":"","format":"standard","meta":{"_jetpack_memberships_contains_paid_content":false,"footnotes":""},"categories":[1,1299,1301,1300],"tags":[],"class_list":["post-379","post","type-post","status-publish","format-standard","hentry","category-allgemein","category-schulalltag","category-schulforschung","category-schulpolitik"],"yoast_head":"<!-- This site is optimized with the Yoast SEO plugin v21.0 - https:\/\/yoast.com\/wordpress\/plugins\/seo\/ -->\n<title>Die Ruhe nach dem Sturm: Noch ein Indiz f\u00fcr die guten PISA-Ergebnisse deutscher Sch\u00fclerinnen und Sch\u00fcler - Das Schulblog<\/title>\n<meta name=\"robots\" content=\"index, follow, max-snippet:-1, max-image-preview:large, max-video-preview:-1\" \/>\n<link rel=\"canonical\" href=\"https:\/\/blog.zeit.de\/schulblog\/2010\/12\/08\/die-ruhe-nach-dem-sturm-noch-ein-indiz-fur-die-guten-pisa-ergebnisse-deutscher-schulerinnen-und-schuler\/\" \/>\n<meta property=\"og:locale\" content=\"de_DE\" \/>\n<meta property=\"og:type\" content=\"article\" \/>\n<meta property=\"og:title\" content=\"Die Ruhe nach dem Sturm: Noch ein Indiz f\u00fcr die guten PISA-Ergebnisse deutscher Sch\u00fclerinnen und Sch\u00fcler - Das Schulblog\" \/>\n<meta property=\"og:description\" content=\"Der Tag danach ist fast um und es ist Ruhe eingekehrt. Heute berichtet kaum mehr jemand \u00fcber die Ergebnisse der PISA-Studie 2009. Dass so schnell Ruhe eingekehrt ist, spricht noch einmal f\u00fcr das gute Abschneiden deutscher 15j\u00e4higer. Good news is bad news f\u00fcr die Medien, da sich kaum jemand f\u00fcr good news interessiert. Von der [&hellip;]\" \/>\n<meta property=\"og:url\" content=\"https:\/\/blog.zeit.de\/schulblog\/2010\/12\/08\/die-ruhe-nach-dem-sturm-noch-ein-indiz-fur-die-guten-pisa-ergebnisse-deutscher-schulerinnen-und-schuler\/\" \/>\n<meta property=\"og:site_name\" content=\"Das Schulblog\" \/>\n<meta property=\"article:published_time\" content=\"2010-12-08T18:55:56+00:00\" \/>\n<meta name=\"author\" content=\"Prof. Dr. Olaf K\u00f6ller, Bildungsforscher\" \/>\n<meta name=\"twitter:card\" content=\"summary_large_image\" \/>\n<meta name=\"twitter:label1\" content=\"Geschrieben von\" \/>\n\t<meta name=\"twitter:data1\" content=\"Prof. Dr. Olaf K\u00f6ller, Bildungsforscher\" \/>\n\t<meta name=\"twitter:label2\" content=\"Gesch\u00e4tzte Lesezeit\" \/>\n\t<meta name=\"twitter:data2\" content=\"1\u00a0Minute\" \/>\n<script type=\"application\/ld+json\" class=\"yoast-schema-graph\">{\"@context\":\"https:\/\/schema.org\",\"@graph\":[{\"@type\":\"WebPage\",\"@id\":\"https:\/\/blog.zeit.de\/schulblog\/2010\/12\/08\/die-ruhe-nach-dem-sturm-noch-ein-indiz-fur-die-guten-pisa-ergebnisse-deutscher-schulerinnen-und-schuler\/\",\"url\":\"https:\/\/blog.zeit.de\/schulblog\/2010\/12\/08\/die-ruhe-nach-dem-sturm-noch-ein-indiz-fur-die-guten-pisa-ergebnisse-deutscher-schulerinnen-und-schuler\/\",\"name\":\"Die Ruhe nach dem Sturm: Noch ein Indiz f\u00fcr die guten PISA-Ergebnisse deutscher Sch\u00fclerinnen und Sch\u00fcler - Das Schulblog\",\"isPartOf\":{\"@id\":\"https:\/\/blog.zeit.de\/schulblog\/#website\"},\"datePublished\":\"2010-12-08T18:55:56+00:00\",\"dateModified\":\"2010-12-08T18:55:56+00:00\",\"author\":{\"@id\":\"https:\/\/blog.zeit.de\/schulblog\/#\/schema\/person\/ddf575d392081741d47c86f0eda0800c\"},\"breadcrumb\":{\"@id\":\"https:\/\/blog.zeit.de\/schulblog\/2010\/12\/08\/die-ruhe-nach-dem-sturm-noch-ein-indiz-fur-die-guten-pisa-ergebnisse-deutscher-schulerinnen-und-schuler\/#breadcrumb\"},\"inLanguage\":\"de\",\"potentialAction\":[{\"@type\":\"ReadAction\",\"target\":[\"https:\/\/blog.zeit.de\/schulblog\/2010\/12\/08\/die-ruhe-nach-dem-sturm-noch-ein-indiz-fur-die-guten-pisa-ergebnisse-deutscher-schulerinnen-und-schuler\/\"]}]},{\"@type\":\"BreadcrumbList\",\"@id\":\"https:\/\/blog.zeit.de\/schulblog\/2010\/12\/08\/die-ruhe-nach-dem-sturm-noch-ein-indiz-fur-die-guten-pisa-ergebnisse-deutscher-schulerinnen-und-schuler\/#breadcrumb\",\"itemListElement\":[{\"@type\":\"ListItem\",\"position\":1,\"name\":\"Startseite\",\"item\":\"https:\/\/blog.zeit.de\/schulblog\/\"},{\"@type\":\"ListItem\",\"position\":2,\"name\":\"Die Ruhe nach dem Sturm: Noch ein Indiz f\u00fcr die guten PISA-Ergebnisse deutscher Sch\u00fclerinnen und Sch\u00fcler\"}]},{\"@type\":\"WebSite\",\"@id\":\"https:\/\/blog.zeit.de\/schulblog\/#website\",\"url\":\"https:\/\/blog.zeit.de\/schulblog\/\",\"name\":\"Das Schulblog\",\"description\":\"f\u00fcr Lehrer, Sch\u00fcler, Eltern und Bildungs-Optimisten\",\"potentialAction\":[{\"@type\":\"SearchAction\",\"target\":{\"@type\":\"EntryPoint\",\"urlTemplate\":\"https:\/\/blog.zeit.de\/schulblog\/?s={search_term_string}\"},\"query-input\":\"required name=search_term_string\"}],\"inLanguage\":\"de\"},{\"@type\":\"Person\",\"@id\":\"https:\/\/blog.zeit.de\/schulblog\/#\/schema\/person\/ddf575d392081741d47c86f0eda0800c\",\"name\":\"Prof. Dr. Olaf K\u00f6ller, Bildungsforscher\",\"image\":{\"@type\":\"ImageObject\",\"inLanguage\":\"de\",\"@id\":\"https:\/\/blog.zeit.de\/schulblog\/#\/schema\/person\/image\/\",\"url\":\"https:\/\/secure.gravatar.com\/avatar\/410e074ecc03f4dcbf04b74f9fa8827a9e4ac281b58d9825afe00695b95465a6?s=96&d=mm&r=g\",\"contentUrl\":\"https:\/\/secure.gravatar.com\/avatar\/410e074ecc03f4dcbf04b74f9fa8827a9e4ac281b58d9825afe00695b95465a6?s=96&d=mm&r=g\",\"caption\":\"Prof. Dr. Olaf K\u00f6ller, Bildungsforscher\"},\"url\":\"https:\/\/blog.zeit.de\/schulblog\/author\/olaf-koeller\/\"}]}<\/script>\n<!-- \/ Yoast SEO plugin. -->","yoast_head_json":{"title":"Die Ruhe nach dem Sturm: Noch ein Indiz f\u00fcr die guten PISA-Ergebnisse deutscher Sch\u00fclerinnen und Sch\u00fcler - Das Schulblog","robots":{"index":"index","follow":"follow","max-snippet":"max-snippet:-1","max-image-preview":"max-image-preview:large","max-video-preview":"max-video-preview:-1"},"canonical":"https:\/\/blog.zeit.de\/schulblog\/2010\/12\/08\/die-ruhe-nach-dem-sturm-noch-ein-indiz-fur-die-guten-pisa-ergebnisse-deutscher-schulerinnen-und-schuler\/","og_locale":"de_DE","og_type":"article","og_title":"Die Ruhe nach dem Sturm: Noch ein Indiz f\u00fcr die guten PISA-Ergebnisse deutscher Sch\u00fclerinnen und Sch\u00fcler - Das Schulblog","og_description":"Der Tag danach ist fast um und es ist Ruhe eingekehrt. Heute berichtet kaum mehr jemand \u00fcber die Ergebnisse der PISA-Studie 2009. Dass so schnell Ruhe eingekehrt ist, spricht noch einmal f\u00fcr das gute Abschneiden deutscher 15j\u00e4higer. Good news is bad news f\u00fcr die Medien, da sich kaum jemand f\u00fcr good news interessiert. Von der [&hellip;]","og_url":"https:\/\/blog.zeit.de\/schulblog\/2010\/12\/08\/die-ruhe-nach-dem-sturm-noch-ein-indiz-fur-die-guten-pisa-ergebnisse-deutscher-schulerinnen-und-schuler\/","og_site_name":"Das Schulblog","article_published_time":"2010-12-08T18:55:56+00:00","author":"Prof. Dr. Olaf K\u00f6ller, Bildungsforscher","twitter_card":"summary_large_image","twitter_misc":{"Geschrieben von":"Prof. Dr. Olaf K\u00f6ller, Bildungsforscher","Gesch\u00e4tzte Lesezeit":"1\u00a0Minute"},"schema":{"@context":"https:\/\/schema.org","@graph":[{"@type":"WebPage","@id":"https:\/\/blog.zeit.de\/schulblog\/2010\/12\/08\/die-ruhe-nach-dem-sturm-noch-ein-indiz-fur-die-guten-pisa-ergebnisse-deutscher-schulerinnen-und-schuler\/","url":"https:\/\/blog.zeit.de\/schulblog\/2010\/12\/08\/die-ruhe-nach-dem-sturm-noch-ein-indiz-fur-die-guten-pisa-ergebnisse-deutscher-schulerinnen-und-schuler\/","name":"Die Ruhe nach dem Sturm: Noch ein Indiz f\u00fcr die guten PISA-Ergebnisse deutscher Sch\u00fclerinnen und Sch\u00fcler - Das Schulblog","isPartOf":{"@id":"https:\/\/blog.zeit.de\/schulblog\/#website"},"datePublished":"2010-12-08T18:55:56+00:00","dateModified":"2010-12-08T18:55:56+00:00","author":{"@id":"https:\/\/blog.zeit.de\/schulblog\/#\/schema\/person\/ddf575d392081741d47c86f0eda0800c"},"breadcrumb":{"@id":"https:\/\/blog.zeit.de\/schulblog\/2010\/12\/08\/die-ruhe-nach-dem-sturm-noch-ein-indiz-fur-die-guten-pisa-ergebnisse-deutscher-schulerinnen-und-schuler\/#breadcrumb"},"inLanguage":"de","potentialAction":[{"@type":"ReadAction","target":["https:\/\/blog.zeit.de\/schulblog\/2010\/12\/08\/die-ruhe-nach-dem-sturm-noch-ein-indiz-fur-die-guten-pisa-ergebnisse-deutscher-schulerinnen-und-schuler\/"]}]},{"@type":"BreadcrumbList","@id":"https:\/\/blog.zeit.de\/schulblog\/2010\/12\/08\/die-ruhe-nach-dem-sturm-noch-ein-indiz-fur-die-guten-pisa-ergebnisse-deutscher-schulerinnen-und-schuler\/#breadcrumb","itemListElement":[{"@type":"ListItem","position":1,"name":"Startseite","item":"https:\/\/blog.zeit.de\/schulblog\/"},{"@type":"ListItem","position":2,"name":"Die Ruhe nach dem Sturm: Noch ein Indiz f\u00fcr die guten PISA-Ergebnisse deutscher Sch\u00fclerinnen und Sch\u00fcler"}]},{"@type":"WebSite","@id":"https:\/\/blog.zeit.de\/schulblog\/#website","url":"https:\/\/blog.zeit.de\/schulblog\/","name":"Das Schulblog","description":"f\u00fcr Lehrer, Sch\u00fcler, Eltern und Bildungs-Optimisten","potentialAction":[{"@type":"SearchAction","target":{"@type":"EntryPoint","urlTemplate":"https:\/\/blog.zeit.de\/schulblog\/?s={search_term_string}"},"query-input":"required name=search_term_string"}],"inLanguage":"de"},{"@type":"Person","@id":"https:\/\/blog.zeit.de\/schulblog\/#\/schema\/person\/ddf575d392081741d47c86f0eda0800c","name":"Prof. Dr. Olaf K\u00f6ller, Bildungsforscher","image":{"@type":"ImageObject","inLanguage":"de","@id":"https:\/\/blog.zeit.de\/schulblog\/#\/schema\/person\/image\/","url":"https:\/\/secure.gravatar.com\/avatar\/410e074ecc03f4dcbf04b74f9fa8827a9e4ac281b58d9825afe00695b95465a6?s=96&d=mm&r=g","contentUrl":"https:\/\/secure.gravatar.com\/avatar\/410e074ecc03f4dcbf04b74f9fa8827a9e4ac281b58d9825afe00695b95465a6?s=96&d=mm&r=g","caption":"Prof. Dr. Olaf K\u00f6ller, Bildungsforscher"},"url":"https:\/\/blog.zeit.de\/schulblog\/author\/olaf-koeller\/"}]}},"jetpack_featured_media_url":"","jetpack_sharing_enabled":true,"_links":{"self":[{"href":"https:\/\/blog.zeit.de\/schulblog\/wp-json\/wp\/v2\/posts\/379","targetHints":{"allow":["GET"]}}],"collection":[{"href":"https:\/\/blog.zeit.de\/schulblog\/wp-json\/wp\/v2\/posts"}],"about":[{"href":"https:\/\/blog.zeit.de\/schulblog\/wp-json\/wp\/v2\/types\/post"}],"author":[{"embeddable":true,"href":"https:\/\/blog.zeit.de\/schulblog\/wp-json\/wp\/v2\/users\/315"}],"replies":[{"embeddable":true,"href":"https:\/\/blog.zeit.de\/schulblog\/wp-json\/wp\/v2\/comments?post=379"}],"version-history":[{"count":2,"href":"https:\/\/blog.zeit.de\/schulblog\/wp-json\/wp\/v2\/posts\/379\/revisions"}],"predecessor-version":[{"id":381,"href":"https:\/\/blog.zeit.de\/schulblog\/wp-json\/wp\/v2\/posts\/379\/revisions\/381"}],"wp:attachment":[{"href":"https:\/\/blog.zeit.de\/schulblog\/wp-json\/wp\/v2\/media?parent=379"}],"wp:term":[{"taxonomy":"category","embeddable":true,"href":"https:\/\/blog.zeit.de\/schulblog\/wp-json\/wp\/v2\/categories?post=379"},{"taxonomy":"post_tag","embeddable":true,"href":"https:\/\/blog.zeit.de\/schulblog\/wp-json\/wp\/v2\/tags?post=379"}],"curies":[{"name":"wp","href":"https:\/\/api.w.org\/{rel}","templated":true}]}}