{"id":382,"date":"2010-12-17T18:12:19","date_gmt":"2010-12-17T17:12:19","guid":{"rendered":"http:\/\/blog.zeit.de\/schulblog\/?p=382"},"modified":"2010-12-17T18:12:19","modified_gmt":"2010-12-17T17:12:19","slug":"abschlussbericht-odenwaldschule","status":"publish","type":"post","link":"https:\/\/blog.zeit.de\/schulblog\/2010\/12\/17\/abschlussbericht-odenwaldschule\/","title":{"rendered":"Abschlussbericht Odenwaldschule"},"content":{"rendered":"<p>Hier die aktuelle dpa-Meldung (17.12.10, 18 Uhr):<\/p>\n<blockquote><p>Steigende Missbrauchs-Zahlen an Odenwaldschule Von Joachim Baier, dpa<\/p>\n<p>Gedem\u00fctigt  und gequ\u00e4lt: Ein Abschlussbericht beschreibt die<br \/>\nsexuellen \u00dcbergriffe an der renommierten Odenwaldschule. Der<br \/>\nMissbrauch von Sch\u00fclern an dem Elite-Internat hatte demnach System.<br \/>\nRichtig wahrhaben wollte den Skandal viele Jahre lang niemand.<\/p>\n<p>Heppenheim (dpa) &#8211; Die von einem Missbrauchsskandal ersch\u00fctterte<br \/>\nOdenwaldschule muss mit weiter steigenden Opfer-Zahlen rechnen. Ein<br \/>\nvorl\u00e4ufiger Abschlussbericht zweier Juristinnen nennt inzwischen 132<br \/>\nBetroffene. Ende November war noch von 125 Opfern die Rede gewesen.<br \/>\n\u00abSchwerstbetroffene melden sich zum Teil erst jetzt\u00bb, sagte die<br \/>\nRechtsanw\u00e4ltin Claudia Burgsm\u00fcller am Freitag bei der Vorstellung des<br \/>\n35 Seiten langen Berichts im s\u00fcdhessischen Heppenheim.<\/p>\n<p>Die meist lange zur\u00fcckliegenden sexuellen \u00dcbergriffe h\u00e4tten System<br \/>\ngehabt, viele Sch\u00fcler seien mit Repressalien erst noch<br \/>\n\u00abweichgeklopft\u00bb worden, hie\u00df es. Schulleitungen h\u00e4tten versagt,<br \/>\nEltern nicht richtig reagiert und das Wohl der f\u00fcr ihre<br \/>\nReformp\u00e4dagogik bekannten Schule im Auge gehabt. Manche Opfer k\u00f6nnten<br \/>\nerst heute unter gro\u00dfen M\u00fchen \u00fcber ihr Leid berichten.<\/p>\n<p>Der Skandal war Anfang M\u00e4rz erneut an die \u00d6ffentlichkeit gekommen,<br \/>\nals die Schule ihre Feiern zum 100. Geburtstag vorbereitete. \u00abF\u00fcr uns<br \/>\nhat die Aufarbeitung erst begonnen\u00bb, sagte Schulleiterin Margarita<br \/>\nKaufmann.<\/p>\n<p>Der Missbrauch liege zwar meist schon Jahrzehnte zur\u00fcck. Das<br \/>\nElite-Internat sei \u00abein Nest von P\u00e4dophilen gewesen, die sich die<br \/>\nKlinke in die Hand gegeben haben. Es gab eine Art Staffel\u00fcbergabe\u00bb,<br \/>\nsagte Burgsm\u00fcller. Den fr\u00fcheren Schulleiter Gerold Becker, der von<br \/>\n1969 bis 1985 an dem Privatinternat arbeitete und inzwischen tot ist,<br \/>\nbezeichnete sie als \u00abeinen Weltmeister der Vernebelungsstrategie\u00bb. Er<br \/>\nwird in dem Bericht mit rund 90 Opfern in Verbindung gebracht.<\/p>\n<p>Tatzeitraum seien vor allem die Jahre 1965 bis 1985 gewesen, sagte<br \/>\ndie fr\u00fchere Pr\u00e4sidentin des Oberlandesgerichts Frankfurt, Brigitte<br \/>\nTilmann. Von den Betroffenen seien 115 Jungen gewesen, meist im Alter<br \/>\nzwischen 11 und 14 Jahren, sowie auch 17 M\u00e4dchen. Die<br \/>\nStaatsanwaltschaft ermittelte gegen etwa ein Dutzend Lehrer, stellte<br \/>\ndie Verfahren aber meist wegen Verj\u00e4hrung ein. Die Juristinnen<br \/>\nsprachen sich in diesem Zusammenhang f\u00fcr eine deutliche Verl\u00e4ngerung<br \/>\nder Verj\u00e4hrungsfrist aus. Sie liege heute in schweren F\u00e4llen bei zehn<br \/>\nJahren. Gerechnet werde dabei ab dem 18. Geburtstag des Opfers.<\/p>\n<p>In den vergangenen neun Monaten hatte die Reformschule heftige<br \/>\nTurbulenzen erlebt. Es gab Streit und R\u00fccktritte im Vorstand, unter<br \/>\nanderem wegen der Frage, wie die Opfer entsch\u00e4digt werden sollen. Nun<br \/>\nsoll eine Stiftung gegr\u00fcndet werden. Die Odenwaldschule will dabei<br \/>\nauch mit der Betroffenen-Organisation \u00abGlasbrechen\u00bb zusammenarbeiten.<br \/>\n\u00abEs gibt aber keine Summe der Welt, die so etwas wieder gutmachen<br \/>\nkann\u00bb, sagte Tilmann. Schulleiterin Kaufmann k\u00fcndigte an, im Februar<br \/>\nn\u00e4chsten Jahres konkrete Summen nennen zu k\u00f6nnen.<\/p>\n<p>Die Odenwaldschule z\u00e4hlt zu den bekanntesten Einrichtungen der<br \/>\nReformp\u00e4dagogik in Deutschland. Auf der Liste ihrer ehemaligen<br \/>\nSch\u00fcler stehen bekannte Namen. Dazu z\u00e4hlen der Gr\u00fcnen-Politiker<br \/>\nDaniel Cohn-Bendit, die TV-Moderatorin Amelie Fried, der<br \/>\nSchriftsteller Klaus Mann und ein Sohn des fr\u00fcheren Bundespr\u00e4sidenten<br \/>\nRichard von Weizs\u00e4cker.<\/p><\/blockquote>\n","protected":false},"excerpt":{"rendered":"<p>Hier die aktuelle dpa-Meldung (17.12.10, 18 Uhr): Steigende Missbrauchs-Zahlen an Odenwaldschule Von Joachim Baier, dpa Gedem\u00fctigt und gequ\u00e4lt: Ein Abschlussbericht beschreibt die sexuellen \u00dcbergriffe an der renommierten Odenwaldschule. Der Missbrauch von Sch\u00fclern an dem Elite-Internat hatte demnach System. Richtig wahrhaben wollte den Skandal viele Jahre lang niemand. Heppenheim (dpa) &#8211; Die von einem Missbrauchsskandal ersch\u00fctterte [&hellip;]<\/p>\n","protected":false},"author":213,"featured_media":0,"comment_status":"open","ping_status":"open","sticky":false,"template":"","format":"standard","meta":{"_jetpack_memberships_contains_paid_content":false,"footnotes":""},"categories":[1299,1300],"tags":[1413,1416],"class_list":["post-382","post","type-post","status-publish","format-standard","hentry","category-schulalltag","category-schulpolitik","tag-missbrauch","tag-reformpadagogik"],"yoast_head":"<!-- This site is optimized with the Yoast SEO plugin v21.0 - https:\/\/yoast.com\/wordpress\/plugins\/seo\/ -->\n<title>Abschlussbericht Odenwaldschule - Das Schulblog<\/title>\n<meta name=\"robots\" content=\"index, follow, max-snippet:-1, max-image-preview:large, max-video-preview:-1\" \/>\n<link rel=\"canonical\" href=\"https:\/\/blog.zeit.de\/schulblog\/2010\/12\/17\/abschlussbericht-odenwaldschule\/\" \/>\n<meta property=\"og:locale\" content=\"de_DE\" \/>\n<meta property=\"og:type\" content=\"article\" \/>\n<meta property=\"og:title\" content=\"Abschlussbericht Odenwaldschule - Das Schulblog\" \/>\n<meta property=\"og:description\" content=\"Hier die aktuelle dpa-Meldung (17.12.10, 18 Uhr): Steigende Missbrauchs-Zahlen an Odenwaldschule Von Joachim Baier, dpa Gedem\u00fctigt und gequ\u00e4lt: Ein Abschlussbericht beschreibt die sexuellen \u00dcbergriffe an der renommierten Odenwaldschule. Der Missbrauch von Sch\u00fclern an dem Elite-Internat hatte demnach System. Richtig wahrhaben wollte den Skandal viele Jahre lang niemand. Heppenheim (dpa) &#8211; Die von einem Missbrauchsskandal ersch\u00fctterte [&hellip;]\" \/>\n<meta property=\"og:url\" content=\"https:\/\/blog.zeit.de\/schulblog\/2010\/12\/17\/abschlussbericht-odenwaldschule\/\" \/>\n<meta property=\"og:site_name\" content=\"Das Schulblog\" \/>\n<meta property=\"article:published_time\" content=\"2010-12-17T17:12:19+00:00\" \/>\n<meta name=\"author\" content=\"Thomas Kerstan\" \/>\n<meta name=\"twitter:card\" content=\"summary_large_image\" \/>\n<meta name=\"twitter:label1\" content=\"Geschrieben von\" \/>\n\t<meta name=\"twitter:data1\" content=\"Thomas Kerstan\" \/>\n\t<meta name=\"twitter:label2\" content=\"Gesch\u00e4tzte Lesezeit\" \/>\n\t<meta name=\"twitter:data2\" content=\"2\u00a0Minuten\" \/>\n<script type=\"application\/ld+json\" class=\"yoast-schema-graph\">{\"@context\":\"https:\/\/schema.org\",\"@graph\":[{\"@type\":\"WebPage\",\"@id\":\"https:\/\/blog.zeit.de\/schulblog\/2010\/12\/17\/abschlussbericht-odenwaldschule\/\",\"url\":\"https:\/\/blog.zeit.de\/schulblog\/2010\/12\/17\/abschlussbericht-odenwaldschule\/\",\"name\":\"Abschlussbericht Odenwaldschule - Das Schulblog\",\"isPartOf\":{\"@id\":\"https:\/\/blog.zeit.de\/schulblog\/#website\"},\"datePublished\":\"2010-12-17T17:12:19+00:00\",\"dateModified\":\"2010-12-17T17:12:19+00:00\",\"author\":{\"@id\":\"https:\/\/blog.zeit.de\/schulblog\/#\/schema\/person\/d58f83982e95288853534dafd57faeb3\"},\"breadcrumb\":{\"@id\":\"https:\/\/blog.zeit.de\/schulblog\/2010\/12\/17\/abschlussbericht-odenwaldschule\/#breadcrumb\"},\"inLanguage\":\"de\",\"potentialAction\":[{\"@type\":\"ReadAction\",\"target\":[\"https:\/\/blog.zeit.de\/schulblog\/2010\/12\/17\/abschlussbericht-odenwaldschule\/\"]}]},{\"@type\":\"BreadcrumbList\",\"@id\":\"https:\/\/blog.zeit.de\/schulblog\/2010\/12\/17\/abschlussbericht-odenwaldschule\/#breadcrumb\",\"itemListElement\":[{\"@type\":\"ListItem\",\"position\":1,\"name\":\"Startseite\",\"item\":\"https:\/\/blog.zeit.de\/schulblog\/\"},{\"@type\":\"ListItem\",\"position\":2,\"name\":\"Abschlussbericht Odenwaldschule\"}]},{\"@type\":\"WebSite\",\"@id\":\"https:\/\/blog.zeit.de\/schulblog\/#website\",\"url\":\"https:\/\/blog.zeit.de\/schulblog\/\",\"name\":\"Das Schulblog\",\"description\":\"f\u00fcr Lehrer, Sch\u00fcler, Eltern und Bildungs-Optimisten\",\"potentialAction\":[{\"@type\":\"SearchAction\",\"target\":{\"@type\":\"EntryPoint\",\"urlTemplate\":\"https:\/\/blog.zeit.de\/schulblog\/?s={search_term_string}\"},\"query-input\":\"required name=search_term_string\"}],\"inLanguage\":\"de\"},{\"@type\":\"Person\",\"@id\":\"https:\/\/blog.zeit.de\/schulblog\/#\/schema\/person\/d58f83982e95288853534dafd57faeb3\",\"name\":\"Thomas Kerstan\",\"image\":{\"@type\":\"ImageObject\",\"inLanguage\":\"de\",\"@id\":\"https:\/\/blog.zeit.de\/schulblog\/#\/schema\/person\/image\/\",\"url\":\"https:\/\/secure.gravatar.com\/avatar\/35eed57940c7c9cec97e3798f2942a36959b90a968fafeeba64f6a913a09c00e?s=96&d=mm&r=g\",\"contentUrl\":\"https:\/\/secure.gravatar.com\/avatar\/35eed57940c7c9cec97e3798f2942a36959b90a968fafeeba64f6a913a09c00e?s=96&d=mm&r=g\",\"caption\":\"Thomas Kerstan\"},\"url\":\"https:\/\/blog.zeit.de\/schulblog\/author\/thomas-kerstan\/\"}]}<\/script>\n<!-- \/ Yoast SEO plugin. -->","yoast_head_json":{"title":"Abschlussbericht Odenwaldschule - Das Schulblog","robots":{"index":"index","follow":"follow","max-snippet":"max-snippet:-1","max-image-preview":"max-image-preview:large","max-video-preview":"max-video-preview:-1"},"canonical":"https:\/\/blog.zeit.de\/schulblog\/2010\/12\/17\/abschlussbericht-odenwaldschule\/","og_locale":"de_DE","og_type":"article","og_title":"Abschlussbericht Odenwaldschule - Das Schulblog","og_description":"Hier die aktuelle dpa-Meldung (17.12.10, 18 Uhr): Steigende Missbrauchs-Zahlen an Odenwaldschule Von Joachim Baier, dpa Gedem\u00fctigt und gequ\u00e4lt: Ein Abschlussbericht beschreibt die sexuellen \u00dcbergriffe an der renommierten Odenwaldschule. Der Missbrauch von Sch\u00fclern an dem Elite-Internat hatte demnach System. Richtig wahrhaben wollte den Skandal viele Jahre lang niemand. Heppenheim (dpa) &#8211; Die von einem Missbrauchsskandal ersch\u00fctterte [&hellip;]","og_url":"https:\/\/blog.zeit.de\/schulblog\/2010\/12\/17\/abschlussbericht-odenwaldschule\/","og_site_name":"Das Schulblog","article_published_time":"2010-12-17T17:12:19+00:00","author":"Thomas Kerstan","twitter_card":"summary_large_image","twitter_misc":{"Geschrieben von":"Thomas Kerstan","Gesch\u00e4tzte Lesezeit":"2\u00a0Minuten"},"schema":{"@context":"https:\/\/schema.org","@graph":[{"@type":"WebPage","@id":"https:\/\/blog.zeit.de\/schulblog\/2010\/12\/17\/abschlussbericht-odenwaldschule\/","url":"https:\/\/blog.zeit.de\/schulblog\/2010\/12\/17\/abschlussbericht-odenwaldschule\/","name":"Abschlussbericht Odenwaldschule - Das Schulblog","isPartOf":{"@id":"https:\/\/blog.zeit.de\/schulblog\/#website"},"datePublished":"2010-12-17T17:12:19+00:00","dateModified":"2010-12-17T17:12:19+00:00","author":{"@id":"https:\/\/blog.zeit.de\/schulblog\/#\/schema\/person\/d58f83982e95288853534dafd57faeb3"},"breadcrumb":{"@id":"https:\/\/blog.zeit.de\/schulblog\/2010\/12\/17\/abschlussbericht-odenwaldschule\/#breadcrumb"},"inLanguage":"de","potentialAction":[{"@type":"ReadAction","target":["https:\/\/blog.zeit.de\/schulblog\/2010\/12\/17\/abschlussbericht-odenwaldschule\/"]}]},{"@type":"BreadcrumbList","@id":"https:\/\/blog.zeit.de\/schulblog\/2010\/12\/17\/abschlussbericht-odenwaldschule\/#breadcrumb","itemListElement":[{"@type":"ListItem","position":1,"name":"Startseite","item":"https:\/\/blog.zeit.de\/schulblog\/"},{"@type":"ListItem","position":2,"name":"Abschlussbericht Odenwaldschule"}]},{"@type":"WebSite","@id":"https:\/\/blog.zeit.de\/schulblog\/#website","url":"https:\/\/blog.zeit.de\/schulblog\/","name":"Das Schulblog","description":"f\u00fcr Lehrer, Sch\u00fcler, Eltern und Bildungs-Optimisten","potentialAction":[{"@type":"SearchAction","target":{"@type":"EntryPoint","urlTemplate":"https:\/\/blog.zeit.de\/schulblog\/?s={search_term_string}"},"query-input":"required name=search_term_string"}],"inLanguage":"de"},{"@type":"Person","@id":"https:\/\/blog.zeit.de\/schulblog\/#\/schema\/person\/d58f83982e95288853534dafd57faeb3","name":"Thomas Kerstan","image":{"@type":"ImageObject","inLanguage":"de","@id":"https:\/\/blog.zeit.de\/schulblog\/#\/schema\/person\/image\/","url":"https:\/\/secure.gravatar.com\/avatar\/35eed57940c7c9cec97e3798f2942a36959b90a968fafeeba64f6a913a09c00e?s=96&d=mm&r=g","contentUrl":"https:\/\/secure.gravatar.com\/avatar\/35eed57940c7c9cec97e3798f2942a36959b90a968fafeeba64f6a913a09c00e?s=96&d=mm&r=g","caption":"Thomas Kerstan"},"url":"https:\/\/blog.zeit.de\/schulblog\/author\/thomas-kerstan\/"}]}},"jetpack_featured_media_url":"","jetpack_sharing_enabled":true,"_links":{"self":[{"href":"https:\/\/blog.zeit.de\/schulblog\/wp-json\/wp\/v2\/posts\/382","targetHints":{"allow":["GET"]}}],"collection":[{"href":"https:\/\/blog.zeit.de\/schulblog\/wp-json\/wp\/v2\/posts"}],"about":[{"href":"https:\/\/blog.zeit.de\/schulblog\/wp-json\/wp\/v2\/types\/post"}],"author":[{"embeddable":true,"href":"https:\/\/blog.zeit.de\/schulblog\/wp-json\/wp\/v2\/users\/213"}],"replies":[{"embeddable":true,"href":"https:\/\/blog.zeit.de\/schulblog\/wp-json\/wp\/v2\/comments?post=382"}],"version-history":[{"count":1,"href":"https:\/\/blog.zeit.de\/schulblog\/wp-json\/wp\/v2\/posts\/382\/revisions"}],"predecessor-version":[{"id":383,"href":"https:\/\/blog.zeit.de\/schulblog\/wp-json\/wp\/v2\/posts\/382\/revisions\/383"}],"wp:attachment":[{"href":"https:\/\/blog.zeit.de\/schulblog\/wp-json\/wp\/v2\/media?parent=382"}],"wp:term":[{"taxonomy":"category","embeddable":true,"href":"https:\/\/blog.zeit.de\/schulblog\/wp-json\/wp\/v2\/categories?post=382"},{"taxonomy":"post_tag","embeddable":true,"href":"https:\/\/blog.zeit.de\/schulblog\/wp-json\/wp\/v2\/tags?post=382"}],"curies":[{"name":"wp","href":"https:\/\/api.w.org\/{rel}","templated":true}]}}