{"id":39,"date":"2010-02-19T11:59:47","date_gmt":"2010-02-19T11:59:47","guid":{"rendered":"http:\/\/blog.zeit.de\/schulblog\/?p=39"},"modified":"2010-03-01T10:22:43","modified_gmt":"2010-03-01T10:22:43","slug":"eltern-unter-verdacht","status":"publish","type":"post","link":"https:\/\/blog.zeit.de\/schulblog\/2010\/02\/19\/eltern-unter-verdacht\/","title":{"rendered":"Eltern unter Verdacht"},"content":{"rendered":"<p>Ein Kollege berichtete mir gerade von der Anmeldung seines Kindes f\u00fcr die Grundschule. Zur Auswahl standen eine katholische Schule und eine gut beleumundete staatliche, in deren N\u00e4he die Familie wohnt.<\/p>\n<p>Weil die Anmeldefrist f\u00fcr die katholische Schule ablief, bevor an den anderen Schulen die Tage der offenen T\u00fcr stattfanden (tolle Planung!), meldete der Kollege sein Kind prophylaktisch bei der katholischen Schule an. Als er nun mit seiner Frau die staatliche Schule besichtigt hatte, gefiel die ihnen so gut, dass sie ihr Kind lieber dort anmelden wollten. Das ginge nicht, sagte die dortige Schulleiterin, denn das Kind sei ja schon bei der katholischen Schule angemeldet. Und fand folgenden Zusatz angemessen: &#8222;Wir sind hier nicht im Supermarkt.&#8220;<\/p>\n<p><strong>Merke: Eltern, die die beste Schule f\u00fcr ihr Kind wollen, sind der Schulverwaltung (und nebenbei: auch vielen Schulpolitikern) suspekt.<\/strong><\/p>\n<p>Inzwischen wurde das Kind von der katholischen Schule abgemeldet, die Schulleiterin musste die Anmeldung an ihrer Schule akzeptieren \u2013 und will die Sache &#8222;schnell vergessen&#8220;. Wie gn\u00e4dig.<\/p>\n","protected":false},"excerpt":{"rendered":"<p>Ein Kollege berichtete mir gerade von der Anmeldung seines Kindes f\u00fcr die Grundschule. Zur Auswahl standen eine katholische Schule und eine gut beleumundete staatliche, in deren N\u00e4he die Familie wohnt. Weil die Anmeldefrist f\u00fcr die katholische Schule ablief, bevor an den anderen Schulen die Tage der offenen T\u00fcr stattfanden (tolle Planung!), meldete der Kollege sein [&hellip;]<\/p>\n","protected":false},"author":213,"featured_media":0,"comment_status":"open","ping_status":"open","sticky":false,"template":"","format":"standard","meta":{"_jetpack_memberships_contains_paid_content":false,"footnotes":""},"categories":[1299,1300],"tags":[1308,1309,1307,1306,1296],"class_list":["post-39","post","type-post","status-publish","format-standard","hentry","category-schulalltag","category-schulpolitik","tag-anmeldung","tag-burokratie","tag-eltern","tag-grundschule","tag-schule"],"yoast_head":"<!-- This site is optimized with the Yoast SEO plugin v21.0 - https:\/\/yoast.com\/wordpress\/plugins\/seo\/ -->\n<title>Eltern unter Verdacht - Das Schulblog<\/title>\n<meta name=\"robots\" content=\"index, follow, max-snippet:-1, max-image-preview:large, max-video-preview:-1\" \/>\n<link rel=\"canonical\" href=\"https:\/\/blog.zeit.de\/schulblog\/2010\/02\/19\/eltern-unter-verdacht\/\" \/>\n<meta property=\"og:locale\" content=\"de_DE\" \/>\n<meta property=\"og:type\" content=\"article\" \/>\n<meta property=\"og:title\" content=\"Eltern unter Verdacht - Das Schulblog\" \/>\n<meta property=\"og:description\" content=\"Ein Kollege berichtete mir gerade von der Anmeldung seines Kindes f\u00fcr die Grundschule. Zur Auswahl standen eine katholische Schule und eine gut beleumundete staatliche, in deren N\u00e4he die Familie wohnt. Weil die Anmeldefrist f\u00fcr die katholische Schule ablief, bevor an den anderen Schulen die Tage der offenen T\u00fcr stattfanden (tolle Planung!), meldete der Kollege sein [&hellip;]\" \/>\n<meta property=\"og:url\" content=\"https:\/\/blog.zeit.de\/schulblog\/2010\/02\/19\/eltern-unter-verdacht\/\" \/>\n<meta property=\"og:site_name\" content=\"Das Schulblog\" \/>\n<meta property=\"article:published_time\" content=\"2010-02-19T11:59:47+00:00\" \/>\n<meta property=\"article:modified_time\" content=\"2010-03-01T10:22:43+00:00\" \/>\n<meta name=\"author\" content=\"Thomas Kerstan\" \/>\n<meta name=\"twitter:card\" content=\"summary_large_image\" \/>\n<meta name=\"twitter:label1\" content=\"Geschrieben von\" \/>\n\t<meta name=\"twitter:data1\" content=\"Thomas Kerstan\" \/>\n\t<meta name=\"twitter:label2\" content=\"Gesch\u00e4tzte Lesezeit\" \/>\n\t<meta name=\"twitter:data2\" content=\"1\u00a0Minute\" \/>\n<script type=\"application\/ld+json\" class=\"yoast-schema-graph\">{\"@context\":\"https:\/\/schema.org\",\"@graph\":[{\"@type\":\"WebPage\",\"@id\":\"https:\/\/blog.zeit.de\/schulblog\/2010\/02\/19\/eltern-unter-verdacht\/\",\"url\":\"https:\/\/blog.zeit.de\/schulblog\/2010\/02\/19\/eltern-unter-verdacht\/\",\"name\":\"Eltern unter Verdacht - Das Schulblog\",\"isPartOf\":{\"@id\":\"https:\/\/blog.zeit.de\/schulblog\/#website\"},\"datePublished\":\"2010-02-19T11:59:47+00:00\",\"dateModified\":\"2010-03-01T10:22:43+00:00\",\"author\":{\"@id\":\"https:\/\/blog.zeit.de\/schulblog\/#\/schema\/person\/d58f83982e95288853534dafd57faeb3\"},\"breadcrumb\":{\"@id\":\"https:\/\/blog.zeit.de\/schulblog\/2010\/02\/19\/eltern-unter-verdacht\/#breadcrumb\"},\"inLanguage\":\"de\",\"potentialAction\":[{\"@type\":\"ReadAction\",\"target\":[\"https:\/\/blog.zeit.de\/schulblog\/2010\/02\/19\/eltern-unter-verdacht\/\"]}]},{\"@type\":\"BreadcrumbList\",\"@id\":\"https:\/\/blog.zeit.de\/schulblog\/2010\/02\/19\/eltern-unter-verdacht\/#breadcrumb\",\"itemListElement\":[{\"@type\":\"ListItem\",\"position\":1,\"name\":\"Startseite\",\"item\":\"https:\/\/blog.zeit.de\/schulblog\/\"},{\"@type\":\"ListItem\",\"position\":2,\"name\":\"Eltern unter Verdacht\"}]},{\"@type\":\"WebSite\",\"@id\":\"https:\/\/blog.zeit.de\/schulblog\/#website\",\"url\":\"https:\/\/blog.zeit.de\/schulblog\/\",\"name\":\"Das Schulblog\",\"description\":\"f\u00fcr Lehrer, Sch\u00fcler, Eltern und Bildungs-Optimisten\",\"potentialAction\":[{\"@type\":\"SearchAction\",\"target\":{\"@type\":\"EntryPoint\",\"urlTemplate\":\"https:\/\/blog.zeit.de\/schulblog\/?s={search_term_string}\"},\"query-input\":\"required name=search_term_string\"}],\"inLanguage\":\"de\"},{\"@type\":\"Person\",\"@id\":\"https:\/\/blog.zeit.de\/schulblog\/#\/schema\/person\/d58f83982e95288853534dafd57faeb3\",\"name\":\"Thomas Kerstan\",\"image\":{\"@type\":\"ImageObject\",\"inLanguage\":\"de\",\"@id\":\"https:\/\/blog.zeit.de\/schulblog\/#\/schema\/person\/image\/\",\"url\":\"https:\/\/secure.gravatar.com\/avatar\/35eed57940c7c9cec97e3798f2942a36959b90a968fafeeba64f6a913a09c00e?s=96&d=mm&r=g\",\"contentUrl\":\"https:\/\/secure.gravatar.com\/avatar\/35eed57940c7c9cec97e3798f2942a36959b90a968fafeeba64f6a913a09c00e?s=96&d=mm&r=g\",\"caption\":\"Thomas Kerstan\"},\"url\":\"https:\/\/blog.zeit.de\/schulblog\/author\/thomas-kerstan\/\"}]}<\/script>\n<!-- \/ Yoast SEO plugin. -->","yoast_head_json":{"title":"Eltern unter Verdacht - Das Schulblog","robots":{"index":"index","follow":"follow","max-snippet":"max-snippet:-1","max-image-preview":"max-image-preview:large","max-video-preview":"max-video-preview:-1"},"canonical":"https:\/\/blog.zeit.de\/schulblog\/2010\/02\/19\/eltern-unter-verdacht\/","og_locale":"de_DE","og_type":"article","og_title":"Eltern unter Verdacht - Das Schulblog","og_description":"Ein Kollege berichtete mir gerade von der Anmeldung seines Kindes f\u00fcr die Grundschule. Zur Auswahl standen eine katholische Schule und eine gut beleumundete staatliche, in deren N\u00e4he die Familie wohnt. Weil die Anmeldefrist f\u00fcr die katholische Schule ablief, bevor an den anderen Schulen die Tage der offenen T\u00fcr stattfanden (tolle Planung!), meldete der Kollege sein [&hellip;]","og_url":"https:\/\/blog.zeit.de\/schulblog\/2010\/02\/19\/eltern-unter-verdacht\/","og_site_name":"Das Schulblog","article_published_time":"2010-02-19T11:59:47+00:00","article_modified_time":"2010-03-01T10:22:43+00:00","author":"Thomas Kerstan","twitter_card":"summary_large_image","twitter_misc":{"Geschrieben von":"Thomas Kerstan","Gesch\u00e4tzte Lesezeit":"1\u00a0Minute"},"schema":{"@context":"https:\/\/schema.org","@graph":[{"@type":"WebPage","@id":"https:\/\/blog.zeit.de\/schulblog\/2010\/02\/19\/eltern-unter-verdacht\/","url":"https:\/\/blog.zeit.de\/schulblog\/2010\/02\/19\/eltern-unter-verdacht\/","name":"Eltern unter Verdacht - Das Schulblog","isPartOf":{"@id":"https:\/\/blog.zeit.de\/schulblog\/#website"},"datePublished":"2010-02-19T11:59:47+00:00","dateModified":"2010-03-01T10:22:43+00:00","author":{"@id":"https:\/\/blog.zeit.de\/schulblog\/#\/schema\/person\/d58f83982e95288853534dafd57faeb3"},"breadcrumb":{"@id":"https:\/\/blog.zeit.de\/schulblog\/2010\/02\/19\/eltern-unter-verdacht\/#breadcrumb"},"inLanguage":"de","potentialAction":[{"@type":"ReadAction","target":["https:\/\/blog.zeit.de\/schulblog\/2010\/02\/19\/eltern-unter-verdacht\/"]}]},{"@type":"BreadcrumbList","@id":"https:\/\/blog.zeit.de\/schulblog\/2010\/02\/19\/eltern-unter-verdacht\/#breadcrumb","itemListElement":[{"@type":"ListItem","position":1,"name":"Startseite","item":"https:\/\/blog.zeit.de\/schulblog\/"},{"@type":"ListItem","position":2,"name":"Eltern unter Verdacht"}]},{"@type":"WebSite","@id":"https:\/\/blog.zeit.de\/schulblog\/#website","url":"https:\/\/blog.zeit.de\/schulblog\/","name":"Das Schulblog","description":"f\u00fcr Lehrer, Sch\u00fcler, Eltern und Bildungs-Optimisten","potentialAction":[{"@type":"SearchAction","target":{"@type":"EntryPoint","urlTemplate":"https:\/\/blog.zeit.de\/schulblog\/?s={search_term_string}"},"query-input":"required name=search_term_string"}],"inLanguage":"de"},{"@type":"Person","@id":"https:\/\/blog.zeit.de\/schulblog\/#\/schema\/person\/d58f83982e95288853534dafd57faeb3","name":"Thomas Kerstan","image":{"@type":"ImageObject","inLanguage":"de","@id":"https:\/\/blog.zeit.de\/schulblog\/#\/schema\/person\/image\/","url":"https:\/\/secure.gravatar.com\/avatar\/35eed57940c7c9cec97e3798f2942a36959b90a968fafeeba64f6a913a09c00e?s=96&d=mm&r=g","contentUrl":"https:\/\/secure.gravatar.com\/avatar\/35eed57940c7c9cec97e3798f2942a36959b90a968fafeeba64f6a913a09c00e?s=96&d=mm&r=g","caption":"Thomas Kerstan"},"url":"https:\/\/blog.zeit.de\/schulblog\/author\/thomas-kerstan\/"}]}},"jetpack_featured_media_url":"","jetpack_sharing_enabled":true,"_links":{"self":[{"href":"https:\/\/blog.zeit.de\/schulblog\/wp-json\/wp\/v2\/posts\/39","targetHints":{"allow":["GET"]}}],"collection":[{"href":"https:\/\/blog.zeit.de\/schulblog\/wp-json\/wp\/v2\/posts"}],"about":[{"href":"https:\/\/blog.zeit.de\/schulblog\/wp-json\/wp\/v2\/types\/post"}],"author":[{"embeddable":true,"href":"https:\/\/blog.zeit.de\/schulblog\/wp-json\/wp\/v2\/users\/213"}],"replies":[{"embeddable":true,"href":"https:\/\/blog.zeit.de\/schulblog\/wp-json\/wp\/v2\/comments?post=39"}],"version-history":[{"count":0,"href":"https:\/\/blog.zeit.de\/schulblog\/wp-json\/wp\/v2\/posts\/39\/revisions"}],"wp:attachment":[{"href":"https:\/\/blog.zeit.de\/schulblog\/wp-json\/wp\/v2\/media?parent=39"}],"wp:term":[{"taxonomy":"category","embeddable":true,"href":"https:\/\/blog.zeit.de\/schulblog\/wp-json\/wp\/v2\/categories?post=39"},{"taxonomy":"post_tag","embeddable":true,"href":"https:\/\/blog.zeit.de\/schulblog\/wp-json\/wp\/v2\/tags?post=39"}],"curies":[{"name":"wp","href":"https:\/\/api.w.org\/{rel}","templated":true}]}}