{"id":472,"date":"2011-05-24T12:12:27","date_gmt":"2011-05-24T10:12:27","guid":{"rendered":"http:\/\/blog.zeit.de\/schulblog\/?p=472"},"modified":"2011-05-24T12:12:27","modified_gmt":"2011-05-24T10:12:27","slug":"interessant-die-cdu-renoviert-ihre-bildungspolitik","status":"publish","type":"post","link":"https:\/\/blog.zeit.de\/schulblog\/2011\/05\/24\/interessant-die-cdu-renoviert-ihre-bildungspolitik\/","title":{"rendered":"Interessant: Die CDU renoviert ihre Bildungspolitik"},"content":{"rendered":"<p>Die CDU \u00fcberdenkt ihre Schul- und Bildungspolitik. Auf dem Parteitag im November soll dazu ein neuer Grundsatzbeschluss gefasst werden, im Juni der Entwurf dazu im CDU-Bundesvorstand.<\/p>\n<p>Interessant ist das aus mehreren Gr\u00fcnden: <strong>Erstens<\/strong> war die Bildungspolitik der Union in den letzten Jahrzehnten sehr erfolgreich, die langj\u00e4hrig unionsgef\u00fchrten Bundesl\u00e4nder haben bei der Pisa-Studie besser abgeschnitten als die SPD-regierten. <strong>Zweitens<\/strong> aber gibt es nur noch drei L\u00e4nder, in denen die CDU den Kultusminister stellt: Sachsen, Mecklenburg-Vorpommern und Niedersachsen. Und <strong>drittens<\/strong> ist der erbittert gef\u00fchrte Schulkrieg inzwischen weitgehend einem Konsens der Parteien in den wesentlichen Fragen der Bildungspolitik gewichen. Man darf also gespannt sein, wie sich die erfolgreichste deutsche Bildungspartei zuk\u00fcnftig in diesem Politikfeld profilieren will.<\/p>\n<p>Beim Blick auf die ersten Ideen ist mein vorl\u00e4ufiges Urteil: Klingt im Gro\u00dfen und Ganzen vern\u00fcnftig. Unklar ist mir jedoch, wie sich die Union damit von der SPD und den Gr\u00fcnen absetzen will, die inzwischen ja auch auf den Kurs der Vernunft eingeschwenkt sind.<\/p>\n<p>Hier ein kleiner \u00dcberblick aktueller Artikel zur CDU-Bildungspolitik:<\/p>\n<p>Zur Einstimmung ein <a href=\"http:\/\/www.zeit.de\/2010\/20\/P-CDU-Bildungspolitik\">Kommentar von mir<\/a> vom Mai 2010.<\/p>\n<p>Ein <a href=\"http:\/\/www.zeit.de\/2011\/11\/C-Interview-Bildungspolitik\/komplettansicht\">ZEIT-Interview mit dem nieders\u00e4chsischen Kultusminister Bernd Althusmann.<\/a><\/p>\n<p>Ein aktueller <a href=\"http:\/\/www.spiegel.de\/schulspiegel\/wissen\/0,1518,764229,00.html\">\u00dcberblicksartikel auf Spiegel Online.<\/a><\/p>\n<p>Ein aktueller <a href=\"http:\/\/www.welt.de\/politik\/deutschland\/article13387978\/CDU-will-Haupt-und-Realschule-zusammenlegen.html\">\u00dcberblicksartikel auf Welt Online.<\/a><\/p>\n<p>Ein <a href=\"http:\/\/www.faz.net\/s\/Rub594835B672714A1DB1A121534F010EE1\/Doc~EE7612A3B6D624789800B59DF33EBF2E3~ATpl~Ecommon~Scontent.html\">Kommentar der FAZ-Bildungsredakteurin<\/a> Heike Schmoll.<\/p>\n","protected":false},"excerpt":{"rendered":"<p>Die CDU \u00fcberdenkt ihre Schul- und Bildungspolitik. Auf dem Parteitag im November soll dazu ein neuer Grundsatzbeschluss gefasst werden, im Juni der Entwurf dazu im CDU-Bundesvorstand. Interessant ist das aus mehreren Gr\u00fcnden: Erstens war die Bildungspolitik der Union in den letzten Jahrzehnten sehr erfolgreich, die langj\u00e4hrig unionsgef\u00fchrten Bundesl\u00e4nder haben bei der Pisa-Studie besser abgeschnitten als [&hellip;]<\/p>\n","protected":false},"author":213,"featured_media":0,"comment_status":"open","ping_status":"open","sticky":false,"template":"","format":"standard","meta":{"_jetpack_memberships_contains_paid_content":false,"footnotes":""},"categories":[1300],"tags":[2102,1296],"class_list":["post-472","post","type-post","status-publish","format-standard","hentry","category-schulpolitik","tag-cdu-schulpolitik","tag-schule"],"yoast_head":"<!-- This site is optimized with the Yoast SEO plugin v21.0 - https:\/\/yoast.com\/wordpress\/plugins\/seo\/ -->\n<title>Interessant: Die CDU renoviert ihre Bildungspolitik - Das Schulblog<\/title>\n<meta name=\"robots\" content=\"index, follow, max-snippet:-1, max-image-preview:large, max-video-preview:-1\" \/>\n<link rel=\"canonical\" href=\"https:\/\/blog.zeit.de\/schulblog\/2011\/05\/24\/interessant-die-cdu-renoviert-ihre-bildungspolitik\/\" \/>\n<meta property=\"og:locale\" content=\"de_DE\" \/>\n<meta property=\"og:type\" content=\"article\" \/>\n<meta property=\"og:title\" content=\"Interessant: Die CDU renoviert ihre Bildungspolitik - Das Schulblog\" \/>\n<meta property=\"og:description\" content=\"Die CDU \u00fcberdenkt ihre Schul- und Bildungspolitik. Auf dem Parteitag im November soll dazu ein neuer Grundsatzbeschluss gefasst werden, im Juni der Entwurf dazu im CDU-Bundesvorstand. Interessant ist das aus mehreren Gr\u00fcnden: Erstens war die Bildungspolitik der Union in den letzten Jahrzehnten sehr erfolgreich, die langj\u00e4hrig unionsgef\u00fchrten Bundesl\u00e4nder haben bei der Pisa-Studie besser abgeschnitten als [&hellip;]\" \/>\n<meta property=\"og:url\" content=\"https:\/\/blog.zeit.de\/schulblog\/2011\/05\/24\/interessant-die-cdu-renoviert-ihre-bildungspolitik\/\" \/>\n<meta property=\"og:site_name\" content=\"Das Schulblog\" \/>\n<meta property=\"article:published_time\" content=\"2011-05-24T10:12:27+00:00\" \/>\n<meta name=\"author\" content=\"Thomas Kerstan\" \/>\n<meta name=\"twitter:card\" content=\"summary_large_image\" \/>\n<meta name=\"twitter:label1\" content=\"Geschrieben von\" \/>\n\t<meta name=\"twitter:data1\" content=\"Thomas Kerstan\" \/>\n\t<meta name=\"twitter:label2\" content=\"Gesch\u00e4tzte Lesezeit\" \/>\n\t<meta name=\"twitter:data2\" content=\"1\u00a0Minute\" \/>\n<script type=\"application\/ld+json\" class=\"yoast-schema-graph\">{\"@context\":\"https:\/\/schema.org\",\"@graph\":[{\"@type\":\"WebPage\",\"@id\":\"https:\/\/blog.zeit.de\/schulblog\/2011\/05\/24\/interessant-die-cdu-renoviert-ihre-bildungspolitik\/\",\"url\":\"https:\/\/blog.zeit.de\/schulblog\/2011\/05\/24\/interessant-die-cdu-renoviert-ihre-bildungspolitik\/\",\"name\":\"Interessant: Die CDU renoviert ihre Bildungspolitik - Das Schulblog\",\"isPartOf\":{\"@id\":\"https:\/\/blog.zeit.de\/schulblog\/#website\"},\"datePublished\":\"2011-05-24T10:12:27+00:00\",\"dateModified\":\"2011-05-24T10:12:27+00:00\",\"author\":{\"@id\":\"https:\/\/blog.zeit.de\/schulblog\/#\/schema\/person\/d58f83982e95288853534dafd57faeb3\"},\"breadcrumb\":{\"@id\":\"https:\/\/blog.zeit.de\/schulblog\/2011\/05\/24\/interessant-die-cdu-renoviert-ihre-bildungspolitik\/#breadcrumb\"},\"inLanguage\":\"de\",\"potentialAction\":[{\"@type\":\"ReadAction\",\"target\":[\"https:\/\/blog.zeit.de\/schulblog\/2011\/05\/24\/interessant-die-cdu-renoviert-ihre-bildungspolitik\/\"]}]},{\"@type\":\"BreadcrumbList\",\"@id\":\"https:\/\/blog.zeit.de\/schulblog\/2011\/05\/24\/interessant-die-cdu-renoviert-ihre-bildungspolitik\/#breadcrumb\",\"itemListElement\":[{\"@type\":\"ListItem\",\"position\":1,\"name\":\"Startseite\",\"item\":\"https:\/\/blog.zeit.de\/schulblog\/\"},{\"@type\":\"ListItem\",\"position\":2,\"name\":\"Interessant: Die CDU renoviert ihre Bildungspolitik\"}]},{\"@type\":\"WebSite\",\"@id\":\"https:\/\/blog.zeit.de\/schulblog\/#website\",\"url\":\"https:\/\/blog.zeit.de\/schulblog\/\",\"name\":\"Das Schulblog\",\"description\":\"f\u00fcr Lehrer, Sch\u00fcler, Eltern und Bildungs-Optimisten\",\"potentialAction\":[{\"@type\":\"SearchAction\",\"target\":{\"@type\":\"EntryPoint\",\"urlTemplate\":\"https:\/\/blog.zeit.de\/schulblog\/?s={search_term_string}\"},\"query-input\":\"required name=search_term_string\"}],\"inLanguage\":\"de\"},{\"@type\":\"Person\",\"@id\":\"https:\/\/blog.zeit.de\/schulblog\/#\/schema\/person\/d58f83982e95288853534dafd57faeb3\",\"name\":\"Thomas Kerstan\",\"image\":{\"@type\":\"ImageObject\",\"inLanguage\":\"de\",\"@id\":\"https:\/\/blog.zeit.de\/schulblog\/#\/schema\/person\/image\/\",\"url\":\"https:\/\/secure.gravatar.com\/avatar\/35eed57940c7c9cec97e3798f2942a36959b90a968fafeeba64f6a913a09c00e?s=96&d=mm&r=g\",\"contentUrl\":\"https:\/\/secure.gravatar.com\/avatar\/35eed57940c7c9cec97e3798f2942a36959b90a968fafeeba64f6a913a09c00e?s=96&d=mm&r=g\",\"caption\":\"Thomas Kerstan\"},\"url\":\"https:\/\/blog.zeit.de\/schulblog\/author\/thomas-kerstan\/\"}]}<\/script>\n<!-- \/ Yoast SEO plugin. -->","yoast_head_json":{"title":"Interessant: Die CDU renoviert ihre Bildungspolitik - Das Schulblog","robots":{"index":"index","follow":"follow","max-snippet":"max-snippet:-1","max-image-preview":"max-image-preview:large","max-video-preview":"max-video-preview:-1"},"canonical":"https:\/\/blog.zeit.de\/schulblog\/2011\/05\/24\/interessant-die-cdu-renoviert-ihre-bildungspolitik\/","og_locale":"de_DE","og_type":"article","og_title":"Interessant: Die CDU renoviert ihre Bildungspolitik - Das Schulblog","og_description":"Die CDU \u00fcberdenkt ihre Schul- und Bildungspolitik. Auf dem Parteitag im November soll dazu ein neuer Grundsatzbeschluss gefasst werden, im Juni der Entwurf dazu im CDU-Bundesvorstand. Interessant ist das aus mehreren Gr\u00fcnden: Erstens war die Bildungspolitik der Union in den letzten Jahrzehnten sehr erfolgreich, die langj\u00e4hrig unionsgef\u00fchrten Bundesl\u00e4nder haben bei der Pisa-Studie besser abgeschnitten als [&hellip;]","og_url":"https:\/\/blog.zeit.de\/schulblog\/2011\/05\/24\/interessant-die-cdu-renoviert-ihre-bildungspolitik\/","og_site_name":"Das Schulblog","article_published_time":"2011-05-24T10:12:27+00:00","author":"Thomas Kerstan","twitter_card":"summary_large_image","twitter_misc":{"Geschrieben von":"Thomas Kerstan","Gesch\u00e4tzte Lesezeit":"1\u00a0Minute"},"schema":{"@context":"https:\/\/schema.org","@graph":[{"@type":"WebPage","@id":"https:\/\/blog.zeit.de\/schulblog\/2011\/05\/24\/interessant-die-cdu-renoviert-ihre-bildungspolitik\/","url":"https:\/\/blog.zeit.de\/schulblog\/2011\/05\/24\/interessant-die-cdu-renoviert-ihre-bildungspolitik\/","name":"Interessant: Die CDU renoviert ihre Bildungspolitik - Das Schulblog","isPartOf":{"@id":"https:\/\/blog.zeit.de\/schulblog\/#website"},"datePublished":"2011-05-24T10:12:27+00:00","dateModified":"2011-05-24T10:12:27+00:00","author":{"@id":"https:\/\/blog.zeit.de\/schulblog\/#\/schema\/person\/d58f83982e95288853534dafd57faeb3"},"breadcrumb":{"@id":"https:\/\/blog.zeit.de\/schulblog\/2011\/05\/24\/interessant-die-cdu-renoviert-ihre-bildungspolitik\/#breadcrumb"},"inLanguage":"de","potentialAction":[{"@type":"ReadAction","target":["https:\/\/blog.zeit.de\/schulblog\/2011\/05\/24\/interessant-die-cdu-renoviert-ihre-bildungspolitik\/"]}]},{"@type":"BreadcrumbList","@id":"https:\/\/blog.zeit.de\/schulblog\/2011\/05\/24\/interessant-die-cdu-renoviert-ihre-bildungspolitik\/#breadcrumb","itemListElement":[{"@type":"ListItem","position":1,"name":"Startseite","item":"https:\/\/blog.zeit.de\/schulblog\/"},{"@type":"ListItem","position":2,"name":"Interessant: Die CDU renoviert ihre Bildungspolitik"}]},{"@type":"WebSite","@id":"https:\/\/blog.zeit.de\/schulblog\/#website","url":"https:\/\/blog.zeit.de\/schulblog\/","name":"Das Schulblog","description":"f\u00fcr Lehrer, Sch\u00fcler, Eltern und Bildungs-Optimisten","potentialAction":[{"@type":"SearchAction","target":{"@type":"EntryPoint","urlTemplate":"https:\/\/blog.zeit.de\/schulblog\/?s={search_term_string}"},"query-input":"required name=search_term_string"}],"inLanguage":"de"},{"@type":"Person","@id":"https:\/\/blog.zeit.de\/schulblog\/#\/schema\/person\/d58f83982e95288853534dafd57faeb3","name":"Thomas Kerstan","image":{"@type":"ImageObject","inLanguage":"de","@id":"https:\/\/blog.zeit.de\/schulblog\/#\/schema\/person\/image\/","url":"https:\/\/secure.gravatar.com\/avatar\/35eed57940c7c9cec97e3798f2942a36959b90a968fafeeba64f6a913a09c00e?s=96&d=mm&r=g","contentUrl":"https:\/\/secure.gravatar.com\/avatar\/35eed57940c7c9cec97e3798f2942a36959b90a968fafeeba64f6a913a09c00e?s=96&d=mm&r=g","caption":"Thomas Kerstan"},"url":"https:\/\/blog.zeit.de\/schulblog\/author\/thomas-kerstan\/"}]}},"jetpack_featured_media_url":"","jetpack_sharing_enabled":true,"_links":{"self":[{"href":"https:\/\/blog.zeit.de\/schulblog\/wp-json\/wp\/v2\/posts\/472","targetHints":{"allow":["GET"]}}],"collection":[{"href":"https:\/\/blog.zeit.de\/schulblog\/wp-json\/wp\/v2\/posts"}],"about":[{"href":"https:\/\/blog.zeit.de\/schulblog\/wp-json\/wp\/v2\/types\/post"}],"author":[{"embeddable":true,"href":"https:\/\/blog.zeit.de\/schulblog\/wp-json\/wp\/v2\/users\/213"}],"replies":[{"embeddable":true,"href":"https:\/\/blog.zeit.de\/schulblog\/wp-json\/wp\/v2\/comments?post=472"}],"version-history":[{"count":2,"href":"https:\/\/blog.zeit.de\/schulblog\/wp-json\/wp\/v2\/posts\/472\/revisions"}],"predecessor-version":[{"id":474,"href":"https:\/\/blog.zeit.de\/schulblog\/wp-json\/wp\/v2\/posts\/472\/revisions\/474"}],"wp:attachment":[{"href":"https:\/\/blog.zeit.de\/schulblog\/wp-json\/wp\/v2\/media?parent=472"}],"wp:term":[{"taxonomy":"category","embeddable":true,"href":"https:\/\/blog.zeit.de\/schulblog\/wp-json\/wp\/v2\/categories?post=472"},{"taxonomy":"post_tag","embeddable":true,"href":"https:\/\/blog.zeit.de\/schulblog\/wp-json\/wp\/v2\/tags?post=472"}],"curies":[{"name":"wp","href":"https:\/\/api.w.org\/{rel}","templated":true}]}}