{"id":513,"date":"2011-06-28T15:06:10","date_gmt":"2011-06-28T13:06:10","guid":{"rendered":"http:\/\/blog.zeit.de\/schulblog\/?p=513"},"modified":"2011-06-28T15:06:10","modified_gmt":"2011-06-28T13:06:10","slug":"schreibschrift-oder-druckschrift","status":"publish","type":"post","link":"https:\/\/blog.zeit.de\/schulblog\/2011\/06\/28\/schreibschrift-oder-druckschrift\/","title":{"rendered":"Schreibschrift oder Druckschrift?"},"content":{"rendered":"<p>Ob es einen neuen Streit in Hamburg \u00fcber die Schulpolitik geben wird? Anlass w\u00e4re der gerade ver\u00f6ffentlichte <a title=\"Hamburger Bildungsplan\" href=\"http:\/\/www.li-hamburg.de\/fix\/files\/doc\/Deutsch_GrS_2011_06_17_K.pdf\" target=\"_blank\">Hamburger Bildungsplan f\u00fcr die Grundschule<\/a>. Er sieht vor, den Schulen freizustellen, ob die Kinder statt Druckschrift und Schreibschrift nur noch eine einzige Schrift lernen \u2013 die sogenannte Grundschrift. Sie basiert auf der Druckschrift. Walter Scheuerl vom Verein &#8222;Wir wollen lernen&#8220; spricht nun vom &#8222;Unbildungsplan&#8220;. Das <a href=\"http:\/\/www.zeit.de\/2011\/13\/C-Schreibschrift\">F\u00fcr und Wider der Grundschrift <\/a>k\u00f6nnen Sie in dem ZEIT-Text von Angelika Dietrich nachlesen.<\/p>\n","protected":false},"excerpt":{"rendered":"<p>Ob es einen neuen Streit in Hamburg \u00fcber die Schulpolitik geben wird? Anlass w\u00e4re der gerade ver\u00f6ffentlichte Hamburger Bildungsplan f\u00fcr die Grundschule. Er sieht vor, den Schulen freizustellen, ob die Kinder statt Druckschrift und Schreibschrift nur noch eine einzige Schrift lernen \u2013 die sogenannte Grundschrift. Sie basiert auf der Druckschrift. Walter Scheuerl vom Verein &#8222;Wir [&hellip;]<\/p>\n","protected":false},"author":142,"featured_media":0,"comment_status":"open","ping_status":"open","sticky":false,"template":"","format":"standard","meta":{"_jetpack_memberships_contains_paid_content":false,"footnotes":""},"categories":[1300],"tags":[],"class_list":["post-513","post","type-post","status-publish","format-standard","hentry","category-schulpolitik"],"yoast_head":"<!-- This site is optimized with the Yoast SEO plugin v21.0 - https:\/\/yoast.com\/wordpress\/plugins\/seo\/ -->\n<title>Schreibschrift oder Druckschrift? - Das Schulblog<\/title>\n<meta name=\"robots\" content=\"index, follow, max-snippet:-1, max-image-preview:large, max-video-preview:-1\" \/>\n<link rel=\"canonical\" href=\"https:\/\/blog.zeit.de\/schulblog\/2011\/06\/28\/schreibschrift-oder-druckschrift\/\" \/>\n<meta property=\"og:locale\" content=\"de_DE\" \/>\n<meta property=\"og:type\" content=\"article\" \/>\n<meta property=\"og:title\" content=\"Schreibschrift oder Druckschrift? - Das Schulblog\" \/>\n<meta property=\"og:description\" content=\"Ob es einen neuen Streit in Hamburg \u00fcber die Schulpolitik geben wird? Anlass w\u00e4re der gerade ver\u00f6ffentlichte Hamburger Bildungsplan f\u00fcr die Grundschule. Er sieht vor, den Schulen freizustellen, ob die Kinder statt Druckschrift und Schreibschrift nur noch eine einzige Schrift lernen \u2013 die sogenannte Grundschrift. Sie basiert auf der Druckschrift. Walter Scheuerl vom Verein &#8222;Wir [&hellip;]\" \/>\n<meta property=\"og:url\" content=\"https:\/\/blog.zeit.de\/schulblog\/2011\/06\/28\/schreibschrift-oder-druckschrift\/\" \/>\n<meta property=\"og:site_name\" content=\"Das Schulblog\" \/>\n<meta property=\"article:published_time\" content=\"2011-06-28T13:06:10+00:00\" \/>\n<meta name=\"author\" content=\"Parvin Sadigh\" \/>\n<meta name=\"twitter:card\" content=\"summary_large_image\" \/>\n<meta name=\"twitter:label1\" content=\"Geschrieben von\" \/>\n\t<meta name=\"twitter:data1\" content=\"Parvin Sadigh\" \/>\n<script type=\"application\/ld+json\" class=\"yoast-schema-graph\">{\"@context\":\"https:\/\/schema.org\",\"@graph\":[{\"@type\":\"WebPage\",\"@id\":\"https:\/\/blog.zeit.de\/schulblog\/2011\/06\/28\/schreibschrift-oder-druckschrift\/\",\"url\":\"https:\/\/blog.zeit.de\/schulblog\/2011\/06\/28\/schreibschrift-oder-druckschrift\/\",\"name\":\"Schreibschrift oder Druckschrift? - Das Schulblog\",\"isPartOf\":{\"@id\":\"https:\/\/blog.zeit.de\/schulblog\/#website\"},\"datePublished\":\"2011-06-28T13:06:10+00:00\",\"dateModified\":\"2011-06-28T13:06:10+00:00\",\"author\":{\"@id\":\"https:\/\/blog.zeit.de\/schulblog\/#\/schema\/person\/bc0c18ab8f3886ad90daf1a52999389f\"},\"breadcrumb\":{\"@id\":\"https:\/\/blog.zeit.de\/schulblog\/2011\/06\/28\/schreibschrift-oder-druckschrift\/#breadcrumb\"},\"inLanguage\":\"de\",\"potentialAction\":[{\"@type\":\"ReadAction\",\"target\":[\"https:\/\/blog.zeit.de\/schulblog\/2011\/06\/28\/schreibschrift-oder-druckschrift\/\"]}]},{\"@type\":\"BreadcrumbList\",\"@id\":\"https:\/\/blog.zeit.de\/schulblog\/2011\/06\/28\/schreibschrift-oder-druckschrift\/#breadcrumb\",\"itemListElement\":[{\"@type\":\"ListItem\",\"position\":1,\"name\":\"Startseite\",\"item\":\"https:\/\/blog.zeit.de\/schulblog\/\"},{\"@type\":\"ListItem\",\"position\":2,\"name\":\"Schreibschrift oder Druckschrift?\"}]},{\"@type\":\"WebSite\",\"@id\":\"https:\/\/blog.zeit.de\/schulblog\/#website\",\"url\":\"https:\/\/blog.zeit.de\/schulblog\/\",\"name\":\"Das Schulblog\",\"description\":\"f\u00fcr Lehrer, Sch\u00fcler, Eltern und Bildungs-Optimisten\",\"potentialAction\":[{\"@type\":\"SearchAction\",\"target\":{\"@type\":\"EntryPoint\",\"urlTemplate\":\"https:\/\/blog.zeit.de\/schulblog\/?s={search_term_string}\"},\"query-input\":\"required name=search_term_string\"}],\"inLanguage\":\"de\"},{\"@type\":\"Person\",\"@id\":\"https:\/\/blog.zeit.de\/schulblog\/#\/schema\/person\/bc0c18ab8f3886ad90daf1a52999389f\",\"name\":\"Parvin Sadigh\",\"image\":{\"@type\":\"ImageObject\",\"inLanguage\":\"de\",\"@id\":\"https:\/\/blog.zeit.de\/schulblog\/#\/schema\/person\/image\/\",\"url\":\"https:\/\/secure.gravatar.com\/avatar\/5e9f205f9e0e8000dec62e6b5e45d9c7f5bb6a76420bbf7553dac99205a6a594?s=96&d=mm&r=g\",\"contentUrl\":\"https:\/\/secure.gravatar.com\/avatar\/5e9f205f9e0e8000dec62e6b5e45d9c7f5bb6a76420bbf7553dac99205a6a594?s=96&d=mm&r=g\",\"caption\":\"Parvin Sadigh\"},\"description\":\"ist Redakteurin bei ZEIT ONLINE.\",\"url\":\"https:\/\/blog.zeit.de\/schulblog\/author\/parvin-sadigh\/\"}]}<\/script>\n<!-- \/ Yoast SEO plugin. -->","yoast_head_json":{"title":"Schreibschrift oder Druckschrift? - Das Schulblog","robots":{"index":"index","follow":"follow","max-snippet":"max-snippet:-1","max-image-preview":"max-image-preview:large","max-video-preview":"max-video-preview:-1"},"canonical":"https:\/\/blog.zeit.de\/schulblog\/2011\/06\/28\/schreibschrift-oder-druckschrift\/","og_locale":"de_DE","og_type":"article","og_title":"Schreibschrift oder Druckschrift? - Das Schulblog","og_description":"Ob es einen neuen Streit in Hamburg \u00fcber die Schulpolitik geben wird? Anlass w\u00e4re der gerade ver\u00f6ffentlichte Hamburger Bildungsplan f\u00fcr die Grundschule. Er sieht vor, den Schulen freizustellen, ob die Kinder statt Druckschrift und Schreibschrift nur noch eine einzige Schrift lernen \u2013 die sogenannte Grundschrift. Sie basiert auf der Druckschrift. Walter Scheuerl vom Verein &#8222;Wir [&hellip;]","og_url":"https:\/\/blog.zeit.de\/schulblog\/2011\/06\/28\/schreibschrift-oder-druckschrift\/","og_site_name":"Das Schulblog","article_published_time":"2011-06-28T13:06:10+00:00","author":"Parvin Sadigh","twitter_card":"summary_large_image","twitter_misc":{"Geschrieben von":"Parvin Sadigh"},"schema":{"@context":"https:\/\/schema.org","@graph":[{"@type":"WebPage","@id":"https:\/\/blog.zeit.de\/schulblog\/2011\/06\/28\/schreibschrift-oder-druckschrift\/","url":"https:\/\/blog.zeit.de\/schulblog\/2011\/06\/28\/schreibschrift-oder-druckschrift\/","name":"Schreibschrift oder Druckschrift? - Das Schulblog","isPartOf":{"@id":"https:\/\/blog.zeit.de\/schulblog\/#website"},"datePublished":"2011-06-28T13:06:10+00:00","dateModified":"2011-06-28T13:06:10+00:00","author":{"@id":"https:\/\/blog.zeit.de\/schulblog\/#\/schema\/person\/bc0c18ab8f3886ad90daf1a52999389f"},"breadcrumb":{"@id":"https:\/\/blog.zeit.de\/schulblog\/2011\/06\/28\/schreibschrift-oder-druckschrift\/#breadcrumb"},"inLanguage":"de","potentialAction":[{"@type":"ReadAction","target":["https:\/\/blog.zeit.de\/schulblog\/2011\/06\/28\/schreibschrift-oder-druckschrift\/"]}]},{"@type":"BreadcrumbList","@id":"https:\/\/blog.zeit.de\/schulblog\/2011\/06\/28\/schreibschrift-oder-druckschrift\/#breadcrumb","itemListElement":[{"@type":"ListItem","position":1,"name":"Startseite","item":"https:\/\/blog.zeit.de\/schulblog\/"},{"@type":"ListItem","position":2,"name":"Schreibschrift oder Druckschrift?"}]},{"@type":"WebSite","@id":"https:\/\/blog.zeit.de\/schulblog\/#website","url":"https:\/\/blog.zeit.de\/schulblog\/","name":"Das Schulblog","description":"f\u00fcr Lehrer, Sch\u00fcler, Eltern und Bildungs-Optimisten","potentialAction":[{"@type":"SearchAction","target":{"@type":"EntryPoint","urlTemplate":"https:\/\/blog.zeit.de\/schulblog\/?s={search_term_string}"},"query-input":"required name=search_term_string"}],"inLanguage":"de"},{"@type":"Person","@id":"https:\/\/blog.zeit.de\/schulblog\/#\/schema\/person\/bc0c18ab8f3886ad90daf1a52999389f","name":"Parvin Sadigh","image":{"@type":"ImageObject","inLanguage":"de","@id":"https:\/\/blog.zeit.de\/schulblog\/#\/schema\/person\/image\/","url":"https:\/\/secure.gravatar.com\/avatar\/5e9f205f9e0e8000dec62e6b5e45d9c7f5bb6a76420bbf7553dac99205a6a594?s=96&d=mm&r=g","contentUrl":"https:\/\/secure.gravatar.com\/avatar\/5e9f205f9e0e8000dec62e6b5e45d9c7f5bb6a76420bbf7553dac99205a6a594?s=96&d=mm&r=g","caption":"Parvin Sadigh"},"description":"ist Redakteurin bei ZEIT ONLINE.","url":"https:\/\/blog.zeit.de\/schulblog\/author\/parvin-sadigh\/"}]}},"jetpack_featured_media_url":"","jetpack_sharing_enabled":true,"_links":{"self":[{"href":"https:\/\/blog.zeit.de\/schulblog\/wp-json\/wp\/v2\/posts\/513","targetHints":{"allow":["GET"]}}],"collection":[{"href":"https:\/\/blog.zeit.de\/schulblog\/wp-json\/wp\/v2\/posts"}],"about":[{"href":"https:\/\/blog.zeit.de\/schulblog\/wp-json\/wp\/v2\/types\/post"}],"author":[{"embeddable":true,"href":"https:\/\/blog.zeit.de\/schulblog\/wp-json\/wp\/v2\/users\/142"}],"replies":[{"embeddable":true,"href":"https:\/\/blog.zeit.de\/schulblog\/wp-json\/wp\/v2\/comments?post=513"}],"version-history":[{"count":2,"href":"https:\/\/blog.zeit.de\/schulblog\/wp-json\/wp\/v2\/posts\/513\/revisions"}],"predecessor-version":[{"id":515,"href":"https:\/\/blog.zeit.de\/schulblog\/wp-json\/wp\/v2\/posts\/513\/revisions\/515"}],"wp:attachment":[{"href":"https:\/\/blog.zeit.de\/schulblog\/wp-json\/wp\/v2\/media?parent=513"}],"wp:term":[{"taxonomy":"category","embeddable":true,"href":"https:\/\/blog.zeit.de\/schulblog\/wp-json\/wp\/v2\/categories?post=513"},{"taxonomy":"post_tag","embeddable":true,"href":"https:\/\/blog.zeit.de\/schulblog\/wp-json\/wp\/v2\/tags?post=513"}],"curies":[{"name":"wp","href":"https:\/\/api.w.org\/{rel}","templated":true}]}}