{"id":1288,"date":"2010-05-21T14:52:50","date_gmt":"2010-05-21T12:52:50","guid":{"rendered":"http:\/\/blog.zeit.de\/bundesliga\/?p=1288"},"modified":"2010-05-22T23:24:33","modified_gmt":"2010-05-22T21:24:33","slug":"bayern-muenchen-finale-inter-mailand-live","status":"publish","type":"post","link":"https:\/\/blog.zeit.de\/sport-blog\/2010\/05\/21\/bayern-muenchen-finale-inter-mailand-live_1288","title":{"rendered":"Bayern M\u00fcnchen \u2013 Inter Mailand 0:2"},"content":{"rendered":"<p><em>Vorbemerkung<\/em><\/p>\n<p>Heute ist ein guter Tag, um Geschichte zu schreiben. Zum ersten Mal seit 2002, seit dem Levertitel Vizekusens, steht ein deutscher Verein in einem Champions-League-Finale. Louis van Gaal hat die Bayern nach Madrid gelenkt. Der schr\u00e4ge Kauz hat nicht nur die Tischmanieren unter Fu\u00dfballprofis eingef\u00fchrt, sondern ihnen auch nebenbei gute Raumaufteilung und Spiel ohne Ball beigebracht.<\/p>\n<p>Gegner ist ist Inter Mailand, dirigiert vom Defensiv\u00e4stheten Jos\u00e9 Mourinho, dem wohl <a href=\"http:\/\/www.youtube.com\/watch?v=BAI5x4BBD6o\">unterhaltsamsten Trainer<\/a> im Fu\u00dfball. Auf dem Weg nach Madrid hat er Chelsea und Barcelona ausgeschaltet \u2013 und geht als leichter Favorit ins Rennen. Brisanz gewinnt das Duell aus der Vita der beiden Trainer, denn Mourinho war Louis van Gaals Assistent in Barcelona. Die beiden sch\u00e4tzen sich, daher hat sich Mourinho die \u00fcblichen Spitzen vor dem Spiel verkniffen.<\/p>\n<p><a href=\"http:\/\/www.zonalmarking.net\/2010\/05\/21\/inter-milan-bayern-munich-tactics-champions-league-preview\/\">Erwartet<\/a> wird ein Duell <a href=\"http:\/\/www.sueddeutsche.de\/sport\/champions-league-die-taktik-beherrschen-und-verderben-1.946904\">auf taktisch h\u00f6chstem Niveau<\/a>. Bayern kann nur offensiv, Inter kann wohl beides.<\/p>\n<p>Heute sind wir also alle Bayern-Fans! Eigentlich will man sich ja nicht dem Motto der <em>Bild-Zeitung<\/em> unterordnen. Aber heute will ich mal eine Ausnahme machen. Wenn ich denn \u00fcberhaupt darf und in den Club aufgenommen werde. Denn bislang war ich der Sympathie f\u00fcr den FC Festgeld unverd\u00e4chtig, um es vorsichtig zu sagen (wiewohl die meisten geahnt haben d\u00fcrften, dass ich seit Jahren, heimlich, in Bayern-Bettw\u00e4sche schlafen gehe).<\/p>\n<p><em>Aufstellung<\/em><\/p>\n<p><strong>Bayern M\u00fcnchen<\/strong> Butt \u2013 Lahm, van Buyten, Demichelis, Badstuber \u2013 van Bommel, Schweinsteiger, Robben, M\u00fcller, Altintop \u2013 Olic     <\/p>\n<p><strong>Inter Mailand<\/strong> C\u00e9sar \u2013 Maicon, Lucio, Samuel, Zanetti \u2013 Cambiasso, Chivu, Eto&#8217;o, Sneijder, Pandev \u2013 Milito<\/p>\n<p>Um noch mal die politische Dimension des heutigen Abends ins Ged\u00e4chtnis zu rufen, sei an dieser Stelle Uli Hoene\u00df zitiert: &#8222;Es ist kein Zufall, dass der Herr Seehofer sagt, f\u00fcr uns als CSU ist es wichtig, dass der FC Bayern oben steht, denn das ist auch gut f\u00fcr die CSU. Die CSU steht f\u00fcrs Land, der FC Bayern steht f\u00fcrs Land.&#8220; (heute in der <a href=\"http:\/\/www.sueddeutsche.de\/sport\/uli-hoeness-im-interview-dann-kommt-der-wasserfall-1.946600\">SZ<\/a>)<\/p>\n<p>The Great <a href=\"http:\/\/www.allesaussersport.de\/archiv\/2010\/05\/22\/cl-finale-200910\/\">Dogfood<\/a> bloggt auch live. Und nat\u00fcrlich die henrinannenbepreisten<a href=\"http:\/\/www.11freunde.de\/liveticker\/130016\">11 Freunde<\/a>. Auch der <a href=\"http:\/\/www.guardian.co.uk\/football\/2010\/may\/22\/champions-league-final-bayern-inter-live\">Guardian<\/a> und die <a href=\"http:\/\/goal.blogs.nytimes.com\/2010\/05\/22\/champions-league-final-inter-milan-vs-bayern-munich\/?ref=global\">New York Times<\/a>. Wer noch?<\/p>\n<p><strong>3&#8242;<\/strong> Drei Minuten gespielt, noch immer hohes Tempo.<\/p>\n<p><strong>10&#8242;<\/strong> Es geschieht bislang Unerwartetes: Inter st\u00f6rt fr\u00fch, daf\u00fcr haben die Bayern im Angriff mehr Raum als vermutet. Robben mit einem ersten Durchbruch bis zur Grundlinie. <\/p>\n<p><strong>20&#8242;<\/strong> Inter hat den Bayern inzwischen den Ballbesitz weitgehend \u00fcberlassen, die aber die L\u00fccke noch nicht gefunden haben. Inters Verteidiger und Mittelfelddefensive stehen tief, dennoch attackieren die drei Offensiven. Dadurch ist die Distanz zwischen den Reihen erstaunlich gro\u00df. Die Bayern-Verteidiger sind aber sehr ballsicher, vor allem Demichelis.<\/p>\n<p>Vorhin h\u00e4tte es Handelfmeter f\u00fcr Bayern geben k\u00f6nnen, sp\u00e4ter einen indirekten Freisto\u00df an der Strafraumkante nach gef\u00e4hrlichem Spiel von Luc\u00edo.<\/p>\n<p><strong>35&#8242; Tor f\u00fcr Inter Mailand 0:1 <\/strong>Diego Milito So einfach kann Fu\u00dfball sein: Langer Ball von Torh\u00fcter C\u00e9sar, Milito gewinnt Kopfballduell und lenkt den Ball zu Snejder, der kurz diagonal auf Milito, der aus dreizehn Metern einlupft. Butt f\u00fcr mein Empfinden zu weit mittig.<\/p>\n<p><strong>43&#8242; <\/strong>Gro\u00dfchance f\u00fcr Inter zum 2:0 durch einen Konter. Diesmal passt umgekehrt Milito auf Snejder, aber Butt steht gut.<\/p>\n<p><strong>Halbzeit 0:1 <\/strong>Mourinho hat offenbar darauf gesetzt, dass drei bis vier Mann gen\u00fcgen, um anzugreifen. Das Tor und die Chance danach haben ihm Recht gegeben. Snejder und Milito verstehen sich sehr gut und k\u00f6nnen auch Unterzahlangriffe zur Gefahr machen. Bayern-Abwehr sah in diesen beiden Situationen gedanklich langsam aus, inklusive Butt. <\/p>\n<p>Bayern setzt bei Ballbesitz mehr Spieler ein, kommt aber nicht schnell in die Tiefe. Robben mit vielen Kontakten, doch Chivu (gelbbelastet), Zanetti und Cambiasso vertstellen ihm den Weg zur Grundlinie und zum Tor. Momentan sieht es so aus, als m\u00fcsste ein Distanzschuss f\u00fcr den Ausgleich her.<\/p>\n<p><strong>Jochen<\/strong> in den Kommentaren hat Recht: &#8222;Mailand hat einen Ehrentreffer, und das ist gut. Jetzt k\u00f6nnen die Bayern noch 4 Tore schie\u00dfen, ohne die Italiener zu arg zu blamieren.&#8220;<\/p>\n<p><strong>47&#8242; <\/strong>Zweite Halbzeit beginnt mit zwei sehr gute Chancen f\u00fcr den freistehenden M\u00fcller (nach 11 Sekunden), der C\u00e9sar anschie\u00dft \u2013 und den freigespielten Pandev auf der Gegenseite, die Butt vereitelt.<\/p>\n<p><strong>60&#8242;<\/strong> Verlegt sich Inter nun ausschlie\u00dflich aufs Verteidigen? Die vergangenen zehn Minuten sah es so aus. Bayern findet das Loch nicht. Wann kommen Klose oder Gomez?<\/p>\n<p><strong>65&#8242; <\/strong>Robben zwirbelt den Ball vom Strafraumeck ins lange Dreieck, doch C\u00e9sar ist dort stark. Klose ist nun f\u00fcr Altintop gekommen.<\/p>\n<p><strong>70&#8242; Tor f\u00fcr Inter Milito 0:2<\/strong> Konter, van Buyten ist f\u00fcr Milito ihm 1-gegen-1 kein Hindernis. Allein vor Butt schiebt er ein. Milito hat famose F\u00fc\u00dfe.<\/p>\n<p><strong>91&#8242; <\/strong>Mourinho bringt Materazzi, den ersten Italiener. Es geht Milito, der Mann des Spiels. Innenverteidiger f\u00fcr St\u00fcrmer, Mourinho hat das Spiel gewonnen.<\/p>\n<p><strong>Endstand 0:2 Inter Mailand ist Champions-League-Sieger <\/strong><\/p>\n<p>Die Strategie Jos\u00e9 Mourinhos der strikten Aufgabenverteilung ist aufgegangen: Verteidigen tun alle (auch der ehemalige Mittelst\u00fcrmer Eto&#8217;o), angreifen nur drei bis vier. Mit zwei Unterzahlangriffen hat Inter Mailand hat gewonnen. Da sah die Bayern-Abwehr nicht gut aus, vor allem die Innenverteidiger van Buyten und Demichelis, beim ersten Tor auch Butt nicht. Inter hat italienisch gespielt, also klug und diszipliniert verteidigt. Dennoch sieht sein Spiel attraktiv aus, denn die sehr beweglichen Snejder und Milito kombinieren schnell und passsicher. <\/p>\n<p>Bayern hatte etwa zwei Drittel Ballbesitz, doch sie konnten zu selten Tempo aufnehmen und in die Spitze spielen. Das sah teilweise hilflos aus und wie Fu\u00dfball aus der Vergangenheit. Aber vergessen wir nicht die Ausgleichschancen durch M\u00fcller und Robben. Aber Topform hat keiner erlangt. Schade, dass Rib\u00e9ry nicht dabei war. (Laut Beckenbauer h\u00e4tten die Bayern mit Rib\u00e9ry &#8222;nie verloren&#8220;.) Die eingewechselten Gomez und Klose \u00fcbrigens ohne Aktion.<\/p>\n<p>Beste Spieler: Milito, Cambiasso (beide Argentinien) f\u00fcr Inter, Robben bei den Bayern (auch wenn lange nicht in Bestform).<\/p>\n<p>Kein guter Tag f\u00fcr die CSU also, und ich hab als Talisman auch kein Gl\u00fcck gebracht. Lass ich k\u00fcnftig besser bleiben. Danke f\u00fcrs Mitmachen, bis zur WM.<\/p>\n","protected":false},"excerpt":{"rendered":"<p>Vorbemerkung Heute ist ein guter Tag, um Geschichte zu schreiben. Zum ersten Mal seit 2002, seit dem Levertitel Vizekusens, steht ein deutscher Verein in einem Champions-League-Finale. Louis van Gaal hat die Bayern nach Madrid gelenkt. Der schr\u00e4ge Kauz hat nicht nur die Tischmanieren unter Fu\u00dfballprofis eingef\u00fchrt, sondern ihnen auch nebenbei gute Raumaufteilung und Spiel ohne [&hellip;]<\/p>\n","protected":false},"author":68,"featured_media":0,"comment_status":"open","ping_status":"closed","sticky":false,"template":"","format":"standard","meta":{"_jetpack_memberships_contains_paid_content":false,"footnotes":""},"categories":[626],"tags":[1867,638,640,28857,656,2167,2168,1087,2169],"class_list":["post-1288","post","type-post","status-publish","format-standard","hentry","category-champions-league","tag-arjen-robben","tag-bastian-schweinsteiger","tag-bayern-munchen","tag-champions-league","tag-fc-bayern","tag-inter-mailand","tag-jose-mourinho","tag-louis-van-gaal","tag-madrid"],"yoast_head":"<!-- This site is optimized with the Yoast SEO plugin v21.0 - https:\/\/yoast.com\/wordpress\/plugins\/seo\/ -->\n<title>Bayern M\u00fcnchen \u2013 Inter Mailand 0:2 - Sport-Blog<\/title>\n<meta name=\"robots\" content=\"index, follow, max-snippet:-1, max-image-preview:large, max-video-preview:-1\" \/>\n<link rel=\"canonical\" href=\"https:\/\/blog.zeit.de\/sport-blog\/2010\/05\/21\/bayern-muenchen-finale-inter-mailand-live_1288\" \/>\n<meta property=\"og:locale\" content=\"de_DE\" \/>\n<meta property=\"og:type\" content=\"article\" \/>\n<meta property=\"og:title\" content=\"Bayern M\u00fcnchen \u2013 Inter Mailand 0:2 - Sport-Blog\" \/>\n<meta property=\"og:description\" content=\"Vorbemerkung Heute ist ein guter Tag, um Geschichte zu schreiben. Zum ersten Mal seit 2002, seit dem Levertitel Vizekusens, steht ein deutscher Verein in einem Champions-League-Finale. Louis van Gaal hat die Bayern nach Madrid gelenkt. Der schr\u00e4ge Kauz hat nicht nur die Tischmanieren unter Fu\u00dfballprofis eingef\u00fchrt, sondern ihnen auch nebenbei gute Raumaufteilung und Spiel ohne [&hellip;]\" \/>\n<meta property=\"og:url\" content=\"https:\/\/blog.zeit.de\/sport-blog\/2010\/05\/21\/bayern-muenchen-finale-inter-mailand-live_1288\" \/>\n<meta property=\"og:site_name\" content=\"Sport-Blog\" \/>\n<meta property=\"article:published_time\" content=\"2010-05-21T12:52:50+00:00\" \/>\n<meta property=\"article:modified_time\" content=\"2010-05-22T21:24:33+00:00\" \/>\n<meta name=\"author\" content=\"Oliver Fritsch\" \/>\n<meta name=\"twitter:card\" content=\"summary_large_image\" \/>\n<meta name=\"twitter:creator\" content=\"@zeitonlinesport\" \/>\n<meta name=\"twitter:site\" content=\"@zeitonlinesport\" \/>\n<meta name=\"twitter:label1\" content=\"Geschrieben von\" \/>\n\t<meta name=\"twitter:data1\" content=\"Oliver Fritsch\" \/>\n\t<meta name=\"twitter:label2\" content=\"Gesch\u00e4tzte Lesezeit\" \/>\n\t<meta name=\"twitter:data2\" content=\"5\u00a0Minuten\" \/>\n<script type=\"application\/ld+json\" class=\"yoast-schema-graph\">{\"@context\":\"https:\/\/schema.org\",\"@graph\":[{\"@type\":\"WebPage\",\"@id\":\"https:\/\/blog.zeit.de\/sport-blog\/2010\/05\/21\/bayern-muenchen-finale-inter-mailand-live_1288\",\"url\":\"https:\/\/blog.zeit.de\/sport-blog\/2010\/05\/21\/bayern-muenchen-finale-inter-mailand-live_1288\",\"name\":\"Bayern M\u00fcnchen \u2013 Inter Mailand 0:2 - Sport-Blog\",\"isPartOf\":{\"@id\":\"https:\/\/blog.zeit.de\/sport-blog\/#website\"},\"datePublished\":\"2010-05-21T12:52:50+00:00\",\"dateModified\":\"2010-05-22T21:24:33+00:00\",\"author\":{\"@id\":\"https:\/\/blog.zeit.de\/sport-blog\/#\/schema\/person\/a777b73a3977ba89615a71df1e8a5351\"},\"breadcrumb\":{\"@id\":\"https:\/\/blog.zeit.de\/sport-blog\/2010\/05\/21\/bayern-muenchen-finale-inter-mailand-live_1288#breadcrumb\"},\"inLanguage\":\"de\",\"potentialAction\":[{\"@type\":\"ReadAction\",\"target\":[\"https:\/\/blog.zeit.de\/sport-blog\/2010\/05\/21\/bayern-muenchen-finale-inter-mailand-live_1288\"]}]},{\"@type\":\"BreadcrumbList\",\"@id\":\"https:\/\/blog.zeit.de\/sport-blog\/2010\/05\/21\/bayern-muenchen-finale-inter-mailand-live_1288#breadcrumb\",\"itemListElement\":[{\"@type\":\"ListItem\",\"position\":1,\"name\":\"Startseite\",\"item\":\"https:\/\/blog.zeit.de\/sport-blog\"},{\"@type\":\"ListItem\",\"position\":2,\"name\":\"Bayern M\u00fcnchen \u2013 Inter Mailand 0:2\"}]},{\"@type\":\"WebSite\",\"@id\":\"https:\/\/blog.zeit.de\/sport-blog\/#website\",\"url\":\"https:\/\/blog.zeit.de\/sport-blog\/\",\"name\":\"Sport-Blog\",\"description\":\"Blog der ZEIT ONLINE Sportredaktion\",\"potentialAction\":[{\"@type\":\"SearchAction\",\"target\":{\"@type\":\"EntryPoint\",\"urlTemplate\":\"https:\/\/blog.zeit.de\/sport-blog\/?s={search_term_string}\"},\"query-input\":\"required name=search_term_string\"}],\"inLanguage\":\"de\"},{\"@type\":\"Person\",\"@id\":\"https:\/\/blog.zeit.de\/sport-blog\/#\/schema\/person\/a777b73a3977ba89615a71df1e8a5351\",\"name\":\"Oliver Fritsch\",\"image\":{\"@type\":\"ImageObject\",\"inLanguage\":\"de\",\"@id\":\"https:\/\/blog.zeit.de\/sport-blog\/#\/schema\/person\/image\/\",\"url\":\"https:\/\/secure.gravatar.com\/avatar\/e18313f9824de9a2182adf7910c220849b2b3d3c32aea9a8364191b61387ee36?s=96&d=mm&r=g\",\"contentUrl\":\"https:\/\/secure.gravatar.com\/avatar\/e18313f9824de9a2182adf7910c220849b2b3d3c32aea9a8364191b61387ee36?s=96&d=mm&r=g\",\"caption\":\"Oliver Fritsch\"},\"description\":\"ist Sportredakteur von ZEIT ONLINE und Gr\u00fcnder der Hartplatzhelden, einem Video-Portal f\u00fcr Amateurfu\u00dfballer.\",\"url\":\"https:\/\/blog.zeit.de\/sport-blog\/author\/oliver-fritsch\"}]}<\/script>\n<!-- \/ Yoast SEO plugin. -->","yoast_head_json":{"title":"Bayern M\u00fcnchen \u2013 Inter Mailand 0:2 - Sport-Blog","robots":{"index":"index","follow":"follow","max-snippet":"max-snippet:-1","max-image-preview":"max-image-preview:large","max-video-preview":"max-video-preview:-1"},"canonical":"https:\/\/blog.zeit.de\/sport-blog\/2010\/05\/21\/bayern-muenchen-finale-inter-mailand-live_1288","og_locale":"de_DE","og_type":"article","og_title":"Bayern M\u00fcnchen \u2013 Inter Mailand 0:2 - Sport-Blog","og_description":"Vorbemerkung Heute ist ein guter Tag, um Geschichte zu schreiben. Zum ersten Mal seit 2002, seit dem Levertitel Vizekusens, steht ein deutscher Verein in einem Champions-League-Finale. Louis van Gaal hat die Bayern nach Madrid gelenkt. Der schr\u00e4ge Kauz hat nicht nur die Tischmanieren unter Fu\u00dfballprofis eingef\u00fchrt, sondern ihnen auch nebenbei gute Raumaufteilung und Spiel ohne [&hellip;]","og_url":"https:\/\/blog.zeit.de\/sport-blog\/2010\/05\/21\/bayern-muenchen-finale-inter-mailand-live_1288","og_site_name":"Sport-Blog","article_published_time":"2010-05-21T12:52:50+00:00","article_modified_time":"2010-05-22T21:24:33+00:00","author":"Oliver Fritsch","twitter_card":"summary_large_image","twitter_creator":"@zeitonlinesport","twitter_site":"@zeitonlinesport","twitter_misc":{"Geschrieben von":"Oliver Fritsch","Gesch\u00e4tzte Lesezeit":"5\u00a0Minuten"},"schema":{"@context":"https:\/\/schema.org","@graph":[{"@type":"WebPage","@id":"https:\/\/blog.zeit.de\/sport-blog\/2010\/05\/21\/bayern-muenchen-finale-inter-mailand-live_1288","url":"https:\/\/blog.zeit.de\/sport-blog\/2010\/05\/21\/bayern-muenchen-finale-inter-mailand-live_1288","name":"Bayern M\u00fcnchen \u2013 Inter Mailand 0:2 - Sport-Blog","isPartOf":{"@id":"https:\/\/blog.zeit.de\/sport-blog\/#website"},"datePublished":"2010-05-21T12:52:50+00:00","dateModified":"2010-05-22T21:24:33+00:00","author":{"@id":"https:\/\/blog.zeit.de\/sport-blog\/#\/schema\/person\/a777b73a3977ba89615a71df1e8a5351"},"breadcrumb":{"@id":"https:\/\/blog.zeit.de\/sport-blog\/2010\/05\/21\/bayern-muenchen-finale-inter-mailand-live_1288#breadcrumb"},"inLanguage":"de","potentialAction":[{"@type":"ReadAction","target":["https:\/\/blog.zeit.de\/sport-blog\/2010\/05\/21\/bayern-muenchen-finale-inter-mailand-live_1288"]}]},{"@type":"BreadcrumbList","@id":"https:\/\/blog.zeit.de\/sport-blog\/2010\/05\/21\/bayern-muenchen-finale-inter-mailand-live_1288#breadcrumb","itemListElement":[{"@type":"ListItem","position":1,"name":"Startseite","item":"https:\/\/blog.zeit.de\/sport-blog"},{"@type":"ListItem","position":2,"name":"Bayern M\u00fcnchen \u2013 Inter Mailand 0:2"}]},{"@type":"WebSite","@id":"https:\/\/blog.zeit.de\/sport-blog\/#website","url":"https:\/\/blog.zeit.de\/sport-blog\/","name":"Sport-Blog","description":"Blog der ZEIT ONLINE Sportredaktion","potentialAction":[{"@type":"SearchAction","target":{"@type":"EntryPoint","urlTemplate":"https:\/\/blog.zeit.de\/sport-blog\/?s={search_term_string}"},"query-input":"required name=search_term_string"}],"inLanguage":"de"},{"@type":"Person","@id":"https:\/\/blog.zeit.de\/sport-blog\/#\/schema\/person\/a777b73a3977ba89615a71df1e8a5351","name":"Oliver Fritsch","image":{"@type":"ImageObject","inLanguage":"de","@id":"https:\/\/blog.zeit.de\/sport-blog\/#\/schema\/person\/image\/","url":"https:\/\/secure.gravatar.com\/avatar\/e18313f9824de9a2182adf7910c220849b2b3d3c32aea9a8364191b61387ee36?s=96&d=mm&r=g","contentUrl":"https:\/\/secure.gravatar.com\/avatar\/e18313f9824de9a2182adf7910c220849b2b3d3c32aea9a8364191b61387ee36?s=96&d=mm&r=g","caption":"Oliver Fritsch"},"description":"ist Sportredakteur von ZEIT ONLINE und Gr\u00fcnder der Hartplatzhelden, einem Video-Portal f\u00fcr Amateurfu\u00dfballer.","url":"https:\/\/blog.zeit.de\/sport-blog\/author\/oliver-fritsch"}]}},"jetpack_featured_media_url":"","jetpack_sharing_enabled":true,"_links":{"self":[{"href":"https:\/\/blog.zeit.de\/sport-blog\/wp-json\/wp\/v2\/posts\/1288","targetHints":{"allow":["GET"]}}],"collection":[{"href":"https:\/\/blog.zeit.de\/sport-blog\/wp-json\/wp\/v2\/posts"}],"about":[{"href":"https:\/\/blog.zeit.de\/sport-blog\/wp-json\/wp\/v2\/types\/post"}],"author":[{"embeddable":true,"href":"https:\/\/blog.zeit.de\/sport-blog\/wp-json\/wp\/v2\/users\/68"}],"replies":[{"embeddable":true,"href":"https:\/\/blog.zeit.de\/sport-blog\/wp-json\/wp\/v2\/comments?post=1288"}],"version-history":[{"count":0,"href":"https:\/\/blog.zeit.de\/sport-blog\/wp-json\/wp\/v2\/posts\/1288\/revisions"}],"wp:attachment":[{"href":"https:\/\/blog.zeit.de\/sport-blog\/wp-json\/wp\/v2\/media?parent=1288"}],"wp:term":[{"taxonomy":"category","embeddable":true,"href":"https:\/\/blog.zeit.de\/sport-blog\/wp-json\/wp\/v2\/categories?post=1288"},{"taxonomy":"post_tag","embeddable":true,"href":"https:\/\/blog.zeit.de\/sport-blog\/wp-json\/wp\/v2\/tags?post=1288"}],"curies":[{"name":"wp","href":"https:\/\/api.w.org\/{rel}","templated":true}]}}