{"id":3787,"date":"2012-06-07T14:38:34","date_gmt":"2012-06-07T12:38:34","guid":{"rendered":"http:\/\/blog.zeit.de\/sport-blog\/?p=3787"},"modified":"2012-06-08T14:05:50","modified_gmt":"2012-06-08T12:05:50","slug":"em-2012-mannschaft-quartiere","status":"publish","type":"post","link":"https:\/\/blog.zeit.de\/sport-blog\/2012\/06\/07\/em-2012-mannschaft-quartiere_3787","title":{"rendered":"Wer spielt edel, wer schl\u00e4ft nur so?"},"content":{"rendered":"<p>&#8222;Wie man sich bettet, so spielt man&#8220; lautet eine alte Fu\u00dfballerweisheit. Kein Wunder, dass die Mannschaften der Europameisterschaft ganz genau darauf achten, wo sie sich nun betten. Luxus trumpft dabei Reisezeit: Neben dem Gastgeber haben nur zwei weitere Mannschaften (Frankreich und Schweden) ihr Lager in der Ukraine bezogen. Der Rest hat sich auf polnischem Boden eingenistet und darf sich auf weite Wege durch Osteuropa freuen.<\/p>\n<p>Doch was sagen die H\u00e4uslichkeiten \u00fcber die Teams aus? Wer spielt edel und wer schl\u00e4ft nur so? Wir wagen eine Analyse.<\/p>\n<p><strong>Deutschland<\/strong><\/p>\n<p><figure id=\"attachment_3832\" aria-describedby=\"caption-attachment-3832\" style=\"width: 540px\" class=\"wp-caption aligncenter\"><img loading=\"lazy\" decoding=\"async\" class=\"size-large wp-image-3832\" src=\"https:\/\/blog.zeit.de\/sport-blog\/files\/2012\/06\/31938881-1024x657.jpg\" alt=\"\" width=\"540\" height=\"304\" \/><figcaption id=\"caption-attachment-3832\" class=\"wp-caption-text\">\u00a9 Marcus Brandt\/dpa<\/figcaption><\/figure><\/p>\n<p>Schon das Lager der deutschen Nationalmannschaft verspr\u00fcht mehr Lenor als Jogi L\u00f6w beim Hemdenkaufen. &#8222;Dw\u00f3r Oliwski&#8220;, Olivaer Hof, hei\u00dft das Teamhotel. Es liegt im Danziger Stadtteil Oliwa, auch &#8222;Tal der Freude&#8220; genannt, und \u00e4hnelt einer Dorfidylle wie man sie sonst nur aus polnischen Heimatfilmen kennt. \u00c4hnlich schmalzig bezeichnete der DFB-Pr\u00e4sident Wolfgang Niersbach die Wahl als &#8222;Liebe auf den ersten Blick&#8220;. Dabei sollte man nach den <a href=\"http:\/\/www.zeit.de\/sport\/2012-05\/testspiel-em-deutschland-schweiz-2\">j\u00fcngsten Leistungen<\/a> der Mannschaft eine etwas h\u00e4rtere Gangart erwarten. Soll hei\u00dfen: mehr Trainingscamp und weniger Wohlf\u00fchl-Bubble. Vielleicht brauchen die Deutschen diese provinzielle Idylle aber auch, bevor der BVB-Block sich abspaltet und n\u00e4chstes Mal als eigenes Team aufl\u00e4uft. Teilen sich Hummels und Mertesacker eigentlich ein Zimmer?<\/p>\n<p><strong>Griechenland<\/strong><\/p>\n<p><figure id=\"attachment_3808\" aria-describedby=\"caption-attachment-3808\" style=\"width: 540px\" class=\"wp-caption aligncenter\"><img loading=\"lazy\" decoding=\"async\" class=\"size-large wp-image-3808\" src=\"https:\/\/blog.zeit.de\/sport-blog\/files\/2012\/06\/RTR2VKG8-1024x692.jpg\" alt=\"\" width=\"540\" height=\"304\" \/><figcaption id=\"caption-attachment-3808\" class=\"wp-caption-text\">\u00a9 Peter Andrews \/ Reuters<\/figcaption><\/figure><\/p>\n<p>In Griechenland gibt es derzeit wahrlich wenig zu lachen. Deswegen sind die meisten Griechen-Witze noch schlechter als die Quoten auf einen zweiten EM-Sieg. Um es den gebeutelten S\u00fcdl\u00e4ndern dennoch so angenehm wie m\u00f6glich zu machen, versuchen es die Gastgeber mit Palmen, Marmor und antiker Architektur. Pech nur, dass die Mannschaft auch in der Post-Rehakles-\u00c4ra \u00e4hnlich altert\u00fcmlich und oft mit der Grazie eines <a href=\"http:\/\/www.youtube.com\/watch?v=nRrysGj_mxc\">Baby-Elefanten<\/a> (im Bild rechts) spielt. Immerhin, das Wein-Angebot des Warszawianka Hotel in Jachranka soll einen hohen Stellenwert genie\u00dfen.<\/p>\n<p><strong>Spanien<\/strong><\/p>\n<p><figure id=\"attachment_3867\" aria-describedby=\"caption-attachment-3867\" style=\"width: 540px\" class=\"wp-caption aligncenter\"><img loading=\"lazy\" decoding=\"async\" class=\"size-large wp-image-3867\" src=\"https:\/\/blog.zeit.de\/sport-blog\/files\/2012\/06\/RTR2URYE-1024x681.jpg\" alt=\"\" width=\"540\" height=\"304\" \/><figcaption id=\"caption-attachment-3867\" class=\"wp-caption-text\">\u00a9 Peter Andrews \/ Reuters<\/figcaption><\/figure><\/p>\n<p>Was ist eigentlich mit den Spaniern los? Erst belegt der Verband die Spieler mit <a href=\"http:\/\/www.goal.com\/de\/news\/959\/em-2012\/2012\/06\/01\/3141769\/vicente-del-bosque-erteilt-spanien-twitter-verbot\">einem Twitter-Verbot<\/a>, dann nehmen sie ein ganzes polnisches Dorf in Beschlag. Selbst die Bewohner <a href=\"http:\/\/de.wikipedia.org\/wiki\/Gniewino\">Gnewins<\/a> d\u00fcrfen die n\u00e4chsten Wochen nur noch mit Zutrittsberechtigung &#8222;einreisen&#8220;. Sind das erste Anzeichen von Star-All\u00fcren? Ein Erwachen imperialistischer Wurzeln? Oder hat die &#8222;rote Furie&#8220; angesichts der gro\u00dfen Erwartungen einfach Muffensausen? Abgesehen von viel Ruhe bietet das Mistral Hotel auch ein gro\u00dfes Billard-Angebot. K\u00f6nnen die Spanier das \u00fcberhaupt? Einlochen. Ok, doofe Frage.<\/p>\n<p><strong>England<\/strong><\/p>\n<p><figure id=\"attachment_3819\" aria-describedby=\"caption-attachment-3819\" style=\"width: 540px\" class=\"wp-caption aligncenter\"><img loading=\"lazy\" decoding=\"async\" class=\"size-large wp-image-3819\" src=\"https:\/\/blog.zeit.de\/sport-blog\/files\/2012\/06\/RTR2TZ3I-1024x682.jpg\" alt=\"\" width=\"540\" height=\"304\" \/><figcaption id=\"caption-attachment-3819\" class=\"wp-caption-text\">\u00a9 Kacper Pempel \/ Reuters<\/figcaption><\/figure><\/p>\n<p>Ganz anders als die Spanier hausen die Engl\u00e4nder. Der gemeine englische Fu\u00dfballer gilt als geselliges Wesen, bisweilen <a href=\"http:\/\/www.sueddeutsche.de\/sport\/sex-affaere-um-john-terry-passt-auf-eure-frauen-auf-1.61449\">etwas zu gesellig<\/a>. Deswegen vergraben sich die Engl\u00e4nder auch nicht in abgesperrten Arealen, sondern beziehen ihr Quartier mitten in Krakaus Innenstadt. Da ist das Leben, da sind die Fans und es ist auch nicht weit, um nach dem <em>Dinner<\/em> noch einige <em>Pint<\/em> im nah gelegenen Pub zu z\u00fcnden oder sich vor den britischen Tabloids <a href=\"http:\/\/www.dailymail.co.uk\/sport\/football\/article-1299753\/Wayne-Rooney-smoking-urinating-street-wonder-Manchester-United-hero-puff.html\">zu blamieren<\/a>. Vielleicht haben die Engl\u00e4nder aber auch mehr Stil als man denkt. Die Zimmer des Hotel Stary jedenfalls sind beeindruckend in Gr\u00f6\u00dfe und Eleganz, ganz anders als John Terrys Charakter also. Unklar ist, ob auch in Doppelzimmern die Badewanne neben dem Bett steht. Aber wie gesagt: Die Engl\u00e4nder sind ja gesellig.<\/p>\n<p><strong>Portugal<\/strong><\/p>\n<p><figure id=\"attachment_3868\" aria-describedby=\"caption-attachment-3868\" style=\"width: 540px\" class=\"wp-caption aligncenter\"><img loading=\"lazy\" decoding=\"async\" class=\"size-large wp-image-3868\" src=\"https:\/\/blog.zeit.de\/sport-blog\/files\/2012\/06\/RTR2UHCA-1024x682.jpg\" alt=\"\" width=\"540\" height=\"304\" \/><figcaption id=\"caption-attachment-3868\" class=\"wp-caption-text\">\u00a9 Reuters<\/figcaption><\/figure><\/p>\n<p>&#8222;Wo befreundete Wege zusammenlaufen, da sieht die ganze Welt f\u00fcr eine Stunde wie Heimat aus.&#8220; Dieses Zitat von Hermann Hesse ist in den flauschigen Teppich des Hotels in Opalenica <a href=\"https:\/\/blog.zeit.de\/sport-blog\/files\/2012\/06\/RTR2UHDA.jpg\">gewoben<\/a>. Hier gastiert die portugiesische Mannschaft. Erstaunlich, vermutet man hinter Spielern wie Cristiano Ronaldo angesichts seiner <a href=\"http:\/\/www.premiershiptalk.com\/wp-content\/uploads\/2009\/05\/ronaldo-freekick.jpg\">Freisto\u00dfzelebration<\/a> doch eher einen Fan gediegener <a href=\"http:\/\/de.wikipedia.org\/wiki\/Lassiter_%28Roman%29\">Wildwestliteratur<\/a>. Sonst hat die Behausung weniger mit der s\u00fcdl\u00e4ndischen Heimat als mit nordischem Minimalismus zu tun. Einzig der Preis ist so hei\u00df wie die Sonne an der Algarve: Mit 33.000 Euro pro Tag ist es das teuerste aller EM-Quartiere, Haargel und der Fris\u00f6r von <a href=\"http:\/\/cdn.bleacherreport.net\/images_root\/images\/photos\/001\/272\/939\/115580178_crop_650x440.jpg?1309875376\">F\u00e1bio Coentr\u00e3o<\/a> exklusive. Vielleicht wollten sie es tats\u00e4chlich \u2013 frei nach Hesse \u2013 nur f\u00fcr eine Stunde (oder Vorrunde) buchen.<\/p>\n<p><strong>Schweden<\/strong><\/p>\n<p><figure id=\"attachment_3848\" aria-describedby=\"caption-attachment-3848\" style=\"width: 540px\" class=\"wp-caption aligncenter\"><img loading=\"lazy\" decoding=\"async\" class=\"size-large wp-image-3848\" src=\"https:\/\/blog.zeit.de\/sport-blog\/files\/2012\/06\/RTR2WF5R-1024x620.jpg\" alt=\"\" width=\"540\" height=\"304\" \/><figcaption id=\"caption-attachment-3848\" class=\"wp-caption-text\">\u00a9 Gleb Garanich \/ Reuters<\/figcaption><\/figure><\/p>\n<p>Im Gegensatz zu den Luxushotels der Konkurrenz haben sich die Schweden pragmatisch eingenistet. Das Platium Hotel (nein, hier wurde kein &#8217;n&#8216; vergessen) au\u00dferhalb Kiews verspr\u00fcht schon von Au\u00dfen einen Charme zwischen Tanke und Rastplatz. Im Inneren ist es nicht besser: Die Badezimmer sind in <a href=\"https:\/\/blog.zeit.de\/sport-blog\/files\/2012\/06\/RTR2WF6L.jpg\">stilsicherem Braun<\/a> gehalten (oder ist das schon Terrakotta?), die Hometrainer sehen aus, als w\u00fcrde an ihnen noch der Schwei\u00df aus UdSSR-Zeiten haften. Das passt einerseits zum schwedischen Spiel (ernst, kompakt, ohne Schnickschnack), st\u00f6\u00dft sich andererseits an schwedischen Designmaximen (offen, hell, \u00e4sthetisch sch\u00f6n). Ob dieser Kulturschock mal gut geht. Was wohl der Lebemann Zlatan Ibrahimovi\u0107 \u00fcber diese Wahl sagt?<\/p>\n","protected":false},"excerpt":{"rendered":"<p>&#8222;Wie man sich bettet, so spielt man&#8220; lautet eine alte Fu\u00dfballerweisheit. Kein Wunder, dass die Mannschaften der Europameisterschaft ganz genau darauf achten, wo sie sich nun betten. Luxus trumpft dabei Reisezeit: Neben dem Gastgeber haben nur zwei weitere Mannschaften (Frankreich und Schweden) ihr Lager in der Ukraine bezogen. Der Rest hat sich auf polnischem Boden [&hellip;]<\/p>\n","protected":false},"author":304,"featured_media":0,"comment_status":"open","ping_status":"closed","sticky":false,"template":"","format":"standard","meta":{"_jetpack_memberships_contains_paid_content":false,"footnotes":""},"categories":[1,17149],"tags":[6259,6260,15823,6261,17262],"class_list":["post-3787","post","type-post","status-publish","format-standard","hentry","category-allgemein","category-europameisterschaft","tag-em20120","tag-hotel","tag-polen","tag-quartier","tag-ukraine"],"yoast_head":"<!-- This site is optimized with the Yoast SEO plugin v21.0 - https:\/\/yoast.com\/wordpress\/plugins\/seo\/ -->\n<title>Wer spielt edel, wer schl\u00e4ft nur so? - Sport-Blog<\/title>\n<meta name=\"robots\" content=\"index, follow, max-snippet:-1, max-image-preview:large, max-video-preview:-1\" \/>\n<link rel=\"canonical\" href=\"https:\/\/blog.zeit.de\/sport-blog\/2012\/06\/07\/em-2012-mannschaft-quartiere_3787\" \/>\n<meta property=\"og:locale\" content=\"de_DE\" \/>\n<meta property=\"og:type\" content=\"article\" \/>\n<meta property=\"og:title\" content=\"Wer spielt edel, wer schl\u00e4ft nur so? - Sport-Blog\" \/>\n<meta property=\"og:description\" content=\"&#8222;Wie man sich bettet, so spielt man&#8220; lautet eine alte Fu\u00dfballerweisheit. Kein Wunder, dass die Mannschaften der Europameisterschaft ganz genau darauf achten, wo sie sich nun betten. Luxus trumpft dabei Reisezeit: Neben dem Gastgeber haben nur zwei weitere Mannschaften (Frankreich und Schweden) ihr Lager in der Ukraine bezogen. Der Rest hat sich auf polnischem Boden [&hellip;]\" \/>\n<meta property=\"og:url\" content=\"https:\/\/blog.zeit.de\/sport-blog\/2012\/06\/07\/em-2012-mannschaft-quartiere_3787\" \/>\n<meta property=\"og:site_name\" content=\"Sport-Blog\" \/>\n<meta property=\"article:published_time\" content=\"2012-06-07T12:38:34+00:00\" \/>\n<meta property=\"article:modified_time\" content=\"2012-06-08T12:05:50+00:00\" \/>\n<meta property=\"og:image\" content=\"https:\/\/blog.zeit.de\/sport-blog\/files\/2012\/06\/31938881-1024x657.jpg\" \/>\n<meta name=\"author\" content=\"Eike K\u00fchl\" \/>\n<meta name=\"twitter:card\" content=\"summary_large_image\" \/>\n<meta name=\"twitter:creator\" content=\"@zeitonlinesport\" \/>\n<meta name=\"twitter:site\" content=\"@zeitonlinesport\" \/>\n<meta name=\"twitter:label1\" content=\"Geschrieben von\" \/>\n\t<meta name=\"twitter:data1\" content=\"Eike K\u00fchl\" \/>\n\t<meta name=\"twitter:label2\" content=\"Gesch\u00e4tzte Lesezeit\" \/>\n\t<meta name=\"twitter:data2\" content=\"4\u00a0Minuten\" \/>\n<script type=\"application\/ld+json\" class=\"yoast-schema-graph\">{\"@context\":\"https:\/\/schema.org\",\"@graph\":[{\"@type\":\"WebPage\",\"@id\":\"https:\/\/blog.zeit.de\/sport-blog\/2012\/06\/07\/em-2012-mannschaft-quartiere_3787\",\"url\":\"https:\/\/blog.zeit.de\/sport-blog\/2012\/06\/07\/em-2012-mannschaft-quartiere_3787\",\"name\":\"Wer spielt edel, wer schl\u00e4ft nur so? - Sport-Blog\",\"isPartOf\":{\"@id\":\"https:\/\/blog.zeit.de\/sport-blog\/#website\"},\"datePublished\":\"2012-06-07T12:38:34+00:00\",\"dateModified\":\"2012-06-08T12:05:50+00:00\",\"author\":{\"@id\":\"https:\/\/blog.zeit.de\/sport-blog\/#\/schema\/person\/d0be432685b68611fdcb91d565e60cc8\"},\"breadcrumb\":{\"@id\":\"https:\/\/blog.zeit.de\/sport-blog\/2012\/06\/07\/em-2012-mannschaft-quartiere_3787#breadcrumb\"},\"inLanguage\":\"de\",\"potentialAction\":[{\"@type\":\"ReadAction\",\"target\":[\"https:\/\/blog.zeit.de\/sport-blog\/2012\/06\/07\/em-2012-mannschaft-quartiere_3787\"]}]},{\"@type\":\"BreadcrumbList\",\"@id\":\"https:\/\/blog.zeit.de\/sport-blog\/2012\/06\/07\/em-2012-mannschaft-quartiere_3787#breadcrumb\",\"itemListElement\":[{\"@type\":\"ListItem\",\"position\":1,\"name\":\"Startseite\",\"item\":\"https:\/\/blog.zeit.de\/sport-blog\"},{\"@type\":\"ListItem\",\"position\":2,\"name\":\"Wer spielt edel, wer schl\u00e4ft nur so?\"}]},{\"@type\":\"WebSite\",\"@id\":\"https:\/\/blog.zeit.de\/sport-blog\/#website\",\"url\":\"https:\/\/blog.zeit.de\/sport-blog\/\",\"name\":\"Sport-Blog\",\"description\":\"Blog der ZEIT ONLINE Sportredaktion\",\"potentialAction\":[{\"@type\":\"SearchAction\",\"target\":{\"@type\":\"EntryPoint\",\"urlTemplate\":\"https:\/\/blog.zeit.de\/sport-blog\/?s={search_term_string}\"},\"query-input\":\"required name=search_term_string\"}],\"inLanguage\":\"de\"},{\"@type\":\"Person\",\"@id\":\"https:\/\/blog.zeit.de\/sport-blog\/#\/schema\/person\/d0be432685b68611fdcb91d565e60cc8\",\"name\":\"Eike K\u00fchl\",\"image\":{\"@type\":\"ImageObject\",\"inLanguage\":\"de\",\"@id\":\"https:\/\/blog.zeit.de\/sport-blog\/#\/schema\/person\/image\/\",\"url\":\"https:\/\/secure.gravatar.com\/avatar\/bdcf29e1806bbd217f5281d7b91e9f13c368e8f0141afdf3d1e016f921ab21be?s=96&d=mm&r=g\",\"contentUrl\":\"https:\/\/secure.gravatar.com\/avatar\/bdcf29e1806bbd217f5281d7b91e9f13c368e8f0141afdf3d1e016f921ab21be?s=96&d=mm&r=g\",\"caption\":\"Eike K\u00fchl\"},\"description\":\"ist Digital-Redakteur bei ZEIT ONLINE und besch\u00e4ftigt sich vor allem mit Games, Gadgets und Netzkultur.\",\"url\":\"https:\/\/blog.zeit.de\/sport-blog\/author\/eike-kuehl\"}]}<\/script>\n<!-- \/ Yoast SEO plugin. -->","yoast_head_json":{"title":"Wer spielt edel, wer schl\u00e4ft nur so? - Sport-Blog","robots":{"index":"index","follow":"follow","max-snippet":"max-snippet:-1","max-image-preview":"max-image-preview:large","max-video-preview":"max-video-preview:-1"},"canonical":"https:\/\/blog.zeit.de\/sport-blog\/2012\/06\/07\/em-2012-mannschaft-quartiere_3787","og_locale":"de_DE","og_type":"article","og_title":"Wer spielt edel, wer schl\u00e4ft nur so? - Sport-Blog","og_description":"&#8222;Wie man sich bettet, so spielt man&#8220; lautet eine alte Fu\u00dfballerweisheit. Kein Wunder, dass die Mannschaften der Europameisterschaft ganz genau darauf achten, wo sie sich nun betten. Luxus trumpft dabei Reisezeit: Neben dem Gastgeber haben nur zwei weitere Mannschaften (Frankreich und Schweden) ihr Lager in der Ukraine bezogen. Der Rest hat sich auf polnischem Boden [&hellip;]","og_url":"https:\/\/blog.zeit.de\/sport-blog\/2012\/06\/07\/em-2012-mannschaft-quartiere_3787","og_site_name":"Sport-Blog","article_published_time":"2012-06-07T12:38:34+00:00","article_modified_time":"2012-06-08T12:05:50+00:00","og_image":[{"url":"https:\/\/blog.zeit.de\/sport-blog\/files\/2012\/06\/31938881-1024x657.jpg"}],"author":"Eike K\u00fchl","twitter_card":"summary_large_image","twitter_creator":"@zeitonlinesport","twitter_site":"@zeitonlinesport","twitter_misc":{"Geschrieben von":"Eike K\u00fchl","Gesch\u00e4tzte Lesezeit":"4\u00a0Minuten"},"schema":{"@context":"https:\/\/schema.org","@graph":[{"@type":"WebPage","@id":"https:\/\/blog.zeit.de\/sport-blog\/2012\/06\/07\/em-2012-mannschaft-quartiere_3787","url":"https:\/\/blog.zeit.de\/sport-blog\/2012\/06\/07\/em-2012-mannschaft-quartiere_3787","name":"Wer spielt edel, wer schl\u00e4ft nur so? - Sport-Blog","isPartOf":{"@id":"https:\/\/blog.zeit.de\/sport-blog\/#website"},"datePublished":"2012-06-07T12:38:34+00:00","dateModified":"2012-06-08T12:05:50+00:00","author":{"@id":"https:\/\/blog.zeit.de\/sport-blog\/#\/schema\/person\/d0be432685b68611fdcb91d565e60cc8"},"breadcrumb":{"@id":"https:\/\/blog.zeit.de\/sport-blog\/2012\/06\/07\/em-2012-mannschaft-quartiere_3787#breadcrumb"},"inLanguage":"de","potentialAction":[{"@type":"ReadAction","target":["https:\/\/blog.zeit.de\/sport-blog\/2012\/06\/07\/em-2012-mannschaft-quartiere_3787"]}]},{"@type":"BreadcrumbList","@id":"https:\/\/blog.zeit.de\/sport-blog\/2012\/06\/07\/em-2012-mannschaft-quartiere_3787#breadcrumb","itemListElement":[{"@type":"ListItem","position":1,"name":"Startseite","item":"https:\/\/blog.zeit.de\/sport-blog"},{"@type":"ListItem","position":2,"name":"Wer spielt edel, wer schl\u00e4ft nur so?"}]},{"@type":"WebSite","@id":"https:\/\/blog.zeit.de\/sport-blog\/#website","url":"https:\/\/blog.zeit.de\/sport-blog\/","name":"Sport-Blog","description":"Blog der ZEIT ONLINE Sportredaktion","potentialAction":[{"@type":"SearchAction","target":{"@type":"EntryPoint","urlTemplate":"https:\/\/blog.zeit.de\/sport-blog\/?s={search_term_string}"},"query-input":"required name=search_term_string"}],"inLanguage":"de"},{"@type":"Person","@id":"https:\/\/blog.zeit.de\/sport-blog\/#\/schema\/person\/d0be432685b68611fdcb91d565e60cc8","name":"Eike K\u00fchl","image":{"@type":"ImageObject","inLanguage":"de","@id":"https:\/\/blog.zeit.de\/sport-blog\/#\/schema\/person\/image\/","url":"https:\/\/secure.gravatar.com\/avatar\/bdcf29e1806bbd217f5281d7b91e9f13c368e8f0141afdf3d1e016f921ab21be?s=96&d=mm&r=g","contentUrl":"https:\/\/secure.gravatar.com\/avatar\/bdcf29e1806bbd217f5281d7b91e9f13c368e8f0141afdf3d1e016f921ab21be?s=96&d=mm&r=g","caption":"Eike K\u00fchl"},"description":"ist Digital-Redakteur bei ZEIT ONLINE und besch\u00e4ftigt sich vor allem mit Games, Gadgets und Netzkultur.","url":"https:\/\/blog.zeit.de\/sport-blog\/author\/eike-kuehl"}]}},"jetpack_featured_media_url":"","jetpack_sharing_enabled":true,"_links":{"self":[{"href":"https:\/\/blog.zeit.de\/sport-blog\/wp-json\/wp\/v2\/posts\/3787","targetHints":{"allow":["GET"]}}],"collection":[{"href":"https:\/\/blog.zeit.de\/sport-blog\/wp-json\/wp\/v2\/posts"}],"about":[{"href":"https:\/\/blog.zeit.de\/sport-blog\/wp-json\/wp\/v2\/types\/post"}],"author":[{"embeddable":true,"href":"https:\/\/blog.zeit.de\/sport-blog\/wp-json\/wp\/v2\/users\/304"}],"replies":[{"embeddable":true,"href":"https:\/\/blog.zeit.de\/sport-blog\/wp-json\/wp\/v2\/comments?post=3787"}],"version-history":[{"count":132,"href":"https:\/\/blog.zeit.de\/sport-blog\/wp-json\/wp\/v2\/posts\/3787\/revisions"}],"predecessor-version":[{"id":4056,"href":"https:\/\/blog.zeit.de\/sport-blog\/wp-json\/wp\/v2\/posts\/3787\/revisions\/4056"}],"wp:attachment":[{"href":"https:\/\/blog.zeit.de\/sport-blog\/wp-json\/wp\/v2\/media?parent=3787"}],"wp:term":[{"taxonomy":"category","embeddable":true,"href":"https:\/\/blog.zeit.de\/sport-blog\/wp-json\/wp\/v2\/categories?post=3787"},{"taxonomy":"post_tag","embeddable":true,"href":"https:\/\/blog.zeit.de\/sport-blog\/wp-json\/wp\/v2\/tags?post=3787"}],"curies":[{"name":"wp","href":"https:\/\/api.w.org\/{rel}","templated":true}]}}