{"id":3942,"date":"2012-06-09T07:43:59","date_gmt":"2012-06-09T05:43:59","guid":{"rendered":"http:\/\/blog.zeit.de\/sport-blog\/?p=3942"},"modified":"2012-06-09T14:36:10","modified_gmt":"2012-06-09T12:36:10","slug":"oliwa-dfb-mediencenter","status":"publish","type":"post","link":"https:\/\/blog.zeit.de\/sport-blog\/2012\/06\/09\/oliwa-dfb-mediencenter_3942","title":{"rendered":"Serdecznie witamy w Gdansk!"},"content":{"rendered":"<p>Seit Montag Abend dieser Woche bin ich in Danzig, zum ersten Mal. Trotz hoher Erwartungen muss ich sagen, dass ich \u00fcberrascht, wenn nicht gar \u00fcberw\u00e4ltigt bin von der Sch\u00f6nheit dieser Stadt. Umso mehr, wenn man bedenkt, wer alles an Danzig in all den Jahrhunderten herumgezerrt hat und wie zerst\u00f6rt es nach dem Zweiten Weltkrieg war.<\/p>\n<p>Die Rechtstadt, der historische Kern der ehemaligen Hansestadt, wurde von den Polen in der F\u00fcnfziger und Sechziger Jahren\u00a0in einer beachtlichen Leistung in gro\u00dfen Teilen wieder originalgetreu rekonstruiert. Etwa der K\u00f6nigsweg, das Gr\u00fcne Tor, das Krantor, das ehemalige Stadttor aus Backstein und Holz und bekannteste Wahrzeichen Danzigs.<\/p>\n<p>Westlicher, gut sichtbar von der Stadtmitte, recken die alten Kr\u00e4ne der Danziger Werft ihre Buckel in den Himmel. Sie haben <a href=\"http:\/\/www.faz.net\/aktuell\/politik\/ausland\/im-gespraech-lech-walesa-tore-fuer-die-freiheit-11771843.html\">das gleiche Stehverm\u00f6gen<\/a> wie Lech Walesa, Elektriker und Friedensnobelpreistr\u00e4ger, auch wenn sie heute von einem ukrainischen Unternehmen gesteuert werden. In meinen Erinnerungen, meinen ersten politischen, kam Anfang der Achzziger keine Tagesschau ohne den kleinen Schnauzbarttr\u00e4ger aus. Walesa war in (West-)Deutschland ein Held. Im heutigen Polen glauben manche den Enth\u00fcllungsgeschichten, er sei ein KGB-Agent gewesen.<\/p>\n<p>Aber ich bin ja hier, um \u00fcber Fu\u00dfball zu berichten, in erster Linie \u00fcber die deutsche Nationalmannschaft. Die hat sich hier in ihrem Lager in Oliwa im Danziger Westen naturgem\u00e4\u00df gut abgeschottet. Manchmal d\u00fcrfen Journalisten zwanzig Minuten beim Aufw\u00e4rmen zuschauen, manchmal bekommt man kurz Gelegenheit, mit einem Spieler zu sprechen. Mit drei Kollegen sa\u00df ich diese Woche mit Holger Badstuber am Tisch. Also dem Innenverteidiger, von dem das Trainerteam so schw\u00e4rmt, der ihrem Ideal durch seine Spieler\u00f6ffnung so nahekommt.<\/p>\n<p>Wie das gesamte Team macht Badstuber einen gelassen selbstbewussten Eindruck. Das gilt umso mehr f\u00fcr Joachim L\u00f6w. Die, die ihn n\u00e4her kennen, trauen ihm durchaus zu, dass er Lars Bender heute als rechten Verteidiger aufstellt. Das w\u00e4re mal eine Trainerentscheidung, Bender hat diese Position noch nie gespielt. Und dann gleich gegen Ronaldo &#8230;<\/p>\n<p>Am n\u00e4chsten sind Anna, meine Kollegin aus dem Print, und ich gestern einem anderen Fu\u00dfballtrainer gekommen: dem norwegischen Nationaltrainer Egil &#8222;Drillo&#8220; Olsen, der f\u00fcr das TV kommentieren wird. Er fuhr mit uns im Taxi vom Stadion in die Innenstadt. Ich muss zu meiner Schande gestehen, dass ich ihn nicht erkannte, dass ich nicht mal wusste, dass er seit drei Jahren wieder Trainer ist. Ich hatte ihn als Trainer der Neunziger in Erinnerung, obwohl er vor drei Jahren Deutschland mit seiner Elf in D\u00fcsseldorf 1:0 bezwang. Immerhin konnte ich einen der Torsch\u00fctzen des historischen 2:1-Siegs Norwegens gegen Brasilien (WM 98) nennen: Kjetil Rekdal. Anna und ich hoffen, dass wir mit der beglichenen Taxirechnung unsere Ignoranz wettmachen konnten, sind aber nicht sicher.<\/p>\n<p>Heute fliege ich mit vielen anderen Journalisten nach Lemberg, das Danzig in nichts nachstehen soll. Ich melde mich von dort, werde vermutlich aber nicht viel von der Stadt sehen, weil der R\u00fcckflug auf 2 Uhr nachts terminiert ist. Schnell noch ein paar Eindr\u00fccke aus Danzig, auch darin das Krantor und das Denkmal der gefallenen Werftarbeiter, die S\u00e4ule mit den drei Ankern und Kreuzen.<\/p>\n\n<div class=\"embed-wrapper embed-wrapper--blocked js-embed-consent\" data-method=\"iframe\">\n<script class=\"raw__source\" type=\"text\/template\"><iframe loading=\"lazy\" frameborder=\"0\" height=\"315\" src=\"http:\/\/www.youtube.com\/embed\/jCPwTFcC00M\" width=\"540\"><\/iframe><\/script>\n<div class=\"embed-wrapper__inner\">\n<div class=\"embed-wrapper__text\">\n<h3>Empfohlener redaktioneller Inhalt<\/h3>\n<p data-replace=\"no\">An dieser Stelle finden Sie externen Inhalt, der den Artikel erg\u00e4nzt. Sie k\u00f6nnen sich externe Inhalte mit einem Klick anzeigen lassen und wieder ausblenden.<noscript>Bitte aktivieren Sie JavaScript damit Sie diesen Inhalt anzeigen k\u00f6nnen.<\/noscript><\/p>\n<\/div>\n<div class=\"embed-consent\">\n<label class=\"embed-consent__toggle\">\n<input class=\"js-embed-consent__toggle\" type=\"checkbox\" autocomplete=\"off\">\n<span><\/span>\nExterner Inhalt\n<\/label>\n<a href=\"https:\/\/www.zeit.de\/hilfe\/datenschutz\" target=\"_blank\" class=\"embed-consent__datalink-when-active\">Datenschutzerkl\u00e4rung<\/a>\n<\/div>\n<div class=\"embed-wrapper__footer\">\n<p data-replace=\"no\">\nIch bin damit einverstanden, dass mir externe Inhalte angezeigt werden. Damit k\u00f6nnen personenbezogene Daten an Drittplattformen \u00fcbermittelt werden. <a href=\"https:\/\/www.zeit.de\/hilfe\/datenschutz\" target=\"_blank\">Mehr dazu in unserer Datenschutzerkl\u00e4rung.<\/a>\n<\/p>\n<\/div>\n<\/div>\n<\/div>\n","protected":false},"excerpt":{"rendered":"<p>Seit Montag Abend dieser Woche bin ich in Danzig, zum ersten Mal. Trotz hoher Erwartungen muss ich sagen, dass ich \u00fcberrascht, wenn nicht gar \u00fcberw\u00e4ltigt bin von der Sch\u00f6nheit dieser Stadt. Umso mehr, wenn man bedenkt, wer alles an Danzig in all den Jahrhunderten herumgezerrt hat und wie zerst\u00f6rt es nach dem Zweiten Weltkrieg war. [&hellip;]<\/p>\n","protected":false},"author":68,"featured_media":0,"comment_status":"open","ping_status":"closed","sticky":false,"template":"","format":"standard","meta":{"_jetpack_memberships_contains_paid_content":false,"footnotes":""},"categories":[628],"tags":[19090,1368,17148,19079,15823],"class_list":["post-3942","post","type-post","status-publish","format-standard","hentry","category-nationalmannschaft","tag-danzig","tag-dfb","tag-em-2012","tag-fussball-em","tag-polen"],"yoast_head":"<!-- This site is optimized with the Yoast SEO plugin v21.0 - https:\/\/yoast.com\/wordpress\/plugins\/seo\/ -->\n<title>Serdecznie witamy w Gdansk! - Sport-Blog<\/title>\n<meta name=\"robots\" content=\"index, follow, max-snippet:-1, max-image-preview:large, max-video-preview:-1\" \/>\n<link rel=\"canonical\" href=\"https:\/\/blog.zeit.de\/sport-blog\/2012\/06\/09\/oliwa-dfb-mediencenter_3942\" \/>\n<meta property=\"og:locale\" content=\"de_DE\" \/>\n<meta property=\"og:type\" content=\"article\" \/>\n<meta property=\"og:title\" content=\"Serdecznie witamy w Gdansk! - Sport-Blog\" \/>\n<meta property=\"og:description\" content=\"Seit Montag Abend dieser Woche bin ich in Danzig, zum ersten Mal. Trotz hoher Erwartungen muss ich sagen, dass ich \u00fcberrascht, wenn nicht gar \u00fcberw\u00e4ltigt bin von der Sch\u00f6nheit dieser Stadt. Umso mehr, wenn man bedenkt, wer alles an Danzig in all den Jahrhunderten herumgezerrt hat und wie zerst\u00f6rt es nach dem Zweiten Weltkrieg war. [&hellip;]\" \/>\n<meta property=\"og:url\" content=\"https:\/\/blog.zeit.de\/sport-blog\/2012\/06\/09\/oliwa-dfb-mediencenter_3942\" \/>\n<meta property=\"og:site_name\" content=\"Sport-Blog\" \/>\n<meta property=\"article:published_time\" content=\"2012-06-09T05:43:59+00:00\" \/>\n<meta property=\"article:modified_time\" content=\"2012-06-09T12:36:10+00:00\" \/>\n<meta name=\"author\" content=\"Oliver Fritsch\" \/>\n<meta name=\"twitter:card\" content=\"summary_large_image\" \/>\n<meta name=\"twitter:creator\" content=\"@zeitonlinesport\" \/>\n<meta name=\"twitter:site\" content=\"@zeitonlinesport\" \/>\n<meta name=\"twitter:label1\" content=\"Geschrieben von\" \/>\n\t<meta name=\"twitter:data1\" content=\"Oliver Fritsch\" \/>\n\t<meta name=\"twitter:label2\" content=\"Gesch\u00e4tzte Lesezeit\" \/>\n\t<meta name=\"twitter:data2\" content=\"3\u00a0Minuten\" \/>\n<script type=\"application\/ld+json\" class=\"yoast-schema-graph\">{\"@context\":\"https:\/\/schema.org\",\"@graph\":[{\"@type\":\"WebPage\",\"@id\":\"https:\/\/blog.zeit.de\/sport-blog\/2012\/06\/09\/oliwa-dfb-mediencenter_3942\",\"url\":\"https:\/\/blog.zeit.de\/sport-blog\/2012\/06\/09\/oliwa-dfb-mediencenter_3942\",\"name\":\"Serdecznie witamy w Gdansk! - Sport-Blog\",\"isPartOf\":{\"@id\":\"https:\/\/blog.zeit.de\/sport-blog\/#website\"},\"datePublished\":\"2012-06-09T05:43:59+00:00\",\"dateModified\":\"2012-06-09T12:36:10+00:00\",\"author\":{\"@id\":\"https:\/\/blog.zeit.de\/sport-blog\/#\/schema\/person\/a777b73a3977ba89615a71df1e8a5351\"},\"breadcrumb\":{\"@id\":\"https:\/\/blog.zeit.de\/sport-blog\/2012\/06\/09\/oliwa-dfb-mediencenter_3942#breadcrumb\"},\"inLanguage\":\"de\",\"potentialAction\":[{\"@type\":\"ReadAction\",\"target\":[\"https:\/\/blog.zeit.de\/sport-blog\/2012\/06\/09\/oliwa-dfb-mediencenter_3942\"]}]},{\"@type\":\"BreadcrumbList\",\"@id\":\"https:\/\/blog.zeit.de\/sport-blog\/2012\/06\/09\/oliwa-dfb-mediencenter_3942#breadcrumb\",\"itemListElement\":[{\"@type\":\"ListItem\",\"position\":1,\"name\":\"Startseite\",\"item\":\"https:\/\/blog.zeit.de\/sport-blog\"},{\"@type\":\"ListItem\",\"position\":2,\"name\":\"Serdecznie witamy w Gdansk!\"}]},{\"@type\":\"WebSite\",\"@id\":\"https:\/\/blog.zeit.de\/sport-blog\/#website\",\"url\":\"https:\/\/blog.zeit.de\/sport-blog\/\",\"name\":\"Sport-Blog\",\"description\":\"Blog der ZEIT ONLINE Sportredaktion\",\"potentialAction\":[{\"@type\":\"SearchAction\",\"target\":{\"@type\":\"EntryPoint\",\"urlTemplate\":\"https:\/\/blog.zeit.de\/sport-blog\/?s={search_term_string}\"},\"query-input\":\"required name=search_term_string\"}],\"inLanguage\":\"de\"},{\"@type\":\"Person\",\"@id\":\"https:\/\/blog.zeit.de\/sport-blog\/#\/schema\/person\/a777b73a3977ba89615a71df1e8a5351\",\"name\":\"Oliver Fritsch\",\"image\":{\"@type\":\"ImageObject\",\"inLanguage\":\"de\",\"@id\":\"https:\/\/blog.zeit.de\/sport-blog\/#\/schema\/person\/image\/\",\"url\":\"https:\/\/secure.gravatar.com\/avatar\/e18313f9824de9a2182adf7910c220849b2b3d3c32aea9a8364191b61387ee36?s=96&d=mm&r=g\",\"contentUrl\":\"https:\/\/secure.gravatar.com\/avatar\/e18313f9824de9a2182adf7910c220849b2b3d3c32aea9a8364191b61387ee36?s=96&d=mm&r=g\",\"caption\":\"Oliver Fritsch\"},\"description\":\"ist Sportredakteur von ZEIT ONLINE und Gr\u00fcnder der Hartplatzhelden, einem Video-Portal f\u00fcr Amateurfu\u00dfballer.\",\"url\":\"https:\/\/blog.zeit.de\/sport-blog\/author\/oliver-fritsch\"}]}<\/script>\n<!-- \/ Yoast SEO plugin. -->","yoast_head_json":{"title":"Serdecznie witamy w Gdansk! - Sport-Blog","robots":{"index":"index","follow":"follow","max-snippet":"max-snippet:-1","max-image-preview":"max-image-preview:large","max-video-preview":"max-video-preview:-1"},"canonical":"https:\/\/blog.zeit.de\/sport-blog\/2012\/06\/09\/oliwa-dfb-mediencenter_3942","og_locale":"de_DE","og_type":"article","og_title":"Serdecznie witamy w Gdansk! - Sport-Blog","og_description":"Seit Montag Abend dieser Woche bin ich in Danzig, zum ersten Mal. Trotz hoher Erwartungen muss ich sagen, dass ich \u00fcberrascht, wenn nicht gar \u00fcberw\u00e4ltigt bin von der Sch\u00f6nheit dieser Stadt. Umso mehr, wenn man bedenkt, wer alles an Danzig in all den Jahrhunderten herumgezerrt hat und wie zerst\u00f6rt es nach dem Zweiten Weltkrieg war. [&hellip;]","og_url":"https:\/\/blog.zeit.de\/sport-blog\/2012\/06\/09\/oliwa-dfb-mediencenter_3942","og_site_name":"Sport-Blog","article_published_time":"2012-06-09T05:43:59+00:00","article_modified_time":"2012-06-09T12:36:10+00:00","author":"Oliver Fritsch","twitter_card":"summary_large_image","twitter_creator":"@zeitonlinesport","twitter_site":"@zeitonlinesport","twitter_misc":{"Geschrieben von":"Oliver Fritsch","Gesch\u00e4tzte Lesezeit":"3\u00a0Minuten"},"schema":{"@context":"https:\/\/schema.org","@graph":[{"@type":"WebPage","@id":"https:\/\/blog.zeit.de\/sport-blog\/2012\/06\/09\/oliwa-dfb-mediencenter_3942","url":"https:\/\/blog.zeit.de\/sport-blog\/2012\/06\/09\/oliwa-dfb-mediencenter_3942","name":"Serdecznie witamy w Gdansk! - Sport-Blog","isPartOf":{"@id":"https:\/\/blog.zeit.de\/sport-blog\/#website"},"datePublished":"2012-06-09T05:43:59+00:00","dateModified":"2012-06-09T12:36:10+00:00","author":{"@id":"https:\/\/blog.zeit.de\/sport-blog\/#\/schema\/person\/a777b73a3977ba89615a71df1e8a5351"},"breadcrumb":{"@id":"https:\/\/blog.zeit.de\/sport-blog\/2012\/06\/09\/oliwa-dfb-mediencenter_3942#breadcrumb"},"inLanguage":"de","potentialAction":[{"@type":"ReadAction","target":["https:\/\/blog.zeit.de\/sport-blog\/2012\/06\/09\/oliwa-dfb-mediencenter_3942"]}]},{"@type":"BreadcrumbList","@id":"https:\/\/blog.zeit.de\/sport-blog\/2012\/06\/09\/oliwa-dfb-mediencenter_3942#breadcrumb","itemListElement":[{"@type":"ListItem","position":1,"name":"Startseite","item":"https:\/\/blog.zeit.de\/sport-blog"},{"@type":"ListItem","position":2,"name":"Serdecznie witamy w Gdansk!"}]},{"@type":"WebSite","@id":"https:\/\/blog.zeit.de\/sport-blog\/#website","url":"https:\/\/blog.zeit.de\/sport-blog\/","name":"Sport-Blog","description":"Blog der ZEIT ONLINE Sportredaktion","potentialAction":[{"@type":"SearchAction","target":{"@type":"EntryPoint","urlTemplate":"https:\/\/blog.zeit.de\/sport-blog\/?s={search_term_string}"},"query-input":"required name=search_term_string"}],"inLanguage":"de"},{"@type":"Person","@id":"https:\/\/blog.zeit.de\/sport-blog\/#\/schema\/person\/a777b73a3977ba89615a71df1e8a5351","name":"Oliver Fritsch","image":{"@type":"ImageObject","inLanguage":"de","@id":"https:\/\/blog.zeit.de\/sport-blog\/#\/schema\/person\/image\/","url":"https:\/\/secure.gravatar.com\/avatar\/e18313f9824de9a2182adf7910c220849b2b3d3c32aea9a8364191b61387ee36?s=96&d=mm&r=g","contentUrl":"https:\/\/secure.gravatar.com\/avatar\/e18313f9824de9a2182adf7910c220849b2b3d3c32aea9a8364191b61387ee36?s=96&d=mm&r=g","caption":"Oliver Fritsch"},"description":"ist Sportredakteur von ZEIT ONLINE und Gr\u00fcnder der Hartplatzhelden, einem Video-Portal f\u00fcr Amateurfu\u00dfballer.","url":"https:\/\/blog.zeit.de\/sport-blog\/author\/oliver-fritsch"}]}},"jetpack_featured_media_url":"","jetpack_sharing_enabled":true,"_links":{"self":[{"href":"https:\/\/blog.zeit.de\/sport-blog\/wp-json\/wp\/v2\/posts\/3942","targetHints":{"allow":["GET"]}}],"collection":[{"href":"https:\/\/blog.zeit.de\/sport-blog\/wp-json\/wp\/v2\/posts"}],"about":[{"href":"https:\/\/blog.zeit.de\/sport-blog\/wp-json\/wp\/v2\/types\/post"}],"author":[{"embeddable":true,"href":"https:\/\/blog.zeit.de\/sport-blog\/wp-json\/wp\/v2\/users\/68"}],"replies":[{"embeddable":true,"href":"https:\/\/blog.zeit.de\/sport-blog\/wp-json\/wp\/v2\/comments?post=3942"}],"version-history":[{"count":13,"href":"https:\/\/blog.zeit.de\/sport-blog\/wp-json\/wp\/v2\/posts\/3942\/revisions"}],"predecessor-version":[{"id":4147,"href":"https:\/\/blog.zeit.de\/sport-blog\/wp-json\/wp\/v2\/posts\/3942\/revisions\/4147"}],"wp:attachment":[{"href":"https:\/\/blog.zeit.de\/sport-blog\/wp-json\/wp\/v2\/media?parent=3942"}],"wp:term":[{"taxonomy":"category","embeddable":true,"href":"https:\/\/blog.zeit.de\/sport-blog\/wp-json\/wp\/v2\/categories?post=3942"},{"taxonomy":"post_tag","embeddable":true,"href":"https:\/\/blog.zeit.de\/sport-blog\/wp-json\/wp\/v2\/tags?post=3942"}],"curies":[{"name":"wp","href":"https:\/\/api.w.org\/{rel}","templated":true}]}}