{"id":4158,"date":"2012-06-09T17:29:47","date_gmt":"2012-06-09T15:29:47","guid":{"rendered":"http:\/\/blog.zeit.de\/sport-blog\/?p=4158"},"modified":"2012-06-13T18:57:09","modified_gmt":"2012-06-13T16:57:09","slug":"mit-muller-im-supermarkt","status":"publish","type":"post","link":"https:\/\/blog.zeit.de\/sport-blog\/2012\/06\/09\/mit-muller-im-supermarkt_4158","title":{"rendered":"Rumpeln wie fr\u00fcher, gewinnen wie fr\u00fcher"},"content":{"rendered":"<ul>\n<li><span style=\"color: #808080\">Deutschland gewinnt gegen Portugal 1:0<br \/>\n<\/span><\/li>\n<li><span style=\"color: #808080\">Gomez trifft<br \/>\n<\/span><\/li>\n<li><span style=\"color: #808080\">Portugal auch, aber nur zweimal die Latte<br \/>\n<\/span><\/li>\n<\/ul>\n<p><strong>Fazit<\/strong><\/p>\n<p>Vor dem Turnier musste man sich Sorgen machen. Joachim L\u00f6w, der Sch\u00f6ngeist, so schrieben alle, <a href=\"http:\/\/www.zeit.de\/sport\/2012-06\/deutschland-em-loew-titel\" target=\"_blank\">auch wir<\/a>, wolle vor allem sch\u00f6nen Fu\u00dfball spielen lassen. Das Ergebnis sei nicht so wichtig. Ein Affront im Land der Fu\u00dfball-Rationalisten, das Sch\u00f6nspieler jahrzehntelang \u00fcber die Klinge springen lie\u00df und sich dann die Hartplatzasche aus den Knien pellte.<\/p>\n<p>Der EM-Auftakt gegen Portugal war daher eine wohltuende Reise in die Vergangenheit. Sch\u00f6n war es nicht, was die deutsche Mannschaft da auf den Lemberger Rasen brachte, aber erfolgreich. Es war wenig zu sehen vom EM-Qualifikationstempo und \u2013Spielwitz (10 Spiele, 10 Siege). Die deutsche Mannschaft rumpelte sich durch die 90 Minuten. Auch weil, das muss man zugeben, Portugal das in der Defensive ziemlich geschickt angestellt hat. Und selbst als die DFB-Elf durch Gomez in F\u00fchrung ging und man ein paar WM-2010-Konter h\u00e4tte erwarten k\u00f6nnen, ging nichts mehr. Stattdessen blockten die deutschen Abwehrspieler die Sch\u00fcsse des Gegners mit allem, was sie hatten. Fu\u00df, Bauch, R\u00fccken. Wie fr\u00fcher eben.<\/p>\n<p>Joachim L\u00f6w wird das nicht st\u00f6ren. Bei allen \u00e4sthetischen Anspr\u00fcchen: Er wei\u00df, wie wichtig ein Sieg zu Beginn eines Turniers ist. Nat\u00fcrlich h\u00e4tte er auch ein 4:2 Costa Rica wie 2006 genommen oder ein 4:0 gegen Australien wie 2010. Aber Portugal ist eine andere Liga. Der Sieg wird seiner durch die etwas missratene EM-Vorbereitung verunsicherten Mannschaft die n\u00f6tige Ruhe geben. Und dann k\u00f6nnen wir ja noch einmal das versuchen, was alle zufrieden stellt: Sch\u00f6n spielen und gewinnen.<\/p>\n<p>Unser Mann in Lemberg, Oliver Fritsch, <a href=\"https:\/\/twitter.com\/zeitonlinesport\/status\/211559764017168385\" target=\"_blank\">twittert <\/a>seine Zusammenfassung des Spiels: &#8222;Eigentlich ein idealer Start: Abwehrschlacht \u00fcberstanden, Tormann aufgebaut, keine vorzeitigen Titelgl\u00fcckw\u00fcnsche, Holland verliert.&#8220;<\/p>\n<p>Und noch einmal Oli Fritsch: &#8222;\u00c4sthetik ist ja Ansichtssache: Sch\u00f6n fand ich, dass sich die Deutschen am Ende in jeden Schuss warfen wie beim Eishockey.&#8220;<br \/>\n<!--more--><\/p>\n<p><strong>Schluss, aus, vorbei.<\/strong> Deutschland startet mit einem zittrigen Sieg gegen Portugal in die EM 2012.<\/p>\n<p><strong>93. Minute<\/strong> Nochmal Ronaldo an der deutschen Grundlinie, legt zur\u00fcck, aber Badstuber blockt den Ball. Mit dem R\u00fccken. Nochmal Ecke. Meine G\u00fcte.<\/p>\n<p><strong>88. Minute<\/strong> Fast das 1:1, Neuer h\u00e4lt stark gegen Varela. Jetzt werden die H\u00e4nde dann doch feucht.<\/p>\n<p>Ein Blick auf die Lemberger Trib\u00fcnen.<\/p>\n<p><figure id=\"attachment_4235\" aria-describedby=\"caption-attachment-4235\" style=\"width: 540px\" class=\"wp-caption aligncenter\"><a href=\"https:\/\/blog.zeit.de\/sport-blog\/files\/2012\/06\/146062770-e1339279062667.jpg\"><img loading=\"lazy\" decoding=\"async\" class=\"size-full wp-image-4235\" src=\"https:\/\/blog.zeit.de\/sport-blog\/files\/2012\/06\/146062770-e1339279062667.jpg\" alt=\"\" width=\"540\" height=\"359\" \/><\/a><figcaption id=\"caption-attachment-4235\" class=\"wp-caption-text\">Sie war auch dabei. Foto: Damien Meyer\/AFP\/GettyImages<\/figcaption><\/figure><\/p>\n<p><strong>86. Minute<\/strong> Portugal schn\u00fcrt die deutsche Mannschaft jetzt in der eigenen H\u00e4lfte ein. L\u00f6ws Mannen wollen nicht mehr kontern, und k\u00f6nnen wahrscheinlich auch nicht mehr.<\/p>\n<p><strong>84. Minute<\/strong> Wieder guckt Neuer den Ball an die Latte. Diesmal eine Nani-Flanke. Hui.<\/p>\n<p>News aus Kiew: &#8222;Hier sieht alles nach einem Abend ohne Emotionen aus. Raus aus der Kneipe, rein in die Fanmeile. Verzweifelt auch nur einen Deutschland-Fan gesucht, um ihn zu fotografieren und nach Deutschland zu schicken, hinter den Zelten der Timoschenko-Anh\u00e4nger gesucht, im gr\u00f6lenden Schweden-Fan-Trupp gefragt, auf der offiziellen EM-Toilette nachgeguckt. Und am Ende wieder beim einzig wahren Fu\u00dfballsachverst\u00e4ndigen, dem Orakelschwein, gelandet. Doch auch der schl\u00e4ft, hat nicht mal beim Tor gezuckt.&#8220;<\/p>\n<p><figure id=\"attachment_4221\" aria-describedby=\"caption-attachment-4221\" style=\"width: 250px\" class=\"wp-caption aligncenter\"><a href=\"https:\/\/blog.zeit.de\/sport-blog\/files\/2012\/06\/Foto-8.jpg\"><img loading=\"lazy\" decoding=\"async\" class=\"size-full wp-image-4221\" src=\"https:\/\/blog.zeit.de\/sport-blog\/files\/2012\/06\/Foto-8-e1339273522617.jpg\" alt=\"\" width=\"250\" height=\"187\" \/><\/a><figcaption id=\"caption-attachment-4221\" class=\"wp-caption-text\">Futnik, das Kiewer Orakelschwein (Foto: Dobbert)<\/figcaption><\/figure><\/p>\n<p><strong>78. Minute<\/strong> Ein Tor wie ein Krampfl\u00f6ser. Der Druck ist weg. Portugal muss jetzt kommen, Deutschland kann kontern. Das lieben sie, fast das 2:0 durch Gomez.<\/p>\n<p><strong>72. Minute<\/strong> <strong>Tooor f\u00fcr Deutschland, Mario Gomez! <\/strong>Etwas gl\u00fccklich, who cares! Gomez k\u00f6pft eine abgef\u00e4lschte Flanke von Khedira in die lange Ecke. Klose, der gerade eingewechselt werden sollte, hat wieder auf der Bank Platz genommen.<strong><br \/>\n<\/strong><\/p>\n<p>Boateng macht das gegen Ronaldo insgesamt sehr ordentlich. Ist ja auch ein Fuchs. Diese Gina-Lisa-Nummer hatte einen sportlichen Grund. Auch Ronaldo soll ja ab und zu mal in weiblicher Begleitung an der Hotelbar sitzen. Boateng wollte sich an diesem Abend folglich nur in seinen Gegenspieler hineindenken. In der Schauspielerei nennt man das Method Acting.<\/p>\n<p><strong>64. Minute<\/strong> Boateng mit einem Weltklassetackling gegen Ronaldo. Er soll das ja eigentlich nicht machen. Manchmal muss man aber. Was macht eigentlich Dieter Eilts?<\/p>\n<p>Bevor es zu spannend wird: Den hier wollte ich Ihnen nicht vorenthalten. Portugals Sch\u00f6nling vor der Ronaldo-\u00c4ra, Luis Figo. Heute der George Clooney des Altherrenfu\u00dfballs. Damals ein Fall f\u00fcr die Geschmackspolizei. (<a href=\"http:\/\/www.jogisjungs.de\/2012\/06\/07\/luis-von-bodefeld\/#ixzz1xJOT8xXD\" target=\"_blank\">via jogisjungs.de<\/a>)<\/p>\n\n<div class=\"embed-wrapper embed-wrapper--blocked js-embed-consent\" data-method=\"iframe\">\n<script class=\"raw__source\" type=\"text\/template\"><iframe loading=\"lazy\" frameborder=\"0\" height=\"405\" src=\"http:\/\/www.youtube.com\/embed\/rjrhhQ4yqPI\" width=\"540\"><\/iframe><\/script>\n<div class=\"embed-wrapper__inner\">\n<div class=\"embed-wrapper__text\">\n<h3>Empfohlener redaktioneller Inhalt<\/h3>\n<p data-replace=\"no\">An dieser Stelle finden Sie externen Inhalt, der den Artikel erg\u00e4nzt. Sie k\u00f6nnen sich externe Inhalte mit einem Klick anzeigen lassen und wieder ausblenden.<noscript>Bitte aktivieren Sie JavaScript damit Sie diesen Inhalt anzeigen k\u00f6nnen.<\/noscript><\/p>\n<\/div>\n<div class=\"embed-consent\">\n<label class=\"embed-consent__toggle\">\n<input class=\"js-embed-consent__toggle\" type=\"checkbox\" autocomplete=\"off\">\n<span><\/span>\nExterner Inhalt\n<\/label>\n<a href=\"https:\/\/www.zeit.de\/hilfe\/datenschutz\" target=\"_blank\" class=\"embed-consent__datalink-when-active\">Datenschutzerkl\u00e4rung<\/a>\n<\/div>\n<div class=\"embed-wrapper__footer\">\n<p data-replace=\"no\">\nIch bin damit einverstanden, dass mir externe Inhalte angezeigt werden. Damit k\u00f6nnen personenbezogene Daten an Drittplattformen \u00fcbermittelt werden. <a href=\"https:\/\/www.zeit.de\/hilfe\/datenschutz\" target=\"_blank\">Mehr dazu in unserer Datenschutzerkl\u00e4rung.<\/a>\n<\/p>\n<\/div>\n<\/div>\n<\/div>\n<p><strong>52. Minute<\/strong> Quatsch, Ronaldo spielt nicht f\u00fcr die Galerie. Stichwort: Fallr\u00fcckzieher im eigenen Strafraum.<\/p>\n<p><strong>50. Minute<\/strong> Es ging weiter. Oli Fritsch in Lemberg versucht Mats Hummels etwas zuzurufen: &#8222;Es k\u00f6nnte das Spiel f\u00fcr Hummels werden: Am Anfang spielte er so vorsichtig, als wollte er nicht wieder in die Ecke gestellt werden. Sp\u00e4ter stie\u00df er ein paar Mal vor, Sch\u00fcchternheit ablegend. Das war gef\u00e4hrlich, den hat Portugal nicht auf der Rechnung. Trau Dich!&#8220;, twittert er.<\/p>\n<p>@varto Kroos zu bringen hat keinen Sinn, glaube ich. Er ist auch nicht ber\u00fchmt daf\u00fcr, ein Spiel schneller zu machen. Wie w\u00e4re es stattdessen mit einem Tempodribbler, G\u00f6tze, Reus, Sch\u00fcrrle?<\/p>\n<p>Zur Entspannung ein Halbzeitspaziergang im Stadion in Lemberg gef\u00e4llig? Dank <a href=\"https:\/\/maps.google.com.ua\/maps?q=%D0%A1%D1%82%D0%B0%D0%B4%D1%96%D0%BE%D0%BD+%22%D0%90%D1%80%D0%B5%D0%BD%D0%B0+%D0%9B%D1%8C%D0%B2%D1%96%D0%B2%22,+%D0%9B%D1%8C%D0%B2%D1%96%D0%B2,+%D0%9B%D1%8C%D0%B2%D1%96%D0%B2%D1%81%D1%8C%D0%BA%D0%B0+%D0%BE%D0%B1%D0%BB%D0%B0%D1%81%D1%82%D1%8C&amp;hl=uk&amp;ie=UTF8&amp;ll=42.423457,34.628906&amp;spn=83.488475,172.792969&amp;sll=50.402036,30.53269&amp;sspn=0.624102,1.667175&amp;oq=%D1%81%D1%82%D0%B0%D0%B4%D1%96%D0%BE%D0%BD,+%D0%B0%D1%80%D0%B5%D0%BD%D0%B0+%D0%BB%D1%8C%D0%B2%D1%96%D0%B2&amp;t=m&amp;hq=%D0%A1%D1%82%D0%B0%D0%B4%D1%96%D0%BE%D0%BD+%22%D0%90%D1%80%D0%B5%D0%BD%D0%B0+%D0%9B%D1%8C%D0%B2%D1%96%D0%B2%22,&amp;hnear=%D0%9B%D1%8C%D0%B2%D1%96%D0%B2,+%D0%9B%D1%8C%D0%B2%D1%96%D0%B2%D1%81%D1%8C%D0%BA%D0%B0+%D0%BE%D0%B1%D0%BB%D0%B0%D1%81%D1%82%D1%8C&amp;layer=c&amp;panoid=dD3HdmMtfxDw812OsvwADw&amp;cbll=49.774745,24.028168&amp;cbp=13,277.41,,0,-8.08&amp;z=3\" target=\"_blank\">Google Street View<\/a> geht das. Es ist, fast als ob man da w\u00e4re. Nur ohne Spieler, Zuschauer, Ball.<\/p>\n<p>Steffen Dobbert in Kiew hat es auch nicht einfacher als das deutsche Mittelfeld: &#8222;In der Bierstube in Kiew sitzen drei Europ\u00e4er. Die einzigen drei, die sich in diesem Pub f\u00fcr Fu\u00dfball interessieren, Bier trinken und das Spiel gucken. Nach dem Bloemfontain-Lattenschuss der Versuch einer Konversation: &#8218;Are you for Germany? \u2013 No, we hate Germany! \u2013 Why? \u2013 We are English!&#8216; Wir suchen eine neue Kneipe.&#8220;<\/p>\n<p><strong>Halbzeit<\/strong> Puh, erstmal durchatmen. Deutschland tut sich schwer, weil es im Mittelfeld enger ist als in der Tram 28 in Lissabon. Deswegen ist das Spiel auch etwa genauso schnell. Kann man Jogis Mannen daf\u00fcr Vorw\u00fcrfe machen? Schwierig. Im Laufe der Partie ging es etwas besser, bis Pepe fast getroffen h\u00e4tte. 45 Minuten, die ein wenig mehr Sorgen machen als Mut.<\/p>\n\n<div class=\"embed-wrapper embed-wrapper--blocked js-embed-consent\" data-method=\"iframe\">\n<script class=\"raw__source\" type=\"text\/template\"><iframe loading=\"lazy\" frameborder=\"0\" height=\"405\" src=\"http:\/\/www.youtube.com\/embed\/P9DrYXN0nJg\" width=\"540\"><\/iframe><\/script>\n<div class=\"embed-wrapper__inner\">\n<div class=\"embed-wrapper__text\">\n<h3>Empfohlener redaktioneller Inhalt<\/h3>\n<p data-replace=\"no\">An dieser Stelle finden Sie externen Inhalt, der den Artikel erg\u00e4nzt. Sie k\u00f6nnen sich externe Inhalte mit einem Klick anzeigen lassen und wieder ausblenden.<noscript>Bitte aktivieren Sie JavaScript damit Sie diesen Inhalt anzeigen k\u00f6nnen.<\/noscript><\/p>\n<\/div>\n<div class=\"embed-consent\">\n<label class=\"embed-consent__toggle\">\n<input class=\"js-embed-consent__toggle\" type=\"checkbox\" autocomplete=\"off\">\n<span><\/span>\nExterner Inhalt\n<\/label>\n<a href=\"https:\/\/www.zeit.de\/hilfe\/datenschutz\" target=\"_blank\" class=\"embed-consent__datalink-when-active\">Datenschutzerkl\u00e4rung<\/a>\n<\/div>\n<div class=\"embed-wrapper__footer\">\n<p data-replace=\"no\">\nIch bin damit einverstanden, dass mir externe Inhalte angezeigt werden. Damit k\u00f6nnen personenbezogene Daten an Drittplattformen \u00fcbermittelt werden. <a href=\"https:\/\/www.zeit.de\/hilfe\/datenschutz\" target=\"_blank\">Mehr dazu in unserer Datenschutzerkl\u00e4rung.<\/a>\n<\/p>\n<\/div>\n<\/div>\n<\/div>\n<p><strong>45. Minute<\/strong> Ecke, Portugal, der Ball landet bei Pepe, dann an der Lattenunterkante, dann mitten auf der Torlinie. Wembley in Lemberg. Aber kein Tor.<\/p>\n<p>Der Leser G300Marker findet: &#8222;Das schw\u00e4chste Spiel der EM bisher.&#8220; Klar, beim Gegner spielt ja auch kein Roman Hubnik.<\/p>\n<p><strong>40. Minute<\/strong> Der portugiesische Torwart Fabricio f\u00fchlt sich wie beim Tennis. Guckt links, guckt rechts, links, rechts, so schnell und oft saust der Ball da gerade durch seinen Strafraum. War aber leider kein Netzroller dabei. Immer noch Deuce.<\/p>\n<p><strong>34. Minute:<\/strong> CR7 gegen JB20 \u2013 bisher unentschieden<\/p>\n<p>Der Kollege aus Kiew meldet sich: &#8222;10 Minuten zu sp\u00e4t in der Bierstube angekommen. In der Ubahn jemanden getroffen, der noch nicht wusste, dass EM ist &#8211; Fu\u00dfball wird in Kiew noch nicht \u00fcberbewertet. In der Bierstube erinnert das TV-Bild an DDR-Zeiten, als man Westfernsehen heimlich mit einer Dachbodenantenne empfangen hat.&#8220;<\/p>\n<p>Die Deutschen jetzt besser im Spiel. Sie suchen und finden jetzt die Schnittstellen in den portugiesischen Ketten. Nein, liebe Fu\u00dfball-Anf\u00e4nger, das tut nicht weh und blutet auch nicht.<\/p>\n<p><strong>24. Minute<\/strong> &#8222;Was hei\u00dft Vorteil auf franz\u00f6sisch?&#8220; twittert Oli Fritsch aus dem Stadion, nachdem Schiedsrichter Lannoy eben einen solchen wegpfiff. Kaum zu glauben.<\/p>\n<p><strong>18. Minute<\/strong> Ronaldo bitte das erste Mal zum Engtanz. Er mag \u00dcbersteiger, wir m\u00f6gen Schweinsteiger!<\/p>\n<p><strong>12. Minute<\/strong> Hummels bringt Neuer mit einem R\u00fcckpass in Schwierigkeiten. Postiga kommt mit gestrecktem Bein des Weges, trifft Neuer hart, sieht Gelb und hat dabei noch Gl\u00fcck. Neuer humpelt, spielt aber weiter.<\/p>\n<p><strong>8. Minute<\/strong> Die Portugiesen machen das Zentrum sehr eng. Schweinsteiger und Khedira wissen nicht wohin. Deshalb bis jetzt noch kein konstruktiver deutscher Angriff. Aber auch kein portugiesicher.<\/p>\n<p><strong>2. Minute<\/strong> Gleich einmal eine Kopfball-Chance f\u00fcr Gomez, nach Flanke des Hotelbar-Boatengs.<\/p>\n<p><strong>20.45 Uhr<\/strong> Es geht dann endlich los. Gott sei Dank.<\/p>\n<p><strong>20.40 Uhr<\/strong> Die Hymnen. Die Portugiesen textsicher, die Deutschen etwas schmallippiger.<\/p>\n<p><strong>20.34 Uhr<\/strong> Portugal m\u00f6chte so spielen: Patricio \u2013 Pereira, Alves, Pepe, Coentrao \u2013 Meireles, Veloso, Moutinho \u2013 Nani, Postiga, Ronaldo<\/p>\n<p><strong>20.22 Uhr<\/strong> Wer Beckmann und Scholl nicht zuh\u00f6ren will, hier ein wenig Lesestoff. Stellvertretend f\u00fcr die 5176 DFB-Team-Texte, hier der des Kollegen Oliver Fritsch <a href=\"http:\/\/www.zeit.de\/sport\/2012-06\/deutschland-em-loew-titel\" target=\"_blank\">(L\u00f6w will in Sch\u00f6nheit siegen)<\/a>. Unsere hessische Allzweckwaffe gibt es auch in Bild und Ton, Da erk\u00e4rt er <a href=\"http:\/\/www.zeit.de\/video\/2012-05\/1654434348001#autoplay\" target=\"_blank\">die taktischen Besonderheiten des deutschen Teams<\/a>.\u00a0 <a href=\"http:\/\/www.zeit.de\/sport\/2012-06\/taktisch-klug-gegner-deutschland\" target=\"_blank\">Hier<\/a> die der deutschen Gegner, man beachte dabei wie Oli &#8222;Cristiano Ronaldo&#8220; ausspricht.<\/p>\n<p><a href=\"https:\/\/blog.zeit.de\/sport-blog\/files\/2012\/06\/Bildschirmfoto-2012-06-08-um-11.44.27.png\"><img loading=\"lazy\" decoding=\"async\" class=\"aligncenter size-full wp-image-4185\" src=\"https:\/\/blog.zeit.de\/sport-blog\/files\/2012\/06\/Bildschirmfoto-2012-06-08-um-11.44.27-e1339266140206.png\" alt=\"\" width=\"250\" height=\"141\" \/><\/a><\/p>\n<p>Doch genug der Eigenwerbung. Hier der Link zum <a href=\"http:\/\/www.ard.de\/social\/uefaeuro2012\/\" target=\"_blank\">Live-Stream der ARD<\/a>. Es tickern auch die <a href=\"http:\/\/www.11freunde.de\/liveticker\/deutschland-portugal-im-11freunde-liveticker\" target=\"_blank\">11 Freunde<\/a>, Kai Pahl bei <a href=\"http:\/\/www.allesaussersport.de\/archiv\/2012\/06\/09\/deutschland-%E2%80%93-portugal-euro-2012-1\/\" target=\"_blank\">allesaussersport<\/a>, der <a href=\"http:\/\/www.guardian.co.uk\/football\/2012\/jun\/09\/euro-2012-germany-portugal-live\" target=\"_blank\">Guardian<\/a>. Wer Taktik mag, mag die Zonal-Marking-Vorschauen (<a href=\"http:\/\/www.zonalmarking.net\/2012\/06\/05\/euro-2012-preview-germany\/\" target=\"_blank\">Deutschland<\/a>, <a href=\"http:\/\/www.zonalmarking.net\/2012\/06\/05\/euro-2012-preview-portugal\/\" target=\"_blank\">Portugal<\/a>). Den gibt es auch noch, <a href=\"http:\/\/www.sportschau.de\/Medien\/uefaeuro2012\/deutschesteam\/videoespnexpertemichaelballackueberdasdeutscheauftaktmatch100.html\" target=\"_blank\">Michael Ballack<\/a>. Zum Abschluss noch ein verst\u00f6rendes Lesest\u00fcck \u00fcber <a href=\"http:\/\/www.faz.net\/aktuell\/sport\/em-2012\/rechtsextreme-ultras-in-lemberg-rassismus-judenhass-und-gewalt-11778487.html\" target=\"_blank\">Neonazis in Lemberg<\/a>.<\/p>\n<p><strong>20.17 Uhr<\/strong> Unser Kiew-Korrespondent hat heute fast den ganzen Tag im Fan-Camp der Schweden verbracht. 2000 Fans sind schon da,\u00a0 4000 sind noch auf dem Weg auf zum Riesenzeltlager, in dem man zum Spa\u00df Panzer fahren kann oder Kn\u00e4ckebrot essen kann. Das Deutschlandspiel wollte er in der Korrespondentenwohnung schauen \u2013 ein gut ausgestattes Mittelklasseappartement. Doch keiner der 32 ukrainischen Sender \u00fcbertr\u00e4gt die EM-Spiele. Was sagt das \u00fcber die EM-Begeisterung in Kiew aus? Jetzt sucht er noch verzweifelt ein Restaurant, dass sich &#8222;Bierstube&#8220; nennt, in der Hoffnung, dort nicht nur deutsches Bier zu sehen&#8230;<\/p>\n<p><strong>20.12 Uhr<\/strong> Oliver Fritsch <a href=\"https:\/\/twitter.com\/#!\/zeitonlinesport\" target=\"_blank\">twittert<\/a> aus dem Stadion: &#8222;Beim Einlaufen zum Aufw\u00e4rmen: Jubel f\u00fcr Deutschland, Pfiffe gegen Portugal, das von Ronaldo angef\u00fchrt wird. Heimspiel?&#8220;<\/p>\n<p>Und eine avantgardistische Beatboxnummer namens Boateng, Boateng, Boateng, Boateng&#8230;(to be repeated)<\/p>\n\n<div class=\"embed-wrapper embed-wrapper--blocked js-embed-consent\" data-method=\"iframe\">\n<script class=\"raw__source\" type=\"text\/template\"><iframe loading=\"lazy\" frameborder=\"0\" height=\"304\" src=\"http:\/\/www.youtube.com\/embed\/y5u00iLFI5U\" width=\"540\"><\/iframe><\/script>\n<div class=\"embed-wrapper__inner\">\n<div class=\"embed-wrapper__text\">\n<h3>Empfohlener redaktioneller Inhalt<\/h3>\n<p data-replace=\"no\">An dieser Stelle finden Sie externen Inhalt, der den Artikel erg\u00e4nzt. Sie k\u00f6nnen sich externe Inhalte mit einem Klick anzeigen lassen und wieder ausblenden.<noscript>Bitte aktivieren Sie JavaScript damit Sie diesen Inhalt anzeigen k\u00f6nnen.<\/noscript><\/p>\n<\/div>\n<div class=\"embed-consent\">\n<label class=\"embed-consent__toggle\">\n<input class=\"js-embed-consent__toggle\" type=\"checkbox\" autocomplete=\"off\">\n<span><\/span>\nExterner Inhalt\n<\/label>\n<a href=\"https:\/\/www.zeit.de\/hilfe\/datenschutz\" target=\"_blank\" class=\"embed-consent__datalink-when-active\">Datenschutzerkl\u00e4rung<\/a>\n<\/div>\n<div class=\"embed-wrapper__footer\">\n<p data-replace=\"no\">\nIch bin damit einverstanden, dass mir externe Inhalte angezeigt werden. Damit k\u00f6nnen personenbezogene Daten an Drittplattformen \u00fcbermittelt werden. <a href=\"https:\/\/www.zeit.de\/hilfe\/datenschutz\" target=\"_blank\">Mehr dazu in unserer Datenschutzerkl\u00e4rung.<\/a>\n<\/p>\n<\/div>\n<\/div>\n<\/div>\n<p>Zur Unterhaltung noch etwas hochwertiges Liedgut. Zun\u00e4chst eine klassische Fanmeilen-Mitgr\u00f6lnummer mit dem unschlagbar kreativem Titel &#8222;All you need is L\u00f6w&#8220;.<\/p>\n\n<div class=\"embed-wrapper embed-wrapper--blocked js-embed-consent\" data-method=\"iframe\">\n<script class=\"raw__source\" type=\"text\/template\"><iframe loading=\"lazy\" frameborder=\"0\" height=\"304\" src=\"http:\/\/www.youtube.com\/embed\/INu-KZ8r6JY\" width=\"540\"><\/iframe><\/script>\n<div class=\"embed-wrapper__inner\">\n<div class=\"embed-wrapper__text\">\n<h3>Empfohlener redaktioneller Inhalt<\/h3>\n<p data-replace=\"no\">An dieser Stelle finden Sie externen Inhalt, der den Artikel erg\u00e4nzt. Sie k\u00f6nnen sich externe Inhalte mit einem Klick anzeigen lassen und wieder ausblenden.<noscript>Bitte aktivieren Sie JavaScript damit Sie diesen Inhalt anzeigen k\u00f6nnen.<\/noscript><\/p>\n<\/div>\n<div class=\"embed-consent\">\n<label class=\"embed-consent__toggle\">\n<input class=\"js-embed-consent__toggle\" type=\"checkbox\" autocomplete=\"off\">\n<span><\/span>\nExterner Inhalt\n<\/label>\n<a href=\"https:\/\/www.zeit.de\/hilfe\/datenschutz\" target=\"_blank\" class=\"embed-consent__datalink-when-active\">Datenschutzerkl\u00e4rung<\/a>\n<\/div>\n<div class=\"embed-wrapper__footer\">\n<p data-replace=\"no\">\nIch bin damit einverstanden, dass mir externe Inhalte angezeigt werden. Damit k\u00f6nnen personenbezogene Daten an Drittplattformen \u00fcbermittelt werden. <a href=\"https:\/\/www.zeit.de\/hilfe\/datenschutz\" target=\"_blank\">Mehr dazu in unserer Datenschutzerkl\u00e4rung.<\/a>\n<\/p>\n<\/div>\n<\/div>\n<\/div>\n<p><strong>19.52 Uhr<\/strong> Da haben die Niederl\u00e4nder doch tats\u00e4chlich gegen D\u00e4nemark verloren, 0:1. Was bedeutet das f\u00fcr das DFB-Team? Erik Meijer im ARD-Studio jedenfalls schaut drein, als w\u00e4re man ihm auf den holzbeschuhten Fu\u00df gestiegen.<\/p>\n<p><strong>19.31 Uhr<\/strong> Jetzt ist die deutsche Aufstellung da: Neuer \u2013 Boateng, Hummels, Badstuber, Lahm \u2013 Khedira, Schweinsteiger \u2013 \u00d6zil, M\u00fcller, Podolski \u2013 Gomez<\/p>\n<p>Hummels also f\u00fcr Mertesacker, Gomez f\u00fcr Klose, Boateng (statt des gesunden Bender) auf rechts gegen Ronaldo. Alles kein Grund zur Sorge. Obwohl ich Lahm lieber auf der rechten Seite gesehen h\u00e4tte.<\/p>\n<p><strong>19.06 Uhr<\/strong> Auch der Kollege Fritsch in Lemberg kann aufstellungstechnisch noch nicht weiterhelfen. Zumindest die Stadt aber scheint er zu m\u00f6gen. &#8222;Lemberg hat tats\u00e4chlich \u00f6sterreichische Einfl\u00fcsse, erkannbar am Stadtbild, in Caf\u00e9s gibts Heurigen und Strudel&#8220;, <a href=\"https:\/\/twitter.com\/#!\/zeitonlinesport\" target=\"_blank\">twittert er<\/a>. \u00d6sterreich? Hoffentlich merkt Mario Gomez das nicht.<\/p>\n<p><strong>18.50 Uhr<\/strong> Schon seit einer ganzen Weile wird \u00fcber die Aufstellungen gemutma\u00dft. Wer stoppt denn nun Ronaldo? Der Rumtreiber Boateng oder der brave Bender? Die gro\u00dfen Fragen aber sind andere: Hat Schweinsteiger seine Wade dabei? Boateng <a href=\"http:\/\/www.bild.de\/sport\/fussball-em-2012-polen-ukraine\/jerome-boateng\/was-machte-der-nationalspieler-mit-gina-lisa-im-hotel-24482602.bild.html\" target=\"_blank\">seinen Barhocker<\/a>? Und <a href=\"http:\/\/www.spiegel.de\/panorama\/leute\/fussball-em-hansi-flick-sprach-von-stahlhelm-gegen-ronaldo-a-837751.html\" target=\"_blank\">welchen Helm<\/a> tr\u00e4gt Hansi Flick? Aufl\u00f6sung gleich. Dranbleiben.<\/p>\n<p><em>Vorbemerkungen:<\/em><\/p>\n<p>Als ich heute den Supermarkt meines Vertrauens aufsuchte, stand mir auf dem Weg zur K\u00e4setheke pl\u00f6tzlich Thomas M\u00fcller im Weg. Er hatte eine Rohwurst in der Hosentasche. Ich wunderte mich. Nicht wegen der Rohwurst, sondern weil ich dachte, M\u00fcller m\u00fcsse doch l\u00e4ngst in Lwiw oder in Lemberg sein, je nachdem. Ich erkannte dann, dass M\u00fcller und seine Wurst nur aus Pappe waren und war beruhigt.<\/p>\n<p><figure id=\"attachment_4159\" aria-describedby=\"caption-attachment-4159\" style=\"width: 250px\" class=\"wp-caption aligncenter\"><a href=\"https:\/\/blog.zeit.de\/sport-blog\/files\/2012\/06\/Mueller.jpg\"><img loading=\"lazy\" decoding=\"async\" class=\"size-full wp-image-4159  \" src=\"https:\/\/blog.zeit.de\/sport-blog\/files\/2012\/06\/Mueller-e1339255161288.jpg\" alt=\"\" width=\"250\" height=\"333\" \/><\/a><figcaption id=\"caption-attachment-4159\" class=\"wp-caption-text\">Gro\u00dfes, d\u00fcnnes M\u00fcller (Foto: Spiller)<\/figcaption><\/figure><\/p>\n<p>Der Papp-M\u00fcller war das letzte in einer unendlichen Reihe von Zeichen: Deutschland bringt sich in EM-Stimmung. Mein Supermarkt feiert &#8222;EM-Wochen&#8220;, Joachim L\u00f6w und die Nationalspieler l\u00e4cheln von Haselnusstafeln und den l\u00e4ngsten Pralinen der Welt. Mein B\u00e4cker hat Luftballons in Fu\u00dfballoptik an die Theke gehangen, \u00fcberall lagen Bord\u00fcren in schwarzrotgold.<\/p>\n<p>Es kann also los gehen. Und die Zuversicht ist so gro\u00df wie selten zuvor. Laut einer Umfrage, dem ARD Deutschlandtrend, glauben <a href=\"http:\/\/www.swr.de\/nachrichten\/-\/id=396\/nid=396\/did=9847892\/w6pskl\/\" target=\"_blank\">47 Prozent der Deutschen<\/a>, dass Joachim L\u00f6ws Mannschaft Europameister wird. Das ist &#8217;ne Menge.<\/p>\n<p>Zeiten wie vor zwei Jahren, als die Nationalelf noch als Rudel junger, spielender W\u00f6lfe nach S\u00fcdafrika fuhr, sind vorbei. Die Erwartungen sind gestiegen, die Anspr\u00fcche auch. Berti Vogts totterte neulich in einem Interview, als deutscher Nationaltrainer habe man die Pflicht, auch mal einen Titel zu holen. Was das mit der Nationalelf macht? Ab heute Abend werden wir es wissen.<\/p>\n","protected":false},"excerpt":{"rendered":"<p>Deutschland gewinnt gegen Portugal 1:0 Gomez trifft Portugal auch, aber nur zweimal die Latte Fazit Vor dem Turnier musste man sich Sorgen machen. Joachim L\u00f6w, der Sch\u00f6ngeist, so schrieben alle, auch wir, wolle vor allem sch\u00f6nen Fu\u00dfball spielen lassen. Das Ergebnis sei nicht so wichtig. Ein Affront im Land der Fu\u00dfball-Rationalisten, das Sch\u00f6nspieler jahrzehntelang \u00fcber [&hellip;]<\/p>\n","protected":false},"author":275,"featured_media":0,"comment_status":"open","ping_status":"closed","sticky":false,"template":"","format":"standard","meta":{"_jetpack_memberships_contains_paid_content":false,"footnotes":""},"categories":[1754],"tags":[],"class_list":["post-4158","post","type-post","status-publish","format-standard","hentry","category-uncategorized"],"yoast_head":"<!-- This site is optimized with the Yoast SEO plugin v21.0 - https:\/\/yoast.com\/wordpress\/plugins\/seo\/ -->\n<title>Rumpeln wie fr\u00fcher, gewinnen wie fr\u00fcher - Sport-Blog<\/title>\n<meta name=\"robots\" content=\"index, follow, max-snippet:-1, max-image-preview:large, max-video-preview:-1\" \/>\n<link rel=\"canonical\" href=\"https:\/\/blog.zeit.de\/sport-blog\/2012\/06\/09\/mit-muller-im-supermarkt_4158\" \/>\n<meta property=\"og:locale\" content=\"de_DE\" \/>\n<meta property=\"og:type\" content=\"article\" \/>\n<meta property=\"og:title\" content=\"Rumpeln wie fr\u00fcher, gewinnen wie fr\u00fcher - Sport-Blog\" \/>\n<meta property=\"og:description\" content=\"Deutschland gewinnt gegen Portugal 1:0 Gomez trifft Portugal auch, aber nur zweimal die Latte Fazit Vor dem Turnier musste man sich Sorgen machen. Joachim L\u00f6w, der Sch\u00f6ngeist, so schrieben alle, auch wir, wolle vor allem sch\u00f6nen Fu\u00dfball spielen lassen. Das Ergebnis sei nicht so wichtig. Ein Affront im Land der Fu\u00dfball-Rationalisten, das Sch\u00f6nspieler jahrzehntelang \u00fcber [&hellip;]\" \/>\n<meta property=\"og:url\" content=\"https:\/\/blog.zeit.de\/sport-blog\/2012\/06\/09\/mit-muller-im-supermarkt_4158\" \/>\n<meta property=\"og:site_name\" content=\"Sport-Blog\" \/>\n<meta property=\"article:published_time\" content=\"2012-06-09T15:29:47+00:00\" \/>\n<meta property=\"article:modified_time\" content=\"2012-06-13T16:57:09+00:00\" \/>\n<meta property=\"og:image\" content=\"https:\/\/blog.zeit.de\/sport-blog\/files\/2012\/06\/146062770-e1339279062667.jpg\" \/>\n<meta name=\"author\" content=\"Christian Spiller\" \/>\n<meta name=\"twitter:card\" content=\"summary_large_image\" \/>\n<meta name=\"twitter:creator\" content=\"@zeitonlinesport\" \/>\n<meta name=\"twitter:site\" content=\"@zeitonlinesport\" \/>\n<meta name=\"twitter:label1\" content=\"Geschrieben von\" \/>\n\t<meta name=\"twitter:data1\" content=\"Christian Spiller\" \/>\n\t<meta name=\"twitter:label2\" content=\"Gesch\u00e4tzte Lesezeit\" \/>\n\t<meta name=\"twitter:data2\" content=\"10\u00a0Minuten\" \/>\n<script type=\"application\/ld+json\" class=\"yoast-schema-graph\">{\"@context\":\"https:\/\/schema.org\",\"@graph\":[{\"@type\":\"WebPage\",\"@id\":\"https:\/\/blog.zeit.de\/sport-blog\/2012\/06\/09\/mit-muller-im-supermarkt_4158\",\"url\":\"https:\/\/blog.zeit.de\/sport-blog\/2012\/06\/09\/mit-muller-im-supermarkt_4158\",\"name\":\"Rumpeln wie fr\u00fcher, gewinnen wie fr\u00fcher - Sport-Blog\",\"isPartOf\":{\"@id\":\"https:\/\/blog.zeit.de\/sport-blog\/#website\"},\"datePublished\":\"2012-06-09T15:29:47+00:00\",\"dateModified\":\"2012-06-13T16:57:09+00:00\",\"author\":{\"@id\":\"https:\/\/blog.zeit.de\/sport-blog\/#\/schema\/person\/45b1dfd87b116cc3ad5a49ac35297c2d\"},\"breadcrumb\":{\"@id\":\"https:\/\/blog.zeit.de\/sport-blog\/2012\/06\/09\/mit-muller-im-supermarkt_4158#breadcrumb\"},\"inLanguage\":\"de\",\"potentialAction\":[{\"@type\":\"ReadAction\",\"target\":[\"https:\/\/blog.zeit.de\/sport-blog\/2012\/06\/09\/mit-muller-im-supermarkt_4158\"]}]},{\"@type\":\"BreadcrumbList\",\"@id\":\"https:\/\/blog.zeit.de\/sport-blog\/2012\/06\/09\/mit-muller-im-supermarkt_4158#breadcrumb\",\"itemListElement\":[{\"@type\":\"ListItem\",\"position\":1,\"name\":\"Startseite\",\"item\":\"https:\/\/blog.zeit.de\/sport-blog\"},{\"@type\":\"ListItem\",\"position\":2,\"name\":\"Rumpeln wie fr\u00fcher, gewinnen wie fr\u00fcher\"}]},{\"@type\":\"WebSite\",\"@id\":\"https:\/\/blog.zeit.de\/sport-blog\/#website\",\"url\":\"https:\/\/blog.zeit.de\/sport-blog\/\",\"name\":\"Sport-Blog\",\"description\":\"Blog der ZEIT ONLINE Sportredaktion\",\"potentialAction\":[{\"@type\":\"SearchAction\",\"target\":{\"@type\":\"EntryPoint\",\"urlTemplate\":\"https:\/\/blog.zeit.de\/sport-blog\/?s={search_term_string}\"},\"query-input\":\"required name=search_term_string\"}],\"inLanguage\":\"de\"},{\"@type\":\"Person\",\"@id\":\"https:\/\/blog.zeit.de\/sport-blog\/#\/schema\/person\/45b1dfd87b116cc3ad5a49ac35297c2d\",\"name\":\"Christian Spiller\",\"image\":{\"@type\":\"ImageObject\",\"inLanguage\":\"de\",\"@id\":\"https:\/\/blog.zeit.de\/sport-blog\/#\/schema\/person\/image\/\",\"url\":\"https:\/\/secure.gravatar.com\/avatar\/b58c64f04d7e4e8ef3baf1137a0d2870e91ff3abe920e30a7fae4b371ef41c7f?s=96&d=mm&r=g\",\"contentUrl\":\"https:\/\/secure.gravatar.com\/avatar\/b58c64f04d7e4e8ef3baf1137a0d2870e91ff3abe920e30a7fae4b371ef41c7f?s=96&d=mm&r=g\",\"caption\":\"Christian Spiller\"},\"description\":\"ist Redakteur bei ZEIT ONLINE.\",\"url\":\"https:\/\/blog.zeit.de\/sport-blog\/author\/christian-spiller\"}]}<\/script>\n<!-- \/ Yoast SEO plugin. -->","yoast_head_json":{"title":"Rumpeln wie fr\u00fcher, gewinnen wie fr\u00fcher - Sport-Blog","robots":{"index":"index","follow":"follow","max-snippet":"max-snippet:-1","max-image-preview":"max-image-preview:large","max-video-preview":"max-video-preview:-1"},"canonical":"https:\/\/blog.zeit.de\/sport-blog\/2012\/06\/09\/mit-muller-im-supermarkt_4158","og_locale":"de_DE","og_type":"article","og_title":"Rumpeln wie fr\u00fcher, gewinnen wie fr\u00fcher - Sport-Blog","og_description":"Deutschland gewinnt gegen Portugal 1:0 Gomez trifft Portugal auch, aber nur zweimal die Latte Fazit Vor dem Turnier musste man sich Sorgen machen. Joachim L\u00f6w, der Sch\u00f6ngeist, so schrieben alle, auch wir, wolle vor allem sch\u00f6nen Fu\u00dfball spielen lassen. Das Ergebnis sei nicht so wichtig. Ein Affront im Land der Fu\u00dfball-Rationalisten, das Sch\u00f6nspieler jahrzehntelang \u00fcber [&hellip;]","og_url":"https:\/\/blog.zeit.de\/sport-blog\/2012\/06\/09\/mit-muller-im-supermarkt_4158","og_site_name":"Sport-Blog","article_published_time":"2012-06-09T15:29:47+00:00","article_modified_time":"2012-06-13T16:57:09+00:00","og_image":[{"url":"https:\/\/blog.zeit.de\/sport-blog\/files\/2012\/06\/146062770-e1339279062667.jpg"}],"author":"Christian Spiller","twitter_card":"summary_large_image","twitter_creator":"@zeitonlinesport","twitter_site":"@zeitonlinesport","twitter_misc":{"Geschrieben von":"Christian Spiller","Gesch\u00e4tzte Lesezeit":"10\u00a0Minuten"},"schema":{"@context":"https:\/\/schema.org","@graph":[{"@type":"WebPage","@id":"https:\/\/blog.zeit.de\/sport-blog\/2012\/06\/09\/mit-muller-im-supermarkt_4158","url":"https:\/\/blog.zeit.de\/sport-blog\/2012\/06\/09\/mit-muller-im-supermarkt_4158","name":"Rumpeln wie fr\u00fcher, gewinnen wie fr\u00fcher - Sport-Blog","isPartOf":{"@id":"https:\/\/blog.zeit.de\/sport-blog\/#website"},"datePublished":"2012-06-09T15:29:47+00:00","dateModified":"2012-06-13T16:57:09+00:00","author":{"@id":"https:\/\/blog.zeit.de\/sport-blog\/#\/schema\/person\/45b1dfd87b116cc3ad5a49ac35297c2d"},"breadcrumb":{"@id":"https:\/\/blog.zeit.de\/sport-blog\/2012\/06\/09\/mit-muller-im-supermarkt_4158#breadcrumb"},"inLanguage":"de","potentialAction":[{"@type":"ReadAction","target":["https:\/\/blog.zeit.de\/sport-blog\/2012\/06\/09\/mit-muller-im-supermarkt_4158"]}]},{"@type":"BreadcrumbList","@id":"https:\/\/blog.zeit.de\/sport-blog\/2012\/06\/09\/mit-muller-im-supermarkt_4158#breadcrumb","itemListElement":[{"@type":"ListItem","position":1,"name":"Startseite","item":"https:\/\/blog.zeit.de\/sport-blog"},{"@type":"ListItem","position":2,"name":"Rumpeln wie fr\u00fcher, gewinnen wie fr\u00fcher"}]},{"@type":"WebSite","@id":"https:\/\/blog.zeit.de\/sport-blog\/#website","url":"https:\/\/blog.zeit.de\/sport-blog\/","name":"Sport-Blog","description":"Blog der ZEIT ONLINE Sportredaktion","potentialAction":[{"@type":"SearchAction","target":{"@type":"EntryPoint","urlTemplate":"https:\/\/blog.zeit.de\/sport-blog\/?s={search_term_string}"},"query-input":"required name=search_term_string"}],"inLanguage":"de"},{"@type":"Person","@id":"https:\/\/blog.zeit.de\/sport-blog\/#\/schema\/person\/45b1dfd87b116cc3ad5a49ac35297c2d","name":"Christian Spiller","image":{"@type":"ImageObject","inLanguage":"de","@id":"https:\/\/blog.zeit.de\/sport-blog\/#\/schema\/person\/image\/","url":"https:\/\/secure.gravatar.com\/avatar\/b58c64f04d7e4e8ef3baf1137a0d2870e91ff3abe920e30a7fae4b371ef41c7f?s=96&d=mm&r=g","contentUrl":"https:\/\/secure.gravatar.com\/avatar\/b58c64f04d7e4e8ef3baf1137a0d2870e91ff3abe920e30a7fae4b371ef41c7f?s=96&d=mm&r=g","caption":"Christian Spiller"},"description":"ist Redakteur bei ZEIT ONLINE.","url":"https:\/\/blog.zeit.de\/sport-blog\/author\/christian-spiller"}]}},"jetpack_featured_media_url":"","jetpack_sharing_enabled":true,"_links":{"self":[{"href":"https:\/\/blog.zeit.de\/sport-blog\/wp-json\/wp\/v2\/posts\/4158","targetHints":{"allow":["GET"]}}],"collection":[{"href":"https:\/\/blog.zeit.de\/sport-blog\/wp-json\/wp\/v2\/posts"}],"about":[{"href":"https:\/\/blog.zeit.de\/sport-blog\/wp-json\/wp\/v2\/types\/post"}],"author":[{"embeddable":true,"href":"https:\/\/blog.zeit.de\/sport-blog\/wp-json\/wp\/v2\/users\/275"}],"replies":[{"embeddable":true,"href":"https:\/\/blog.zeit.de\/sport-blog\/wp-json\/wp\/v2\/comments?post=4158"}],"version-history":[{"count":76,"href":"https:\/\/blog.zeit.de\/sport-blog\/wp-json\/wp\/v2\/posts\/4158\/revisions"}],"predecessor-version":[{"id":4420,"href":"https:\/\/blog.zeit.de\/sport-blog\/wp-json\/wp\/v2\/posts\/4158\/revisions\/4420"}],"wp:attachment":[{"href":"https:\/\/blog.zeit.de\/sport-blog\/wp-json\/wp\/v2\/media?parent=4158"}],"wp:term":[{"taxonomy":"category","embeddable":true,"href":"https:\/\/blog.zeit.de\/sport-blog\/wp-json\/wp\/v2\/categories?post=4158"},{"taxonomy":"post_tag","embeddable":true,"href":"https:\/\/blog.zeit.de\/sport-blog\/wp-json\/wp\/v2\/tags?post=4158"}],"curies":[{"name":"wp","href":"https:\/\/api.w.org\/{rel}","templated":true}]}}