{"id":4575,"date":"2012-06-16T17:07:00","date_gmt":"2012-06-16T15:07:00","guid":{"rendered":"http:\/\/blog.zeit.de\/sport-blog\/?p=4575"},"modified":"2012-06-16T18:25:30","modified_gmt":"2012-06-16T16:25:30","slug":"merkels-klebrige-finger","status":"publish","type":"post","link":"https:\/\/blog.zeit.de\/sport-blog\/2012\/06\/16\/merkels-klebrige-finger_4575","title":{"rendered":"Merkels klebrige Finger"},"content":{"rendered":"<p>Wir haben um Kreativit\u00e4t gebeten<\/a>, und sie bekommen. Wir wollten wissen, was Ihnen zu diesem nicht photogeshopten Angela-Merkel-Jubelbild einf\u00e4llt.<\/p>\n<p><figure id=\"attachment_4538\" aria-describedby=\"caption-attachment-4538\" style=\"width: 150px\" class=\"wp-caption alignleft\"><a href=\"https:\/\/blog.zeit.de\/sport-blog\/files\/2012\/06\/highres_00287304-e1339662462483.jpg\"><img loading=\"lazy\" decoding=\"async\" src=\"https:\/\/blog.zeit.de\/sport-blog\/files\/2012\/06\/highres_00287304-150x150.jpg\" alt=\"\" width=\"150\" height=\"150\" class=\"size-thumbnail wp-image-4538\" \/><\/a><figcaption id=\"caption-attachment-4538\" class=\"wp-caption-text\">Angela Merkel beim Hessenfest der CDU  (Foto: Eventpress Hermann)<\/figcaption><\/figure><\/p>\n<p><a href=\"https:\/\/blog.zeit.de\/sport-blog\/2012\/06\/14\/was-fallt-ihnen-zu-diesem-bild-ein-3_4536\">471 Vorschl\u00e4ge sind bei uns eingetrudelt<\/a>, die unseren Redaktionsbetrieb lahm legten. Eine fachkundige Jury musste stundenlang sichten, sortieren, gr\u00fcbeln. Hier einen Gewinner zu k\u00fcren, ist \u00e4hnlich undankbar wie die Entscheidung zwischen Klose und Gomez, Linkslahm oder Rechtslahm, M\u00fcller-Hohenstein oder Kahn. Aber hilft ja nix, es muss. Laut gelacht haben wir vor allem \u00fcber die Kommentare, die dieses Bild schon einmal irgendwo gesehen zu haben glaubten. Zum Beispiel <strong>Corinna Zipprich<\/strong>, die bei der Frau Bundeskanzlerin eine <a href=\"http:\/\/ecx.images-amazon.com\/images\/I\/51YNPCSK33L.jpg\" target=\"_blank\">\u00c4hnlichkeit mit Wickie<\/a> festgestellt hat. Oder <strong>Joe<\/strong>, der sich <a href=\"http:\/\/hody.de\/wp-content\/media\/finchen1.jpg\" target=\"_blank\">ans Finchen<\/a> erinnert f\u00fchlte. Ein Flei\u00dfbienchen geht an <strong>Fred Binsenschneider<\/strong> f\u00fcr seine unz\u00e4hligen, aufw\u00e4ndigen Vorschl\u00e4ge.<\/p>\n<p>Aber kommen wir zur Preisverleihung. Der Textilexperte <strong>bms166<\/strong>, der eine \u00dcbertragung aus Afghanistan vermutet, landet auf dem dritten Platz: &#8222;Karzai, live aus Kabul: &#8218;Ihr bekommt auch alle einen Teppich&#8216;.&#8220; <\/p>\n<p>Ebenfalls gro\u00dfartig ist die Einordnung von <strong>Max Stadtb\u00e4umer<\/strong>: &#8222;Juhu, Gomez trifft! Das bedeutet, die integration junger Menschen spanischer Abstammung in den deutschen Arbeitsmarkt funktioniert!&#8220; Daf\u00fcr gibt es Silber. <\/p>\n<p>Da der Fu\u00dfball, wie wir ja seit Platini alle wissen, aber bei diesem Turnier ganz und gar unpolitisch ist, gewinnt bei uns der Kommentar von <strong>Stillmann<\/strong>: &#8222;Endlich, endlich <a href=\"http:\/\/www.digitalfilmtree.com\/blog\/wp-content\/uploads\/2012\/01\/angela-merkel-shapes.jpeg\">kleben meine Finger<\/a> nicht mehr zusammen!!!! Juhuuuuuuu!!!&#8220;<\/p>\n<p>Wir bitten den Gewinner um Zusendung der Adresse an online-sport (at) zeit.de. Er bekommt ein Fu\u00dfballbuch aus dem Verlag <a href=\"http:\/\/www.werkstatt-verlag.de\/\">Die Werkstatt<\/a>. An alle anderen: Es sind noch genug B\u00fccher da.<\/p>\n","protected":false},"excerpt":{"rendered":"<p>Wir haben um Kreativit\u00e4t gebeten, und sie bekommen. Wir wollten wissen, was Ihnen zu diesem nicht photogeshopten Angela-Merkel-Jubelbild einf\u00e4llt. 471 Vorschl\u00e4ge sind bei uns eingetrudelt, die unseren Redaktionsbetrieb lahm legten. Eine fachkundige Jury musste stundenlang sichten, sortieren, gr\u00fcbeln. Hier einen Gewinner zu k\u00fcren, ist \u00e4hnlich undankbar wie die Entscheidung zwischen Klose und Gomez, Linkslahm oder [&hellip;]<\/p>\n","protected":false},"author":275,"featured_media":0,"comment_status":"open","ping_status":"closed","sticky":false,"template":"","format":"standard","meta":{"_jetpack_memberships_contains_paid_content":false,"footnotes":""},"categories":[1],"tags":[2677,973],"class_list":["post-4575","post","type-post","status-publish","format-standard","hentry","category-allgemein","tag-gewinnspiel","tag-merkel"],"yoast_head":"<!-- This site is optimized with the Yoast SEO plugin v21.0 - https:\/\/yoast.com\/wordpress\/plugins\/seo\/ -->\n<title>Merkels klebrige Finger - Sport-Blog<\/title>\n<meta name=\"robots\" content=\"index, follow, max-snippet:-1, max-image-preview:large, max-video-preview:-1\" \/>\n<link rel=\"canonical\" href=\"https:\/\/blog.zeit.de\/sport-blog\/2012\/06\/16\/merkels-klebrige-finger_4575\" \/>\n<meta property=\"og:locale\" content=\"de_DE\" \/>\n<meta property=\"og:type\" content=\"article\" \/>\n<meta property=\"og:title\" content=\"Merkels klebrige Finger - Sport-Blog\" \/>\n<meta property=\"og:description\" content=\"Wir haben um Kreativit\u00e4t gebeten, und sie bekommen. Wir wollten wissen, was Ihnen zu diesem nicht photogeshopten Angela-Merkel-Jubelbild einf\u00e4llt. 471 Vorschl\u00e4ge sind bei uns eingetrudelt, die unseren Redaktionsbetrieb lahm legten. Eine fachkundige Jury musste stundenlang sichten, sortieren, gr\u00fcbeln. Hier einen Gewinner zu k\u00fcren, ist \u00e4hnlich undankbar wie die Entscheidung zwischen Klose und Gomez, Linkslahm oder [&hellip;]\" \/>\n<meta property=\"og:url\" content=\"https:\/\/blog.zeit.de\/sport-blog\/2012\/06\/16\/merkels-klebrige-finger_4575\" \/>\n<meta property=\"og:site_name\" content=\"Sport-Blog\" \/>\n<meta property=\"article:published_time\" content=\"2012-06-16T15:07:00+00:00\" \/>\n<meta property=\"article:modified_time\" content=\"2012-06-16T16:25:30+00:00\" \/>\n<meta property=\"og:image\" content=\"https:\/\/blog.zeit.de\/sport-blog\/files\/2012\/06\/highres_00287304-150x150.jpg\" \/>\n<meta name=\"author\" content=\"Christian Spiller\" \/>\n<meta name=\"twitter:card\" content=\"summary_large_image\" \/>\n<meta name=\"twitter:creator\" content=\"@zeitonlinesport\" \/>\n<meta name=\"twitter:site\" content=\"@zeitonlinesport\" \/>\n<meta name=\"twitter:label1\" content=\"Geschrieben von\" \/>\n\t<meta name=\"twitter:data1\" content=\"Christian Spiller\" \/>\n\t<meta name=\"twitter:label2\" content=\"Gesch\u00e4tzte Lesezeit\" \/>\n\t<meta name=\"twitter:data2\" content=\"1\u00a0Minute\" \/>\n<script type=\"application\/ld+json\" class=\"yoast-schema-graph\">{\"@context\":\"https:\/\/schema.org\",\"@graph\":[{\"@type\":\"WebPage\",\"@id\":\"https:\/\/blog.zeit.de\/sport-blog\/2012\/06\/16\/merkels-klebrige-finger_4575\",\"url\":\"https:\/\/blog.zeit.de\/sport-blog\/2012\/06\/16\/merkels-klebrige-finger_4575\",\"name\":\"Merkels klebrige Finger - Sport-Blog\",\"isPartOf\":{\"@id\":\"https:\/\/blog.zeit.de\/sport-blog\/#website\"},\"datePublished\":\"2012-06-16T15:07:00+00:00\",\"dateModified\":\"2012-06-16T16:25:30+00:00\",\"author\":{\"@id\":\"https:\/\/blog.zeit.de\/sport-blog\/#\/schema\/person\/45b1dfd87b116cc3ad5a49ac35297c2d\"},\"breadcrumb\":{\"@id\":\"https:\/\/blog.zeit.de\/sport-blog\/2012\/06\/16\/merkels-klebrige-finger_4575#breadcrumb\"},\"inLanguage\":\"de\",\"potentialAction\":[{\"@type\":\"ReadAction\",\"target\":[\"https:\/\/blog.zeit.de\/sport-blog\/2012\/06\/16\/merkels-klebrige-finger_4575\"]}]},{\"@type\":\"BreadcrumbList\",\"@id\":\"https:\/\/blog.zeit.de\/sport-blog\/2012\/06\/16\/merkels-klebrige-finger_4575#breadcrumb\",\"itemListElement\":[{\"@type\":\"ListItem\",\"position\":1,\"name\":\"Startseite\",\"item\":\"https:\/\/blog.zeit.de\/sport-blog\"},{\"@type\":\"ListItem\",\"position\":2,\"name\":\"Merkels klebrige Finger\"}]},{\"@type\":\"WebSite\",\"@id\":\"https:\/\/blog.zeit.de\/sport-blog\/#website\",\"url\":\"https:\/\/blog.zeit.de\/sport-blog\/\",\"name\":\"Sport-Blog\",\"description\":\"Blog der ZEIT ONLINE Sportredaktion\",\"potentialAction\":[{\"@type\":\"SearchAction\",\"target\":{\"@type\":\"EntryPoint\",\"urlTemplate\":\"https:\/\/blog.zeit.de\/sport-blog\/?s={search_term_string}\"},\"query-input\":\"required name=search_term_string\"}],\"inLanguage\":\"de\"},{\"@type\":\"Person\",\"@id\":\"https:\/\/blog.zeit.de\/sport-blog\/#\/schema\/person\/45b1dfd87b116cc3ad5a49ac35297c2d\",\"name\":\"Christian Spiller\",\"image\":{\"@type\":\"ImageObject\",\"inLanguage\":\"de\",\"@id\":\"https:\/\/blog.zeit.de\/sport-blog\/#\/schema\/person\/image\/\",\"url\":\"https:\/\/secure.gravatar.com\/avatar\/b58c64f04d7e4e8ef3baf1137a0d2870e91ff3abe920e30a7fae4b371ef41c7f?s=96&d=mm&r=g\",\"contentUrl\":\"https:\/\/secure.gravatar.com\/avatar\/b58c64f04d7e4e8ef3baf1137a0d2870e91ff3abe920e30a7fae4b371ef41c7f?s=96&d=mm&r=g\",\"caption\":\"Christian Spiller\"},\"description\":\"ist Redakteur bei ZEIT ONLINE.\",\"url\":\"https:\/\/blog.zeit.de\/sport-blog\/author\/christian-spiller\"}]}<\/script>\n<!-- \/ Yoast SEO plugin. -->","yoast_head_json":{"title":"Merkels klebrige Finger - Sport-Blog","robots":{"index":"index","follow":"follow","max-snippet":"max-snippet:-1","max-image-preview":"max-image-preview:large","max-video-preview":"max-video-preview:-1"},"canonical":"https:\/\/blog.zeit.de\/sport-blog\/2012\/06\/16\/merkels-klebrige-finger_4575","og_locale":"de_DE","og_type":"article","og_title":"Merkels klebrige Finger - Sport-Blog","og_description":"Wir haben um Kreativit\u00e4t gebeten, und sie bekommen. Wir wollten wissen, was Ihnen zu diesem nicht photogeshopten Angela-Merkel-Jubelbild einf\u00e4llt. 471 Vorschl\u00e4ge sind bei uns eingetrudelt, die unseren Redaktionsbetrieb lahm legten. Eine fachkundige Jury musste stundenlang sichten, sortieren, gr\u00fcbeln. Hier einen Gewinner zu k\u00fcren, ist \u00e4hnlich undankbar wie die Entscheidung zwischen Klose und Gomez, Linkslahm oder [&hellip;]","og_url":"https:\/\/blog.zeit.de\/sport-blog\/2012\/06\/16\/merkels-klebrige-finger_4575","og_site_name":"Sport-Blog","article_published_time":"2012-06-16T15:07:00+00:00","article_modified_time":"2012-06-16T16:25:30+00:00","og_image":[{"url":"https:\/\/blog.zeit.de\/sport-blog\/files\/2012\/06\/highres_00287304-150x150.jpg"}],"author":"Christian Spiller","twitter_card":"summary_large_image","twitter_creator":"@zeitonlinesport","twitter_site":"@zeitonlinesport","twitter_misc":{"Geschrieben von":"Christian Spiller","Gesch\u00e4tzte Lesezeit":"1\u00a0Minute"},"schema":{"@context":"https:\/\/schema.org","@graph":[{"@type":"WebPage","@id":"https:\/\/blog.zeit.de\/sport-blog\/2012\/06\/16\/merkels-klebrige-finger_4575","url":"https:\/\/blog.zeit.de\/sport-blog\/2012\/06\/16\/merkels-klebrige-finger_4575","name":"Merkels klebrige Finger - Sport-Blog","isPartOf":{"@id":"https:\/\/blog.zeit.de\/sport-blog\/#website"},"datePublished":"2012-06-16T15:07:00+00:00","dateModified":"2012-06-16T16:25:30+00:00","author":{"@id":"https:\/\/blog.zeit.de\/sport-blog\/#\/schema\/person\/45b1dfd87b116cc3ad5a49ac35297c2d"},"breadcrumb":{"@id":"https:\/\/blog.zeit.de\/sport-blog\/2012\/06\/16\/merkels-klebrige-finger_4575#breadcrumb"},"inLanguage":"de","potentialAction":[{"@type":"ReadAction","target":["https:\/\/blog.zeit.de\/sport-blog\/2012\/06\/16\/merkels-klebrige-finger_4575"]}]},{"@type":"BreadcrumbList","@id":"https:\/\/blog.zeit.de\/sport-blog\/2012\/06\/16\/merkels-klebrige-finger_4575#breadcrumb","itemListElement":[{"@type":"ListItem","position":1,"name":"Startseite","item":"https:\/\/blog.zeit.de\/sport-blog"},{"@type":"ListItem","position":2,"name":"Merkels klebrige Finger"}]},{"@type":"WebSite","@id":"https:\/\/blog.zeit.de\/sport-blog\/#website","url":"https:\/\/blog.zeit.de\/sport-blog\/","name":"Sport-Blog","description":"Blog der ZEIT ONLINE Sportredaktion","potentialAction":[{"@type":"SearchAction","target":{"@type":"EntryPoint","urlTemplate":"https:\/\/blog.zeit.de\/sport-blog\/?s={search_term_string}"},"query-input":"required name=search_term_string"}],"inLanguage":"de"},{"@type":"Person","@id":"https:\/\/blog.zeit.de\/sport-blog\/#\/schema\/person\/45b1dfd87b116cc3ad5a49ac35297c2d","name":"Christian Spiller","image":{"@type":"ImageObject","inLanguage":"de","@id":"https:\/\/blog.zeit.de\/sport-blog\/#\/schema\/person\/image\/","url":"https:\/\/secure.gravatar.com\/avatar\/b58c64f04d7e4e8ef3baf1137a0d2870e91ff3abe920e30a7fae4b371ef41c7f?s=96&d=mm&r=g","contentUrl":"https:\/\/secure.gravatar.com\/avatar\/b58c64f04d7e4e8ef3baf1137a0d2870e91ff3abe920e30a7fae4b371ef41c7f?s=96&d=mm&r=g","caption":"Christian Spiller"},"description":"ist Redakteur bei ZEIT ONLINE.","url":"https:\/\/blog.zeit.de\/sport-blog\/author\/christian-spiller"}]}},"jetpack_featured_media_url":"","jetpack_sharing_enabled":true,"_links":{"self":[{"href":"https:\/\/blog.zeit.de\/sport-blog\/wp-json\/wp\/v2\/posts\/4575","targetHints":{"allow":["GET"]}}],"collection":[{"href":"https:\/\/blog.zeit.de\/sport-blog\/wp-json\/wp\/v2\/posts"}],"about":[{"href":"https:\/\/blog.zeit.de\/sport-blog\/wp-json\/wp\/v2\/types\/post"}],"author":[{"embeddable":true,"href":"https:\/\/blog.zeit.de\/sport-blog\/wp-json\/wp\/v2\/users\/275"}],"replies":[{"embeddable":true,"href":"https:\/\/blog.zeit.de\/sport-blog\/wp-json\/wp\/v2\/comments?post=4575"}],"version-history":[{"count":8,"href":"https:\/\/blog.zeit.de\/sport-blog\/wp-json\/wp\/v2\/posts\/4575\/revisions"}],"predecessor-version":[{"id":4620,"href":"https:\/\/blog.zeit.de\/sport-blog\/wp-json\/wp\/v2\/posts\/4575\/revisions\/4620"}],"wp:attachment":[{"href":"https:\/\/blog.zeit.de\/sport-blog\/wp-json\/wp\/v2\/media?parent=4575"}],"wp:term":[{"taxonomy":"category","embeddable":true,"href":"https:\/\/blog.zeit.de\/sport-blog\/wp-json\/wp\/v2\/categories?post=4575"},{"taxonomy":"post_tag","embeddable":true,"href":"https:\/\/blog.zeit.de\/sport-blog\/wp-json\/wp\/v2\/tags?post=4575"}],"curies":[{"name":"wp","href":"https:\/\/api.w.org\/{rel}","templated":true}]}}