{"id":4966,"date":"2012-06-25T11:38:44","date_gmt":"2012-06-25T09:38:44","guid":{"rendered":"http:\/\/blog.zeit.de\/sport-blog\/?p=4966"},"modified":"2012-06-25T12:46:15","modified_gmt":"2012-06-25T10:46:15","slug":"was-fallt-ihnen-zu-diesem-bild-ein-4","status":"publish","type":"post","link":"https:\/\/blog.zeit.de\/sport-blog\/2012\/06\/25\/was-fallt-ihnen-zu-diesem-bild-ein-4_4966","title":{"rendered":"Was f\u00e4llt Ihnen zu diesem Bild ein?"},"content":{"rendered":"<p>Wieder einmal ist ihre Kreativit\u00e4t gefragt. W\u00e4hrend des Viertelfinals gestern zwischen Italien und England wurde uns dieses Bild des italienischen Torwarts Gianluigi Buffon zugespielt. Was macht er da? Was will er uns oder wem auch immer sagen? Kurzum: Was f\u00e4llt Ihnen zu diesem Bild ein, liebe Leser?<\/p>\n<p><figure id=\"attachment_4967\" aria-describedby=\"caption-attachment-4967\" style=\"width: 540px\" class=\"wp-caption aligncenter\"><a href=\"https:\/\/blog.zeit.de\/sport-blog\/files\/2012\/06\/146976676.jpg\"><img loading=\"lazy\" decoding=\"async\" class=\"size-full wp-image-4967\" src=\"https:\/\/blog.zeit.de\/sport-blog\/files\/2012\/06\/146976676-e1340617030795.jpg\" alt=\"Nimm die Kamera runter! Foto: Laurence Griffiths\/Getty Images\" width=\"540\" height=\"356\" \/><\/a><figcaption id=\"caption-attachment-4967\" class=\"wp-caption-text\">Nimm die Kamera runter! Foto: Laurence Griffiths\/Getty Images<\/figcaption><\/figure><\/p>\n<p style=\"text-align: center\">\n<p>Schreiben Sie Ihre Antwort unten in die Kommentarspalte! Der Leser mit dem originellsten Beitrag gewinnt ein Fu\u00dfballbuch aus dem Verlag <a href=\"http:\/\/www.werkstatt-verlag.de\/\">Die Werkstatt<\/a>. Einsendeschluss ist Dienstag, 16 Uhr. Dann geben wir hier im Blog den Sieger bekannt, den eine redaktionsinterne Jury w\u00e4hlt \u2013 nat\u00fcrlich v\u00f6llig willk\u00fcrlich. Den Rechtsweg k\u00f6nnen Sie sich daher schenken.<\/p>\n","protected":false},"excerpt":{"rendered":"<p>Wieder einmal ist ihre Kreativit\u00e4t gefragt. W\u00e4hrend des Viertelfinals gestern zwischen Italien und England wurde uns dieses Bild des italienischen Torwarts Gianluigi Buffon zugespielt. Was macht er da? Was will er uns oder wem auch immer sagen? Kurzum: Was f\u00e4llt Ihnen zu diesem Bild ein, liebe Leser? Schreiben Sie Ihre Antwort unten in die Kommentarspalte! [&hellip;]<\/p>\n","protected":false},"author":275,"featured_media":0,"comment_status":"open","ping_status":"closed","sticky":false,"template":"","format":"standard","meta":{"_jetpack_memberships_contains_paid_content":false,"footnotes":""},"categories":[1754],"tags":[],"class_list":["post-4966","post","type-post","status-publish","format-standard","hentry","category-uncategorized"],"yoast_head":"<!-- This site is optimized with the Yoast SEO plugin v21.0 - https:\/\/yoast.com\/wordpress\/plugins\/seo\/ -->\n<title>Was f\u00e4llt Ihnen zu diesem Bild ein? - Sport-Blog<\/title>\n<meta name=\"robots\" content=\"index, follow, max-snippet:-1, max-image-preview:large, max-video-preview:-1\" \/>\n<link rel=\"canonical\" href=\"https:\/\/blog.zeit.de\/sport-blog\/2012\/06\/25\/was-fallt-ihnen-zu-diesem-bild-ein-4_4966\" \/>\n<meta property=\"og:locale\" content=\"de_DE\" \/>\n<meta property=\"og:type\" content=\"article\" \/>\n<meta property=\"og:title\" content=\"Was f\u00e4llt Ihnen zu diesem Bild ein? - Sport-Blog\" \/>\n<meta property=\"og:description\" content=\"Wieder einmal ist ihre Kreativit\u00e4t gefragt. W\u00e4hrend des Viertelfinals gestern zwischen Italien und England wurde uns dieses Bild des italienischen Torwarts Gianluigi Buffon zugespielt. Was macht er da? Was will er uns oder wem auch immer sagen? Kurzum: Was f\u00e4llt Ihnen zu diesem Bild ein, liebe Leser? Schreiben Sie Ihre Antwort unten in die Kommentarspalte! [&hellip;]\" \/>\n<meta property=\"og:url\" content=\"https:\/\/blog.zeit.de\/sport-blog\/2012\/06\/25\/was-fallt-ihnen-zu-diesem-bild-ein-4_4966\" \/>\n<meta property=\"og:site_name\" content=\"Sport-Blog\" \/>\n<meta property=\"article:published_time\" content=\"2012-06-25T09:38:44+00:00\" \/>\n<meta property=\"article:modified_time\" content=\"2012-06-25T10:46:15+00:00\" \/>\n<meta property=\"og:image\" content=\"https:\/\/blog.zeit.de\/sport-blog\/files\/2012\/06\/146976676-e1340617030795.jpg\" \/>\n<meta name=\"author\" content=\"Christian Spiller\" \/>\n<meta name=\"twitter:card\" content=\"summary_large_image\" \/>\n<meta name=\"twitter:creator\" content=\"@zeitonlinesport\" \/>\n<meta name=\"twitter:site\" content=\"@zeitonlinesport\" \/>\n<meta name=\"twitter:label1\" content=\"Geschrieben von\" \/>\n\t<meta name=\"twitter:data1\" content=\"Christian Spiller\" \/>\n\t<meta name=\"twitter:label2\" content=\"Gesch\u00e4tzte Lesezeit\" \/>\n\t<meta name=\"twitter:data2\" content=\"1\u00a0Minute\" \/>\n<script type=\"application\/ld+json\" class=\"yoast-schema-graph\">{\"@context\":\"https:\/\/schema.org\",\"@graph\":[{\"@type\":\"WebPage\",\"@id\":\"https:\/\/blog.zeit.de\/sport-blog\/2012\/06\/25\/was-fallt-ihnen-zu-diesem-bild-ein-4_4966\",\"url\":\"https:\/\/blog.zeit.de\/sport-blog\/2012\/06\/25\/was-fallt-ihnen-zu-diesem-bild-ein-4_4966\",\"name\":\"Was f\u00e4llt Ihnen zu diesem Bild ein? - Sport-Blog\",\"isPartOf\":{\"@id\":\"https:\/\/blog.zeit.de\/sport-blog\/#website\"},\"datePublished\":\"2012-06-25T09:38:44+00:00\",\"dateModified\":\"2012-06-25T10:46:15+00:00\",\"author\":{\"@id\":\"https:\/\/blog.zeit.de\/sport-blog\/#\/schema\/person\/45b1dfd87b116cc3ad5a49ac35297c2d\"},\"breadcrumb\":{\"@id\":\"https:\/\/blog.zeit.de\/sport-blog\/2012\/06\/25\/was-fallt-ihnen-zu-diesem-bild-ein-4_4966#breadcrumb\"},\"inLanguage\":\"de\",\"potentialAction\":[{\"@type\":\"ReadAction\",\"target\":[\"https:\/\/blog.zeit.de\/sport-blog\/2012\/06\/25\/was-fallt-ihnen-zu-diesem-bild-ein-4_4966\"]}]},{\"@type\":\"BreadcrumbList\",\"@id\":\"https:\/\/blog.zeit.de\/sport-blog\/2012\/06\/25\/was-fallt-ihnen-zu-diesem-bild-ein-4_4966#breadcrumb\",\"itemListElement\":[{\"@type\":\"ListItem\",\"position\":1,\"name\":\"Startseite\",\"item\":\"https:\/\/blog.zeit.de\/sport-blog\"},{\"@type\":\"ListItem\",\"position\":2,\"name\":\"Was f\u00e4llt Ihnen zu diesem Bild ein?\"}]},{\"@type\":\"WebSite\",\"@id\":\"https:\/\/blog.zeit.de\/sport-blog\/#website\",\"url\":\"https:\/\/blog.zeit.de\/sport-blog\/\",\"name\":\"Sport-Blog\",\"description\":\"Blog der ZEIT ONLINE Sportredaktion\",\"potentialAction\":[{\"@type\":\"SearchAction\",\"target\":{\"@type\":\"EntryPoint\",\"urlTemplate\":\"https:\/\/blog.zeit.de\/sport-blog\/?s={search_term_string}\"},\"query-input\":\"required name=search_term_string\"}],\"inLanguage\":\"de\"},{\"@type\":\"Person\",\"@id\":\"https:\/\/blog.zeit.de\/sport-blog\/#\/schema\/person\/45b1dfd87b116cc3ad5a49ac35297c2d\",\"name\":\"Christian Spiller\",\"image\":{\"@type\":\"ImageObject\",\"inLanguage\":\"de\",\"@id\":\"https:\/\/blog.zeit.de\/sport-blog\/#\/schema\/person\/image\/\",\"url\":\"https:\/\/secure.gravatar.com\/avatar\/b58c64f04d7e4e8ef3baf1137a0d2870e91ff3abe920e30a7fae4b371ef41c7f?s=96&d=mm&r=g\",\"contentUrl\":\"https:\/\/secure.gravatar.com\/avatar\/b58c64f04d7e4e8ef3baf1137a0d2870e91ff3abe920e30a7fae4b371ef41c7f?s=96&d=mm&r=g\",\"caption\":\"Christian Spiller\"},\"description\":\"ist Redakteur bei ZEIT ONLINE.\",\"url\":\"https:\/\/blog.zeit.de\/sport-blog\/author\/christian-spiller\"}]}<\/script>\n<!-- \/ Yoast SEO plugin. -->","yoast_head_json":{"title":"Was f\u00e4llt Ihnen zu diesem Bild ein? - Sport-Blog","robots":{"index":"index","follow":"follow","max-snippet":"max-snippet:-1","max-image-preview":"max-image-preview:large","max-video-preview":"max-video-preview:-1"},"canonical":"https:\/\/blog.zeit.de\/sport-blog\/2012\/06\/25\/was-fallt-ihnen-zu-diesem-bild-ein-4_4966","og_locale":"de_DE","og_type":"article","og_title":"Was f\u00e4llt Ihnen zu diesem Bild ein? - Sport-Blog","og_description":"Wieder einmal ist ihre Kreativit\u00e4t gefragt. W\u00e4hrend des Viertelfinals gestern zwischen Italien und England wurde uns dieses Bild des italienischen Torwarts Gianluigi Buffon zugespielt. Was macht er da? Was will er uns oder wem auch immer sagen? Kurzum: Was f\u00e4llt Ihnen zu diesem Bild ein, liebe Leser? Schreiben Sie Ihre Antwort unten in die Kommentarspalte! [&hellip;]","og_url":"https:\/\/blog.zeit.de\/sport-blog\/2012\/06\/25\/was-fallt-ihnen-zu-diesem-bild-ein-4_4966","og_site_name":"Sport-Blog","article_published_time":"2012-06-25T09:38:44+00:00","article_modified_time":"2012-06-25T10:46:15+00:00","og_image":[{"url":"https:\/\/blog.zeit.de\/sport-blog\/files\/2012\/06\/146976676-e1340617030795.jpg"}],"author":"Christian Spiller","twitter_card":"summary_large_image","twitter_creator":"@zeitonlinesport","twitter_site":"@zeitonlinesport","twitter_misc":{"Geschrieben von":"Christian Spiller","Gesch\u00e4tzte Lesezeit":"1\u00a0Minute"},"schema":{"@context":"https:\/\/schema.org","@graph":[{"@type":"WebPage","@id":"https:\/\/blog.zeit.de\/sport-blog\/2012\/06\/25\/was-fallt-ihnen-zu-diesem-bild-ein-4_4966","url":"https:\/\/blog.zeit.de\/sport-blog\/2012\/06\/25\/was-fallt-ihnen-zu-diesem-bild-ein-4_4966","name":"Was f\u00e4llt Ihnen zu diesem Bild ein? - Sport-Blog","isPartOf":{"@id":"https:\/\/blog.zeit.de\/sport-blog\/#website"},"datePublished":"2012-06-25T09:38:44+00:00","dateModified":"2012-06-25T10:46:15+00:00","author":{"@id":"https:\/\/blog.zeit.de\/sport-blog\/#\/schema\/person\/45b1dfd87b116cc3ad5a49ac35297c2d"},"breadcrumb":{"@id":"https:\/\/blog.zeit.de\/sport-blog\/2012\/06\/25\/was-fallt-ihnen-zu-diesem-bild-ein-4_4966#breadcrumb"},"inLanguage":"de","potentialAction":[{"@type":"ReadAction","target":["https:\/\/blog.zeit.de\/sport-blog\/2012\/06\/25\/was-fallt-ihnen-zu-diesem-bild-ein-4_4966"]}]},{"@type":"BreadcrumbList","@id":"https:\/\/blog.zeit.de\/sport-blog\/2012\/06\/25\/was-fallt-ihnen-zu-diesem-bild-ein-4_4966#breadcrumb","itemListElement":[{"@type":"ListItem","position":1,"name":"Startseite","item":"https:\/\/blog.zeit.de\/sport-blog"},{"@type":"ListItem","position":2,"name":"Was f\u00e4llt Ihnen zu diesem Bild ein?"}]},{"@type":"WebSite","@id":"https:\/\/blog.zeit.de\/sport-blog\/#website","url":"https:\/\/blog.zeit.de\/sport-blog\/","name":"Sport-Blog","description":"Blog der ZEIT ONLINE Sportredaktion","potentialAction":[{"@type":"SearchAction","target":{"@type":"EntryPoint","urlTemplate":"https:\/\/blog.zeit.de\/sport-blog\/?s={search_term_string}"},"query-input":"required name=search_term_string"}],"inLanguage":"de"},{"@type":"Person","@id":"https:\/\/blog.zeit.de\/sport-blog\/#\/schema\/person\/45b1dfd87b116cc3ad5a49ac35297c2d","name":"Christian Spiller","image":{"@type":"ImageObject","inLanguage":"de","@id":"https:\/\/blog.zeit.de\/sport-blog\/#\/schema\/person\/image\/","url":"https:\/\/secure.gravatar.com\/avatar\/b58c64f04d7e4e8ef3baf1137a0d2870e91ff3abe920e30a7fae4b371ef41c7f?s=96&d=mm&r=g","contentUrl":"https:\/\/secure.gravatar.com\/avatar\/b58c64f04d7e4e8ef3baf1137a0d2870e91ff3abe920e30a7fae4b371ef41c7f?s=96&d=mm&r=g","caption":"Christian Spiller"},"description":"ist Redakteur bei ZEIT ONLINE.","url":"https:\/\/blog.zeit.de\/sport-blog\/author\/christian-spiller"}]}},"jetpack_featured_media_url":"","jetpack_sharing_enabled":true,"_links":{"self":[{"href":"https:\/\/blog.zeit.de\/sport-blog\/wp-json\/wp\/v2\/posts\/4966","targetHints":{"allow":["GET"]}}],"collection":[{"href":"https:\/\/blog.zeit.de\/sport-blog\/wp-json\/wp\/v2\/posts"}],"about":[{"href":"https:\/\/blog.zeit.de\/sport-blog\/wp-json\/wp\/v2\/types\/post"}],"author":[{"embeddable":true,"href":"https:\/\/blog.zeit.de\/sport-blog\/wp-json\/wp\/v2\/users\/275"}],"replies":[{"embeddable":true,"href":"https:\/\/blog.zeit.de\/sport-blog\/wp-json\/wp\/v2\/comments?post=4966"}],"version-history":[{"count":3,"href":"https:\/\/blog.zeit.de\/sport-blog\/wp-json\/wp\/v2\/posts\/4966\/revisions"}],"predecessor-version":[{"id":4969,"href":"https:\/\/blog.zeit.de\/sport-blog\/wp-json\/wp\/v2\/posts\/4966\/revisions\/4969"}],"wp:attachment":[{"href":"https:\/\/blog.zeit.de\/sport-blog\/wp-json\/wp\/v2\/media?parent=4966"}],"wp:term":[{"taxonomy":"category","embeddable":true,"href":"https:\/\/blog.zeit.de\/sport-blog\/wp-json\/wp\/v2\/categories?post=4966"},{"taxonomy":"post_tag","embeddable":true,"href":"https:\/\/blog.zeit.de\/sport-blog\/wp-json\/wp\/v2\/tags?post=4966"}],"curies":[{"name":"wp","href":"https:\/\/api.w.org\/{rel}","templated":true}]}}