{"id":5487,"date":"2012-07-26T18:34:16","date_gmt":"2012-07-26T16:34:16","guid":{"rendered":"http:\/\/blog.zeit.de\/sport-blog\/?p=5487"},"modified":"2012-07-26T19:27:16","modified_gmt":"2012-07-26T17:27:16","slug":"trotz-skandalen-alles-im-grunen-bereich","status":"publish","type":"post","link":"https:\/\/blog.zeit.de\/sport-blog\/2012\/07\/26\/trotz-skandalen-alles-im-grunen-bereich_5487","title":{"rendered":"Trotz Skandalen: Alles im gr\u00fcnen Bereich"},"content":{"rendered":"<p>Die Spiele haben noch gar nicht begonnen, da haben sie schon ihren ersten Skandal. Oder sind es bereits zwei? Zuerst wurde beim Fu\u00dfballspiel der Nordkoreanerinnen gegen Kolumbien von allen m\u00f6glichen 200 falschen Flaggen ausgerechnet die s\u00fcdkoreanische neben den Namen der Spielerinnen eingeblendet. Skandal Nummer zwei: Mitt Romney, olympischer Organisator von 2002 (Winterspiele Salt Lake City) und amerikanischer M\u00f6chtegern-Pr\u00e4sident auf europ\u00e4ischer goodwill-Tour, bezweifelt, dass die Briten als Nation olympiareif sind. &#8222;Werden sie wirklich zusammen den olympischen Moment feiern?&#8220;, fragte er im US-Fernsehen skeptisch.<\/p>\n<p><figure id=\"attachment_5496\" aria-describedby=\"caption-attachment-5496\" style=\"width: 300px\" class=\"wp-caption alignleft\"><a href=\"https:\/\/blog.zeit.de\/sport-blog\/files\/2012\/07\/SAM_3429.jpg\"><img loading=\"lazy\" decoding=\"async\" class=\"size-medium wp-image-5496\" src=\"https:\/\/blog.zeit.de\/sport-blog\/files\/2012\/07\/SAM_3429-300x225.jpg\" alt=\"\" width=\"300\" height=\"225\" srcset=\"https:\/\/blog.zeit.de\/sport-blog\/files\/2012\/07\/SAM_3429-300x225.jpg 300w, https:\/\/blog.zeit.de\/sport-blog\/files\/2012\/07\/SAM_3429-1024x768.jpg 1024w\" sizes=\"auto, (max-width: 300px) 100vw, 300px\" \/><\/a><figcaption id=\"caption-attachment-5496\" class=\"wp-caption-text\">Foto: Christof Siemes<\/figcaption><\/figure><\/p>\n<p>Das geht nat\u00fcrlich gar nicht, dass die Spiele mit einer Panne beginnen und die ehemalige Kolonie gegen das K\u00f6nigreich aufmuckt, also musste der Premierminister David Cameron pers\u00f6nlich ran zum Scharte auswetzen. Bei einer open-air-Pressekonferenz direkt vor dem Olympiastadion wurde ausnahmsweise mal nicht er gegrillt wegen irgendwelcher Abh\u00f6r-Skandale, sondern uns Journalisten wurde hei\u00df, als wir in der stechenden Sonne auf ihn warten mussten, bis er ganz vorbildlich den Olympic Park mit \u00f6ffentlichen Verkehrsmitteln und zu Fu\u00df erreicht hatte.\u00a0An der Seite von Organisationschef Sebastian Coe trat Cameron mit patriotischer Verve den drohenden Schwelbrand aus: Keine diplomatischen Verwicklungen mit Nordkorea, wir haben uns entschuldigt, jetzt blo\u00df nichts aufblasen, war die Botschaft Nummer eins. Nummer zwei: &#8222;Wenn ich Mitt Romney heute Abend treffe, werde ich ihm sagen, dass wir das VEREINIGTE K\u00f6nigreich sind.&#8220; Und dann kriegte er sich gar nicht mehr ein vor lauter Begeisterung dar\u00fcber, was seine Landsleute alles bewerkstelligt haben in den sieben Jahren seit der Vergabe der Spiele nach London.<\/p>\n<p><figure id=\"attachment_5497\" aria-describedby=\"caption-attachment-5497\" style=\"width: 300px\" class=\"wp-caption alignleft\"><a href=\"https:\/\/blog.zeit.de\/sport-blog\/files\/2012\/07\/SAM_3436.jpg\"><img loading=\"lazy\" decoding=\"async\" class=\"size-medium wp-image-5497\" src=\"https:\/\/blog.zeit.de\/sport-blog\/files\/2012\/07\/SAM_3436-300x225.jpg\" alt=\"\" width=\"300\" height=\"225\" srcset=\"https:\/\/blog.zeit.de\/sport-blog\/files\/2012\/07\/SAM_3436-300x225.jpg 300w, https:\/\/blog.zeit.de\/sport-blog\/files\/2012\/07\/SAM_3436-1024x768.jpg 1024w\" sizes=\"auto, (max-width: 300px) 100vw, 300px\" \/><\/a><figcaption id=\"caption-attachment-5497\" class=\"wp-caption-text\">Foto: Christof Siemes<\/figcaption><\/figure><\/p>\n<p>Dazu muss man wissen, dass sich die Briten als Ex-Weltmacht nicht nur im Fu\u00dfball mit Minderwertigkeitskomplexen plagen. Auch bei anderen Gro\u00dfprojekten misstrauen sie sich \u2013 aus Erfahrung. L\u00e4nger als ein Jahrzehnt zum Beispiel bauten sie an einer neuen British Library \u2013 und am Ende waren die Fu\u00dfb\u00f6den zu schwach, um die B\u00fccher zu tragen. Aber jetzt haben sie eine Industriebrache in einen Olympischen Park verwandelt, in dem es wirklich gr\u00fcnt und bl\u00fcht wie auf einer Alpenwiese. &#8222;Britain can deliver!&#8220;, rief Cameron, wir Briten bringen das! Und dann lieferte er eine Lektion in pep talk, von der sich Angela Merkel einen Mitschnitt besorgen sollte: Weltklasse-Veranstaltung, mit der wir nicht nur eine Stadt erneuern, sondern die Ambitionen eines ganzen Landes, einer ganzen Generation! F\u00fcr die Sicherheit der Spiele \u00fcbernahm er auch noch gleich pers\u00f6nlich die Verantwortung, was ihm mit der &#8222;finest army in the world&#8220; im R\u00fccken offenbar nicht schwerfiel.<\/p>\n<p>Nur bei einer Sache stahl sich der Premier aus der Verantwortung: die Er\u00f6ffnungsfeier. Die Musik von den letzten Proben schwappte aus dem Stadiontopf hinter ihm her\u00fcber, als er zwar zugab, \u00fcber den Ablauf und die gro\u00dfen Momente im Bilde zu sein. &#8222;Aber ich bin nicht der Regisseur und ich wei\u00df gar nicht, wie Danny Boyle all die gro\u00dfartigen Momente der englischen Geschichte in ein paar Stunden unterbringen will.&#8220;<\/p>\n<p><figure style=\"width: 225px\" class=\"wp-caption alignleft\"><a href=\"https:\/\/blog.zeit.de\/sport-blog\/files\/2012\/07\/SAM_34512.jpg\"><img loading=\"lazy\" decoding=\"async\" src=\"https:\/\/blog.zeit.de\/sport-blog\/files\/2012\/07\/SAM_34512-225x300.jpg\" alt=\"\" width=\"225\" height=\"300\" \/><\/a><figcaption class=\"wp-caption-text\">Foto: Christof Siemes<\/figcaption><\/figure><\/p>\n<p>In jedem Fall werden auch bei der Er\u00f6ffnungsfeier gr\u00fcne Aspekte eine wichtige Rolle spielen. W\u00e4hrend der ganzen Pressekonferenz wurden gleich nebenan unerm\u00fcdlich echte Blumenteppiche gew\u00e4ssert, die offenbar im Stadion verlegt werden.<\/p>\n<p>Mitten im Herzen einer von Verkehrskollaps und Finanzkrise gebeutelten Stadt wird morgen Abend das l\u00e4ndliche England gefeiert. Auch eine Menge echter \u00c4hren, liebevoll von Hand einzeln in Styroporbl\u00f6cke eingepflanzt, werden dabei eine wichtige Rolle spielen. Wir vor Ort konnten uns \u00fcberzeugen: Die Briten sind zu allem bereit, da kann Romney sagen, was er will.<\/p>\n<p>&nbsp;<\/p>\n","protected":false},"excerpt":{"rendered":"<p>Die Spiele haben noch gar nicht begonnen, da haben sie schon ihren ersten Skandal. Oder sind es bereits zwei? Zuerst wurde beim Fu\u00dfballspiel der Nordkoreanerinnen gegen Kolumbien von allen m\u00f6glichen 200 falschen Flaggen ausgerechnet die s\u00fcdkoreanische neben den Namen der Spielerinnen eingeblendet. Skandal Nummer zwei: Mitt Romney, olympischer Organisator von 2002 (Winterspiele Salt Lake City) [&hellip;]<\/p>\n","protected":false},"author":376,"featured_media":0,"comment_status":"open","ping_status":"closed","sticky":false,"template":"","format":"standard","meta":{"_jetpack_memberships_contains_paid_content":false,"footnotes":""},"categories":[19118],"tags":[],"class_list":["post-5487","post","type-post","status-publish","format-standard","hentry","category-olympische-spiele"],"yoast_head":"<!-- This site is optimized with the Yoast SEO plugin v21.0 - https:\/\/yoast.com\/wordpress\/plugins\/seo\/ -->\n<title>Trotz Skandalen: Alles im gr\u00fcnen Bereich - Sport-Blog<\/title>\n<meta name=\"robots\" content=\"index, follow, max-snippet:-1, max-image-preview:large, max-video-preview:-1\" \/>\n<link rel=\"canonical\" href=\"https:\/\/blog.zeit.de\/sport-blog\/2012\/07\/26\/trotz-skandalen-alles-im-grunen-bereich_5487\" \/>\n<meta property=\"og:locale\" content=\"de_DE\" \/>\n<meta property=\"og:type\" content=\"article\" \/>\n<meta property=\"og:title\" content=\"Trotz Skandalen: Alles im gr\u00fcnen Bereich - Sport-Blog\" \/>\n<meta property=\"og:description\" content=\"Die Spiele haben noch gar nicht begonnen, da haben sie schon ihren ersten Skandal. Oder sind es bereits zwei? Zuerst wurde beim Fu\u00dfballspiel der Nordkoreanerinnen gegen Kolumbien von allen m\u00f6glichen 200 falschen Flaggen ausgerechnet die s\u00fcdkoreanische neben den Namen der Spielerinnen eingeblendet. Skandal Nummer zwei: Mitt Romney, olympischer Organisator von 2002 (Winterspiele Salt Lake City) [&hellip;]\" \/>\n<meta property=\"og:url\" content=\"https:\/\/blog.zeit.de\/sport-blog\/2012\/07\/26\/trotz-skandalen-alles-im-grunen-bereich_5487\" \/>\n<meta property=\"og:site_name\" content=\"Sport-Blog\" \/>\n<meta property=\"article:published_time\" content=\"2012-07-26T16:34:16+00:00\" \/>\n<meta property=\"article:modified_time\" content=\"2012-07-26T17:27:16+00:00\" \/>\n<meta property=\"og:image\" content=\"https:\/\/blog.zeit.de\/sport-blog\/files\/2012\/07\/SAM_3429-300x225.jpg\" \/>\n<meta name=\"author\" content=\"Christof Siemes\" \/>\n<meta name=\"twitter:card\" content=\"summary_large_image\" \/>\n<meta name=\"twitter:creator\" content=\"@zeitonlinesport\" \/>\n<meta name=\"twitter:site\" content=\"@zeitonlinesport\" \/>\n<meta name=\"twitter:label1\" content=\"Geschrieben von\" \/>\n\t<meta name=\"twitter:data1\" content=\"Christof Siemes\" \/>\n\t<meta name=\"twitter:label2\" content=\"Gesch\u00e4tzte Lesezeit\" \/>\n\t<meta name=\"twitter:data2\" content=\"3\u00a0Minuten\" \/>\n<script type=\"application\/ld+json\" class=\"yoast-schema-graph\">{\"@context\":\"https:\/\/schema.org\",\"@graph\":[{\"@type\":\"WebPage\",\"@id\":\"https:\/\/blog.zeit.de\/sport-blog\/2012\/07\/26\/trotz-skandalen-alles-im-grunen-bereich_5487\",\"url\":\"https:\/\/blog.zeit.de\/sport-blog\/2012\/07\/26\/trotz-skandalen-alles-im-grunen-bereich_5487\",\"name\":\"Trotz Skandalen: Alles im gr\u00fcnen Bereich - Sport-Blog\",\"isPartOf\":{\"@id\":\"https:\/\/blog.zeit.de\/sport-blog\/#website\"},\"datePublished\":\"2012-07-26T16:34:16+00:00\",\"dateModified\":\"2012-07-26T17:27:16+00:00\",\"author\":{\"@id\":\"https:\/\/blog.zeit.de\/sport-blog\/#\/schema\/person\/74ccb4df97952932da264f045964a515\"},\"breadcrumb\":{\"@id\":\"https:\/\/blog.zeit.de\/sport-blog\/2012\/07\/26\/trotz-skandalen-alles-im-grunen-bereich_5487#breadcrumb\"},\"inLanguage\":\"de\",\"potentialAction\":[{\"@type\":\"ReadAction\",\"target\":[\"https:\/\/blog.zeit.de\/sport-blog\/2012\/07\/26\/trotz-skandalen-alles-im-grunen-bereich_5487\"]}]},{\"@type\":\"BreadcrumbList\",\"@id\":\"https:\/\/blog.zeit.de\/sport-blog\/2012\/07\/26\/trotz-skandalen-alles-im-grunen-bereich_5487#breadcrumb\",\"itemListElement\":[{\"@type\":\"ListItem\",\"position\":1,\"name\":\"Startseite\",\"item\":\"https:\/\/blog.zeit.de\/sport-blog\"},{\"@type\":\"ListItem\",\"position\":2,\"name\":\"Trotz Skandalen: Alles im gr\u00fcnen Bereich\"}]},{\"@type\":\"WebSite\",\"@id\":\"https:\/\/blog.zeit.de\/sport-blog\/#website\",\"url\":\"https:\/\/blog.zeit.de\/sport-blog\/\",\"name\":\"Sport-Blog\",\"description\":\"Blog der ZEIT ONLINE Sportredaktion\",\"potentialAction\":[{\"@type\":\"SearchAction\",\"target\":{\"@type\":\"EntryPoint\",\"urlTemplate\":\"https:\/\/blog.zeit.de\/sport-blog\/?s={search_term_string}\"},\"query-input\":\"required name=search_term_string\"}],\"inLanguage\":\"de\"},{\"@type\":\"Person\",\"@id\":\"https:\/\/blog.zeit.de\/sport-blog\/#\/schema\/person\/74ccb4df97952932da264f045964a515\",\"name\":\"Christof Siemes\",\"image\":{\"@type\":\"ImageObject\",\"inLanguage\":\"de\",\"@id\":\"https:\/\/blog.zeit.de\/sport-blog\/#\/schema\/person\/image\/\",\"url\":\"https:\/\/secure.gravatar.com\/avatar\/e512b5c6aaec15d5962b18bebf5242328653704775065173893ff2e5041d1767?s=96&d=mm&r=g\",\"contentUrl\":\"https:\/\/secure.gravatar.com\/avatar\/e512b5c6aaec15d5962b18bebf5242328653704775065173893ff2e5041d1767?s=96&d=mm&r=g\",\"caption\":\"Christof Siemes\"},\"url\":\"https:\/\/blog.zeit.de\/sport-blog\/author\/csiemes\"}]}<\/script>\n<!-- \/ Yoast SEO plugin. -->","yoast_head_json":{"title":"Trotz Skandalen: Alles im gr\u00fcnen Bereich - Sport-Blog","robots":{"index":"index","follow":"follow","max-snippet":"max-snippet:-1","max-image-preview":"max-image-preview:large","max-video-preview":"max-video-preview:-1"},"canonical":"https:\/\/blog.zeit.de\/sport-blog\/2012\/07\/26\/trotz-skandalen-alles-im-grunen-bereich_5487","og_locale":"de_DE","og_type":"article","og_title":"Trotz Skandalen: Alles im gr\u00fcnen Bereich - Sport-Blog","og_description":"Die Spiele haben noch gar nicht begonnen, da haben sie schon ihren ersten Skandal. Oder sind es bereits zwei? Zuerst wurde beim Fu\u00dfballspiel der Nordkoreanerinnen gegen Kolumbien von allen m\u00f6glichen 200 falschen Flaggen ausgerechnet die s\u00fcdkoreanische neben den Namen der Spielerinnen eingeblendet. Skandal Nummer zwei: Mitt Romney, olympischer Organisator von 2002 (Winterspiele Salt Lake City) [&hellip;]","og_url":"https:\/\/blog.zeit.de\/sport-blog\/2012\/07\/26\/trotz-skandalen-alles-im-grunen-bereich_5487","og_site_name":"Sport-Blog","article_published_time":"2012-07-26T16:34:16+00:00","article_modified_time":"2012-07-26T17:27:16+00:00","og_image":[{"url":"https:\/\/blog.zeit.de\/sport-blog\/files\/2012\/07\/SAM_3429-300x225.jpg"}],"author":"Christof Siemes","twitter_card":"summary_large_image","twitter_creator":"@zeitonlinesport","twitter_site":"@zeitonlinesport","twitter_misc":{"Geschrieben von":"Christof Siemes","Gesch\u00e4tzte Lesezeit":"3\u00a0Minuten"},"schema":{"@context":"https:\/\/schema.org","@graph":[{"@type":"WebPage","@id":"https:\/\/blog.zeit.de\/sport-blog\/2012\/07\/26\/trotz-skandalen-alles-im-grunen-bereich_5487","url":"https:\/\/blog.zeit.de\/sport-blog\/2012\/07\/26\/trotz-skandalen-alles-im-grunen-bereich_5487","name":"Trotz Skandalen: Alles im gr\u00fcnen Bereich - Sport-Blog","isPartOf":{"@id":"https:\/\/blog.zeit.de\/sport-blog\/#website"},"datePublished":"2012-07-26T16:34:16+00:00","dateModified":"2012-07-26T17:27:16+00:00","author":{"@id":"https:\/\/blog.zeit.de\/sport-blog\/#\/schema\/person\/74ccb4df97952932da264f045964a515"},"breadcrumb":{"@id":"https:\/\/blog.zeit.de\/sport-blog\/2012\/07\/26\/trotz-skandalen-alles-im-grunen-bereich_5487#breadcrumb"},"inLanguage":"de","potentialAction":[{"@type":"ReadAction","target":["https:\/\/blog.zeit.de\/sport-blog\/2012\/07\/26\/trotz-skandalen-alles-im-grunen-bereich_5487"]}]},{"@type":"BreadcrumbList","@id":"https:\/\/blog.zeit.de\/sport-blog\/2012\/07\/26\/trotz-skandalen-alles-im-grunen-bereich_5487#breadcrumb","itemListElement":[{"@type":"ListItem","position":1,"name":"Startseite","item":"https:\/\/blog.zeit.de\/sport-blog"},{"@type":"ListItem","position":2,"name":"Trotz Skandalen: Alles im gr\u00fcnen Bereich"}]},{"@type":"WebSite","@id":"https:\/\/blog.zeit.de\/sport-blog\/#website","url":"https:\/\/blog.zeit.de\/sport-blog\/","name":"Sport-Blog","description":"Blog der ZEIT ONLINE Sportredaktion","potentialAction":[{"@type":"SearchAction","target":{"@type":"EntryPoint","urlTemplate":"https:\/\/blog.zeit.de\/sport-blog\/?s={search_term_string}"},"query-input":"required name=search_term_string"}],"inLanguage":"de"},{"@type":"Person","@id":"https:\/\/blog.zeit.de\/sport-blog\/#\/schema\/person\/74ccb4df97952932da264f045964a515","name":"Christof Siemes","image":{"@type":"ImageObject","inLanguage":"de","@id":"https:\/\/blog.zeit.de\/sport-blog\/#\/schema\/person\/image\/","url":"https:\/\/secure.gravatar.com\/avatar\/e512b5c6aaec15d5962b18bebf5242328653704775065173893ff2e5041d1767?s=96&d=mm&r=g","contentUrl":"https:\/\/secure.gravatar.com\/avatar\/e512b5c6aaec15d5962b18bebf5242328653704775065173893ff2e5041d1767?s=96&d=mm&r=g","caption":"Christof Siemes"},"url":"https:\/\/blog.zeit.de\/sport-blog\/author\/csiemes"}]}},"jetpack_featured_media_url":"","jetpack_sharing_enabled":true,"_links":{"self":[{"href":"https:\/\/blog.zeit.de\/sport-blog\/wp-json\/wp\/v2\/posts\/5487","targetHints":{"allow":["GET"]}}],"collection":[{"href":"https:\/\/blog.zeit.de\/sport-blog\/wp-json\/wp\/v2\/posts"}],"about":[{"href":"https:\/\/blog.zeit.de\/sport-blog\/wp-json\/wp\/v2\/types\/post"}],"author":[{"embeddable":true,"href":"https:\/\/blog.zeit.de\/sport-blog\/wp-json\/wp\/v2\/users\/376"}],"replies":[{"embeddable":true,"href":"https:\/\/blog.zeit.de\/sport-blog\/wp-json\/wp\/v2\/comments?post=5487"}],"version-history":[{"count":19,"href":"https:\/\/blog.zeit.de\/sport-blog\/wp-json\/wp\/v2\/posts\/5487\/revisions"}],"predecessor-version":[{"id":5534,"href":"https:\/\/blog.zeit.de\/sport-blog\/wp-json\/wp\/v2\/posts\/5487\/revisions\/5534"}],"wp:attachment":[{"href":"https:\/\/blog.zeit.de\/sport-blog\/wp-json\/wp\/v2\/media?parent=5487"}],"wp:term":[{"taxonomy":"category","embeddable":true,"href":"https:\/\/blog.zeit.de\/sport-blog\/wp-json\/wp\/v2\/categories?post=5487"},{"taxonomy":"post_tag","embeddable":true,"href":"https:\/\/blog.zeit.de\/sport-blog\/wp-json\/wp\/v2\/tags?post=5487"}],"curies":[{"name":"wp","href":"https:\/\/api.w.org\/{rel}","templated":true}]}}