{"id":6114,"date":"2012-10-16T17:20:35","date_gmt":"2012-10-16T15:20:35","guid":{"rendered":"http:\/\/blog.zeit.de\/sport-blog\/?p=6114"},"modified":"2012-10-17T00:07:14","modified_gmt":"2012-10-16T22:07:14","slug":"deutschland-schweden","status":"publish","type":"post","link":"https:\/\/blog.zeit.de\/sport-blog\/2012\/10\/16\/deutschland-schweden_6114","title":{"rendered":"Deutschland \u2013 Schweden 4:4"},"content":{"rendered":"<p><figure id=\"attachment_6201\" aria-describedby=\"caption-attachment-6201\" style=\"width: 540px\" class=\"wp-caption aligncenter\"><a href=\"https:\/\/blog.zeit.de\/sport-blog\/files\/2012\/10\/154233768-e1350422548123.jpg\"><img loading=\"lazy\" decoding=\"async\" src=\"https:\/\/blog.zeit.de\/sport-blog\/files\/2012\/10\/154233768-e1350422548123.jpg\" alt=\"Toni Kroos gegen Andreas Granqvist Foto: Boris Streubel\/Getty Images\" width=\"540\" height=\"328\" class=\"size-full wp-image-6201\" \/><\/a><figcaption id=\"caption-attachment-6201\" class=\"wp-caption-text\">Toni Kroos gegen Andreas Granqvist Foto: Boris Streubel\/Getty Images<\/figcaption><\/figure><br \/>\n<strong>Fazit<\/strong><\/p>\n<p>So, durchatmen, nachdenken, und mal ganz langsam. Spieler und Trainer waren nach diesem Spiel v\u00f6llig ratlos. &#8222;So etwas habe ich noch nicht erlebt&#8220;, war am H\u00e4ufigsten zu h\u00f6ren. Das trifft es. An dieses Spiel wird man sich noch lange erinnern, steht es doch f\u00fcr die zwei Seiten der derzeitigen Nationalelf. F\u00fcr gro\u00dfartigen Fu\u00dfball und f\u00fcr Kopflosigkeit, Verzagtheit. Nach 60 Minuten f\u00fchrte die DFB-Elf mit 4:0, spielte besser als je zuvor in diesem Jahr, berauschte, kombinierte, doppelpasste \u2013 ach, wie war das sch\u00f6n. Dann fiel das erste Gegentor, dann das Zweite und es ging dahin. Die deutsche Mannschaft bekam es mit der Angst zu tun, machte einfache Fehler, gewann keine Zweik\u00e4mpfe mehr, fing das dritte Tor und in der Nachspielzeit fast folgerichtig den Ausgleich. Viermal schossen die Schweden aufs Tor, viermal trafen sie. Punktetechnisch tut das nicht weh, die Mannschaft wird sich sicher f\u00fcr Brasilien qualifizieren, daf\u00fcr ist sie einfach zu gut. Aber das 4:4 wird die Charakterdiskussion wieder anheizen, so viel ist sicher. <\/p>\n<p>Selbst der gro\u00dfe Gary Lineker f\u00fchlt sich gen\u00f6tigt, seinen ber\u00fchmten Satz zu modifizieren.<\/p>\n<blockquote class=\"twitter-tweet\" lang=\"de\">\n<p>Football is a simple game where 22 men kick a ball about for 90 minutes and at the end, the Germans lose a 4 goal lead<\/p>\n<p>&mdash; Gary Lineker (@GaryLineker) <a href=\"https:\/\/twitter.com\/GaryLineker\/status\/258309664670904322\">Oktober 16, 2012<\/a><\/p><\/blockquote>\n<p><script src=\"\/\/platform.twitter.com\/widgets.js\"><\/script><\/p>\n<p><strong>Schluss, vorbei, aus 4:0 ein 4:4. Ein Spiel, das in die Geschichtsb\u00fccher eingehen wird.<\/strong><\/p>\n<blockquote class=\"twitter-tweet\" lang=\"de\">\n<p>Was f\u00fcr eine Wendung! Auf der Pressetrib\u00fcne m\u00fcssen einige Texte f\u00fcr morgen umgeschrieben werden. (of) <a href=\"https:\/\/twitter.com\/search\/%23gerswe\">#gerswe<\/a><\/p>\n<p>&mdash; zeitonlinesport (@zeitonlinesport) <a href=\"https:\/\/twitter.com\/zeitonlinesport\/status\/258306464739901440\">Oktober 16, 2012<\/a><\/p><\/blockquote>\n<p><script src=\"\/\/platform.twitter.com\/widgets.js\"><\/script><\/p>\n<p><strong><strong>93. Minute<\/strong> Es kommt wie es kommen muss. Tor f\u00fcr Schweden. Rasmus Elm macht das 4:4.<\/strong> Kann v\u00f6llig frei aus elf Metern abschlie\u00dfen. Und die deutsche Abwehr schaut zu, bevor sie verst\u00f6rt zu Boden sinkt. Ich glaub das nicht, ich kann nicht mehr.<\/p>\n<p><strong>88. Minute<\/strong> So schlimm steht es schon. Philipp Lahm bekommt eine Gelbe Karte wegen eines verz\u00f6gert ausgef\u00fchrten Einwurfes. Zittern nach einer 4:0-F\u00fchrung. Wie absurd.<\/p>\n<p><strong>85. Minute<\/strong> Riesenchance f\u00fcr die Schweden. Neuer bekommt den Ball im Strafraum nicht zu fassen, Sana kommt frei zum Schuss, haut aber \u00fcbers Tor. Gl\u00fcck.<\/p>\n<p><strong>83. Minute <\/strong>Die deutsche Elf scheint sich wieder zu fangen. Kroos schie\u00dft an den Au\u00dfenpfosten, \u00d6zil trifft auf das Tor. Herr Bartels von der ARD wei\u00df, dass eine deutsche Mannschaft noch nie einen Vier-Tore-Vorsprung hergegeben hat. Aber was ist in diesem DFB-Jahr schon normal?<\/p>\n<p><strong>76. Minute: Tor f\u00fcr Schweden, 4:3, kaum zu glauben.<\/strong> Boateng steht schlecht, Mertesacker eskortiert seinen Gegenspieler nur und Johan Elmander macht den Anschlusstreffer. Die werden doch nicht&#8230; Ich wollte ihn ja heute echt nicht bringen, aber jetzt geht es nicht anders: Alter Schwede!<\/p>\n<p><strong>71. Minuten<\/strong> Bei schwedischen Ecken geht es im deutschen Strafraum zu wie in der Villa Kunterbunt.<\/p>\n\n<div class=\"embed-wrapper embed-wrapper--blocked js-embed-consent\" data-method=\"iframe\">\n<script class=\"raw__source\" type=\"text\/template\"><iframe loading=\"lazy\" width=\"540\" height=\"405\" src=\"http:\/\/www.youtube.com\/embed\/gwBd3HwlBoI\" frameborder=\"0\"><\/iframe><\/script>\n<div class=\"embed-wrapper__inner\">\n<div class=\"embed-wrapper__text\">\n<h3>Empfohlener redaktioneller Inhalt<\/h3>\n<p data-replace=\"no\">An dieser Stelle finden Sie externen Inhalt, der den Artikel erg\u00e4nzt. Sie k\u00f6nnen sich externe Inhalte mit einem Klick anzeigen lassen und wieder ausblenden.<noscript>Bitte aktivieren Sie JavaScript damit Sie diesen Inhalt anzeigen k\u00f6nnen.<\/noscript><\/p>\n<\/div>\n<div class=\"embed-consent\">\n<label class=\"embed-consent__toggle\">\n<input class=\"js-embed-consent__toggle\" type=\"checkbox\" autocomplete=\"off\">\n<span><\/span>\nExterner Inhalt\n<\/label>\n<a href=\"https:\/\/www.zeit.de\/hilfe\/datenschutz\" target=\"_blank\" class=\"embed-consent__datalink-when-active\">Datenschutzerkl\u00e4rung<\/a>\n<\/div>\n<div class=\"embed-wrapper__footer\">\n<p data-replace=\"no\">\nIch bin damit einverstanden, dass mir externe Inhalte angezeigt werden. Damit k\u00f6nnen personenbezogene Daten an Drittplattformen \u00fcbermittelt werden. <a href=\"https:\/\/www.zeit.de\/hilfe\/datenschutz\" target=\"_blank\">Mehr dazu in unserer Datenschutzerkl\u00e4rung.<\/a>\n<\/p>\n<\/div>\n<\/div>\n<\/div>\n<p><strong>68. Minute<\/strong> Gerade wollte ich die gro\u00dfe Eloge auf das deutsche Spiel schreiben, da f\u00e4llt fast das dritte Gegentor innerhalb von vier Minuten. So etwas w\u00e4re einer alten deutschen Mannschaft nicht passiert. Die vier Tore davor allerdings auch nicht. Also alles kein Problem. Noch. G\u00f6tze kommt.<\/p>\n<p><strong>64. Minute: Wieder Tor f\u00fcr Schweden, 4:2, Lustig, der Rechtsverteidiger.<\/strong> Alles sehr seltsam hier. Der zweite schwedische Torschuss dieser Halbzeit, das zweite Tor. Badstuber untersch\u00fctzt einen langen Ball. Lustig trifft, Mikael, nicht Peter \u2013 Neuer kann gar nicht lachen.<\/p>\n<p><strong>62. Minute: Tor f\u00fcr Schweden, 4:1, nat\u00fcrlich Zlatan Ibrahimovic.<\/strong> M\u00fcller verliert den Ball im Mittelfeld, sah es wie ein Foul, und dann geht es schnell. Flanke aus dem Halbfeld, Ibrahimovic, bis dahin abwesend, k\u00f6pft ihn rein. Das obligatorische Gegentor der deutschen Mannschaft. Reicht dann auch.<\/p>\n<p><strong>56. Minute: Tooor f\u00fcr Deutschland, 4:0, Mesut \u00d6zil.<\/strong> Die Schweden sind nun etwas aufger\u00fcckt, aber Deutschland kann auch kontern. M\u00fcller flankt auf \u00d6zil, der im Strafraum Zeit hat, sich den Ball runter zu nehmen, den Torwart zu fragen, in welche Ecke er den Ball haben will, um ihn dann neben den langen Pfosten zu setzen.<\/p>\n<p><strong>50. Minute<\/strong> Es geht dann mal weiter. Wieder beginnt die H\u00e4lfte mit einer M\u00fcller-Chance. Deutschland also bestimmt die Partie, Schweden sucht noch immer nach der Aufbauanleitung f\u00fcr das eigene Spiel. Und dann haben sie scheinbar auch noch die kleinen Inbusschl\u00fcssel aus ihren M\u00f6belh\u00e4usern vergessen.<\/p>\n<p>Lukas Podolski macht sich einen Spa\u00df und drischt die Pausenb\u00e4lle auf den kommentierenden Mehmet Scholl. Mario Gomez ist noch nicht dabei.<\/p>\n<blockquote class=\"twitter-tweet\" lang=\"de\">\n<p>Zum 42. Geburtstag einen Mehmet-Scholl-Ged\u00e4chtnistweet: Ibrahimovic muss glaub ich mal gewendet werden. (of) <a href=\"https:\/\/twitter.com\/search\/%23gerswe\">#gerswe<\/a><\/p>\n<p>&mdash; zeitonlinesport (@zeitonlinesport) <a href=\"https:\/\/twitter.com\/zeitonlinesport\/status\/258290743070838784\">Oktober 16, 2012<\/a><\/p><\/blockquote>\n<p><script src=\"\/\/platform.twitter.com\/widgets.js\"><\/script><\/p>\n<p><strong>Halbzeit<\/strong> Ja, hallo! Die deutsche Elf macht da weiter, wo sie in Dublin vor allem in der zweiten H\u00e4lfte aufgeh\u00f6rt hat. Sie spielt nach vorne, sie spielt sch\u00f6n, sie trifft. Ein gro\u00dfartiger Marco Reus bereitet Kloses Tore vor, dann trifft auch noch Per Mertesacker. Die Schweden etwa so brav wie <a href=\"http:\/\/www.google.de\/imgres?hl=en&amp;client=firefox-a&amp;hs=YEE&amp;sa=X&amp;rls=org.mozilla:de:official&amp;biw=1525&amp;bih=864&amp;tbm=isch&amp;prmd=imvns&amp;tbnid=6dgA_-1VZYFg8M:&amp;imgrefurl=http:\/\/partyflock.nl\/albumelement\/22519026:tommy_en_annika.html&amp;docid=JXjUhq-fgd3evM&amp;imgurl=http:\/\/album.partyflock.nl\/22519026_3190423750.jpg&amp;w=180&amp;h=133&amp;ei=T7d9ULroMc7esgbZrYHQDQ&amp;zoom=1&amp;iact=rc&amp;dur=274&amp;sig=105923831775849449530&amp;page=1&amp;tbnh=106&amp;tbnw=132&amp;start=0&amp;ndsp=37&amp;ved=1t:429,r:4,s:0,i:81&amp;tx=35&amp;ty=47\" target=\"_blank\">Tommy und Annika<\/a>. Kleiner Sch\u00f6nheitsfehler: Klose scheint vor dem 3:0 den Ball mit dem Arm ber\u00fchrt zu haben. Ausgerechnet heute. Wird ihm der Fair-Play-Preis gleich wieder weggenommen?<\/p>\n<p><strong>39. Minute: Da ist es! Tooor f\u00fcr Deutschland, 3:0, Per Mertesacker, was?, ja, Per Mertesacker!<\/strong> Der lange Ball kommt auf M\u00fcller, also Thomas, der legt ab und Mertesacker pr\u00fcgelt den Ball ins Netz. Sein zweites L\u00e4nderspieltor im 84. L\u00e4nderspiel. Ja hier ist ja was los! Trifft nachher noch der Busfahrer?<\/p>\n<p>Der Kollege im Stadion ist reif f\u00fcr das n\u00e4chste Tor. <\/p>\n<blockquote class=\"twitter-tweet\" lang=\"de\">\n<p>Knusper Knusper Knasa wer knecket an min Wasa? (Otto Waalkes) @<a href=\"https:\/\/twitter.com\/tflygt\">tflygt<\/a> @<a href=\"https:\/\/twitter.com\/imkej\">imkej<\/a> of <a href=\"https:\/\/twitter.com\/search\/%23gerswe\">#gerswe<\/a><\/p>\n<p>&mdash; zeitonlinesport (@zeitonlinesport) <a href=\"https:\/\/twitter.com\/zeitonlinesport\/status\/258286609663934465\">Oktober 16, 2012<\/a><\/p><\/blockquote>\n<p><script src=\"\/\/platform.twitter.com\/widgets.js\"><\/script><\/p>\n<p><strong>32. Minute<\/strong> Schweden hat nun erkannt, dass sie so hier keinen Blumenkasten gewinnen, wenn sie so weitermachen. Sie greifen jetzt fr\u00fch an, und schon muss die deutsche Abwehr den langen Ball auspacken. Nur Ibrahimovic presst nicht mit, kratzt sich lieber am Kopf.<\/p>\n<p><strong>25. Minute<\/strong> Und nun kl\u00e4rt Klose an der eigenen Eckfahne. Als St\u00fcrmer! Was passiert als n\u00e4chstes? \u00d6zil gr\u00e4tscht? Badstuber verliert einen Zweikampf? Ballack wird eingewechselt?<\/p>\n<p><strong>23. Minute<\/strong> Die deutsche Mannschaft bislang fast fehlerlos. Sie spielt so gut, dass selbst Boateng sich in die Offensive einschaltet. Schon gegen Irland lungerte er \u00f6fters vorne am gegnerischen Strafraum rum. Er will sein ersten L\u00e4nderspieltor.<\/p>\n<blockquote class=\"twitter-tweet\" lang=\"de\">\n<p>Ist der Bomber schon heute f\u00e4llig? Oder reagiert L\u00f6w rechtzeitig? (of)<\/p>\n<p>&mdash; zeitonlinesport (@zeitonlinesport) <a href=\"https:\/\/twitter.com\/zeitonlinesport\/status\/258283012171636736\">Oktober 16, 2012<\/a><\/p><\/blockquote>\n<p><script src=\"\/\/platform.twitter.com\/widgets.js\"><\/script><\/p>\n<p><strong>15. Minute: Wieder Toooor f\u00fcr Deutschland, 2:0, wieder Miroslav Klose.<\/strong> Und was f\u00fcr eines. Reus-Kroos-Reus-M\u00fcller-Reus-Klose. Ein doppelter Doppelpass und dann wieder Reus&#8216; R\u00fcckpass auf Klose. Fu\u00dfball wie aus dem Lehrbuch. Schweden staunt. Und nur noch ein Tor bis Gerd M\u00fcller.<\/p>\n<p><strong>12. Minute<\/strong> Sch\u00f6nes Zusammenspiel von Lahm und Reus da vor dem Tor. Wenn der Hoene\u00df-Uli das gesehen hat, muss ihm doch das Herz geblutet haben. Und dann trifft auch noch Klose, obwohl es gar nicht <a href=\"http:\/\/www.welt.de\/sport\/fussball\/wm-2014\/article109691354\/Klose-trifft-fast-nur-gegen-Liechtenstein-amp-Co.html\" target=\"_blank\">gegen Liechtenstein geht<\/a>.<\/p>\n<p><strong>8. Minute: Tooor f\u00fcr Deutschland, 1:0, Miroslav Klose.<\/strong> Reus kommt v\u00f6llig blank \u00fcber links, spielt zum Elfmeterpunkt auf Klose. Der macht sein 66. L\u00e4nderspieltor. Noch zwei bis Gerd M\u00fcller.<\/p>\n<p><strong>2. Minute<\/strong> Gleich einmal eine dicke Chance f\u00fcr das DFB-Team. M\u00fcller mit der Hacke an den Torwart, dann noch mal richtig an den Pfosten. Vorarbeit \u00fcbrigens von Boateng.<\/p>\n<p><a href=\"http:\/\/www.youtube.com\/watch?v=s0mDD6dDdPk\" target=\"_blank\">Gedenkminute f\u00fcr Helmut Haller.<\/a><\/p>\n<p>Unser Mann im Stadion ist Oliver Fritsch, und er scheint in guter Gesellschaft: <\/p>\n<blockquote class=\"twitter-tweet\" lang=\"de\">\n<p>Fu\u00dfverletzung Schmelzer. @<a href=\"https:\/\/twitter.com\/saumselig\">saumselig<\/a> neben mir fragt: Hat L\u00f6w wieder nachgetreten? <a href=\"https:\/\/twitter.com\/search\/%23gerswe\">#gerswe<\/a> (of)<\/p>\n<p>&mdash; zeitonlinesport (@zeitonlinesport) <a href=\"https:\/\/twitter.com\/zeitonlinesport\/status\/258275942273806336\">Oktober 16, 2012<\/a><\/p><\/blockquote>\n<p><script src=\"\/\/platform.twitter.com\/widgets.js\"><\/script><\/p>\n<p><strong>20.44 Uhr<\/strong> Gottseidank. Die Hymnen doch heute wieder von der \u00fcblichen Milit\u00e4rmusikkapelle. Keine Dudels\u00e4cke, keine Alph\u00f6rner, keine Schifferklaviere.<\/p>\n<p><strong>20.42 Uhr<\/strong> Nun wird Miroslav Klose geehrt. Er bekommt den Fair-Play-Preis daf\u00fcr, dass er zugab, ein Tor mit der Hand erzielt zu haben. <a href=\"http:\/\/www.youtube.com\/watch?v=jxw1-Id91lQ\" target=\"_blank\">Was macht eigentlich Thierry Henry gerade?<\/a><\/p>\n<p><strong>20.37 Uhr<\/strong> Heute hat Mehmet Scholl Geburtstag. 42 Jahre alt, alles Gute! Aber ihr L\u00f6ws, Lahms und Schweinsteigers! Falls Mehmet nach dem Spiel wieder etwas zu schlau daherredet, fragt ihn einfach, was da los war vor kurzem <a href=\"http:\/\/www.fcbayern.telekom.de\/de\/aktuell\/spielbericht\/2012\/36835.php\" target=\"_blank\">gegen den VfL Frohnlach<\/a>.<\/p>\n\n<div class=\"embed-wrapper embed-wrapper--blocked js-embed-consent\" data-method=\"iframe\">\n<script class=\"raw__source\" type=\"text\/template\"><iframe loading=\"lazy\" width=\"540\" height=\"304\" src=\"http:\/\/www.youtube.com\/embed\/nA53KE-vRfA\" frameborder=\"0\"><\/iframe><\/script>\n<div class=\"embed-wrapper__inner\">\n<div class=\"embed-wrapper__text\">\n<h3>Empfohlener redaktioneller Inhalt<\/h3>\n<p data-replace=\"no\">An dieser Stelle finden Sie externen Inhalt, der den Artikel erg\u00e4nzt. Sie k\u00f6nnen sich externe Inhalte mit einem Klick anzeigen lassen und wieder ausblenden.<noscript>Bitte aktivieren Sie JavaScript damit Sie diesen Inhalt anzeigen k\u00f6nnen.<\/noscript><\/p>\n<\/div>\n<div class=\"embed-consent\">\n<label class=\"embed-consent__toggle\">\n<input class=\"js-embed-consent__toggle\" type=\"checkbox\" autocomplete=\"off\">\n<span><\/span>\nExterner Inhalt\n<\/label>\n<a href=\"https:\/\/www.zeit.de\/hilfe\/datenschutz\" target=\"_blank\" class=\"embed-consent__datalink-when-active\">Datenschutzerkl\u00e4rung<\/a>\n<\/div>\n<div class=\"embed-wrapper__footer\">\n<p data-replace=\"no\">\nIch bin damit einverstanden, dass mir externe Inhalte angezeigt werden. Damit k\u00f6nnen personenbezogene Daten an Drittplattformen \u00fcbermittelt werden. <a href=\"https:\/\/www.zeit.de\/hilfe\/datenschutz\" target=\"_blank\">Mehr dazu in unserer Datenschutzerkl\u00e4rung.<\/a>\n<\/p>\n<\/div>\n<\/div>\n<\/div>\n<p><strong>20.15 Uhr<\/strong> Wer sich die Zeit bis zum Anpfiff etwas verk\u00fcrzen will, kann etwas \u00fcber den Gegner lesen, ein paar Schwedenhappen sozusagen:<\/p>\n<p>Die <em>11 Freunde<\/em> versuchen <a href=\"http:\/\/www.11freunde.de\/artikel\/11-dinge-ueber-schweden\" target=\"_blank\">elf wissenwerte Dinge<\/a> \u00fcber Schweden zusammentragen, ohne Ikea zu sagen und scheitern schon im Untertitel.<\/p>\n<p>Hier ein St\u00fcck aus der <em>Frankfurter Rundschau<\/em> \u00fcber Zlatan Ibrahimovic, <a href=\"http:\/\/www.fr-online.de\/qualifikation-wm-2014\/zlatan-ibrahimovic-der-teuerste-krawallbruder-der-welt,17059760,20592080.html\" target=\"_blank\">in dem sogar seine Rektorin zitiert wird<\/a>: \u201e\u201eEr war der Prototyp eines Jungen, mit dem es b\u00f6se endet. Er war einer der unruhigsten Sch\u00fcler, die ich je hatte, einfach ein Krawallbruder.\u201c<\/p>\n<p>Es wird Ibrahimovic egal sein, solange sie weiter Lieder f\u00fcr ihn singen.<\/p>\n\n<div class=\"embed-wrapper embed-wrapper--blocked js-embed-consent\" data-method=\"iframe\">\n<script class=\"raw__source\" type=\"text\/template\"><iframe loading=\"lazy\" frameborder=\"0\" height=\"304\" src=\"http:\/\/www.youtube.com\/embed\/Bpw78Ab0VMo\" width=\"540\"><\/iframe><\/script>\n<div class=\"embed-wrapper__inner\">\n<div class=\"embed-wrapper__text\">\n<h3>Empfohlener redaktioneller Inhalt<\/h3>\n<p data-replace=\"no\">An dieser Stelle finden Sie externen Inhalt, der den Artikel erg\u00e4nzt. Sie k\u00f6nnen sich externe Inhalte mit einem Klick anzeigen lassen und wieder ausblenden.<noscript>Bitte aktivieren Sie JavaScript damit Sie diesen Inhalt anzeigen k\u00f6nnen.<\/noscript><\/p>\n<\/div>\n<div class=\"embed-consent\">\n<label class=\"embed-consent__toggle\">\n<input class=\"js-embed-consent__toggle\" type=\"checkbox\" autocomplete=\"off\">\n<span><\/span>\nExterner Inhalt\n<\/label>\n<a href=\"https:\/\/www.zeit.de\/hilfe\/datenschutz\" target=\"_blank\" class=\"embed-consent__datalink-when-active\">Datenschutzerkl\u00e4rung<\/a>\n<\/div>\n<div class=\"embed-wrapper__footer\">\n<p data-replace=\"no\">\nIch bin damit einverstanden, dass mir externe Inhalte angezeigt werden. Damit k\u00f6nnen personenbezogene Daten an Drittplattformen \u00fcbermittelt werden. <a href=\"https:\/\/www.zeit.de\/hilfe\/datenschutz\" target=\"_blank\">Mehr dazu in unserer Datenschutzerkl\u00e4rung.<\/a>\n<\/p>\n<\/div>\n<\/div>\n<\/div>\n<p>Auch ganz nett, wenn auch unschwedisch, das Interview heute mit Philipp Lahm in der <em>S\u00fcddeutschen Zeitung<\/em> (leider nicht online). Er sagt, die Mannschaft muss sich wieder an die Basis, die Spielkontrolle n\u00e4mlich erinnern. Er sagt, die Stimmung im Team war schon mal besser als bei der EM und r\u00e4umt aber mit dem Vorurteil auf, Dortmunder und Bayern k\u00f6nnten sich nicht riechen. &#8222;Bayern- und Dortmund-Spieler sitzen hier sogar gemeinsam am <del datetime=\"2012-10-16T18:13:35+00:00\">Katzen<\/del> Kartentisch.&#8220;<\/p>\n<p>Noch ohne Karte? Gibt noch Tickets, twittert der DFB. Wer in Berlin-Charlottenburg wohnt, schafft es auch noch bis zum Anpfiff um 20.45 Uhr.<\/p>\n<blockquote class=\"twitter-tweet\" lang=\"de\">\n<p>Schweden-Spiel: Heute noch Resttickets sichern! <a href=\"http:\/\/t.co\/6kGSolpv\" title=\"http:\/\/bit.ly\/Pm3sxy\">bit.ly\/Pm3sxy<\/a><\/p>\n<p>&mdash; DFB-Nationalteam (@DFB_Team) <a href=\"https:\/\/twitter.com\/DFB_Team\/status\/258266819096354816\">Oktober 16, 2012<\/a><\/p><\/blockquote>\n<p><script src=\"\/\/platform.twitter.com\/widgets.js\"><\/script><\/p>\n<p><strong>20.03 Uhr<\/strong> So wollen sie spielen. Deutschland: Neuer \u2013 Lahm, Badstuber, Mertesacker, Boateng \u2013 Schweinsteiger, Kroos \u2013 Reus, \u00d6zil, M\u00fcller \u2013 Klose<\/p>\n<p>Schweden: Isaksson, Lustig, Olsson, Granqvist, Elm, Larsson, Ibrahimovic, Elmander, Wernblom, Safari, Holmen<\/p>\n<p>#<strong>19.50 Uhr<\/strong> Kleiner Exkurs in die Welt der J\u00fcngeren: Die U21 hat gerade in der Schweiz 3:1 gewonnen und sich damit f\u00fcr die EM 2013 in Israel qualifiziert. Die Torsch\u00fctzen: Lewis Holtby (8.), Lasse Sobiech (20.) und Sebastian Polter (45.).<\/p>\n<p><em>Vorbemerkungen:<\/em><\/p>\n<p>Zum ersten Mal seit dem M\u00e4rchensommer 2006, residiert die Nationalelf wieder im Grunewald, Schlosshotel, Brahmsstra\u00dfe. Damals herrschte im noblen S\u00fcdwesten Berlins Ausnahmezustand, in diesen Tag verirren sich nur ein paar Fans in die Gegend, wie der <a href=\"http:\/\/http:\/\/www.tagesspiegel.de\/berlin\/vor-spiel-gegen-schweden-nachbar-nationalmannschaft-loews-team-im-grunewald\/7257392.html\" target=\"_blank\"><em>Tagesspiegel<\/em><\/a> zu berichten wei\u00df. Es hat sich eben einiges ge\u00e4ndert in den vergangenen sechs Jahren. Nicht nur personell, damals war Joachim L\u00f6w ja nur zweiter Mann hinter dem Motivatorentrainer J\u00fcrgen Klinsmann.<\/p>\n<p>Wundersch\u00f6nen Fu\u00dfball hat die Mannschaft in der Zwischenzeit gespielt, blieb in den drei Turnieren unter L\u00f6w aber stets ohne Titel. In Brasilien 2014 folgt der n\u00e4chste Anlauf, vielleicht ja sogar Joachim L\u00f6w letzter? Es wurde viel geredet und geschrieben in den vergangenen Wochen \u00fcber die Nationalelf. Jeder durfte mal, <a href=\"http:\/\/www.sueddeutsche.de\/sport\/debatte-um-bundestrainer-loew-beaeugt-von-der-wachsenden-opposition-1.1495930\" target=\"_blank\">und wenn Beobachter \u00fcber eine eventuelle Amtsm\u00fcdigkeit des Bundestrainers schrieben<\/a>, dann konnte man sich des Eindruckes nicht erwehren, dass L\u00f6w sp\u00e4testens amtsm\u00fcde werden musste, wenn er alle Aussagen und Berichte gelesen hat.<\/p>\n<p>Es wird also Zeit f\u00fcr Fu\u00dfball. Gegen Irland ging es ja nach den d\u00fcrftigen Auftritten gegen F\u00e4r\u00f6er und \u00d6sterreich wieder aufw\u00e4rts. Auch wenn die Iren spielten wie Guinessglas leer. Nun also geht es gegen Schweden <strong>(Anpfiff: 20.45 Uhr)<\/strong>, ein Team, dass schon nach der EM-Vorrunde nach Hause fahren musste. Es gibt einen neuen Trainer, Erik Hamren, und die alten fu\u00dfballerischen Probleme. Die Siege gegen Kasachstan (2:0) und F\u00e4r\u00f6er (2:1) waren ein ziemliches Gew\u00fcrge. Ihre Hoffnungen ruhen auf der vielleicht letzten Diva des Weltfu\u00dfballers, dem Hochbegabten Zlatan Ibrahimovic. Laut <a href=\"http:\/\/www.sueddeutsche.de\/sport\/schwedens-zlatan-ibrahimovic-mit-kalkuel-gegen-den-proll-1.1496814\" target=\"_blank\"><em>S\u00fcddeutscher Zeitung<\/em><\/a> \u00e4hnelt er dem Italiener Mario Balotelli. Was insbesondere f\u00fcr den deutschen Kapit\u00e4n Philipp Lahm keine gute Nachricht sein d\u00fcrfte.<\/p>\n\n<div class=\"embed-wrapper embed-wrapper--blocked js-embed-consent\" data-method=\"iframe\">\n<script class=\"raw__source\" type=\"text\/template\"><iframe loading=\"lazy\" frameborder=\"0\" height=\"405\" src=\"http:\/\/www.youtube.com\/embed\/xrBenmHqiOg\" width=\"540\"><\/iframe><\/script>\n<div class=\"embed-wrapper__inner\">\n<div class=\"embed-wrapper__text\">\n<h3>Empfohlener redaktioneller Inhalt<\/h3>\n<p data-replace=\"no\">An dieser Stelle finden Sie externen Inhalt, der den Artikel erg\u00e4nzt. Sie k\u00f6nnen sich externe Inhalte mit einem Klick anzeigen lassen und wieder ausblenden.<noscript>Bitte aktivieren Sie JavaScript damit Sie diesen Inhalt anzeigen k\u00f6nnen.<\/noscript><\/p>\n<\/div>\n<div class=\"embed-consent\">\n<label class=\"embed-consent__toggle\">\n<input class=\"js-embed-consent__toggle\" type=\"checkbox\" autocomplete=\"off\">\n<span><\/span>\nExterner Inhalt\n<\/label>\n<a href=\"https:\/\/www.zeit.de\/hilfe\/datenschutz\" target=\"_blank\" class=\"embed-consent__datalink-when-active\">Datenschutzerkl\u00e4rung<\/a>\n<\/div>\n<div class=\"embed-wrapper__footer\">\n<p data-replace=\"no\">\nIch bin damit einverstanden, dass mir externe Inhalte angezeigt werden. Damit k\u00f6nnen personenbezogene Daten an Drittplattformen \u00fcbermittelt werden. <a href=\"https:\/\/www.zeit.de\/hilfe\/datenschutz\" target=\"_blank\">Mehr dazu in unserer Datenschutzerkl\u00e4rung.<\/a>\n<\/p>\n<\/div>\n<\/div>\n<\/div>\n","protected":false},"excerpt":{"rendered":"<p>Fazit So, durchatmen, nachdenken, und mal ganz langsam. Spieler und Trainer waren nach diesem Spiel v\u00f6llig ratlos. &#8222;So etwas habe ich noch nicht erlebt&#8220;, war am H\u00e4ufigsten zu h\u00f6ren. Das trifft es. An dieses Spiel wird man sich noch lange erinnern, steht es doch f\u00fcr die zwei Seiten der derzeitigen Nationalelf. F\u00fcr gro\u00dfartigen Fu\u00dfball und [&hellip;]<\/p>\n","protected":false},"author":275,"featured_media":0,"comment_status":"open","ping_status":"closed","sticky":false,"template":"","format":"standard","meta":{"_jetpack_memberships_contains_paid_content":false,"footnotes":""},"categories":[628],"tags":[],"class_list":["post-6114","post","type-post","status-publish","format-standard","hentry","category-nationalmannschaft"],"yoast_head":"<!-- This site is optimized with the Yoast SEO plugin v21.0 - https:\/\/yoast.com\/wordpress\/plugins\/seo\/ -->\n<title>Deutschland \u2013 Schweden 4:4 - Sport-Blog<\/title>\n<meta name=\"robots\" content=\"index, follow, max-snippet:-1, max-image-preview:large, max-video-preview:-1\" \/>\n<link rel=\"canonical\" href=\"https:\/\/blog.zeit.de\/sport-blog\/2012\/10\/16\/deutschland-schweden_6114\" \/>\n<meta property=\"og:locale\" content=\"de_DE\" \/>\n<meta property=\"og:type\" content=\"article\" \/>\n<meta property=\"og:title\" content=\"Deutschland \u2013 Schweden 4:4 - Sport-Blog\" \/>\n<meta property=\"og:description\" content=\"Fazit So, durchatmen, nachdenken, und mal ganz langsam. Spieler und Trainer waren nach diesem Spiel v\u00f6llig ratlos. &#8222;So etwas habe ich noch nicht erlebt&#8220;, war am H\u00e4ufigsten zu h\u00f6ren. Das trifft es. An dieses Spiel wird man sich noch lange erinnern, steht es doch f\u00fcr die zwei Seiten der derzeitigen Nationalelf. F\u00fcr gro\u00dfartigen Fu\u00dfball und [&hellip;]\" \/>\n<meta property=\"og:url\" content=\"https:\/\/blog.zeit.de\/sport-blog\/2012\/10\/16\/deutschland-schweden_6114\" \/>\n<meta property=\"og:site_name\" content=\"Sport-Blog\" \/>\n<meta property=\"article:published_time\" content=\"2012-10-16T15:20:35+00:00\" \/>\n<meta property=\"article:modified_time\" content=\"2012-10-16T22:07:14+00:00\" \/>\n<meta property=\"og:image\" content=\"https:\/\/blog.zeit.de\/sport-blog\/files\/2012\/10\/154233768-e1350422548123.jpg\" \/>\n<meta name=\"author\" content=\"Christian Spiller\" \/>\n<meta name=\"twitter:card\" content=\"summary_large_image\" \/>\n<meta name=\"twitter:creator\" content=\"@zeitonlinesport\" \/>\n<meta name=\"twitter:site\" content=\"@zeitonlinesport\" \/>\n<meta name=\"twitter:label1\" content=\"Geschrieben von\" \/>\n\t<meta name=\"twitter:data1\" content=\"Christian Spiller\" \/>\n\t<meta name=\"twitter:label2\" content=\"Gesch\u00e4tzte Lesezeit\" \/>\n\t<meta name=\"twitter:data2\" content=\"9\u00a0Minuten\" \/>\n<script type=\"application\/ld+json\" class=\"yoast-schema-graph\">{\"@context\":\"https:\/\/schema.org\",\"@graph\":[{\"@type\":\"WebPage\",\"@id\":\"https:\/\/blog.zeit.de\/sport-blog\/2012\/10\/16\/deutschland-schweden_6114\",\"url\":\"https:\/\/blog.zeit.de\/sport-blog\/2012\/10\/16\/deutschland-schweden_6114\",\"name\":\"Deutschland \u2013 Schweden 4:4 - Sport-Blog\",\"isPartOf\":{\"@id\":\"https:\/\/blog.zeit.de\/sport-blog\/#website\"},\"datePublished\":\"2012-10-16T15:20:35+00:00\",\"dateModified\":\"2012-10-16T22:07:14+00:00\",\"author\":{\"@id\":\"https:\/\/blog.zeit.de\/sport-blog\/#\/schema\/person\/45b1dfd87b116cc3ad5a49ac35297c2d\"},\"breadcrumb\":{\"@id\":\"https:\/\/blog.zeit.de\/sport-blog\/2012\/10\/16\/deutschland-schweden_6114#breadcrumb\"},\"inLanguage\":\"de\",\"potentialAction\":[{\"@type\":\"ReadAction\",\"target\":[\"https:\/\/blog.zeit.de\/sport-blog\/2012\/10\/16\/deutschland-schweden_6114\"]}]},{\"@type\":\"BreadcrumbList\",\"@id\":\"https:\/\/blog.zeit.de\/sport-blog\/2012\/10\/16\/deutschland-schweden_6114#breadcrumb\",\"itemListElement\":[{\"@type\":\"ListItem\",\"position\":1,\"name\":\"Startseite\",\"item\":\"https:\/\/blog.zeit.de\/sport-blog\"},{\"@type\":\"ListItem\",\"position\":2,\"name\":\"Deutschland \u2013 Schweden 4:4\"}]},{\"@type\":\"WebSite\",\"@id\":\"https:\/\/blog.zeit.de\/sport-blog\/#website\",\"url\":\"https:\/\/blog.zeit.de\/sport-blog\/\",\"name\":\"Sport-Blog\",\"description\":\"Blog der ZEIT ONLINE Sportredaktion\",\"potentialAction\":[{\"@type\":\"SearchAction\",\"target\":{\"@type\":\"EntryPoint\",\"urlTemplate\":\"https:\/\/blog.zeit.de\/sport-blog\/?s={search_term_string}\"},\"query-input\":\"required name=search_term_string\"}],\"inLanguage\":\"de\"},{\"@type\":\"Person\",\"@id\":\"https:\/\/blog.zeit.de\/sport-blog\/#\/schema\/person\/45b1dfd87b116cc3ad5a49ac35297c2d\",\"name\":\"Christian Spiller\",\"image\":{\"@type\":\"ImageObject\",\"inLanguage\":\"de\",\"@id\":\"https:\/\/blog.zeit.de\/sport-blog\/#\/schema\/person\/image\/\",\"url\":\"https:\/\/secure.gravatar.com\/avatar\/b58c64f04d7e4e8ef3baf1137a0d2870e91ff3abe920e30a7fae4b371ef41c7f?s=96&d=mm&r=g\",\"contentUrl\":\"https:\/\/secure.gravatar.com\/avatar\/b58c64f04d7e4e8ef3baf1137a0d2870e91ff3abe920e30a7fae4b371ef41c7f?s=96&d=mm&r=g\",\"caption\":\"Christian Spiller\"},\"description\":\"ist Redakteur bei ZEIT ONLINE.\",\"url\":\"https:\/\/blog.zeit.de\/sport-blog\/author\/christian-spiller\"}]}<\/script>\n<!-- \/ Yoast SEO plugin. -->","yoast_head_json":{"title":"Deutschland \u2013 Schweden 4:4 - Sport-Blog","robots":{"index":"index","follow":"follow","max-snippet":"max-snippet:-1","max-image-preview":"max-image-preview:large","max-video-preview":"max-video-preview:-1"},"canonical":"https:\/\/blog.zeit.de\/sport-blog\/2012\/10\/16\/deutschland-schweden_6114","og_locale":"de_DE","og_type":"article","og_title":"Deutschland \u2013 Schweden 4:4 - Sport-Blog","og_description":"Fazit So, durchatmen, nachdenken, und mal ganz langsam. Spieler und Trainer waren nach diesem Spiel v\u00f6llig ratlos. &#8222;So etwas habe ich noch nicht erlebt&#8220;, war am H\u00e4ufigsten zu h\u00f6ren. Das trifft es. An dieses Spiel wird man sich noch lange erinnern, steht es doch f\u00fcr die zwei Seiten der derzeitigen Nationalelf. F\u00fcr gro\u00dfartigen Fu\u00dfball und [&hellip;]","og_url":"https:\/\/blog.zeit.de\/sport-blog\/2012\/10\/16\/deutschland-schweden_6114","og_site_name":"Sport-Blog","article_published_time":"2012-10-16T15:20:35+00:00","article_modified_time":"2012-10-16T22:07:14+00:00","og_image":[{"url":"https:\/\/blog.zeit.de\/sport-blog\/files\/2012\/10\/154233768-e1350422548123.jpg"}],"author":"Christian Spiller","twitter_card":"summary_large_image","twitter_creator":"@zeitonlinesport","twitter_site":"@zeitonlinesport","twitter_misc":{"Geschrieben von":"Christian Spiller","Gesch\u00e4tzte Lesezeit":"9\u00a0Minuten"},"schema":{"@context":"https:\/\/schema.org","@graph":[{"@type":"WebPage","@id":"https:\/\/blog.zeit.de\/sport-blog\/2012\/10\/16\/deutschland-schweden_6114","url":"https:\/\/blog.zeit.de\/sport-blog\/2012\/10\/16\/deutschland-schweden_6114","name":"Deutschland \u2013 Schweden 4:4 - Sport-Blog","isPartOf":{"@id":"https:\/\/blog.zeit.de\/sport-blog\/#website"},"datePublished":"2012-10-16T15:20:35+00:00","dateModified":"2012-10-16T22:07:14+00:00","author":{"@id":"https:\/\/blog.zeit.de\/sport-blog\/#\/schema\/person\/45b1dfd87b116cc3ad5a49ac35297c2d"},"breadcrumb":{"@id":"https:\/\/blog.zeit.de\/sport-blog\/2012\/10\/16\/deutschland-schweden_6114#breadcrumb"},"inLanguage":"de","potentialAction":[{"@type":"ReadAction","target":["https:\/\/blog.zeit.de\/sport-blog\/2012\/10\/16\/deutschland-schweden_6114"]}]},{"@type":"BreadcrumbList","@id":"https:\/\/blog.zeit.de\/sport-blog\/2012\/10\/16\/deutschland-schweden_6114#breadcrumb","itemListElement":[{"@type":"ListItem","position":1,"name":"Startseite","item":"https:\/\/blog.zeit.de\/sport-blog"},{"@type":"ListItem","position":2,"name":"Deutschland \u2013 Schweden 4:4"}]},{"@type":"WebSite","@id":"https:\/\/blog.zeit.de\/sport-blog\/#website","url":"https:\/\/blog.zeit.de\/sport-blog\/","name":"Sport-Blog","description":"Blog der ZEIT ONLINE Sportredaktion","potentialAction":[{"@type":"SearchAction","target":{"@type":"EntryPoint","urlTemplate":"https:\/\/blog.zeit.de\/sport-blog\/?s={search_term_string}"},"query-input":"required name=search_term_string"}],"inLanguage":"de"},{"@type":"Person","@id":"https:\/\/blog.zeit.de\/sport-blog\/#\/schema\/person\/45b1dfd87b116cc3ad5a49ac35297c2d","name":"Christian Spiller","image":{"@type":"ImageObject","inLanguage":"de","@id":"https:\/\/blog.zeit.de\/sport-blog\/#\/schema\/person\/image\/","url":"https:\/\/secure.gravatar.com\/avatar\/b58c64f04d7e4e8ef3baf1137a0d2870e91ff3abe920e30a7fae4b371ef41c7f?s=96&d=mm&r=g","contentUrl":"https:\/\/secure.gravatar.com\/avatar\/b58c64f04d7e4e8ef3baf1137a0d2870e91ff3abe920e30a7fae4b371ef41c7f?s=96&d=mm&r=g","caption":"Christian Spiller"},"description":"ist Redakteur bei ZEIT ONLINE.","url":"https:\/\/blog.zeit.de\/sport-blog\/author\/christian-spiller"}]}},"jetpack_featured_media_url":"","jetpack_sharing_enabled":true,"_links":{"self":[{"href":"https:\/\/blog.zeit.de\/sport-blog\/wp-json\/wp\/v2\/posts\/6114","targetHints":{"allow":["GET"]}}],"collection":[{"href":"https:\/\/blog.zeit.de\/sport-blog\/wp-json\/wp\/v2\/posts"}],"about":[{"href":"https:\/\/blog.zeit.de\/sport-blog\/wp-json\/wp\/v2\/types\/post"}],"author":[{"embeddable":true,"href":"https:\/\/blog.zeit.de\/sport-blog\/wp-json\/wp\/v2\/users\/275"}],"replies":[{"embeddable":true,"href":"https:\/\/blog.zeit.de\/sport-blog\/wp-json\/wp\/v2\/comments?post=6114"}],"version-history":[{"count":93,"href":"https:\/\/blog.zeit.de\/sport-blog\/wp-json\/wp\/v2\/posts\/6114\/revisions"}],"predecessor-version":[{"id":6122,"href":"https:\/\/blog.zeit.de\/sport-blog\/wp-json\/wp\/v2\/posts\/6114\/revisions\/6122"}],"wp:attachment":[{"href":"https:\/\/blog.zeit.de\/sport-blog\/wp-json\/wp\/v2\/media?parent=6114"}],"wp:term":[{"taxonomy":"category","embeddable":true,"href":"https:\/\/blog.zeit.de\/sport-blog\/wp-json\/wp\/v2\/categories?post=6114"},{"taxonomy":"post_tag","embeddable":true,"href":"https:\/\/blog.zeit.de\/sport-blog\/wp-json\/wp\/v2\/tags?post=6114"}],"curies":[{"name":"wp","href":"https:\/\/api.w.org\/{rel}","templated":true}]}}