{"id":7242,"date":"2014-06-16T23:31:30","date_gmt":"2014-06-16T21:31:30","guid":{"rendered":"http:\/\/blog.zeit.de\/sport-blog\/?p=7242"},"modified":"2014-06-17T08:01:10","modified_gmt":"2014-06-17T06:01:10","slug":"schland-strand","status":"publish","type":"post","link":"https:\/\/blog.zeit.de\/sport-blog\/2014\/06\/16\/schland-strand_7242","title":{"rendered":"Schland am Strand"},"content":{"rendered":"<p><figure id=\"attachment_7243\" aria-describedby=\"caption-attachment-7243\" style=\"width: 580px\" class=\"wp-caption aligncenter\"><a href=\"https:\/\/blog.zeit.de\/sport-blog\/2014\/06\/16\/schland-strand_7242\/img_2702\" rel=\"attachment wp-att-7243\"><img loading=\"lazy\" decoding=\"async\" class=\"size-medium wp-image-7243\" alt=\"Kinder vor der Strandbar &quot;Tor&quot; (Foto: Christian Spiller)\" src=\"https:\/\/blog.zeit.de\/sport-blog\/files\/2014\/06\/IMG_2702-580x433.jpg\" width=\"580\" height=\"433\" srcset=\"https:\/\/blog.zeit.de\/sport-blog\/files\/2014\/06\/IMG_2702-580x433.jpg 580w, https:\/\/blog.zeit.de\/sport-blog\/files\/2014\/06\/IMG_2702-1024x764.jpg 1024w\" sizes=\"auto, (max-width: 580px) 100vw, 580px\" \/><\/a><figcaption id=\"caption-attachment-7243\" class=\"wp-caption-text\">Kinder vor dem Strandkiosk &#8222;Tor&#8220; (Foto: Christian Spiller)<\/figcaption><\/figure><\/p>\n<p>Vielleicht ist es die Sonne. Sie gl\u00e4nzt hier ganz besonders. Oder die Brise, die vom Meer her\u00fcberweht. Oder die Aussicht auf den sichelf\u00f6rmigen Sandstrand auf der einen und die Felsen auf der anderen Seite. Auf deren Spitzen scheinen die gr\u00fcnsten Palmen der Welt zu wachsen. Oder alles zusammen. Auf jeden Fall ist es an der Copacabana viel zu sch\u00f6n, um bl\u00f6d herumzugr\u00f6len.<\/p>\n<p>Ich hatte einiges bef\u00fcrchtet. Einen der bekannten Strandkioske hat das deutsche Generalkonsulat w\u00e4hrend der WM-Wochen gemietet. Zum \u00f6ffentlichen Fernsehgucken, wie es seit einigen Jahren arg angesagt ist. Wo sonst die Cariocas entspannt ihr Bierchen schl\u00fcrfen und sch\u00f6ne Menschen am Strand beobachten, wollen die Deutschen nicht ganz so sch\u00f6nen Menschen auf einem fernen Fu\u00dfballplatz zugucken. Daf\u00fcr hingen sie schwarze, gelbe und rote Luftballons auf und verteilten aufblasbare Klatschhilfen und Hawaiiketten. &#8222;Tor&#8220; nannten sie ihren Kiosk auch noch. Oje.<\/p>\n<p>F\u00fcr jedes deutsche Tor, so war es versprochen, w\u00fcrde es zudem Freibier geben. In Kombination mit der Mittagssonne, Anpfiff gegen Portugal war um 13 Uhr Ortszeit, lie\u00df das nichts Gutes erahnen. In dieser Zeit kocht die brasilianische Sonne mit gro\u00dfer Freude mitteleurop\u00e4ische Gro\u00dfhirne weich. Zumal ich mich unwohl f\u00fchle auf Fanfesten, all die scwharz-rot-g\u00fcldene Seligkeit macht mich oft schon ohne Sonne ganz schummrig. Ich hasse Hawaiiketten. Und ein paar Schland-Deutsche und Fanmeilenprollos w\u00fcrden es sicher bis nach Rio de Janeiro schaffen. Ist doch klar.<\/p>\n<p>Und dann kamen Leute wie Erika Schmidt. Erika Schmidt hatte sich an diesem Tag die Farben der deutschen Fahne auf die Wangen gemalt. Sie hatte extra ein schwarzes Top und goldene, in diesem Fall halt gelbe, kurze Hosen angezogen. Erika Schmidt ist f\u00fcr Deutschland, doch das einzige deutsche Wort, das sie halbwegs sicher beherrscht, ist \u2013 sorry \u2013 &#8222;Schei\u00dfe&#8220;. Sie spricht es so sch\u00f6n weich aus, wie &#8222;Scheise&#8220;.<\/p>\n<p>Es geht an diesem Nachmittag herrlich unprollig zu. Das Publikum ist tendenziell jung und weiblich, was die Zahl der deutschen B\u00fcrstenhaarschnitte in einem \u00fcberschaubaren Rahmen h\u00e4lt. Ebenso die Zahl \u00f6der &#8222;Deutschlaaaaand-Deutschlaaaand&#8220;-Chor\u00e4le, ich vermute da einen Zusammenhang. Bei der Hymne bleiben fast alle sitzen. Gesungen wird, wenn \u00fcberhaupt, nur der Refrain.<\/p>\n<p>Erika Schmidts Gro\u00dfvater kam aus Deutschland, der andere aus Portugal, was die Sache an diesem Tag aber nicht verkomplizierte. &#8222;Scheise&#8220;, sagte sie, als in der siebten Spielminute der Fernseher ausfiel und alle im Tor das Erste von Thomas M\u00fcller verpassten. Einer aber hatte immerhin ein Handy mit Zimmerantenne dabei, als er jubelte, jubelten einfach alle mit. Es kam zu ersten spontanen Freibier-Sprechch\u00f6ren, die sich noch \u00f6fters wiederholen sollten.<\/p>\n<p>Tats\u00e4chlich hatte niemand mit Thomas M\u00fcller gerechnet. Schon zur Halbzeit, 3:0 stand es da, waren die Torjubel fast routinem\u00e4\u00dfig in Freibier-Forderungen \u00fcbergegangen. Doch die Biervorr\u00e4te waren aufgebraucht. Ein deutsches Fanfest ohne Bier \u2013 das ist wie Public ohne Viewing.<\/p>\n<p><figure id=\"attachment_7245\" aria-describedby=\"caption-attachment-7245\" style=\"width: 580px\" class=\"wp-caption aligncenter\"><a href=\"https:\/\/blog.zeit.de\/sport-blog\/2014\/06\/16\/schland-strand_7242\/img_2688\" rel=\"attachment wp-att-7245\"><img loading=\"lazy\" decoding=\"async\" class=\"size-medium wp-image-7245\" alt=\"Vor dem Strandkiosk &quot;Tor&quot; (Foto: Christian Spiller)\" src=\"https:\/\/blog.zeit.de\/sport-blog\/files\/2014\/06\/IMG_2688-580x433.jpg\" width=\"580\" height=\"433\" srcset=\"https:\/\/blog.zeit.de\/sport-blog\/files\/2014\/06\/IMG_2688-580x433.jpg 580w, https:\/\/blog.zeit.de\/sport-blog\/files\/2014\/06\/IMG_2688-1024x764.jpg 1024w\" sizes=\"auto, (max-width: 580px) 100vw, 580px\" \/><\/a><figcaption id=\"caption-attachment-7245\" class=\"wp-caption-text\">Vor dem Strandkiosk &#8222;Tor&#8220; (Foto: Christian Spiller)<\/figcaption><\/figure><\/p>\n<p>Auch Paul aus Australien ist etwas besorgt ob der zu Ende gehenden Getr\u00e4nkevorr\u00e4te. Er tr\u00e4gt ebenfalls schwarzrotgold auf der Wange, weil die Deutschen ein gro\u00dfartiges Team haben. Er erz\u00e4hlt, wie angenehm er es hier findet. Ich erz\u00e4hle ihm von meinem Problem. Er sagt, er wisse, was ich meine. Vor einiger Zeit lie\u00df er sich ein Australien-Tattoo stechen, weil er sein Land so liebe. Sp\u00e4ter h\u00f6rte er, dass in seiner Heimat einige Australier auf Muslime losgingen. Und viele von denen lie\u00dfen sich jetzt dasselbe Tattoo stechen. Er w\u00fcrde seines am Liebsten wieder wegmachen. Doch ein Tattoo wird man fast ebenso schwierig los wie seine Nationalit\u00e4t.<\/p>\n<p>Hier und heute aber ist alles harmlos. Das deutsche Fanfest kommt als Campusparty daher, zu der man ein paar Tonnen Sand herangeschafft hat. Das Spiel l\u00e4uft so nebenher. Auf dem B\u00fcrgersteig bilden sich Gr\u00fcppchen, die entspannt plaudern. Vom Strand kommen ein paar Beachboys mit freiem Oberk\u00f6rper und wollen sehen, warum die Leute auf den Fernseher schauen statt auf sie. Kleine Kinder spielen mit Deutschland-F\u00e4hnchen im Sand.<\/p>\n<p><figure id=\"attachment_7244\" aria-describedby=\"caption-attachment-7244\" style=\"width: 580px\" class=\"wp-caption aligncenter\"><a href=\"https:\/\/blog.zeit.de\/sport-blog\/2014\/06\/16\/schland-strand_7242\/img_2679\" rel=\"attachment wp-att-7244\"><img loading=\"lazy\" decoding=\"async\" class=\"size-medium wp-image-7244\" alt=\"Brasilianisches Fernsehteam in der Strandbar &quot;Tor&quot; (Foto: Christian Spiller)\" src=\"https:\/\/blog.zeit.de\/sport-blog\/files\/2014\/06\/IMG_2679-580x433.jpg\" width=\"580\" height=\"433\" srcset=\"https:\/\/blog.zeit.de\/sport-blog\/files\/2014\/06\/IMG_2679-580x433.jpg 580w, https:\/\/blog.zeit.de\/sport-blog\/files\/2014\/06\/IMG_2679-1024x764.jpg 1024w\" sizes=\"auto, (max-width: 580px) 100vw, 580px\" \/><\/a><figcaption id=\"caption-attachment-7244\" class=\"wp-caption-text\">Brasilianisches Fernsehteam im Strandkiosk &#8222;Tor&#8220; (Foto: Christian Spiller)<\/figcaption><\/figure><\/p>\n<p>Als es wieder Bier gibt, habe ich nur noch ein Ziel: All den Fernsehkameras aus dem Weg zu gehen. Vier oder f\u00fcnf Teams sind da, aus Brasilien und Deutschland, sie wollen Jubelbilder und bl\u00f6derweise sitze ich in der ersten Reihe, weil ich mal wieder zu sp\u00e4t kam und woanders nichts mehr frei war. Ich versuche mich, bei den Toren extra wegzuducken, aber es fallen ja so viele, am Ende vier.<\/p>\n<p>Kurz nach dem Spiel bekomme ich eine Nachricht. Ich wurde im Fernsehen gesehen. Beim Torjubel. Mit einer schwarz-rot-goldenen Hawaiikette. Ich denke, so etwas kann schon mal passieren.<\/p>\n<p>&nbsp;<\/p>\n","protected":false},"excerpt":{"rendered":"<p>Vielleicht ist es die Sonne. Sie gl\u00e4nzt hier ganz besonders. Oder die Brise, die vom Meer her\u00fcberweht. Oder die Aussicht auf den sichelf\u00f6rmigen Sandstrand auf der einen und die Felsen auf der anderen Seite. Auf deren Spitzen scheinen die gr\u00fcnsten Palmen der Welt zu wachsen. Oder alles zusammen. Auf jeden Fall ist es an der [&hellip;]<\/p>\n","protected":false},"author":275,"featured_media":0,"comment_status":"open","ping_status":"closed","sticky":false,"template":"","format":"standard","meta":{"_jetpack_memberships_contains_paid_content":false,"footnotes":""},"categories":[628],"tags":[],"class_list":["post-7242","post","type-post","status-publish","format-standard","hentry","category-nationalmannschaft"],"yoast_head":"<!-- This site is optimized with the Yoast SEO plugin v21.0 - https:\/\/yoast.com\/wordpress\/plugins\/seo\/ -->\n<title>Schland am Strand - Sport-Blog<\/title>\n<meta name=\"robots\" content=\"index, follow, max-snippet:-1, max-image-preview:large, max-video-preview:-1\" \/>\n<link rel=\"canonical\" href=\"https:\/\/blog.zeit.de\/sport-blog\/2014\/06\/16\/schland-strand_7242\" \/>\n<meta property=\"og:locale\" content=\"de_DE\" \/>\n<meta property=\"og:type\" content=\"article\" \/>\n<meta property=\"og:title\" content=\"Schland am Strand - Sport-Blog\" \/>\n<meta property=\"og:description\" content=\"Vielleicht ist es die Sonne. Sie gl\u00e4nzt hier ganz besonders. Oder die Brise, die vom Meer her\u00fcberweht. Oder die Aussicht auf den sichelf\u00f6rmigen Sandstrand auf der einen und die Felsen auf der anderen Seite. Auf deren Spitzen scheinen die gr\u00fcnsten Palmen der Welt zu wachsen. Oder alles zusammen. Auf jeden Fall ist es an der [&hellip;]\" \/>\n<meta property=\"og:url\" content=\"https:\/\/blog.zeit.de\/sport-blog\/2014\/06\/16\/schland-strand_7242\" \/>\n<meta property=\"og:site_name\" content=\"Sport-Blog\" \/>\n<meta property=\"article:published_time\" content=\"2014-06-16T21:31:30+00:00\" \/>\n<meta property=\"article:modified_time\" content=\"2014-06-17T06:01:10+00:00\" \/>\n<meta property=\"og:image\" content=\"https:\/\/blog.zeit.de\/sport-blog\/files\/2014\/06\/IMG_2702-580x433.jpg\" \/>\n<meta name=\"author\" content=\"Christian Spiller\" \/>\n<meta name=\"twitter:card\" content=\"summary_large_image\" \/>\n<meta name=\"twitter:creator\" content=\"@zeitonlinesport\" \/>\n<meta name=\"twitter:site\" content=\"@zeitonlinesport\" \/>\n<meta name=\"twitter:label1\" content=\"Geschrieben von\" \/>\n\t<meta name=\"twitter:data1\" content=\"Christian Spiller\" \/>\n\t<meta name=\"twitter:label2\" content=\"Gesch\u00e4tzte Lesezeit\" \/>\n\t<meta name=\"twitter:data2\" content=\"4\u00a0Minuten\" \/>\n<script type=\"application\/ld+json\" class=\"yoast-schema-graph\">{\"@context\":\"https:\/\/schema.org\",\"@graph\":[{\"@type\":\"WebPage\",\"@id\":\"https:\/\/blog.zeit.de\/sport-blog\/2014\/06\/16\/schland-strand_7242\",\"url\":\"https:\/\/blog.zeit.de\/sport-blog\/2014\/06\/16\/schland-strand_7242\",\"name\":\"Schland am Strand - Sport-Blog\",\"isPartOf\":{\"@id\":\"https:\/\/blog.zeit.de\/sport-blog\/#website\"},\"datePublished\":\"2014-06-16T21:31:30+00:00\",\"dateModified\":\"2014-06-17T06:01:10+00:00\",\"author\":{\"@id\":\"https:\/\/blog.zeit.de\/sport-blog\/#\/schema\/person\/45b1dfd87b116cc3ad5a49ac35297c2d\"},\"breadcrumb\":{\"@id\":\"https:\/\/blog.zeit.de\/sport-blog\/2014\/06\/16\/schland-strand_7242#breadcrumb\"},\"inLanguage\":\"de\",\"potentialAction\":[{\"@type\":\"ReadAction\",\"target\":[\"https:\/\/blog.zeit.de\/sport-blog\/2014\/06\/16\/schland-strand_7242\"]}]},{\"@type\":\"BreadcrumbList\",\"@id\":\"https:\/\/blog.zeit.de\/sport-blog\/2014\/06\/16\/schland-strand_7242#breadcrumb\",\"itemListElement\":[{\"@type\":\"ListItem\",\"position\":1,\"name\":\"Startseite\",\"item\":\"https:\/\/blog.zeit.de\/sport-blog\"},{\"@type\":\"ListItem\",\"position\":2,\"name\":\"Schland am Strand\"}]},{\"@type\":\"WebSite\",\"@id\":\"https:\/\/blog.zeit.de\/sport-blog\/#website\",\"url\":\"https:\/\/blog.zeit.de\/sport-blog\/\",\"name\":\"Sport-Blog\",\"description\":\"Blog der ZEIT ONLINE Sportredaktion\",\"potentialAction\":[{\"@type\":\"SearchAction\",\"target\":{\"@type\":\"EntryPoint\",\"urlTemplate\":\"https:\/\/blog.zeit.de\/sport-blog\/?s={search_term_string}\"},\"query-input\":\"required name=search_term_string\"}],\"inLanguage\":\"de\"},{\"@type\":\"Person\",\"@id\":\"https:\/\/blog.zeit.de\/sport-blog\/#\/schema\/person\/45b1dfd87b116cc3ad5a49ac35297c2d\",\"name\":\"Christian Spiller\",\"image\":{\"@type\":\"ImageObject\",\"inLanguage\":\"de\",\"@id\":\"https:\/\/blog.zeit.de\/sport-blog\/#\/schema\/person\/image\/\",\"url\":\"https:\/\/secure.gravatar.com\/avatar\/b58c64f04d7e4e8ef3baf1137a0d2870e91ff3abe920e30a7fae4b371ef41c7f?s=96&d=mm&r=g\",\"contentUrl\":\"https:\/\/secure.gravatar.com\/avatar\/b58c64f04d7e4e8ef3baf1137a0d2870e91ff3abe920e30a7fae4b371ef41c7f?s=96&d=mm&r=g\",\"caption\":\"Christian Spiller\"},\"description\":\"ist Redakteur bei ZEIT ONLINE.\",\"url\":\"https:\/\/blog.zeit.de\/sport-blog\/author\/christian-spiller\"}]}<\/script>\n<!-- \/ Yoast SEO plugin. -->","yoast_head_json":{"title":"Schland am Strand - Sport-Blog","robots":{"index":"index","follow":"follow","max-snippet":"max-snippet:-1","max-image-preview":"max-image-preview:large","max-video-preview":"max-video-preview:-1"},"canonical":"https:\/\/blog.zeit.de\/sport-blog\/2014\/06\/16\/schland-strand_7242","og_locale":"de_DE","og_type":"article","og_title":"Schland am Strand - Sport-Blog","og_description":"Vielleicht ist es die Sonne. Sie gl\u00e4nzt hier ganz besonders. Oder die Brise, die vom Meer her\u00fcberweht. Oder die Aussicht auf den sichelf\u00f6rmigen Sandstrand auf der einen und die Felsen auf der anderen Seite. Auf deren Spitzen scheinen die gr\u00fcnsten Palmen der Welt zu wachsen. Oder alles zusammen. Auf jeden Fall ist es an der [&hellip;]","og_url":"https:\/\/blog.zeit.de\/sport-blog\/2014\/06\/16\/schland-strand_7242","og_site_name":"Sport-Blog","article_published_time":"2014-06-16T21:31:30+00:00","article_modified_time":"2014-06-17T06:01:10+00:00","og_image":[{"url":"https:\/\/blog.zeit.de\/sport-blog\/files\/2014\/06\/IMG_2702-580x433.jpg"}],"author":"Christian Spiller","twitter_card":"summary_large_image","twitter_creator":"@zeitonlinesport","twitter_site":"@zeitonlinesport","twitter_misc":{"Geschrieben von":"Christian Spiller","Gesch\u00e4tzte Lesezeit":"4\u00a0Minuten"},"schema":{"@context":"https:\/\/schema.org","@graph":[{"@type":"WebPage","@id":"https:\/\/blog.zeit.de\/sport-blog\/2014\/06\/16\/schland-strand_7242","url":"https:\/\/blog.zeit.de\/sport-blog\/2014\/06\/16\/schland-strand_7242","name":"Schland am Strand - Sport-Blog","isPartOf":{"@id":"https:\/\/blog.zeit.de\/sport-blog\/#website"},"datePublished":"2014-06-16T21:31:30+00:00","dateModified":"2014-06-17T06:01:10+00:00","author":{"@id":"https:\/\/blog.zeit.de\/sport-blog\/#\/schema\/person\/45b1dfd87b116cc3ad5a49ac35297c2d"},"breadcrumb":{"@id":"https:\/\/blog.zeit.de\/sport-blog\/2014\/06\/16\/schland-strand_7242#breadcrumb"},"inLanguage":"de","potentialAction":[{"@type":"ReadAction","target":["https:\/\/blog.zeit.de\/sport-blog\/2014\/06\/16\/schland-strand_7242"]}]},{"@type":"BreadcrumbList","@id":"https:\/\/blog.zeit.de\/sport-blog\/2014\/06\/16\/schland-strand_7242#breadcrumb","itemListElement":[{"@type":"ListItem","position":1,"name":"Startseite","item":"https:\/\/blog.zeit.de\/sport-blog"},{"@type":"ListItem","position":2,"name":"Schland am Strand"}]},{"@type":"WebSite","@id":"https:\/\/blog.zeit.de\/sport-blog\/#website","url":"https:\/\/blog.zeit.de\/sport-blog\/","name":"Sport-Blog","description":"Blog der ZEIT ONLINE Sportredaktion","potentialAction":[{"@type":"SearchAction","target":{"@type":"EntryPoint","urlTemplate":"https:\/\/blog.zeit.de\/sport-blog\/?s={search_term_string}"},"query-input":"required name=search_term_string"}],"inLanguage":"de"},{"@type":"Person","@id":"https:\/\/blog.zeit.de\/sport-blog\/#\/schema\/person\/45b1dfd87b116cc3ad5a49ac35297c2d","name":"Christian Spiller","image":{"@type":"ImageObject","inLanguage":"de","@id":"https:\/\/blog.zeit.de\/sport-blog\/#\/schema\/person\/image\/","url":"https:\/\/secure.gravatar.com\/avatar\/b58c64f04d7e4e8ef3baf1137a0d2870e91ff3abe920e30a7fae4b371ef41c7f?s=96&d=mm&r=g","contentUrl":"https:\/\/secure.gravatar.com\/avatar\/b58c64f04d7e4e8ef3baf1137a0d2870e91ff3abe920e30a7fae4b371ef41c7f?s=96&d=mm&r=g","caption":"Christian Spiller"},"description":"ist Redakteur bei ZEIT ONLINE.","url":"https:\/\/blog.zeit.de\/sport-blog\/author\/christian-spiller"}]}},"jetpack_featured_media_url":"","jetpack_sharing_enabled":true,"_links":{"self":[{"href":"https:\/\/blog.zeit.de\/sport-blog\/wp-json\/wp\/v2\/posts\/7242","targetHints":{"allow":["GET"]}}],"collection":[{"href":"https:\/\/blog.zeit.de\/sport-blog\/wp-json\/wp\/v2\/posts"}],"about":[{"href":"https:\/\/blog.zeit.de\/sport-blog\/wp-json\/wp\/v2\/types\/post"}],"author":[{"embeddable":true,"href":"https:\/\/blog.zeit.de\/sport-blog\/wp-json\/wp\/v2\/users\/275"}],"replies":[{"embeddable":true,"href":"https:\/\/blog.zeit.de\/sport-blog\/wp-json\/wp\/v2\/comments?post=7242"}],"version-history":[{"count":11,"href":"https:\/\/blog.zeit.de\/sport-blog\/wp-json\/wp\/v2\/posts\/7242\/revisions"}],"predecessor-version":[{"id":7256,"href":"https:\/\/blog.zeit.de\/sport-blog\/wp-json\/wp\/v2\/posts\/7242\/revisions\/7256"}],"wp:attachment":[{"href":"https:\/\/blog.zeit.de\/sport-blog\/wp-json\/wp\/v2\/media?parent=7242"}],"wp:term":[{"taxonomy":"category","embeddable":true,"href":"https:\/\/blog.zeit.de\/sport-blog\/wp-json\/wp\/v2\/categories?post=7242"},{"taxonomy":"post_tag","embeddable":true,"href":"https:\/\/blog.zeit.de\/sport-blog\/wp-json\/wp\/v2\/tags?post=7242"}],"curies":[{"name":"wp","href":"https:\/\/api.w.org\/{rel}","templated":true}]}}